{"id":23204,"date":"2012-11-08T17:55:22","date_gmt":"2012-11-08T17:55:22","guid":{"rendered":"http:\/\/www.pressenza.com\/?p=23204"},"modified":"2015-07-21T22:18:00","modified_gmt":"2015-07-21T21:18:00","slug":"ni-romney-ni-obama-goldman-sachs","status":"publish","type":"post","link":"https:\/\/www.pressenza.com\/es\/2012\/11\/ni-romney-ni-obama-goldman-sachs\/","title":{"rendered":"Ni Romney, ni Obama, Goldman Sachs"},"content":{"rendered":"<p>Cuando el hurac\u00e1n Sandy se cobr\u00f3 vidas humanas en Hait\u00ed y en Cuba no mereci\u00f3 m\u00e1s que escasos segundos en los noticieros globales, sin embargo se dedicaban minutos enteros a los preparativos del gran pa\u00eds del norte a la llegada del cicl\u00f3n.<\/p>\n<p>Pese a tantos preparativos el paso del hurac\u00e1n por los Estados Unidos de Am\u00e9rica fue arrollador, los da\u00f1os materiales son exorbitantes y es dif\u00edcil calcular la cifra final de decesos provocados por las fuerzas cicl\u00f3nicas (\u00bfrelacionadas con el cambio clim\u00e1tico?). Sin embargo el paisaje desolador dejado en las islas del Caribe sigue invisibilizado en los medios masivos.<\/p>\n<p>Muchos analistas otorgan los m\u00e9ritos de la victoria de Barack Obama para ser reelecto como residente de la Casa Blanca al Cicl\u00f3n. Los posibles paralelismos con el gui\u00f1apo gobernante que result\u00f3 George Walker Bush y su estrepitoso abandono de las v\u00edctimas del hurac\u00e1n Katrina podr\u00eda haber dado un \u00faltimo impulso a los votantes del candidato afroamericano del Partido Dem\u00f3crata en los estados donde los votos estaban divididos con el exgobernador de Massachusetts y candidato del Partido Republicano.<\/p>\n<p>Lo cierto es que la imagen m\u00e1s desoladora de Manhattan durante el paso de Sandy es posible verla en <a href=\"http:\/\/www.inquisitr.com\/381743\/hurricane-sandy-rages-but-the-lights-stay-on-at-goldman-sachs\/\">The Inquisitr<\/a>, y nos muestra como mientras toda la ciudad permanec\u00eda a oscuras, incluidos los hospitales, el edificio de oficinas de Goldman Sachs continuaba iluminado, resistiendo al apocalipsis. Creo que no hay imagen m\u00e1s elocuente de qui\u00e9n es el poder en el mundo. As\u00ed como han salido indemnes al cataclismo financiero y a las bancarrotas de bancos, aseguradoras y estados soberanos, son ellos, en realidad, quienes van acaparando los bienes y las plazas de los ca\u00eddos en desgracia.<\/p>\n<p><strong>La oportunidad de Obama<\/strong><\/p>\n<p>Goldman Sachs fue uno de los principales aportantes para la campa\u00f1a electoral del candidato dem\u00f3crata en 2008. En 2012 las grandes financieras globales optaron por el especulador Mitt Romney, aportando 994.000 d\u00f3lares el banco de inversiones Goldman Sachs, el Bank of America 924.000 y Morgan Stanley 827.000.<\/p>\n<p>No podemos dejar de se\u00f1alar que la esposa del candidato republicano, Ann Romney, tiene inversiones en fondos ultraespeculativos, llamados fondos buitre (pese a que el sindicato de rapi\u00f1eros se queja de la comparaci\u00f3n).<\/p>\n<p>Barack Obama da grandes discursos, ilusiona, enciende. Toca temas relevantes y promete cambios. Hasta ahora nos ha mostrado su cara m\u00e1s t\u00edmida, llevando adelante reformas tibias e incumpliendo con promesas importantes por la marcada debilidad de su gobierno. Quiz\u00e1s aprovechando que la econom\u00eda norteamericana vuelve a asomar la cabeza del agujero y su credibilidad y apoyo ciudadano ha sido revalidado, ha llegado el momento de dar se\u00f1ales inequ\u00edvocas de no ser un t\u00edtere de las corporaciones.<\/p>\n<p>Este panorama que pudiera abrirse tiene que ver, adem\u00e1s, con una nueva realidad continental que deslegitima el otrora omnipotente poder estadounidense en la regi\u00f3n. De hecho, han sido los votantes hispanos que se decantaron por el candidato hawaiano los que torcieron una elecci\u00f3n muy re\u00f1ida entre los ultraliberales, conservadores y extremistas religiosos y un Partido Dem\u00f3crata que ha contado con el pavor que generaban los ac\u00f3litos del Tea party y los halcones del complejo militar industrial.<\/p>\n<p>De todos modos, mucho tiene que transformar Obama para dejar de ser servil y obsecuente con los patrones globales que estrangulan la libertad de movimiento de los gobiernos nacionales. Con cuatro a\u00f1os de mandato ha conseguido disgustar y molestar a un alto porcentaje de los ide\u00f3logos del conservadurismo individualista, resta que pase de ser una molestia simb\u00f3lica a una piedra en el camino de la depredaci\u00f3n planetaria y la hegemon\u00eda del dios Mercado.<\/p>\n","protected":false},"excerpt":{"rendered":"<p>Cuando el hurac\u00e1n Sandy se cobr\u00f3 vidas humanas en Hait\u00ed y en Cuba no mereci\u00f3 m\u00e1s que escasos segundos en los noticieros globales, sin embargo se dedicaban minutos enteros a los preparativos del gran pa\u00eds del norte a la llegada&hellip;<\/p>\n","protected":false},"author":96,"featured_media":23206,"comment_status":"closed","ping_status":"open","sticky":false,"template":"","format":"standard","meta":{"footnotes":""},"categories":[39,68,161,74],"tags":[694,1362,403,514,1363,1364],"class_list":["post-23204","post","type-post","status-publish","format-standard","has-post-thumbnail","hentry","category-internacional","category-norteamerica","category-opiniones","category-politica-es","tag-barack-obama-es","tag-corporaciones","tag-elecciones","tag-goldman-sachs","tag-mitt-romney-es","tag-terrorismo-financiero"],"yoast_head":"<!-- This site is optimized with the Yoast SEO plugin v27.1.1 - https:\/\/yoast.com\/product\/yoast-seo-wordpress\/ -->\n<title>Ni Romney, ni Obama, Goldman Sachs<\/title>\n<meta name=\"description\" content=\"Cuando el hurac\u00e1n Sandy se cobr\u00f3 vidas humanas en Hait\u00ed y en Cuba no mereci\u00f3 m\u00e1s que escasos segundos en los noticieros globales, sin embargo se dedicaban\" \/>\n<meta name=\"robots\" content=\"index, follow, max-snippet:-1, max-image-preview:large, max-video-preview:-1\" \/>\n<link rel=\"canonical\" href=\"https:\/\/www.pressenza.com\/es\/2012\/11\/ni-romney-ni-obama-goldman-sachs\/\" \/>\n<meta property=\"og:locale\" content=\"es_ES\" \/>\n<meta property=\"og:type\" content=\"article\" \/>\n<meta property=\"og:title\" content=\"Ni Romney, ni Obama, Goldman Sachs\" \/>\n<meta property=\"og:description\" content=\"Cuando el hurac\u00e1n Sandy se cobr\u00f3 vidas humanas en Hait\u00ed y en Cuba no mereci\u00f3 m\u00e1s que escasos segundos en los noticieros globales, sin embargo se dedicaban\" \/>\n<meta property=\"og:url\" content=\"https:\/\/www.pressenza.com\/es\/2012\/11\/ni-romney-ni-obama-goldman-sachs\/\" \/>\n<meta property=\"og:site_name\" content=\"Pressenza\" \/>\n<meta property=\"article:publisher\" content=\"https:\/\/www.facebook.com\/PressenzaItalia\" \/>\n<meta property=\"article:author\" content=\"https:\/\/www.facebook.com\/mariano.quiroga.779\" \/>\n<meta property=\"article:published_time\" content=\"2012-11-08T17:55:22+00:00\" \/>\n<meta property=\"article:modified_time\" content=\"2015-07-21T21:18:00+00:00\" \/>\n<meta property=\"og:image\" content=\"https:\/\/www.pressenza.com\/wp-content\/uploads\/2012\/11\/democracy___corporatocracy_by_vjmindlab-d4qhcrj.jpg\" \/>\n\t<meta property=\"og:image:width\" content=\"800\" \/>\n\t<meta property=\"og:image:height\" content=\"176\" \/>\n\t<meta property=\"og:image:type\" content=\"image\/jpeg\" \/>\n<meta name=\"author\" content=\"Mariano Quiroga\" \/>\n<meta name=\"twitter:card\" content=\"summary_large_image\" \/>\n<meta name=\"twitter:creator\" content=\"@MaruchoQuiroga\" \/>\n<meta name=\"twitter:site\" content=\"@PressenzaIPA\" \/>\n<meta name=\"twitter:label1\" content=\"Escrito por\" \/>\n\t<meta name=\"twitter:data1\" content=\"Mariano Quiroga\" \/>\n\t<meta name=\"twitter:label2\" content=\"Tiempo de lectura\" \/>\n\t<meta name=\"twitter:data2\" content=\"3 minutos\" \/>\n<script type=\"application\/ld+json\" class=\"yoast-schema-graph\">{\"@context\":\"https:\/\/schema.org\",\"@graph\":[{\"@type\":\"Article\",\"@id\":\"https:\/\/www.pressenza.com\/es\/2012\/11\/ni-romney-ni-obama-goldman-sachs\/#article\",\"isPartOf\":{\"@id\":\"https:\/\/www.pressenza.com\/es\/2012\/11\/ni-romney-ni-obama-goldman-sachs\/\"},\"author\":{\"name\":\"Mariano Quiroga\",\"@id\":\"https:\/\/www.pressenza.com\/es\/#\/schema\/person\/a0856fe41d8234b92503e6b28dc2585e\"},\"headline\":\"Ni Romney, ni Obama, Goldman Sachs\",\"datePublished\":\"2012-11-08T17:55:22+00:00\",\"dateModified\":\"2015-07-21T21:18:00+00:00\",\"mainEntityOfPage\":{\"@id\":\"https:\/\/www.pressenza.com\/es\/2012\/11\/ni-romney-ni-obama-goldman-sachs\/\"},\"wordCount\":629,\"publisher\":{\"@id\":\"https:\/\/www.pressenza.com\/es\/#organization\"},\"image\":{\"@id\":\"https:\/\/www.pressenza.com\/es\/2012\/11\/ni-romney-ni-obama-goldman-sachs\/#primaryimage\"},\"thumbnailUrl\":\"https:\/\/www.pressenza.com\/wp-content\/uploads\/2012\/11\/democracy___corporatocracy_by_vjmindlab-d4qhcrj.jpg\",\"keywords\":[\"Barack Obama\",\"corporaciones\",\"elecciones\",\"Goldman Sachs\",\"Mitt Romney\",\"terrorismo financiero\"],\"articleSection\":[\"Internacional\",\"Norteam\u00e9rica\",\"Opiniones\",\"Pol\u00edtica\"],\"inLanguage\":\"es\"},{\"@type\":\"WebPage\",\"@id\":\"https:\/\/www.pressenza.com\/es\/2012\/11\/ni-romney-ni-obama-goldman-sachs\/\",\"url\":\"https:\/\/www.pressenza.com\/es\/2012\/11\/ni-romney-ni-obama-goldman-sachs\/\",\"name\":\"Ni Romney, ni Obama, Goldman Sachs\",\"isPartOf\":{\"@id\":\"https:\/\/www.pressenza.com\/es\/#website\"},\"primaryImageOfPage\":{\"@id\":\"https:\/\/www.pressenza.com\/es\/2012\/11\/ni-romney-ni-obama-goldman-sachs\/#primaryimage\"},\"image\":{\"@id\":\"https:\/\/www.pressenza.com\/es\/2012\/11\/ni-romney-ni-obama-goldman-sachs\/#primaryimage\"},\"thumbnailUrl\":\"https:\/\/www.pressenza.com\/wp-content\/uploads\/2012\/11\/democracy___corporatocracy_by_vjmindlab-d4qhcrj.jpg\",\"datePublished\":\"2012-11-08T17:55:22+00:00\",\"dateModified\":\"2015-07-21T21:18:00+00:00\",\"description\":\"Cuando el hurac\u00e1n Sandy se cobr\u00f3 vidas humanas en Hait\u00ed y en Cuba no mereci\u00f3 m\u00e1s que escasos segundos en los noticieros globales, sin embargo se dedicaban\",\"breadcrumb\":{\"@id\":\"https:\/\/www.pressenza.com\/es\/2012\/11\/ni-romney-ni-obama-goldman-sachs\/#breadcrumb\"},\"inLanguage\":\"es\",\"potentialAction\":[{\"@type\":\"ReadAction\",\"target\":[\"https:\/\/www.pressenza.com\/es\/2012\/11\/ni-romney-ni-obama-goldman-sachs\/\"]}]},{\"@type\":\"ImageObject\",\"inLanguage\":\"es\",\"@id\":\"https:\/\/www.pressenza.com\/es\/2012\/11\/ni-romney-ni-obama-goldman-sachs\/#primaryimage\",\"url\":\"https:\/\/www.pressenza.com\/wp-content\/uploads\/2012\/11\/democracy___corporatocracy_by_vjmindlab-d4qhcrj.jpg\",\"contentUrl\":\"https:\/\/www.pressenza.com\/wp-content\/uploads\/2012\/11\/democracy___corporatocracy_by_vjmindlab-d4qhcrj.jpg\",\"width\":\"800\",\"height\":\"176\"},{\"@type\":\"BreadcrumbList\",\"@id\":\"https:\/\/www.pressenza.com\/es\/2012\/11\/ni-romney-ni-obama-goldman-sachs\/#breadcrumb\",\"itemListElement\":[{\"@type\":\"ListItem\",\"position\":1,\"name\":\"Accueil\",\"item\":\"https:\/\/www.pressenza.com\/es\/\"},{\"@type\":\"ListItem\",\"position\":2,\"name\":\"Ni Romney, ni Obama, Goldman Sachs\"}]},{\"@type\":\"WebSite\",\"@id\":\"https:\/\/www.pressenza.com\/es\/#website\",\"url\":\"https:\/\/www.pressenza.com\/es\/\",\"name\":\"Pressenza\",\"description\":\"International Press Agency\",\"publisher\":{\"@id\":\"https:\/\/www.pressenza.com\/es\/#organization\"},\"potentialAction\":[{\"@type\":\"SearchAction\",\"target\":{\"@type\":\"EntryPoint\",\"urlTemplate\":\"https:\/\/www.pressenza.com\/es\/?s={search_term_string}\"},\"query-input\":{\"@type\":\"PropertyValueSpecification\",\"valueRequired\":true,\"valueName\":\"search_term_string\"}}],\"inLanguage\":\"es\"},{\"@type\":\"Organization\",\"@id\":\"https:\/\/www.pressenza.com\/es\/#organization\",\"name\":\"Pressenza\",\"url\":\"https:\/\/www.pressenza.com\/es\/\",\"logo\":{\"@type\":\"ImageObject\",\"inLanguage\":\"es\",\"@id\":\"https:\/\/www.pressenza.com\/es\/#\/schema\/logo\/image\/\",\"url\":\"https:\/\/www.pressenza.com\/wp-content\/uploads\/2022\/10\/pressenza_logo_200x200.jpg\",\"contentUrl\":\"https:\/\/www.pressenza.com\/wp-content\/uploads\/2022\/10\/pressenza_logo_200x200.jpg\",\"width\":200,\"height\":200,\"caption\":\"Pressenza\"},\"image\":{\"@id\":\"https:\/\/www.pressenza.com\/es\/#\/schema\/logo\/image\/\"},\"sameAs\":[\"https:\/\/www.facebook.com\/PressenzaItalia\",\"https:\/\/x.com\/PressenzaIPA\"]},{\"@type\":\"Person\",\"@id\":\"https:\/\/www.pressenza.com\/es\/#\/schema\/person\/a0856fe41d8234b92503e6b28dc2585e\",\"name\":\"Mariano Quiroga\",\"description\":\"Born in Buenos Aires, Argentina, in 1976, Mariano is a journalist, poet and international editor for Pressenza. His career includes publications in different countries and languages. Currently he is presenter on radio programmes in Ecuador and Argentina. A humanist communicator specialising in international politics, his vocation has led him to seek to build bridges that allow relationships to be made between data, events, people and contexts in order to create an inclusive look that synthesises the noblest searches for social justice and humanisation of the planet.\",\"sameAs\":[\"https:\/\/www.facebook.com\/mariano.quiroga.779\",\"https:\/\/x.com\/MaruchoQuiroga\"],\"url\":\"https:\/\/www.pressenza.com\/es\/author\/mariano-quiroga\/\"}]}<\/script>\n<!-- \/ Yoast SEO plugin. -->","yoast_head_json":{"title":"Ni Romney, ni Obama, Goldman Sachs","description":"Cuando el hurac\u00e1n Sandy se cobr\u00f3 vidas humanas en Hait\u00ed y en Cuba no mereci\u00f3 m\u00e1s que escasos segundos en los noticieros globales, sin embargo se dedicaban","robots":{"index":"index","follow":"follow","max-snippet":"max-snippet:-1","max-image-preview":"max-image-preview:large","max-video-preview":"max-video-preview:-1"},"canonical":"https:\/\/www.pressenza.com\/es\/2012\/11\/ni-romney-ni-obama-goldman-sachs\/","og_locale":"es_ES","og_type":"article","og_title":"Ni Romney, ni Obama, Goldman Sachs","og_description":"Cuando el hurac\u00e1n Sandy se cobr\u00f3 vidas humanas en Hait\u00ed y en Cuba no mereci\u00f3 m\u00e1s que escasos segundos en los noticieros globales, sin embargo se dedicaban","og_url":"https:\/\/www.pressenza.com\/es\/2012\/11\/ni-romney-ni-obama-goldman-sachs\/","og_site_name":"Pressenza","article_publisher":"https:\/\/www.facebook.com\/PressenzaItalia","article_author":"https:\/\/www.facebook.com\/mariano.quiroga.779","article_published_time":"2012-11-08T17:55:22+00:00","article_modified_time":"2015-07-21T21:18:00+00:00","og_image":[{"width":800,"height":176,"url":"https:\/\/www.pressenza.com\/wp-content\/uploads\/2012\/11\/democracy___corporatocracy_by_vjmindlab-d4qhcrj.jpg","type":"image\/jpeg"}],"author":"Mariano Quiroga","twitter_card":"summary_large_image","twitter_creator":"@MaruchoQuiroga","twitter_site":"@PressenzaIPA","twitter_misc":{"Escrito por":"Mariano Quiroga","Tiempo de lectura":"3 minutos"},"schema":{"@context":"https:\/\/schema.org","@graph":[{"@type":"Article","@id":"https:\/\/www.pressenza.com\/es\/2012\/11\/ni-romney-ni-obama-goldman-sachs\/#article","isPartOf":{"@id":"https:\/\/www.pressenza.com\/es\/2012\/11\/ni-romney-ni-obama-goldman-sachs\/"},"author":{"name":"Mariano Quiroga","@id":"https:\/\/www.pressenza.com\/es\/#\/schema\/person\/a0856fe41d8234b92503e6b28dc2585e"},"headline":"Ni Romney, ni Obama, Goldman Sachs","datePublished":"2012-11-08T17:55:22+00:00","dateModified":"2015-07-21T21:18:00+00:00","mainEntityOfPage":{"@id":"https:\/\/www.pressenza.com\/es\/2012\/11\/ni-romney-ni-obama-goldman-sachs\/"},"wordCount":629,"publisher":{"@id":"https:\/\/www.pressenza.com\/es\/#organization"},"image":{"@id":"https:\/\/www.pressenza.com\/es\/2012\/11\/ni-romney-ni-obama-goldman-sachs\/#primaryimage"},"thumbnailUrl":"https:\/\/www.pressenza.com\/wp-content\/uploads\/2012\/11\/democracy___corporatocracy_by_vjmindlab-d4qhcrj.jpg","keywords":["Barack Obama","corporaciones","elecciones","Goldman Sachs","Mitt Romney","terrorismo financiero"],"articleSection":["Internacional","Norteam\u00e9rica","Opiniones","Pol\u00edtica"],"inLanguage":"es"},{"@type":"WebPage","@id":"https:\/\/www.pressenza.com\/es\/2012\/11\/ni-romney-ni-obama-goldman-sachs\/","url":"https:\/\/www.pressenza.com\/es\/2012\/11\/ni-romney-ni-obama-goldman-sachs\/","name":"Ni Romney, ni Obama, Goldman Sachs","isPartOf":{"@id":"https:\/\/www.pressenza.com\/es\/#website"},"primaryImageOfPage":{"@id":"https:\/\/www.pressenza.com\/es\/2012\/11\/ni-romney-ni-obama-goldman-sachs\/#primaryimage"},"image":{"@id":"https:\/\/www.pressenza.com\/es\/2012\/11\/ni-romney-ni-obama-goldman-sachs\/#primaryimage"},"thumbnailUrl":"https:\/\/www.pressenza.com\/wp-content\/uploads\/2012\/11\/democracy___corporatocracy_by_vjmindlab-d4qhcrj.jpg","datePublished":"2012-11-08T17:55:22+00:00","dateModified":"2015-07-21T21:18:00+00:00","description":"Cuando el hurac\u00e1n Sandy se cobr\u00f3 vidas humanas en Hait\u00ed y en Cuba no mereci\u00f3 m\u00e1s que escasos segundos en los noticieros globales, sin embargo se dedicaban","breadcrumb":{"@id":"https:\/\/www.pressenza.com\/es\/2012\/11\/ni-romney-ni-obama-goldman-sachs\/#breadcrumb"},"inLanguage":"es","potentialAction":[{"@type":"ReadAction","target":["https:\/\/www.pressenza.com\/es\/2012\/11\/ni-romney-ni-obama-goldman-sachs\/"]}]},{"@type":"ImageObject","inLanguage":"es","@id":"https:\/\/www.pressenza.com\/es\/2012\/11\/ni-romney-ni-obama-goldman-sachs\/#primaryimage","url":"https:\/\/www.pressenza.com\/wp-content\/uploads\/2012\/11\/democracy___corporatocracy_by_vjmindlab-d4qhcrj.jpg","contentUrl":"https:\/\/www.pressenza.com\/wp-content\/uploads\/2012\/11\/democracy___corporatocracy_by_vjmindlab-d4qhcrj.jpg","width":"800","height":"176"},{"@type":"BreadcrumbList","@id":"https:\/\/www.pressenza.com\/es\/2012\/11\/ni-romney-ni-obama-goldman-sachs\/#breadcrumb","itemListElement":[{"@type":"ListItem","position":1,"name":"Accueil","item":"https:\/\/www.pressenza.com\/es\/"},{"@type":"ListItem","position":2,"name":"Ni Romney, ni Obama, Goldman Sachs"}]},{"@type":"WebSite","@id":"https:\/\/www.pressenza.com\/es\/#website","url":"https:\/\/www.pressenza.com\/es\/","name":"Pressenza","description":"International Press Agency","publisher":{"@id":"https:\/\/www.pressenza.com\/es\/#organization"},"potentialAction":[{"@type":"SearchAction","target":{"@type":"EntryPoint","urlTemplate":"https:\/\/www.pressenza.com\/es\/?s={search_term_string}"},"query-input":{"@type":"PropertyValueSpecification","valueRequired":true,"valueName":"search_term_string"}}],"inLanguage":"es"},{"@type":"Organization","@id":"https:\/\/www.pressenza.com\/es\/#organization","name":"Pressenza","url":"https:\/\/www.pressenza.com\/es\/","logo":{"@type":"ImageObject","inLanguage":"es","@id":"https:\/\/www.pressenza.com\/es\/#\/schema\/logo\/image\/","url":"https:\/\/www.pressenza.com\/wp-content\/uploads\/2022\/10\/pressenza_logo_200x200.jpg","contentUrl":"https:\/\/www.pressenza.com\/wp-content\/uploads\/2022\/10\/pressenza_logo_200x200.jpg","width":200,"height":200,"caption":"Pressenza"},"image":{"@id":"https:\/\/www.pressenza.com\/es\/#\/schema\/logo\/image\/"},"sameAs":["https:\/\/www.facebook.com\/PressenzaItalia","https:\/\/x.com\/PressenzaIPA"]},{"@type":"Person","@id":"https:\/\/www.pressenza.com\/es\/#\/schema\/person\/a0856fe41d8234b92503e6b28dc2585e","name":"Mariano Quiroga","description":"Born in Buenos Aires, Argentina, in 1976, Mariano is a journalist, poet and international editor for Pressenza. His career includes publications in different countries and languages. Currently he is presenter on radio programmes in Ecuador and Argentina. A humanist communicator specialising in international politics, his vocation has led him to seek to build bridges that allow relationships to be made between data, events, people and contexts in order to create an inclusive look that synthesises the noblest searches for social justice and humanisation of the planet.","sameAs":["https:\/\/www.facebook.com\/mariano.quiroga.779","https:\/\/x.com\/MaruchoQuiroga"],"url":"https:\/\/www.pressenza.com\/es\/author\/mariano-quiroga\/"}]}},"place":"Paris","original_article_url":"","_links":{"self":[{"href":"https:\/\/www.pressenza.com\/es\/wp-json\/wp\/v2\/posts\/23204","targetHints":{"allow":["GET"]}}],"collection":[{"href":"https:\/\/www.pressenza.com\/es\/wp-json\/wp\/v2\/posts"}],"about":[{"href":"https:\/\/www.pressenza.com\/es\/wp-json\/wp\/v2\/types\/post"}],"author":[{"embeddable":true,"href":"https:\/\/www.pressenza.com\/es\/wp-json\/wp\/v2\/users\/96"}],"replies":[{"embeddable":true,"href":"https:\/\/www.pressenza.com\/es\/wp-json\/wp\/v2\/comments?post=23204"}],"version-history":[{"count":0,"href":"https:\/\/www.pressenza.com\/es\/wp-json\/wp\/v2\/posts\/23204\/revisions"}],"wp:featuredmedia":[{"embeddable":true,"href":"https:\/\/www.pressenza.com\/es\/wp-json\/wp\/v2\/media\/23206"}],"wp:attachment":[{"href":"https:\/\/www.pressenza.com\/es\/wp-json\/wp\/v2\/media?parent=23204"}],"wp:term":[{"taxonomy":"category","embeddable":true,"href":"https:\/\/www.pressenza.com\/es\/wp-json\/wp\/v2\/categories?post=23204"},{"taxonomy":"post_tag","embeddable":true,"href":"https:\/\/www.pressenza.com\/es\/wp-json\/wp\/v2\/tags?post=23204"}],"curies":[{"name":"wp","href":"https:\/\/api.w.org\/{rel}","templated":true}]}}