{"id":23078,"date":"2012-11-07T15:13:40","date_gmt":"2012-11-07T15:13:40","guid":{"rendered":"http:\/\/www.pressenza.com\/?p=23078"},"modified":"2012-11-07T15:13:40","modified_gmt":"2012-11-07T15:13:40","slug":"la-revolucion-del-buen-vivir-en-el-ecuador","status":"publish","type":"post","link":"https:\/\/www.pressenza.com\/es\/2012\/11\/la-revolucion-del-buen-vivir-en-el-ecuador\/","title":{"rendered":"La Revoluci\u00f3n del Buen Vivir en el Ecuador"},"content":{"rendered":"<p>Publicamos ac\u00e1 \u00edntegramente la ponencia preparada por el Canciller del Ecuador, don Ricardo Pati\u00f1o Aroca, para el III Simposio organizado por el Centro Mundial de Estudios Humanistas.<\/p>\n<p><strong>Estimadas amigas y amigos argentinos:<\/strong><\/p>\n<p>Es un honor poder dirigirme a ustedes para contarles la experiencia pol\u00edtica que vive mi pa\u00eds, el<\/p>\n<p>Ecuador, desde hace seis a\u00f1os. Y no solo en el \u00e1mbito pol\u00edtico, sino en el social, en el econ\u00f3mico, en el<\/p>\n<p>cultural. Es decir, en todas las \u00e1reas de la vida de la gente, a la que un gobierno con profundo<\/p>\n<p>compromiso social, atiende prioritariamente en aquellas demandas que por d\u00e9cadas estuvieron<\/p>\n<p>relegadas por el neoliberalismo que imperaba en nuestros pa\u00edses. Deseo exponerles por qu\u00e9 nuestra<\/p>\n<p>Revoluci\u00f3n es profundamente humanista.<\/p>\n<p>El escenario que hoy nos brinda este foro \u201cUn nuevo humanismo para la nueva civilizaci\u00f3n\u201d es ideal<\/p>\n<p>para exponer los prop\u00f3sitos y los logros de la Revoluci\u00f3n Ciudadana que vive el Ecuador. Una<\/p>\n<p>revoluci\u00f3n marcada por una premisa fundamental: la concepci\u00f3n y ejecuci\u00f3n del Buen Vivir, una<\/p>\n<p>filosof\u00eda heredada de nuestras ra\u00edces ind\u00edgenas y que encierra una ense\u00f1anza muy valiosa para estos<\/p>\n<p>tiempos convulsionados y agresivos con el entorno: el Buen Vivir se funda en una relaci\u00f3n arm\u00f3nica<\/p>\n<p>entre el hombre y la naturaleza; ya no podemos centrar la vida solo en el hombre como lo hac\u00eda la<\/p>\n<p>visi\u00f3n antropoc\u00e9ntrica del pasado, hoy es imperativo entender que la vida del hombre no seguir\u00e1 siendo posible si la separamos del destino de la naturaleza, de sus recursos vitales, del agua, de las tierras<\/p>\n<p>f\u00e9rtiles, de los frutos que tan generosamente nos permiten reproducir la vida humana y la vida animal.<\/p>\n<p>Si este foro tiene como gran cobertor conceptual y pr\u00e1ctico el nuevo humanismo, nosotros creemos que<\/p>\n<p>el nuevo humanismo ha de entenderse en esta relaci\u00f3n arm\u00f3nica y respetuosa: el hombre depende no<\/p>\n<p>solo del hombre, sino de su entorno, de la materialidad natural que por a\u00f1os ha sido explotada m\u00e1s por<\/p>\n<p>las ambiciones de un sistema econ\u00f3mico que prioriza las industrias agrediendo sin cautelas al ambiente,<\/p>\n<p>que por un sistema que respeta el entorno y desarrolla una \u00e9tica sobre los alcances de una econom\u00eda que<\/p>\n<p>debe tomar solo que se necesita para vivir, sin una permanente expoliaci\u00f3n de los recursos naturales y<\/p>\n<p>la \u201cinundaci\u00f3n\u201d de productos industriales muchas de las veces innecesarios para la vida humana.<\/p>\n<p>Bien dicen los anfitriones de este evento \u201cel nuevo humanismo no es propiedad de ninguna cultura ni<\/p>\n<p>puede ser cristalizado en tiempo hist\u00f3rico alguno. El humanismo est\u00e1 presente en todas las culturas<\/p>\n<p>bajo distintas denominaciones y formas, y fluye hacia renovados significados del mismo modo como<\/p>\n<p>transita la especie humana, de una manera din\u00e1mica desde la determinaci\u00f3n hacia la libertad\u201d.<\/p>\n<p>Nosotros postulamos el Buen Vivir como un modo concreto y transcendente de asumir el nuevo<\/p>\n<p>humanismo. Un modo que alude a una nueva conciencia del ser humano respecto al lugar donde vive y<\/p>\n<p>se reproduce.<\/p>\n<p>Para ello, el proceso pol\u00edtico emprendido en el Ecuador desde 2007, impuls\u00f3 primero una nueva Carta<\/p>\n<p>Constitucional, que incluyera esta corriente de pensamiento y acci\u00f3n, y que desplegara en sus p\u00e1ginas<\/p>\n<p>la ruptura con el antiguo sistema de entreguismo econ\u00f3mico externo y la ausencia de pol\u00edticas sociales<\/p>\n<p>p\u00fablicas.<\/p>\n<p>Me voy a permitir contarles, de manera sucinta, c\u00f3mo empez\u00f3 nuestro proceso y los logros que hemos<\/p>\n<p>tenido en los \u00faltimos a\u00f1os.<\/p>\n<p>En enero de 2007 comenz\u00f3 el proceso de mayor transformaci\u00f3n pol\u00edtica en el Ecuador del siglo XXI. Y<\/p>\n<p>es que una vez posesionado el Presidente Rafael Correa, tom\u00f3 la decisi\u00f3n de preguntarle al pueblo, en<\/p>\n<p>una consulta popular, la necesidad de convocar a una Asamblea Constituyente que tuviera como<\/p>\n<p>objetivo sentar las bases de un nuevo modelo de desarrollo, que contemplara un Estado m\u00e1s incluyente<\/p>\n<p>y participativo. Un modelo de desarrollo en el que los seres humanos y la naturaleza se ubicaran en un<\/p>\n<p>mismo plano de respeto e interdependencia. El pueblo le dijo que s\u00ed.<\/p>\n<p>La Asamblea Constituyente se instal\u00f3 y empez\u00f3 a funcionar en noviembre de 2007. Su labor no fue<\/p>\n<p>f\u00e1cil, no solo por la complejidad que entra\u00f1a la redacci\u00f3n de un texto constitucional, sino porque<\/p>\n<p>priorizamos la participaci\u00f3n ciudadana directa en este proceso. Nunca nuestro pa\u00eds vio tanta<\/p>\n<p>participaci\u00f3n, tanto actitud democr\u00e1tica en los ciudadanos, tanto compromiso pol\u00edtico de los<\/p>\n<p>asamble\u00edstas. Montecristi, el lugar donde se llev\u00f3 a cabo esta Asamblea, nunca vio pasar tantos<\/p>\n<p>movimientos sociales, colectivos alternativos, partidos, asociaciones de diverso signo, que llevaban<\/p>\n<p>propuestas a la Asamblea y que eran recibidos y escuchados con respeto por los asamble\u00edstas. Lo que<\/p>\n<p>all\u00ed se vivi\u00f3 demostraba fue entonces cuando abrimos la senda por la que hoy caminamos, y que nos ha<\/p>\n<p>llevado, con toda legitimidad, al reencuentro de valores fundamentales: la dignidad, la igualdad y la<\/p>\n<p>solidaridad. Valores que robustecen las bases de la convivencia democr\u00e1tica.<\/p>\n<p>El Ecuador se propuso recuperar a sus instituciones y ponerlas al servicio de la ciudadan\u00eda. Espacios de<\/p>\n<p>lo p\u00fablico como la educaci\u00f3n, la salud o el desarrollo de sus sectores estrat\u00e9gicos fueron parte<\/p>\n<p>fundamental de este cambio. Antes, lo eran el mercado, los intereses de la banca, las imposiciones del<\/p>\n<p>Fondo Monetario Internacional, el Banco Mundial y otros m\u00e1s. Nosotros acabamos con eso.<\/p>\n<p>Quiero decirles que la gesti\u00f3n del Presidente Correa ha logrado mantener una calificaci\u00f3n positiva de<\/p>\n<p>m\u00e1s del 70%. Recientes encuestas internacionales confirman al Compa\u00f1ero Presidente Rafael Correa<\/p>\n<p>como uno de los presidentes con mayor aceptaci\u00f3n popular en todo el continente americano.<\/p>\n<p>Y aqu\u00ed viene algo que nos compete directamente: tambi\u00e9n la pol\u00edtica exterior de los gobiernos<\/p>\n<p>neoliberales se caracteriz\u00f3 por someterse a la ideolog\u00eda de los centros de poder de algunas potencias<\/p>\n<p>occidentales, y acataba, sin ninguna cr\u00edtica, la pol\u00edticas econ\u00f3micas que los organismos internacionales<\/p>\n<p>se\u00f1alaban (medidas enmarcadas en la filosof\u00eda ultra liberal de los \u201cajustes estructurales\u201d). La vieja<\/p>\n<p>diplomacia, sin ning\u00fan pudor, se injert\u00f3 al tramposo protocolo de unas relaciones internacionales<\/p>\n<p>complacientes con esos poderes globales.<\/p>\n<p>Ese entreguismo no pod\u00eda continuar; y en la Constituci\u00f3n de 2008 se traz\u00f3 el camino de nuestra nueva<\/p>\n<p>pol\u00edtica exterior. Nuestra Constituci\u00f3n condena toda forma de imperialismo, colonialismo,<\/p>\n<p>neocolonialismo, y reconoce el derecho de los pueblos a la resistencia y liberaci\u00f3n de toda forma de<\/p>\n<p>opresi\u00f3n. Reconoce al derecho internacional como norma de conducta, y demanda la democratizaci\u00f3n<\/p>\n<p>de los organismos multilaterales y la equitativa participaci\u00f3n de los Estados al interior de \u00e9stos.<\/p>\n<p>La Constituci\u00f3n proclama la preeminencia de los derechos humanos, derechos que orientan las<\/p>\n<p>decisiones del poder p\u00fablico. Llama a promover la conformaci\u00f3n de un orden global multipolar con la<\/p>\n<p>participaci\u00f3n activa de bloques econ\u00f3micos y pol\u00edticos regionales, y el fortalecimiento de las relaciones<\/p>\n<p>horizontales para la construcci\u00f3n de un mundo justo, democr\u00e1tico, solidario, diverso e intercultural.<\/p>\n<p>Convoca con urgencia a procurar la integraci\u00f3n pol\u00edtica, cultural y econ\u00f3mica de la regi\u00f3n andina, de<\/p>\n<p>Am\u00e9rica del Sur y de Latinoam\u00e9rica. En fin, amigas y amigos, la Constituci\u00f3n de 2008 hizo posible,<\/p>\n<p>tambi\u00e9n, que reconoci\u00e9ramos los valores y las potencialidades del Sur. \u00a1Y c\u00f3mo hemos avanzado en la<\/p>\n<p>integraci\u00f3n latinoamericana estos \u00faltimos a\u00f1os!<\/p>\n<p>Otra categor\u00eda clave fue la soberan\u00eda. Porque actuar soberanamente implica no seguir ni aceptar las<\/p>\n<p>\u00f3rdenes de un poder ajeno a nuestra realidad y a nuestros propios intereses. Tenemos ahora un Estado<\/p>\n<p>comprometido con las personas migrantes, especialmente aquellas que son obligadas a abandonar sus<\/p>\n<p>pa\u00edses de origen para salvaguardar sus derechos y libertades. En ese marco, el Ecuador recibe cada a\u00f1o<\/p>\n<p>a miles de colombianos, hermanos que huyen de la violencia en su pa\u00eds, y hallan en el Ecuador un lugar<\/p>\n<p>seguro para continuar sus vidas en paz y con trabajo.<\/p>\n<p>Aqu\u00ed, la figura del refugio ha hecho posible otorgar protecci\u00f3n a m\u00e1s de 56 mil personas, y brindarles<\/p>\n<p>asistencia y solidaridad. Y todo, como una medida soberana de recibir a quien lo necesite<\/p>\n<p>Porque los Estados no solo tienen la obligaci\u00f3n de respetar los derechos humanos sino que deben<\/p>\n<p>luchar contra los factores que vulneran sus principios esenciales, y eliminar las causas que llevan a su<\/p>\n<p>quebrantamiento e incumplimiento. Por eso apreciamos y aplaudimos los esfuerzos de Colombia para<\/p>\n<p>trabajar por la paz nacional y la reconciliaci\u00f3n de todos los colombianos, lo cual conlleva, adem\u00e1s, a<\/p>\n<p>atender y remediar los problemas de orden humanitario. Quiero recalcarlo: Ecuador trabaja<\/p>\n<p>incansablemente por asegurar la protecci\u00f3n de los derechos humanos.<\/p>\n<p>Y es en el contexto de la soberan\u00eda y el respeto irrestricto a los derechos humanos que el Ecuador<\/p>\n<p>concedi\u00f3 asilo diplom\u00e1tico al ciudadano australiano Julian Assange. Esta concesi\u00f3n evidenci\u00f3 la<\/p>\n<p>convergencia existente entre los distintos modos de asilo, los cuales constituyen una sola instituci\u00f3n de<\/p>\n<p>protecci\u00f3n de los derechos humanos, definida por los mismos principios, por las mismas causas, y por<\/p>\n<p>buscar id\u00e9ntico objetivo, es decir, la salvaguardia de los derechos fundamentales de la persona humana<\/p>\n<p>cuando se cierne sobre ella un poder desp\u00f3tico, que amenaza con violar principios y disposiciones. Es<\/p>\n<p>ineludible recordar aqu\u00ed que desde el momento en que el se\u00f1or Assange pidi\u00f3 asilo en la Embajada del<\/p>\n<p>Ecuador en Londres, en junio de 2012, la Canciller\u00eda del Ecuador realiz\u00f3 una exhaustiva calificaci\u00f3n de<\/p>\n<p>los fundados temores del recurrente, as\u00ed como las pertinentes consultas con los gobiernos de Estados Unidos, Australia, Reino Unido y Suecia; consult\u00f3 con expertos en derecho internacional y aprovech\u00f3<\/p>\n<p>el conocimiento y la experiencia de sus propios diplom\u00e1ticos, sin descuidar ning\u00fan aspecto del pedido<\/p>\n<p>de Assange, lo que nos llev\u00f3 a tomar la decisi\u00f3n antes referida. En este proceso, se present\u00f3 tambi\u00e9n la<\/p>\n<p>ocasi\u00f3n para reafirmar la inviolabilidad de las misiones diplom\u00e1ticas, la igualdad jur\u00eddica de los<\/p>\n<p>Estados, la soberan\u00eda y no intervenci\u00f3n, principios que se vieron reforzados por declaraciones que en<\/p>\n<p>tal sentido hicieron p\u00fablicas la UNASUR, el ALBA y la OEA, como respuesta a las amenazas del<\/p>\n<p>Reino Unido de invadir nuestra sede diplom\u00e1tica en Londres.<\/p>\n<p>Nuestra intenci\u00f3n, en estos casos, fue siempre respetar y hacer cumplir el derecho internacional y el<\/p>\n<p>respeto a la Declaraci\u00f3n Universal de los Derechos Humanos. Y no hay una sola letra en la<\/p>\n<p>fundamentaci\u00f3n jur\u00eddica de otorgamiento del asilo que no se respalde en la normativa internacional, y<\/p>\n<p>tambi\u00e9n en la normativa que hace inviolable cualquier embajada de cualquier pa\u00eds del mundo.<\/p>\n<p>Siguiendo la premisa del Buen Vivir, nuestra Constituci\u00f3n es la primera en el mundo en incorporar<\/p>\n<p>los Derechos de la Naturaleza. Nuestra misi\u00f3n como gobierno revolucionario es posicionar estos<\/p>\n<p>derechos en el \u00e1mbito internacional. Y consideramos este foro un lugar privilegiado para hacerlo.<\/p>\n<p>Los derechos de la naturaleza deben ser el paradigma de la contemporaneidad. El Nuevo Humanismo,<\/p>\n<p>queridas compa\u00f1eras y compa\u00f1eros, muy bien puede adoptarlos como un aporte que sustancie su valor<\/p>\n<p>en el presente y modifique los par\u00e1metros que daban a los hombres supremac\u00eda en la tierra.<\/p>\n<p>En la Carta de la Tierra del a\u00f1o 2000 se dec\u00eda lo siguiente: \u00abEstamos en un momento cr\u00edtico de la<\/p>\n<p>historia de la Tierra, en el cual la humanidad debe elegir su futuro&#8230; La elecci\u00f3n es nuestra: o formamos<\/p>\n<p>una alianza global para cuidar la Tierra y cuidarnos unos a otros o nos arriesgamos a nuestra propia<\/p>\n<p>destrucci\u00f3n y a la devastaci\u00f3n de la diversidad de la vida\u00bb. Nosotros creemos que tal disyuntiva ha sido asumida en los Derechos de la Naturaleza de nuestra Constituci\u00f3n y que su adopci\u00f3n es un primer paso<\/p>\n<p>para defender el \u00fanico lugar que tenemos para vivir y ser felices.<\/p>\n<p>Ya en 2008 Leonardo Boff, ese gran pensador brasile\u00f1o, visionario de los problemas del mundo,<\/p>\n<p>escrib\u00eda: \u201cSi la crisis econ\u00f3mico-financiera es preocupante, la crisis de la no-sostenibilidad de la Tierra<\/p>\n<p>se presenta amenazadora. Los cient\u00edficos que siguen el estado del Planeta, especialmente la Global Foot<\/p>\n<p>Print Network hab\u00edan hablado del Earth Overshoot Day, del d\u00eda que se sobrepasaron los l\u00edmites de la<\/p>\n<p>Tierra. Y exactamente el 23 de septiembre de 2008 la Tierra sobrepas\u00f3 en un 30% su capacidad de<\/p>\n<p>reposici\u00f3n de los recursos necesarios para las demandas humanas. En este momento necesitamos m\u00e1s<\/p>\n<p>de una Tierra para atender a nuestra subsistencia.\u201d<\/p>\n<p>Y agregaba: \u201c\u00bfC\u00f3mo garantizar la sostenibilidad de la Tierra ya que es la premisa para resolver las<\/p>\n<p>dem\u00e1s crisis: la social, la alimentaria, la energ\u00e9tica y la clim\u00e1tica? Ahora ya no tenemos un arca de No\u00e9<\/p>\n<p>que salve a algunos y deje perecer a todos los dem\u00e1s.\u201d<\/p>\n<p>Pero lo m\u00e1s interesante lo escribi\u00f3 despu\u00e9s: \u201cLa Tierra existe desde hace 4,4 mil millones de a\u00f1os. En<\/p>\n<p>un momento avanzado de su evoluci\u00f3n y de su complejidad empez\u00f3 a sentir, a pensar y a amar. Es la<\/p>\n<p>emergencia del ser humano. Con raz\u00f3n en las lenguas occidentales homo\/hombre viene de humus,<\/p>\n<p>tierra fecunda y Adam se deriva de adamah, tierra cultivable. Por eso el ser humano es la Tierra que<\/p>\n<p>anda, que piensa, que siente y que ama, como dec\u00eda el poeta ind\u00edgena y cantor argentino Atahualpa<\/p>\n<p>Yupanqui.\u201d<\/p>\n<p>\u201cPara sentir a la Tierra como Madre no es suficiente la raz\u00f3n dominante, que es funcional e<\/p>\n<p>instrumental. Necesitamos enriquecerla con la raz\u00f3n sensible, emocional y cordial en donde se enra\u00edza<\/p>\n<p>el sentimiento profundo, se elaboran los valores, el cuidado esencial, la compasi\u00f3n y los sue\u00f1os que nos<\/p>\n<p>inspiran acciones salvadoras. Nuestra misi\u00f3n en el conjunto de los seres es la de ser los guardianes y<\/p>\n<p>los cuidadores de esta sagrada herencia recibida del Universo.\u201d Qu\u00e9 pensamientos tan profundos y bellos, tan actuales, tan sentidos. \u00a1Qu\u00e9 manera de entender al<\/p>\n<p>hombre fundido en la tierra y no como supremo ser que la camina y la exprime!<\/p>\n<p>Siguiendo a Boff les propongo formalmente que militemos a favor de los Derechos de la Naturaleza en<\/p>\n<p>todos los lugares del planeta. Empecemos aqu\u00ed, en la bella Buenos Aires que estos d\u00edas ha recibido del<\/p>\n<p>cielo lluvias torrenciales que la han inundado como nunca y que los expertos explican como un<\/p>\n<p>fen\u00f3meno natural por el cambio clim\u00e1tico\u2026 Empecemos aqu\u00ed, estimadas amigas y amigos, y hagamos<\/p>\n<p>de este encuentro del Nuevo Humanismo la sede de la lucha por los derechos de la naturaleza en el<\/p>\n<p>mundo. Es una tarea inaplazable. Y para lograrlo es crucial empezar por humanizar la econom\u00eda. Como<\/p>\n<p>dice siempre el Presidente Correa: la preeminencia del ser humano por sobre el capital, nunca m\u00e1s el<\/p>\n<p>hombre al servicio del capital.<\/p>\n<p>Ahora quiero dar un testimonio de nuestro trabajo gubernamental, es decir, de los ejes y logros de la<\/p>\n<p>Revoluci\u00f3n Ciudadana en el Ecuador. \u00a1De la Revoluci\u00f3n del Buen Vivir!<\/p>\n<p>Los ejes que sostienen e impulsan a la Revoluci\u00f3n Ciudadana son: el desarrollo humano, los derechos<\/p>\n<p>de la naturaleza, una nueva arquitectura financiera, la integraci\u00f3n regional, la soberan\u00eda, la<\/p>\n<p>diversificaci\u00f3n productiva y el comercio justo. Todos estos son conceptos que ya se conoc\u00edan pero que<\/p>\n<p>nuestro proceso pol\u00edtico le ha dado un contenido y una proyecci\u00f3n nuevos, para que la poblaci\u00f3n se<\/p>\n<p>sienta identificada con la filosof\u00eda y con los objetivos de nuestro proceso revolucionario.<\/p>\n<p><strong>A partir del 2007 se han impulsado una serie de cambios estructurales en el Estado, en la gesti\u00f3n<\/strong><\/p>\n<p><strong>p\u00fablica y las pol\u00edticas econ\u00f3micas, ambientales, sociales y culturales.<\/strong><\/p>\n<p>En primer lugar, nuestro pa\u00eds comprendi\u00f3 que, para invertir en el mejoramiento de la calidad de vida de<\/p>\n<p>la poblaci\u00f3n, eliminar la pobreza y promover el desarrollo, era necesaria una pol\u00edtica econ\u00f3mica<\/p>\n<p>soberana, libre de ataduras y de condicionamientos externos, que tanto da\u00f1o hab\u00edan causado al pa\u00eds.<\/p>\n<p>Ecuador marc\u00f3 as\u00ed un hito en la historia de las relaciones econ\u00f3micas internacionales al impedir, desde<\/p>\n<p>el 15 de enero del a\u00f1o 2007, que instituciones financieras internacionales como el Banco Mundial y el<\/p>\n<p>Fondo Monetario Internacional dictaran las pol\u00edticas p\u00fablicas de un nuevo Ecuador soberano.<\/p>\n<p>Se realiz\u00f3 una auditor\u00eda integral de la deuda, realizada entre el a\u00f1o 2007 y 2008. Los indicios de<\/p>\n<p>ilegalidad e ilegitimidad encontrados en la auditoria, sirvieron al Gobierno para emprender un proceso<\/p>\n<p>de recompra de esta deuda al 35% de su valor nominal. Esto evitar\u00e1 el pago, entre principal e intereses,<\/p>\n<p>de casi 9.000 millones de d\u00f3lares entre el 2.009 y el a\u00f1o 2.030.<\/p>\n<p>El resultado ha sido una disminuci\u00f3n significativa del porcentaje del PIB destinado al servicio de la<\/p>\n<p>deuda p\u00fablica: de un 9,1% en el 2006, al 3,1% en el 2011. Actualmente, nuestra deuda p\u00fablica es del<\/p>\n<p>23% del PIB, en comparaci\u00f3n con 33% hace apenas 5 a\u00f1os, y el 100% 12 a\u00f1os atr\u00e1s.<\/p>\n<p>Por otro lado, se ha duplicado la recaudaci\u00f3n de impuestos; aquellos que no pagaban, y no porque no<\/p>\n<p>tuvieran, todo lo contrario; sino por su falta de compromiso con el pa\u00eds, ahora lo tienen que hacer. Este<\/p>\n<p>es un Gobierno que hace respetar la ley. La recaudaci\u00f3n ha aumentado tambi\u00e9n porque la poblaci\u00f3n ha<\/p>\n<p>desarrollado, en muy poco tiempo, una cultura tributaria, en tanto han podido comprobar los r\u00e9ditos<\/p>\n<p>palpables en su propio bienestar. Ahora s\u00ed podemos decir que el Estado somos todos y todas.<\/p>\n<p>El recorte de la deuda p\u00fablica, la honradez y eficiencia en la recaudaci\u00f3n de impuestos, y la<\/p>\n<p>renegociaci\u00f3n de los contratos petroleros, han sido la base financiera que ha permitido triplicar la<\/p>\n<p>inversi\u00f3n en educaci\u00f3n, salud e inclusi\u00f3n social.<\/p>\n<p>Antes de la renegociaci\u00f3n de los contratos petroleros, bajo la modalidad de contratos por participaci\u00f3n,<\/p>\n<p>el Estado recib\u00eda entre el 30 y el 35% de los ingresos generados por la explotaci\u00f3n petrolera. Con los<\/p>\n<p>nuevos contratos, el 100 porciento del crudo es del Estado. Si el precio del barril sube, esta diferencia<\/p>\n<p>es del Estado. A las empresas se les reconoce una tarifa fija por cada barril que produce de alrededor de<\/p>\n<p>USD 30 a USD 35.<\/p>\n<p>El a\u00f1o 2011 y el primer semestre del a\u00f1o 2012 el precio por barril estuvo alrededor de USD 95, de lo<\/p>\n<p>cual el Estado recibi\u00f3 USD 60 por cada barril producido, esto es cerca del 65 % del valor para el<\/p>\n<p>Estado. Es decir, pasamos de recibir el 35% a recibir hoy en d\u00eda el 65% de forma directa. Acabamos<\/p>\n<p>con lo que el escritor y amigo ecuatoriano Jaime Galarza Zavala llam\u00f3 \u201cEl Fest\u00edn del Petroleo\u201d.<\/p>\n<p>Entre otros logros relevantes de la Revoluci\u00f3n Ciudadana hemos impulsado la m\u00e1s grande obra vial de<\/p>\n<p>la que la historia del Ecuador tenga memoria, reconocida hasta por los m\u00e1s conspicuos contradictores<\/p>\n<p>de nuestro Gobierno.<\/p>\n<p>El Ecuador tuvo el porcentaje de inversi\u00f3n p\u00fablica respecto al PIB m\u00e1s alto de Am\u00e9rica Latina y el<\/p>\n<p>Caribe en el 2011, ubicando al pa\u00eds como el segundo de la regi\u00f3n que m\u00e1s ha disminuido su tasa de<\/p>\n<p>pobreza, seg\u00fan la CEPAL.<\/p>\n<p>Quiero recordar a ustedes que en el a\u00f1o 2011, el crecimiento del Ecuador ocup\u00f3 el tercer lugar de<\/p>\n<p>Latinoam\u00e9rica, situ\u00e1ndose por en el 7,8%.<\/p>\n<p>El desempleo abierto baj\u00f3 del 8% en el 2006 al 5% en el 2011. El subempleo, por su parte, cay\u00f3 del 57<\/p>\n<p>% al 44%; 13 puntos en cinco a\u00f1os. En suma, la ocupaci\u00f3n plena aument\u00f3 del 35% al 51%, un salto<\/p>\n<p>espectacular, que sin embargo no debe eclipsar la ingente labor que a\u00fan queda por realizar en este<\/p>\n<p>terreno, hasta eliminar definitivamente todas las inequidades.<\/p>\n<p>No obstante, los datos de por s\u00ed son extremadamente positivos; pero lo son a\u00fan m\u00e1s si constatamos que<\/p>\n<p>simult\u00e1neamente el salario real aument\u00f3 en ese mismo per\u00edodo. La capacidad de compra de una familia<\/p>\n<p>t\u00edpica ecuatoriana alcanzaba el 67% del valor de la canasta b\u00e1sica en el a\u00f1o 2006. En enero del a\u00f1o<\/p>\n<p>2012, esa misma familia ecuatoriana puede adquirir el 93% de la misma canasta b\u00e1sica.<\/p>\n<p>Seg\u00fan estas cifras, la teor\u00eda econ\u00f3mica m\u00e1s convencional ha sufrido una nueva derrota en nuestro pa\u00eds.<\/p>\n<p>Siempre nos ense\u00f1aron que, para aumentar el empleo, se deb\u00edan bajar los salarios o precarizar las<\/p>\n<p>condiciones laborales; esto es lo que nos recetaron las instituciones financieras internacionales, las<\/p>\n<p>mismas recetas que hoy brindan a algunos pa\u00edses europeos. Nosotros ahora ya sabemos que esto es<\/p>\n<p>falso.<\/p>\n<p>Hemos aumentado el empleo, hemos aumentado el salario real, y por \u00faltimo, hemos sacado a<\/p>\n<p>centenares de miles de ecuatorianos de la vergonzosa precariedad laboral sufrida durante las \u00faltimas<\/p>\n<p>dos d\u00e9cadas de predominio neoliberal.<\/p>\n<p>En el a\u00f1o 2008 eliminamos la tercerizaci\u00f3n laboral, la cual permit\u00eda operar a empresas que<\/p>\n<p>jur\u00eddicamente no ten\u00edan un solo trabajador. Todo esto para no tener la obligaci\u00f3n de afiliar a sus<\/p>\n<p>trabajadores al seguro social, para poder pagar salarios de hambre, neg\u00e1ndoles adem\u00e1s el 15 % de<\/p>\n<p>utilidades que la legislaci\u00f3n ecuatoriana les concede como derecho. Y, especialmente, para impedir el<\/p>\n<p>ejercicio del derecho a la organizaci\u00f3n sindical.<\/p>\n<p>En el a\u00f1o 2007, cuando llegamos al gobierno, el Ecuador era otro. Era un pa\u00eds en el que a las<\/p>\n<p>trabajadoras dom\u00e9sticas se las manten\u00edan bajo un r\u00e9gimen legal infrahumano, su salario promediaba los<\/p>\n<p>80 d\u00f3lares mensuales, mientras el salario m\u00ednimo legal para el resto de trabajadores era de 160. El<\/p>\n<p>horario de trabajo superaba las 10 horas, no ganaban horas extras, no ten\u00eda derecho a sobresueldos ni a<\/p>\n<p>vacaciones, tampoco era obligatoria su afiliaci\u00f3n a la seguridad social. Algunos medios de<\/p>\n<p>comunicaci\u00f3n que hoy atacan al gobierno nunca denunciaron esto. Tampoco instancias del sistema<\/p>\n<p>interamericano de derechos humanos u organizaciones nacionales o internacionales que hoy atacan al<\/p>\n<p>gobierno.<\/p>\n<p>Este a\u00f1o 2012 y despu\u00e9s de 6 a\u00f1os de Gobierno, la situaci\u00f3n de las empleadas dom\u00e9sticas ha cambiado<\/p>\n<p>radicalmente; su salario m\u00ednimo es de 292 d\u00f3lares, igual al conjunto de trabajadores, tienen derecho a<\/p>\n<p>recibir sobresueldos, es obligatorio el pago por las horas extras que laboren as\u00ed como la afiliaci\u00f3n a la<\/p>\n<p>Seguridad Social. El impacto de estas medidas ha beneficiado a m\u00e1s de 62.000 familias.<\/p>\n<p>En el sector salud, ampliamos las consultas m\u00e9dicas de 14 millones en el 2006 a 34 millones en el a\u00f1o<\/p>\n<p>2011. Este dato explica en gran medida el avance positivo en los indicadores de salud.<\/p>\n<p>Por otra parte, el Estado ha impulsado una pol\u00edtica p\u00fablica nunca antes registrada, a favor de los<\/p>\n<p>Derechos Humanos de las personas con discapacidad, cuya cobertura de atenci\u00f3n ha rebasado los<\/p>\n<p>l\u00edmites internacionales, en Am\u00e9rica Latina y otras latitudes. Todo esto ha sido encabezado por el<\/p>\n<p>compa\u00f1ero Vicepresidente Lenin Moreno.<\/p>\n<p>Uno de los temas que caracteriza al Ecuador de la Revoluci\u00f3n Ciudadana es el de la ciudadan\u00eda<\/p>\n<p>universal. Nuestro pa\u00eds reconoce y protege los derechos de todas las personas en situaci\u00f3n de movilidad<\/p>\n<p>y de los migrantes y sus familias. Se ha creado un marco institucional y de pol\u00edtica p\u00fablica \u00fanico para<\/p>\n<p>atender a los nacionales que viven en el exterior, los cuales suman m\u00e1s de 2 millones. Tambi\u00e9n<\/p>\n<p>protegemos a quienes buscan protecci\u00f3n en nuestra patria, como los m\u00e1s de 56 mil refugiados, la<\/p>\n<p>mayor\u00eda de ellos colombianos.<\/p>\n<p>Protegemos a todos aquellos compatriotas que tuvieron que huir de su propio pa\u00eds, empujados por una<\/p>\n<p>gesti\u00f3n calamitosa de aquellos gobiernos secuestrados por la oligarqu\u00eda financiera. Ya lo dije al<\/p>\n<p>principio, pero vale la pena repetirlo; estos grupos financieros, los banqueros, llevaron a nuestro pa\u00eds a<\/p>\n<p>la m\u00e1s grave crisis econ\u00f3mica de su historia, generando un \u00e9xodo masivo al exterior.<\/p>\n<p>El punto culminante se produjo con la mayor expropiaci\u00f3n de recursos privados en Ecuador por parte<\/p>\n<p>del Gobierno del se\u00f1or Yamil Mahuad. Este triste personaje, dispuso el denominado congelamiento<\/p>\n<p>bancario, que no fue otra cosa que la confiscaci\u00f3n de los dep\u00f3sitos de una inmensa mayor\u00eda de<\/p>\n<p>ecuatorianos y ecuatorianas. Con excepci\u00f3n, por supuesto, de los grupos de poder, que ten\u00edan la<\/p>\n<p>informaci\u00f3n anticipada de lo que iba a suceder, y pudieron retirar sus dep\u00f3sitos antes de la hecatombe<\/p>\n<p>financiera. Se afect\u00f3 fundamentalmente a la clase media, reduciendo el valor de sus recursos en un 60<\/p>\n<p>%.<\/p>\n<p>En mayo pasado, presentamos nuestro segundo Examen Peri\u00f3dico Universal, ante el Consejo de<\/p>\n<p>Derechos Humanos. El gobierno de la Revoluci\u00f3n Ciudadana mostr\u00f3 en ese importante foro los logros<\/p>\n<p>alcanzados en la promoci\u00f3n y protecci\u00f3n de los derechos humanos, algunos de los cuales les he<\/p>\n<p>expuesto anteriormente. Fuimos reconocidos con comentarios positivos por 56 pa\u00edses de los 74 que<\/p>\n<p>ocupaban ese foro.<\/p>\n<p>El Gobierno de la Revoluci\u00f3n Ciudadana, ha apostado por los nuevos procesos de integraci\u00f3n regional,<\/p>\n<p>llamada a superar la institucionalidad hemisf\u00e9rica o subregional hasta ahora existente. Las propuestas<\/p>\n<p>de Nueva Arquitectura Financiera Regional, con iniciativas como el uso del Sistema \u00danico de<\/p>\n<p>Compensaci\u00f3n Regional (SUCRE) dentro del ALBA, en la creaci\u00f3n del Banco del Sur, as\u00ed como el<\/p>\n<p>papel relevante que ha jugado dentro de la conformaci\u00f3n de UNASUR, para mantener una plataforma<\/p>\n<p>pol\u00edtica en la regi\u00f3n, as\u00ed como de la CELAC.<\/p>\n<p>Se ha generado una doctrina regional destinada a velar por la seguridad institucional de los Estados, y<\/p>\n<p>promover un modelo de complementaci\u00f3n productiva que permita aprovechar las enormes reservas de<\/p>\n<p>energ\u00eda y materias primas que posee el continente.<\/p>\n<p><strong>ALBA<\/strong><\/p>\n<p>Hemos trabajado por la solidez del ALBA. El ALBA es hoy un mecanismo de integraci\u00f3n regional<\/p>\n<p>solidario, s\u00f3lido, institucionalizado y operativo, que depende de un conjunto de instituciones y<\/p>\n<p>acuerdos que han incrementado la cooperaci\u00f3n social, pol\u00edtica, comercial, financiera y econ\u00f3mica de<\/p>\n<p>los miembros.<\/p>\n<p>El ALBA, que naci\u00f3 como una respuesta pol\u00edtica a las intenciones de los EUA de crear una Zona de<\/p>\n<p>Libre Comercio Hemisf\u00e9rica, ha evolucionado al punto de pasar de ser un foro pol\u00edtico a un bloque de<\/p>\n<p>integraci\u00f3n regional institucionalizado y plenamente operativo.<\/p>\n<p><strong>UNASUR<\/strong><\/p>\n<p>La UNASUR, conformada por 12 pa\u00edses, es cada vez m\u00e1s un referente regional. El fortalecimiento de<\/p>\n<p>UNASUR tambi\u00e9n se ha visto impulsado por el fortalecimiento de su estructura, con la creaci\u00f3n del<\/p>\n<p>Consejo Electoral y del Consejo de Seguridad y Delincuencia Organizada Transnacional. El primer<\/p>\n<p>\u00f3rgano nos permitir\u00e1, como regi\u00f3n soberana y aut\u00f3noma, ser nuestros propios \u00e1rbitros cuando se trate<\/p>\n<p>de realizar la tarea de la observaci\u00f3n de los procesos electorales de los Estados miembros. As\u00ed,<\/p>\n<p>reforzaremos la democracia en nuestros pa\u00edses e incrementaremos nuestros \u00e1mbitos de soberan\u00eda, sin<\/p>\n<p>necesitar la aprobaci\u00f3n de organismos internacionales o de terceros pa\u00edses.<\/p>\n<p><strong>Banco del Sur<\/strong><\/p>\n<p>Es uno de los tres pilares de la nueva arquitectura financiera regional, junto con el SUCRE y el Fondo<\/p>\n<p>del Sur, el Banco del Sur \u2014en el marco de UNASUR\u2014 nace con la finalidad de constituirse en un<\/p>\n<p>fondo regional de reservas internacionales de pa\u00edses de la regi\u00f3n que puedan ser canalizadas en cr\u00e9ditos<\/p>\n<p>destinados a financiar el desarrollo econ\u00f3mico, social bajo par\u00e1metros de sostenibilidad.<\/p>\n<p>La relevancia de la iniciativa no s\u00f3lo gira en torno a su funci\u00f3n si no a su constituci\u00f3n que refleja la<\/p>\n<p>prerrogativa de operar con la modalidad un pa\u00eds \u2013 un voto que rompa la perversa din\u00e1mica hegem\u00f3nica<\/p>\n<p>antidemocr\u00e1tica de ponderar el poder de decisi\u00f3n al monto de los aportes. Sus miembros (Argentina,<\/p>\n<p>Bolivia, Brasil, Ecuador, Paraguay, Uruguay y Venezuela) han autorizado un capital de US $20.000<\/p>\n<p>millones, con un capital suscrito de US $7.000 millones que ascender\u00e1 a US $7.000. Con la entrada en<\/p>\n<p>vigor de su convenio constitutivo; tras la ratificaci\u00f3n Argentina, Bolivia, Ecuador, Uruguay y<\/p>\n<p>Venezuela, y la pendiente ratificaci\u00f3n de Brasil y Paraguay; el Banco del Sur ha sido formalizado<\/p>\n<p>jur\u00eddicamente y est\u00e1 presto a operar.<\/p>\n<p>Quiero referirme tambi\u00e9n a un tema que ata\u00f1e a la soberan\u00eda de los Estados y a elementos jur\u00eddicos<\/p>\n<p>internacionales. Es importante que se lo conozca aqu\u00ed y en la comunidad internacional.<\/p>\n<p>Todav\u00eda persiste un injusto esquema internacional que pretende privilegiar a la empresa privada sobre<\/p>\n<p>el Estado y los intereses de la mayor\u00eda; a\u00fan se pretende privilegiar al capital por encima del ser<\/p>\n<p>humano. Hace pocos d\u00edas en el CIADI, dos de los tres \u00e1rbitros, fallaron en contra del Ecuador para<\/p>\n<p>sacar de Estado y del pueblo ecuatoriano cerca de 2,300 millones de d\u00f3lares.<\/p>\n<p><strong>Posici\u00f3n sobre el CIADI<\/strong><\/p>\n<p>Para el Ecuador, el llamado Centro Internacional de Arreglo de Diferencias Relativas a Inversiones<\/p>\n<p>CIADI, tiene una estructura funcional y operativa que dificulta la defensa de los derechos e intereses de<\/p>\n<p>los pa\u00edses en desarrollo.<\/p>\n<p>Un problema fundamental de esta instancia es el relacionado con la competencia, imparcialidad e<\/p>\n<p>independencia del Centro. La conformaci\u00f3n del Tribunal Arbitral, la imparcialidad e independencia<\/p>\n<p>est\u00e1n comprometidos por la forma como se designan los tres jueces o \u00e1rbitros, pues uno debe ser<\/p>\n<p>nombrado por cada una de las partes.<\/p>\n<p>El tercero arbitro es designado por mutuo acuerdo entre las partes, pero si no se logra dicho acuerdo,<\/p>\n<p>este \u00e1rbitro es designado por al CIADI o el Banco Mundial, lo cual generalmente favorecer al<\/p>\n<p>inversionista.<\/p>\n<p>La independencia del CIADI es asimismo dudosa, considerando que el Centro pertenece al Banco<\/p>\n<p>Mundial, el cual ha debido atender reclamaciones de empresas que son de propiedad del mismo Banco<\/p>\n<p>o en las cuales tiene acciones, lo que determina que el Banco Internacional de Reconstrucci\u00f3n y<\/p>\n<p>Fomento (Banco Mundial) act\u00fae como juez y parte en estos procesos arbitrales.<\/p>\n<p>El CIADI tampoco ha sido garant\u00eda de trato igual y no discriminatorio, como lo demuestra la cantidad<\/p>\n<p>de fallos dictados por el Centro a favor de las empresas.<\/p>\n<p>De igual manera, el CIADI tiene el grave inconveniente relativo al procedimiento y funcionamiento del<\/p>\n<p>Tribunal Arbitral referido al hecho de que no exista una instancia superior ante la cual acudir para la<\/p>\n<p>revisi\u00f3n de sus decisiones.<\/p>\n<p>Por otra parte, el CIADI incurre en varios excesos en la medida que garantiza los derechos del<\/p>\n<p>inversionista sin exigirle obligaciones; privilegia a los inversores extranjeros por encima de los<\/p>\n<p>inversores locales al permitirles sustraerse de la jurisdicci\u00f3n nacional de los Estados; y, celebra juicios<\/p>\n<p>contra Estados soberanos en procesos secretos y prohibiendo audiencias p\u00fablicas.<\/p>\n<p>Por los motivos expuestos, el Ecuador ha asumido una posici\u00f3n cr\u00edtica ante el CIADI y denunci\u00f3 este<\/p>\n<p>mecanismo arbitral. Dicha denuncia se produjo en el a\u00f1o 2009, de acuerdo a solicitud del Presidente de<\/p>\n<p>la Rep\u00fablica, Rafael Correa Delgado, a la Asamblea Nacional para que procediera conforme el art\u00edculo<\/p>\n<p>419 de la Constituci\u00f3n, relativo al procedimiento de denuncia de Convenios internacionales.<\/p>\n<p>Ecuador procedi\u00f3 a denunciar el CIADI para ajustar la legislaci\u00f3n nacional a la Constituci\u00f3n de<\/p>\n<p>Montecristi del a\u00f1o 2008. Esta necesidad se desprende de las disposiciones del art\u00edculo 422 de la<\/p>\n<p>Constituci\u00f3n que proh\u00edbe la celebraci\u00f3n de tratados o instrumentos internacionales en los que el Estado<\/p>\n<p>ecuatoriano ceda jurisdicci\u00f3n soberana a instancias de arbitraje internacional, en controversias<\/p>\n<p>contractuales o de \u00edndole comercial, entre el Estado y personas jur\u00eddicas o privadas.<\/p>\n<p>Siguiendo el mandato constitucional del art\u00edculo 422, Ecuador tambi\u00e9n ha procedido a denunciar<\/p>\n<p>algunos de los Tratados Bilaterales de Protecci\u00f3n y Promoci\u00f3n de Inversiones \u2013TBI- vigentes, para<\/p>\n<p>eliminar efectivamente la permanencia de las denominadas cl\u00e1usulas CIADI1 en la legislaci\u00f3n nacional.<\/p>\n<p><strong>Posici\u00f3n sobre el caso OXY y el fallo del CIADI<\/strong><\/p>\n<p>El Acuerdo Farmout, mediante el cual OXY transfiri\u00f3 el 40% de sus participaciones a Alberta Energy<\/p>\n<p>Corporation (AEC), contiene una cesi\u00f3n de derechos no autorizada por el Estado ecuatoriano<\/p>\n<p>(Ministerio de Energ\u00eda y Minas) violentando as\u00ed el art\u00edculo 74 de la Ley de Hidrocarburos.<\/p>\n<p>Por tanto, Ecuador sostiene que no debe indemnizaci\u00f3n alguna a la empresa OXY ya que su conducta<\/p>\n<p>constituye una violaci\u00f3n de la Cl\u00e1usula 16.1 del Contrato de Participaci\u00f3n2 y una violaci\u00f3n de la ley<\/p>\n<p>ecuatoriana.<\/p>\n<p>El Tribunal Arbitral carece de competencia para conocer la demanda de OXY ya que de acuerdo a la<\/p>\n<p>ley ecuatoriana y al Contrato de Participaci\u00f3n, la caducidad no es materia de arbitraje y, por lo tanto,<\/p>\n<p>s\u00f3lo es posible impugnarla ante las Cortes ecuatorianas.<\/p>\n<p>La compa\u00f1\u00eda viol\u00f3 el Tratado de promoci\u00f3n y protecci\u00f3n rec\u00edproca de las inversiones, suscrito entre el<\/p>\n<p>Ecuador y los Estados Unidos, al no haber notificado de su controversia al Estado ecuatoriano con seis<\/p>\n<p>meses de anticipaci\u00f3n, previo al inicio del arbitraje.<\/p>\n<p>Seg\u00fan la compa\u00f1\u00eda OXY, el Estado ecuatoriano viol\u00f3 el Tratado antes mencionado por cuanto el<\/p>\n<p>decreto de caducidad representa una sanci\u00f3n desproporcionada a la luz del derecho internacional y<\/p>\n<p>viol\u00f3 los principios de trato justo y equitativo, no discriminaci\u00f3n, as\u00ed como su obligaci\u00f3n de proteger la inversi\u00f3n efectuada por Occidental. El Tribunal constituido para este caso emiti\u00f3 un laudo a favor de<\/p>\n<p>las demandas presentadas por OXY.<\/p>\n<p>En la demanda, la compa\u00f1\u00eda solicit\u00f3 una indemnizaci\u00f3n de US$ 3.370 millones, pero mediante el laudo<\/p>\n<p>los jueces le otorgan US$ 1.770 millones por este concepto, m\u00e1s los intereses. Esto suma m\u00e1s de USD<\/p>\n<p>2,300 millones.<\/p>\n<p>El Tribunal reconoci\u00f3 la cesi\u00f3n de derechos no autorizada y la violaci\u00f3n del Contrato de Participaci\u00f3n<\/p>\n<p>y la Ley ecuatoriana, por cuanto la empresa no obtuvo previamente la autorizaci\u00f3n del Ministerio de<\/p>\n<p>Energ\u00eda y Minas para la transferencia de derechos a AEC, en octubre de 2000, mediante la firma del<\/p>\n<p>Acuerdo Farmout. A pesar de ello, le otorga a la compa\u00f1\u00eda el derecho a recibir el 100% de la<\/p>\n<p>indemnizaci\u00f3n que reconoce el Tribunal en su laudo.<\/p>\n<p>El fallo arbitral reconoce que OXY viol\u00f3 la Cl\u00e1usula 16.1 del Contrato de Participaci\u00f3n, por lo cual los<\/p>\n<p>da\u00f1os otorgados a dicha compa\u00f1\u00eda fueron reducidos en un 25%, bajo el argumento del Ecuador sobre la<\/p>\n<p>culpa compartida, es decir, que la conducta il\u00edcita de OXY contribuy\u00f3 directamente al procedimiento<\/p>\n<p>de caducidad.<\/p>\n<p>El laudo emitido por el Tribunal no fue un\u00e1nime, cont\u00f3 con el voto disidente de la \u00e1rbitro, profesora<\/p>\n<p>Brigitte Stern, de nacionalidad francesa, quien no concuerda con los otros dos \u00e1rbitros en cuatro<\/p>\n<p>cuestiones preliminares fundamentales relativas al monto de la compensaci\u00f3n:<\/p>\n<p>&#8211; La Ley 42-20063 no viola el Contrato de Participaci\u00f3n y, por tanto, debi\u00f3 ser considerada en el<\/p>\n<p>c\u00e1lculo de los da\u00f1os.<\/p>\n<p>&#8211; La ecuatoriana Ley Interpretativa del IVA no viola el Contrato de Participaci\u00f3n y, por tanto,<\/p>\n<p>debi\u00f3 aplicarse al calcular da\u00f1os a favor de la compa\u00f1\u00eda.<\/p>\n<p>&#8211; El porcentaje a aplicarse en la culpa compartida debi\u00f3 ser del 50%. La culpa de OXY con<\/p>\n<p>anterioridad a la emisi\u00f3n del Decreto de Caducidad.<\/p>\n<p>&#8211; Deb\u00eda otorgarse a OXY solo el 60% del valor de la indemnizaci\u00f3n (Acuerdo Farmout).<\/p>\n<p>Ecuador present\u00f3 un recurso de nulidad a la sede del Tribunal, en base a argumentos similares a los<\/p>\n<p>emitidos por la profesora Stern, los cuales se recogen en tres puntos principales:<\/p>\n<p>&#8211; Existencia de serias desviaciones de las reglas fundamentales del procedimiento.<\/p>\n<p>&#8211; El Tribunal no ha conseguido explicar las razones en las que basar sus decisiones.<\/p>\n<p>&#8211; El Tribunal excedi\u00f3 sus competencias de forma manifiesta.<\/p>\n<p>El Gobierno ecuatoriano considera que existe una total desproporci\u00f3n entre la causa que motiv\u00f3 la<\/p>\n<p>demanda y la sanci\u00f3n que el CIADI pretende imponer al pa\u00eds, lo cual pone de relieve la manera como<\/p>\n<p>el CIADI se aboca a la defensa de los intereses privados sin importar las consecuencias econ\u00f3micas que<\/p>\n<p>sus fallos pueden tener en el pa\u00eds afectado.<\/p>\n<p>Otro hecho significativo que abona a favor de la posici\u00f3n del Ecuador es el que se refiere a la decisi\u00f3n<\/p>\n<p>de la empresa OXY de acudir directamente al CIADI prescindiendo de la jurisdicci\u00f3n ecuatoriana,<\/p>\n<p>cuando en realidad la demanda debi\u00f3 someterse a los jueces nacionales como paso previo a llevar el<\/p>\n<p>caso a cualquier instancia internacional.<\/p>\n<p>De este modo, la empresa OXY ha desconocido que el Ecuador es un Estado de derecho y de justicia,<\/p>\n<p>con un ordenamiento jur\u00eddico que garantiza la seguridad de las inversiones y penaliza la ilegalidad.<\/p>\n<p>Para terminar, distinguidas amigas y amigos, un evento como este nos ratifica la fe en la humanidad,<\/p>\n<p>nos concilia con las m\u00e1s altas aspiraciones de nuestros pueblos. Tenemos que seguir luchando por la<\/p>\n<p>justicia social, tenemos que desaparecer las disparidades de un modelo econ\u00f3mico excluyente, tenemos<\/p>\n<p>que inundar de justicia los sistemas comerciales, tenemos que robustecer los procedimientos de<\/p>\n<p>movilidad humana, tenemos que procurar en todos los pa\u00edses la ciudadan\u00eda universal, tenemos que<\/p>\n<p>humanizar la econom\u00eda.<\/p>\n<p>Muchas gracias.<\/p>\n","protected":false},"excerpt":{"rendered":"<p>Publicamos ac\u00e1 \u00edntegramente la ponencia preparada por el Canciller del Ecuador, don Ricardo Pati\u00f1o Aroca, para el III Simposio organizado por el Centro Mundial de Estudios Humanistas. Estimadas amigas y amigos argentinos: Es un honor poder dirigirme a ustedes para&hellip;<\/p>\n","protected":false},"author":19,"featured_media":14893,"comment_status":"closed","ping_status":"open","sticky":false,"template":"","format":"standard","meta":{"footnotes":""},"categories":[76,79,78,81,74,80,67],"tags":[414],"class_list":["post-23078","post","type-post","status-publish","format-standard","has-post-thumbnail","hentry","category-relaciones-exteriores","category-derechos-humanos","category-medio-ambiente-ecologia","category-economia-es","category-politica-es","category-pueblos-originarios","category-sudamerica","tag-centro-mundial-de-estudios-humanistas"],"yoast_head":"<!-- This site is optimized with the Yoast SEO plugin v27.1.1 - https:\/\/yoast.com\/product\/yoast-seo-wordpress\/ -->\n<title>La Revoluci\u00f3n del Buen Vivir en el Ecuador<\/title>\n<meta name=\"description\" content=\"Publicamos ac\u00e1 \u00edntegramente la ponencia preparada por el Canciller del Ecuador, don Ricardo Pati\u00f1o Aroca, para el III Simposio organizado por el Centro\" \/>\n<meta name=\"robots\" content=\"index, follow, max-snippet:-1, max-image-preview:large, max-video-preview:-1\" \/>\n<link rel=\"canonical\" href=\"https:\/\/www.pressenza.com\/es\/2012\/11\/la-revolucion-del-buen-vivir-en-el-ecuador\/\" \/>\n<meta property=\"og:locale\" content=\"es_ES\" \/>\n<meta property=\"og:type\" content=\"article\" \/>\n<meta property=\"og:title\" content=\"La Revoluci\u00f3n del Buen Vivir en el Ecuador\" \/>\n<meta property=\"og:description\" content=\"Publicamos ac\u00e1 \u00edntegramente la ponencia preparada por el Canciller del Ecuador, don Ricardo Pati\u00f1o Aroca, para el III Simposio organizado por el Centro\" \/>\n<meta property=\"og:url\" content=\"https:\/\/www.pressenza.com\/es\/2012\/11\/la-revolucion-del-buen-vivir-en-el-ecuador\/\" \/>\n<meta property=\"og:site_name\" content=\"Pressenza\" \/>\n<meta property=\"article:publisher\" content=\"https:\/\/www.facebook.com\/PressenzaItalia\" \/>\n<meta property=\"article:author\" content=\"https:\/\/www.facebook.com\/pressenza\" \/>\n<meta property=\"article:published_time\" content=\"2012-11-07T15:13:40+00:00\" \/>\n<meta property=\"og:image\" content=\"https:\/\/www.pressenza.com\/wp-content\/uploads\/2012\/08\/IMG_4628.jpg\" \/>\n\t<meta property=\"og:image:width\" content=\"1200\" \/>\n\t<meta property=\"og:image:height\" content=\"1800\" \/>\n\t<meta property=\"og:image:type\" content=\"image\/jpeg\" \/>\n<meta name=\"author\" content=\"Pressenza IPA\" \/>\n<meta name=\"twitter:card\" content=\"summary_large_image\" \/>\n<meta name=\"twitter:creator\" content=\"@PressenzaIPA\" \/>\n<meta name=\"twitter:site\" content=\"@PressenzaIPA\" \/>\n<meta name=\"twitter:label1\" content=\"Escrito por\" \/>\n\t<meta name=\"twitter:data1\" content=\"Pressenza IPA\" \/>\n\t<meta name=\"twitter:label2\" content=\"Tiempo de lectura\" \/>\n\t<meta name=\"twitter:data2\" content=\"31 minutos\" \/>\n<script type=\"application\/ld+json\" class=\"yoast-schema-graph\">{\"@context\":\"https:\/\/schema.org\",\"@graph\":[{\"@type\":\"Article\",\"@id\":\"https:\/\/www.pressenza.com\/es\/2012\/11\/la-revolucion-del-buen-vivir-en-el-ecuador\/#article\",\"isPartOf\":{\"@id\":\"https:\/\/www.pressenza.com\/es\/2012\/11\/la-revolucion-del-buen-vivir-en-el-ecuador\/\"},\"author\":{\"name\":\"Pressenza IPA\",\"@id\":\"https:\/\/www.pressenza.com\/es\/#\/schema\/person\/010e5d02bcf40965427a1289a4cc8d75\"},\"headline\":\"La Revoluci\u00f3n del Buen Vivir en el Ecuador\",\"datePublished\":\"2012-11-07T15:13:40+00:00\",\"mainEntityOfPage\":{\"@id\":\"https:\/\/www.pressenza.com\/es\/2012\/11\/la-revolucion-del-buen-vivir-en-el-ecuador\/\"},\"wordCount\":6205,\"publisher\":{\"@id\":\"https:\/\/www.pressenza.com\/es\/#organization\"},\"image\":{\"@id\":\"https:\/\/www.pressenza.com\/es\/2012\/11\/la-revolucion-del-buen-vivir-en-el-ecuador\/#primaryimage\"},\"thumbnailUrl\":\"https:\/\/www.pressenza.com\/wp-content\/uploads\/2012\/08\/IMG_4628.jpg\",\"keywords\":[\"Centro Mundial de Estudios Humanistas\"],\"articleSection\":[\"Asuntos internacionales\",\"Derechos Humanos\",\"Ecolog\u00eda y Medio Ambiente\",\"Econom\u00eda\",\"Pol\u00edtica\",\"Pueblos Originarios\",\"Sudam\u00e9rica\"],\"inLanguage\":\"es\"},{\"@type\":\"WebPage\",\"@id\":\"https:\/\/www.pressenza.com\/es\/2012\/11\/la-revolucion-del-buen-vivir-en-el-ecuador\/\",\"url\":\"https:\/\/www.pressenza.com\/es\/2012\/11\/la-revolucion-del-buen-vivir-en-el-ecuador\/\",\"name\":\"La Revoluci\u00f3n del Buen Vivir en el Ecuador\",\"isPartOf\":{\"@id\":\"https:\/\/www.pressenza.com\/es\/#website\"},\"primaryImageOfPage\":{\"@id\":\"https:\/\/www.pressenza.com\/es\/2012\/11\/la-revolucion-del-buen-vivir-en-el-ecuador\/#primaryimage\"},\"image\":{\"@id\":\"https:\/\/www.pressenza.com\/es\/2012\/11\/la-revolucion-del-buen-vivir-en-el-ecuador\/#primaryimage\"},\"thumbnailUrl\":\"https:\/\/www.pressenza.com\/wp-content\/uploads\/2012\/08\/IMG_4628.jpg\",\"datePublished\":\"2012-11-07T15:13:40+00:00\",\"description\":\"Publicamos ac\u00e1 \u00edntegramente la ponencia preparada por el Canciller del Ecuador, don Ricardo Pati\u00f1o Aroca, para el III Simposio organizado por el Centro\",\"breadcrumb\":{\"@id\":\"https:\/\/www.pressenza.com\/es\/2012\/11\/la-revolucion-del-buen-vivir-en-el-ecuador\/#breadcrumb\"},\"inLanguage\":\"es\",\"potentialAction\":[{\"@type\":\"ReadAction\",\"target\":[\"https:\/\/www.pressenza.com\/es\/2012\/11\/la-revolucion-del-buen-vivir-en-el-ecuador\/\"]}]},{\"@type\":\"ImageObject\",\"inLanguage\":\"es\",\"@id\":\"https:\/\/www.pressenza.com\/es\/2012\/11\/la-revolucion-del-buen-vivir-en-el-ecuador\/#primaryimage\",\"url\":\"https:\/\/www.pressenza.com\/wp-content\/uploads\/2012\/08\/IMG_4628.jpg\",\"contentUrl\":\"https:\/\/www.pressenza.com\/wp-content\/uploads\/2012\/08\/IMG_4628.jpg\",\"width\":\"1200\",\"height\":\"1800\",\"caption\":\"Ricardo Armando Pati\u00f1o Aroca\"},{\"@type\":\"BreadcrumbList\",\"@id\":\"https:\/\/www.pressenza.com\/es\/2012\/11\/la-revolucion-del-buen-vivir-en-el-ecuador\/#breadcrumb\",\"itemListElement\":[{\"@type\":\"ListItem\",\"position\":1,\"name\":\"Accueil\",\"item\":\"https:\/\/www.pressenza.com\/es\/\"},{\"@type\":\"ListItem\",\"position\":2,\"name\":\"La Revoluci\u00f3n del Buen Vivir en el Ecuador\"}]},{\"@type\":\"WebSite\",\"@id\":\"https:\/\/www.pressenza.com\/es\/#website\",\"url\":\"https:\/\/www.pressenza.com\/es\/\",\"name\":\"Pressenza\",\"description\":\"International Press Agency\",\"publisher\":{\"@id\":\"https:\/\/www.pressenza.com\/es\/#organization\"},\"potentialAction\":[{\"@type\":\"SearchAction\",\"target\":{\"@type\":\"EntryPoint\",\"urlTemplate\":\"https:\/\/www.pressenza.com\/es\/?s={search_term_string}\"},\"query-input\":{\"@type\":\"PropertyValueSpecification\",\"valueRequired\":true,\"valueName\":\"search_term_string\"}}],\"inLanguage\":\"es\"},{\"@type\":\"Organization\",\"@id\":\"https:\/\/www.pressenza.com\/es\/#organization\",\"name\":\"Pressenza\",\"url\":\"https:\/\/www.pressenza.com\/es\/\",\"logo\":{\"@type\":\"ImageObject\",\"inLanguage\":\"es\",\"@id\":\"https:\/\/www.pressenza.com\/es\/#\/schema\/logo\/image\/\",\"url\":\"https:\/\/www.pressenza.com\/wp-content\/uploads\/2022\/10\/pressenza_logo_200x200.jpg\",\"contentUrl\":\"https:\/\/www.pressenza.com\/wp-content\/uploads\/2022\/10\/pressenza_logo_200x200.jpg\",\"width\":200,\"height\":200,\"caption\":\"Pressenza\"},\"image\":{\"@id\":\"https:\/\/www.pressenza.com\/es\/#\/schema\/logo\/image\/\"},\"sameAs\":[\"https:\/\/www.facebook.com\/PressenzaItalia\",\"https:\/\/x.com\/PressenzaIPA\"]},{\"@type\":\"Person\",\"@id\":\"https:\/\/www.pressenza.com\/es\/#\/schema\/person\/010e5d02bcf40965427a1289a4cc8d75\",\"name\":\"Pressenza IPA\",\"description\":\"News from Pressenza IPA correspondents\",\"sameAs\":[\"https:\/\/www.facebook.com\/pressenza\",\"https:\/\/x.com\/PressenzaIPA\"],\"url\":\"https:\/\/www.pressenza.com\/es\/author\/pressenza-ipa\/\"}]}<\/script>\n<!-- \/ Yoast SEO plugin. -->","yoast_head_json":{"title":"La Revoluci\u00f3n del Buen Vivir en el Ecuador","description":"Publicamos ac\u00e1 \u00edntegramente la ponencia preparada por el Canciller del Ecuador, don Ricardo Pati\u00f1o Aroca, para el III Simposio organizado por el Centro","robots":{"index":"index","follow":"follow","max-snippet":"max-snippet:-1","max-image-preview":"max-image-preview:large","max-video-preview":"max-video-preview:-1"},"canonical":"https:\/\/www.pressenza.com\/es\/2012\/11\/la-revolucion-del-buen-vivir-en-el-ecuador\/","og_locale":"es_ES","og_type":"article","og_title":"La Revoluci\u00f3n del Buen Vivir en el Ecuador","og_description":"Publicamos ac\u00e1 \u00edntegramente la ponencia preparada por el Canciller del Ecuador, don Ricardo Pati\u00f1o Aroca, para el III Simposio organizado por el Centro","og_url":"https:\/\/www.pressenza.com\/es\/2012\/11\/la-revolucion-del-buen-vivir-en-el-ecuador\/","og_site_name":"Pressenza","article_publisher":"https:\/\/www.facebook.com\/PressenzaItalia","article_author":"https:\/\/www.facebook.com\/pressenza","article_published_time":"2012-11-07T15:13:40+00:00","og_image":[{"width":1200,"height":1800,"url":"https:\/\/www.pressenza.com\/wp-content\/uploads\/2012\/08\/IMG_4628.jpg","type":"image\/jpeg"}],"author":"Pressenza IPA","twitter_card":"summary_large_image","twitter_creator":"@PressenzaIPA","twitter_site":"@PressenzaIPA","twitter_misc":{"Escrito por":"Pressenza IPA","Tiempo de lectura":"31 minutos"},"schema":{"@context":"https:\/\/schema.org","@graph":[{"@type":"Article","@id":"https:\/\/www.pressenza.com\/es\/2012\/11\/la-revolucion-del-buen-vivir-en-el-ecuador\/#article","isPartOf":{"@id":"https:\/\/www.pressenza.com\/es\/2012\/11\/la-revolucion-del-buen-vivir-en-el-ecuador\/"},"author":{"name":"Pressenza IPA","@id":"https:\/\/www.pressenza.com\/es\/#\/schema\/person\/010e5d02bcf40965427a1289a4cc8d75"},"headline":"La Revoluci\u00f3n del Buen Vivir en el Ecuador","datePublished":"2012-11-07T15:13:40+00:00","mainEntityOfPage":{"@id":"https:\/\/www.pressenza.com\/es\/2012\/11\/la-revolucion-del-buen-vivir-en-el-ecuador\/"},"wordCount":6205,"publisher":{"@id":"https:\/\/www.pressenza.com\/es\/#organization"},"image":{"@id":"https:\/\/www.pressenza.com\/es\/2012\/11\/la-revolucion-del-buen-vivir-en-el-ecuador\/#primaryimage"},"thumbnailUrl":"https:\/\/www.pressenza.com\/wp-content\/uploads\/2012\/08\/IMG_4628.jpg","keywords":["Centro Mundial de Estudios Humanistas"],"articleSection":["Asuntos internacionales","Derechos Humanos","Ecolog\u00eda y Medio Ambiente","Econom\u00eda","Pol\u00edtica","Pueblos Originarios","Sudam\u00e9rica"],"inLanguage":"es"},{"@type":"WebPage","@id":"https:\/\/www.pressenza.com\/es\/2012\/11\/la-revolucion-del-buen-vivir-en-el-ecuador\/","url":"https:\/\/www.pressenza.com\/es\/2012\/11\/la-revolucion-del-buen-vivir-en-el-ecuador\/","name":"La Revoluci\u00f3n del Buen Vivir en el Ecuador","isPartOf":{"@id":"https:\/\/www.pressenza.com\/es\/#website"},"primaryImageOfPage":{"@id":"https:\/\/www.pressenza.com\/es\/2012\/11\/la-revolucion-del-buen-vivir-en-el-ecuador\/#primaryimage"},"image":{"@id":"https:\/\/www.pressenza.com\/es\/2012\/11\/la-revolucion-del-buen-vivir-en-el-ecuador\/#primaryimage"},"thumbnailUrl":"https:\/\/www.pressenza.com\/wp-content\/uploads\/2012\/08\/IMG_4628.jpg","datePublished":"2012-11-07T15:13:40+00:00","description":"Publicamos ac\u00e1 \u00edntegramente la ponencia preparada por el Canciller del Ecuador, don Ricardo Pati\u00f1o Aroca, para el III Simposio organizado por el Centro","breadcrumb":{"@id":"https:\/\/www.pressenza.com\/es\/2012\/11\/la-revolucion-del-buen-vivir-en-el-ecuador\/#breadcrumb"},"inLanguage":"es","potentialAction":[{"@type":"ReadAction","target":["https:\/\/www.pressenza.com\/es\/2012\/11\/la-revolucion-del-buen-vivir-en-el-ecuador\/"]}]},{"@type":"ImageObject","inLanguage":"es","@id":"https:\/\/www.pressenza.com\/es\/2012\/11\/la-revolucion-del-buen-vivir-en-el-ecuador\/#primaryimage","url":"https:\/\/www.pressenza.com\/wp-content\/uploads\/2012\/08\/IMG_4628.jpg","contentUrl":"https:\/\/www.pressenza.com\/wp-content\/uploads\/2012\/08\/IMG_4628.jpg","width":"1200","height":"1800","caption":"Ricardo Armando Pati\u00f1o Aroca"},{"@type":"BreadcrumbList","@id":"https:\/\/www.pressenza.com\/es\/2012\/11\/la-revolucion-del-buen-vivir-en-el-ecuador\/#breadcrumb","itemListElement":[{"@type":"ListItem","position":1,"name":"Accueil","item":"https:\/\/www.pressenza.com\/es\/"},{"@type":"ListItem","position":2,"name":"La Revoluci\u00f3n del Buen Vivir en el Ecuador"}]},{"@type":"WebSite","@id":"https:\/\/www.pressenza.com\/es\/#website","url":"https:\/\/www.pressenza.com\/es\/","name":"Pressenza","description":"International Press Agency","publisher":{"@id":"https:\/\/www.pressenza.com\/es\/#organization"},"potentialAction":[{"@type":"SearchAction","target":{"@type":"EntryPoint","urlTemplate":"https:\/\/www.pressenza.com\/es\/?s={search_term_string}"},"query-input":{"@type":"PropertyValueSpecification","valueRequired":true,"valueName":"search_term_string"}}],"inLanguage":"es"},{"@type":"Organization","@id":"https:\/\/www.pressenza.com\/es\/#organization","name":"Pressenza","url":"https:\/\/www.pressenza.com\/es\/","logo":{"@type":"ImageObject","inLanguage":"es","@id":"https:\/\/www.pressenza.com\/es\/#\/schema\/logo\/image\/","url":"https:\/\/www.pressenza.com\/wp-content\/uploads\/2022\/10\/pressenza_logo_200x200.jpg","contentUrl":"https:\/\/www.pressenza.com\/wp-content\/uploads\/2022\/10\/pressenza_logo_200x200.jpg","width":200,"height":200,"caption":"Pressenza"},"image":{"@id":"https:\/\/www.pressenza.com\/es\/#\/schema\/logo\/image\/"},"sameAs":["https:\/\/www.facebook.com\/PressenzaItalia","https:\/\/x.com\/PressenzaIPA"]},{"@type":"Person","@id":"https:\/\/www.pressenza.com\/es\/#\/schema\/person\/010e5d02bcf40965427a1289a4cc8d75","name":"Pressenza IPA","description":"News from Pressenza IPA correspondents","sameAs":["https:\/\/www.facebook.com\/pressenza","https:\/\/x.com\/PressenzaIPA"],"url":"https:\/\/www.pressenza.com\/es\/author\/pressenza-ipa\/"}]}},"place":"Buenos Aires","original_article_url":"","_links":{"self":[{"href":"https:\/\/www.pressenza.com\/es\/wp-json\/wp\/v2\/posts\/23078","targetHints":{"allow":["GET"]}}],"collection":[{"href":"https:\/\/www.pressenza.com\/es\/wp-json\/wp\/v2\/posts"}],"about":[{"href":"https:\/\/www.pressenza.com\/es\/wp-json\/wp\/v2\/types\/post"}],"author":[{"embeddable":true,"href":"https:\/\/www.pressenza.com\/es\/wp-json\/wp\/v2\/users\/19"}],"replies":[{"embeddable":true,"href":"https:\/\/www.pressenza.com\/es\/wp-json\/wp\/v2\/comments?post=23078"}],"version-history":[{"count":0,"href":"https:\/\/www.pressenza.com\/es\/wp-json\/wp\/v2\/posts\/23078\/revisions"}],"wp:featuredmedia":[{"embeddable":true,"href":"https:\/\/www.pressenza.com\/es\/wp-json\/wp\/v2\/media\/14893"}],"wp:attachment":[{"href":"https:\/\/www.pressenza.com\/es\/wp-json\/wp\/v2\/media?parent=23078"}],"wp:term":[{"taxonomy":"category","embeddable":true,"href":"https:\/\/www.pressenza.com\/es\/wp-json\/wp\/v2\/categories?post=23078"},{"taxonomy":"post_tag","embeddable":true,"href":"https:\/\/www.pressenza.com\/es\/wp-json\/wp\/v2\/tags?post=23078"}],"curies":[{"name":"wp","href":"https:\/\/api.w.org\/{rel}","templated":true}]}}