{"id":230580,"date":"2015-10-05T23:57:01","date_gmt":"2015-10-05T22:57:01","guid":{"rendered":"http:\/\/www.pressenza.com\/es\/?p=230580"},"modified":"2015-10-05T23:57:15","modified_gmt":"2015-10-05T22:57:15","slug":"la-cha-presento-la-denuncia-de-la-nota-de-clarin-democracia-sin-maricones","status":"publish","type":"post","link":"https:\/\/www.pressenza.com\/es\/2015\/10\/la-cha-presento-la-denuncia-de-la-nota-de-clarin-democracia-sin-maricones\/","title":{"rendered":"La CHA present\u00f3 la denuncia de la nota de Clar\u00edn: \u201cDemocracia sin maricones\u201d"},"content":{"rendered":"<p><em>Hoy, 1 de octubre la Comunidad Homosexual Argentina (CHA) present\u00f3 la denuncia por la nota del domingo 27 del diario Clar\u00edn del periodista Alejandro Borensztein de su columna de humor pol\u00edtico titulada \u201cEsta democracia no es para maricones\u201d ante el Interventor del INADI, Dr. Pedro Mouratian y ante la Defensor\u00eda del P\u00fablico de Servicios de Comunicaci\u00f3n Audiovisual, Lic. Cynthia Ottaviano.<\/em><\/p>\n<p>C\u00e9sar Cigliutti, Presidente de la Comunidad Homosexual Argentina (CHA) dijo \u201cHoy presentamos la denuncia de la nota de Alejandro Borensztein ante el INADI, dirigida a su Interventor Dr. Pedro Mouratian y ante la Defensor\u00eda del P\u00fablico de Servicios de Comunicaci\u00f3n Audiovisual, Lic. Cynthia Ottaviano.<\/p>\n<p>Luego de nuestro comunicado de prensa recibimos m\u00e1s de 300 denuncias de todo el pa\u00eds. Desde el t\u00edtulo de Alejandro Borensztein hasta el final de la nota es un una suma de homofobia y discriminaci\u00f3n. El significado de la palabra maric\u00f3n para el periodista est\u00e1 siempre relacionado con la cobard\u00eda, con el agravante de las expresiones como los \u201cfif\u00eds del orgullo\u201d, \u201cafrancesados\u201d que \u201candan llorando por los rincones\u201d, \u201cdemocracia moderna y amanerada\u201d, \u201cpat\u00e9ticos rol de dem\u00f3cratas maricones\u201d y el directo \u201cculorrotos\u201d.<\/p>\n<p>Hay que explicar que la palabra maric\u00f3n hace referencia a los modales que muchos tenemos que no se corresponden con el arquetipo de una virilidad que, generalmente, tiene malos resultados. En esta democracia nos enfrentamos a la represi\u00f3n policial con nuestros cuerpos, luchamos por la derogaci\u00f3n de los c\u00f3digos de faltas que nos criminalizaban, militamos para obtener la personer\u00eda jur\u00eddica de la CHA, y para tener las leyes como la Uni\u00f3n Civil, Matrimonio Igualitario, Identidad de G\u00e9nero, de Fertilizaci\u00f3n Asistida y de Cupo Trans, entre otras cosas.<\/p>\n<p>El humor es en este caso un recurso que desprecia y rebaja una manera de ser y de expresarnos. Desde la reivindicaci\u00f3n de todas las identidades de nuestra comunidad LGBTI y tambi\u00e9n de la identidad marica y militante denunciamos estas exhibiciones de machismo y homofobia que contribuyen a la violencia no s\u00f3lo hacia nuestra comunidad LGBTI, sino que incluye tambi\u00e9n a las mujeres, a toda la sociedad y hasta a \u00e9l mismo.<\/p>\n<p>Y el peor de los errores de la nota: la democracia es tambi\u00e9n para maricones, lesbianas, bisexuales, transexuales e intersexuales, le guste a Borensztein o no.\u201d<\/p>\n<p>Pedro Paradiso Sottile, Secretario de la CHA dijo: \u201cNecesitamos urgente que el Congreso Nacional apruebe la modificaci\u00f3n de la Ley Antidiscriminatoria que incluya la orientaci\u00f3n sexual e identidad de g\u00e9nero y sus expresiones, para adecuar la legislaci\u00f3n a una Argentina respetuosa de la igualdad, la diversidad y los derechos humanos, sin discriminaci\u00f3n alguna. Sin dudas ser\u00e1 una herramienta fundamental para enfrentar con educaci\u00f3n, inteligencia e inclusi\u00f3n estas expresiones homof\u00f3bicas y sexistas, que generan m\u00e1s violencia hacia nuestra comunidad LGBTI, que promueven el insulto, la humillaci\u00f3n y la denigraci\u00f3n desde un supuesto humor que hist\u00f3ricamente nos averg\u00fcenza y estigmatiza\u201d.<\/p>\n<div>\n<hr \/>\n<div><em>Buenos Aires, 30 de septiembre de 2015<\/em><\/div>\n<p>Defensor\u00eda del P\u00fablico de Servicios de Comunicaci\u00f3n Audiovisual<br \/>\nLic. Cynthia Ottaviano<br \/>\nPRESENTE<\/p>\n<p><strong>Ref. Nota de Clar\u00edn. \u201cEsta democracia no es para maricones\u201d<\/strong><\/p>\n<p>De nuestra consideraci\u00f3n<\/p>\n<div>Por la presente, como representantes de la Comunidad Homosexual Argentina (CHA) solicitamos la intervenci\u00f3n del Organismo que usted preside frente a la nota del domingo 27\/09\/2015 del diario Clar\u00edn del periodista Alejandro Borensztein en su columna de humor pol\u00edtico titulada \u201cEsta democracia no es para maricones\u201dDesde el t\u00edtulo de Alejandro Borensztein hasta el final de la nota es una suma de homofobia y discriminaci\u00f3n. El significado de la palabra maric\u00f3n para el periodista est\u00e1 siempre relacionado con la cobard\u00eda, con el agravante de las expresiones como los \u201cfif\u00eds del orgullo\u201d, \u201cafrancesados\u201d que \u201candan llorando por los rincones\u201d, \u201cdemocracia moderna y amanerada\u201d, \u201cpat\u00e9ticos rol de dem\u00f3cratas maricones\u201d y el directo \u201cculorrotos\u201d.<\/p>\n<p>La palabra maric\u00f3n hace referencia a los modales que muchos tenemos que no se corresponden con el arquetipo de una virilidad que, generalmente, tiene malos resultados. El humor es en este caso un recurso que desprecia y rebaja una manera de ser y de expresarnos. Desde la reivindicaci\u00f3n de la identidad marica denunciamos estas exhibiciones de machismo y homofobia que contribuyen a la violencia no s\u00f3lo hacia nuestra comunidad LGBTI, sino que incluye tambi\u00e9n a las mujeres, a toda la sociedad y hasta a \u00e9l mismo.<\/p>\n<p>Y el peor de los errores: la democracia es tambi\u00e9n para maricones, sean homosexuales o no, para lesbianas, bisexuales, transexuales e intersexuales, y para todos\/as los\/as ciudadanos\/as.<\/p>\n<p>Esta acci\u00f3n viola ley de Servicios de Comunicaci\u00f3n Audiovisual Ley N\u00b0 26.522 que en su art\u00edculo 3 dice que <em>\u201c<\/em><em>Se establecen para los servicios de comunicaci\u00f3n audiovisual y los contenidos de sus emisiones, los siguientes objetivos: m) Promover la protecci\u00f3n y salvaguarda de la igualdad entre hombres y mujeres, y el tratamiento plural, igualitario y no estereotipado, evitando toda discriminaci\u00f3n por g\u00e9nero u orientaci\u00f3n sexual.\u201d<\/em> Y en su art\u00edculo 70 expresa que <em>\u201cLa programaci\u00f3n de los servicios previstos en esta ley deber\u00e1 evitar contenidos que promuevan o inciten tratos discriminatorios basados en la raza, el color, el sexo, la orientaci\u00f3n sexual, el idioma, la religi\u00f3n, las opiniones pol\u00edticas o de cualquier otra \u00edndole, el origen nacional o social, la posici\u00f3n econ\u00f3mica, el nacimiento, el aspecto f\u00edsico, la presencia de discapacidades o que menoscaben la dignidad humana o induzcan a comportamientos perjudiciales para el ambiente o para la salud de las personas y la integridad de los ni\u00f1os, ni\u00f1as o adolescentes.\u201d<\/em><\/p>\n<p>Desde ya agradecemos su intervenci\u00f3n.<\/p>\n<\/div>\n<p>Cordialmente,<\/p>\n<p>C\u00e9sar Cigliutti, Presidente<br \/>\nPedro Paradiso Sottile,\u00a0 Secretario y Coordinador \u00c1rea Jur\u00eddica<\/p>\n<p><strong>PD: Se adjunta copia de la nota de referencia<\/strong><\/p>\n<div><em>Buenos Aires, 30 de septiembre de 2015<\/em><\/div>\n<div>\n<p>Se\u00f1or\u00a0 Presidente del<br \/>\nInstituto Nacional contra la Discriminaci\u00f3n la Xenofobia y el Racismo<br \/>\nDr. Pedro Mouratian<br \/>\nPRESENTE<\/p>\n<p><strong>Ref. Nota de Clar\u00edn. \u201cEsta democracia no es para maricones\u201d<\/strong><\/p>\n<p>De nuestra consideraci\u00f3n<\/p>\n<p>Por la presente, como representantes de la Comunidad Homosexual Argentina (CHA) solicitamos la intervenci\u00f3n del Organismo que usted preside frente a la nota del domingo 27\/09\/2015 del diario Clar\u00edn del periodista Alejandro Borensztein en su columna de humor pol\u00edtico titulada \u201cEsta democracia no es para maricones\u201d<\/p>\n<p>Desde el t\u00edtulo de Alejandro Borensztein hasta el final de la nota es una suma de homofobia y discriminaci\u00f3n. El significado de la palabra maric\u00f3n para el periodista est\u00e1 siempre relacionado con la cobard\u00eda, con el agravante de las expresiones como los \u201cfif\u00eds del orgullo\u201d, \u201cafrancesados\u201d que \u201candan llorando por los rincones\u201d, \u201cdemocracia moderna y amanerada\u201d, \u201cpat\u00e9ticos rol de dem\u00f3cratas maricones\u201d y el directo \u201cculorrotos\u201d.<\/p>\n<p>La palabra maric\u00f3n hace referencia a los modales que muchos tenemos que no se corresponden con el arquetipo de una virilidad que, generalmente, tiene malos resultados.<\/p>\n<p>El humor es en este caso un recurso que desprecia y rebaja una manera de ser y de expresarnos. Desde la reivindicaci\u00f3n de la identidad marica denunciamos estas exhibiciones de machismo y homofobia que contribuyen a la violencia no s\u00f3lo hacia nuestra comunidad LGBTI, sino que incluye tambi\u00e9n a las mujeres, a toda la sociedad y hasta a \u00e9l mismo.<\/p>\n<p>Y el peor de los errores: la democracia es tambi\u00e9n para maricones, sean homosexuales o no, para lesbianas, bisexuales, transexuales e intersexuales, y para todos\/as los\/as ciudadanos\/as.<\/p>\n<p>Trabajamos para seguir construyendo una democracia con igualdad, inclusi\u00f3n y sin discriminaci\u00f3n por orientaci\u00f3n sexual, identidad de g\u00e9nero y sus expresiones. Los medios de comunicaci\u00f3n, los\/as periodistas y conductores tambi\u00e9n tienen esta responsabilidad. Debemos poner fin al estigma y la violencia contras las personas de nuestra comunidad, que desde la invisibilidad de nuestras identidades, el tratamiento despectivo, han visto vulnerados sus derechos humanos, expresamente garantizados para nuestra comunidad GLTTBI en la Ley de Servicios de Comunicaci\u00f3n Audiovisual.<\/p>\n<\/div>\n<p>Desde ya agradecemos su intervenci\u00f3n.<\/p>\n<p>Cordialmente,<\/p>\n<p>C\u00e9sar Cigliutti, Presidente<br \/>\nPedro Paradiso Sottile,\u00a0 Secretario y Coordinador \u00c1rea Jur\u00eddica<\/p>\n<p><strong>PD: Se adjunta copia de la nota de referencia<\/strong><\/p>\n<\/div>\n","protected":false},"excerpt":{"rendered":"<p>Hoy, 1 de octubre la Comunidad Homosexual Argentina (CHA) present\u00f3 la denuncia por la nota del domingo 27 del diario Clar\u00edn del periodista Alejandro Borensztein de su columna de humor pol\u00edtico titulada \u201cEsta democracia no es para maricones\u201d ante el&hellip;<\/p>\n","protected":false},"author":87,"featured_media":230581,"comment_status":"closed","ping_status":"open","sticky":false,"template":"","format":"standard","meta":{"footnotes":""},"categories":[149,75,79,1241,67],"tags":[26,20589,9544,19472,1092,1787,2883,1612],"class_list":["post-230580","post","type-post","status-publish","format-standard","has-post-thumbnail","hentry","category-comunicados-de-prensa","category-cultura-es","category-derechos-humanos","category-diversidad","category-sudamerica","tag-argentina","tag-cha","tag-clarin-es","tag-defensoria-del-publico","tag-discriminacion","tag-grupo-clarin","tag-homofobia","tag-violencia-sexual"],"yoast_head":"<!-- This site is optimized with the Yoast SEO plugin v27.1.1 - https:\/\/yoast.com\/product\/yoast-seo-wordpress\/ -->\n<title>La CHA present\u00f3 la denuncia de la nota de Clar\u00edn: \u201cDemocracia sin maricones\u201d<\/title>\n<meta name=\"description\" content=\"Hoy, 1 de octubre la Comunidad Homosexual Argentina (CHA) present\u00f3 la denuncia por la nota del domingo 27 del diario Clar\u00edn del periodista Alejandro\" \/>\n<meta name=\"robots\" content=\"index, follow, max-snippet:-1, max-image-preview:large, max-video-preview:-1\" \/>\n<link rel=\"canonical\" href=\"https:\/\/www.pressenza.com\/es\/2015\/10\/la-cha-presento-la-denuncia-de-la-nota-de-clarin-democracia-sin-maricones\/\" \/>\n<meta property=\"og:locale\" content=\"es_ES\" \/>\n<meta property=\"og:type\" content=\"article\" \/>\n<meta property=\"og:title\" content=\"La CHA present\u00f3 la denuncia de la nota de Clar\u00edn: \u201cDemocracia sin maricones\u201d\" \/>\n<meta property=\"og:description\" content=\"Hoy, 1 de octubre la Comunidad Homosexual Argentina (CHA) present\u00f3 la denuncia por la nota del domingo 27 del diario Clar\u00edn del periodista Alejandro\" \/>\n<meta property=\"og:url\" content=\"https:\/\/www.pressenza.com\/es\/2015\/10\/la-cha-presento-la-denuncia-de-la-nota-de-clarin-democracia-sin-maricones\/\" \/>\n<meta property=\"og:site_name\" content=\"Pressenza\" \/>\n<meta property=\"article:publisher\" content=\"https:\/\/www.facebook.com\/PressenzaItalia\" \/>\n<meta property=\"article:published_time\" content=\"2015-10-05T22:57:01+00:00\" \/>\n<meta property=\"article:modified_time\" content=\"2015-10-05T22:57:15+00:00\" \/>\n<meta property=\"og:image\" content=\"https:\/\/www.pressenza.com\/wp-content\/uploads\/2015\/10\/maricones.png\" \/>\n\t<meta property=\"og:image:width\" content=\"663\" \/>\n\t<meta property=\"og:image:height\" content=\"503\" \/>\n\t<meta property=\"og:image:type\" content=\"image\/png\" \/>\n<meta name=\"author\" content=\"Redacci\u00f3n Argentina\" \/>\n<meta name=\"twitter:card\" content=\"summary_large_image\" \/>\n<meta name=\"twitter:creator\" content=\"@pressenza\" \/>\n<meta name=\"twitter:site\" content=\"@PressenzaIPA\" \/>\n<meta name=\"twitter:label1\" content=\"Escrito por\" \/>\n\t<meta name=\"twitter:data1\" content=\"Redacci\u00f3n Argentina\" \/>\n\t<meta name=\"twitter:label2\" content=\"Tiempo de lectura\" \/>\n\t<meta name=\"twitter:data2\" content=\"7 minutos\" \/>\n<script type=\"application\/ld+json\" class=\"yoast-schema-graph\">{\"@context\":\"https:\/\/schema.org\",\"@graph\":[{\"@type\":\"Article\",\"@id\":\"https:\/\/www.pressenza.com\/es\/2015\/10\/la-cha-presento-la-denuncia-de-la-nota-de-clarin-democracia-sin-maricones\/#article\",\"isPartOf\":{\"@id\":\"https:\/\/www.pressenza.com\/es\/2015\/10\/la-cha-presento-la-denuncia-de-la-nota-de-clarin-democracia-sin-maricones\/\"},\"author\":{\"name\":\"Redacci\u00f3n Argentina\",\"@id\":\"https:\/\/www.pressenza.com\/es\/#\/schema\/person\/0dda7d1b68267ad95b1e1d83abc98c89\"},\"headline\":\"La CHA present\u00f3 la denuncia de la nota de Clar\u00edn: \u201cDemocracia sin maricones\u201d\",\"datePublished\":\"2015-10-05T22:57:01+00:00\",\"dateModified\":\"2015-10-05T22:57:15+00:00\",\"mainEntityOfPage\":{\"@id\":\"https:\/\/www.pressenza.com\/es\/2015\/10\/la-cha-presento-la-denuncia-de-la-nota-de-clarin-democracia-sin-maricones\/\"},\"wordCount\":1398,\"publisher\":{\"@id\":\"https:\/\/www.pressenza.com\/es\/#organization\"},\"image\":{\"@id\":\"https:\/\/www.pressenza.com\/es\/2015\/10\/la-cha-presento-la-denuncia-de-la-nota-de-clarin-democracia-sin-maricones\/#primaryimage\"},\"thumbnailUrl\":\"https:\/\/www.pressenza.com\/wp-content\/uploads\/2015\/10\/maricones.png\",\"keywords\":[\"Argentina\",\"CHA\",\"Clar\u00edn\",\"Defensor\u00eda del P\u00fablico\",\"discriminaci\u00f3n\",\"Grupo Clarin\",\"homofobia\",\"Violencia sexual\"],\"articleSection\":[\"Comunicados de Prensa\",\"Cultura y Medios\",\"Derechos Humanos\",\"Diversidad\",\"Sudam\u00e9rica\"],\"inLanguage\":\"es\"},{\"@type\":\"WebPage\",\"@id\":\"https:\/\/www.pressenza.com\/es\/2015\/10\/la-cha-presento-la-denuncia-de-la-nota-de-clarin-democracia-sin-maricones\/\",\"url\":\"https:\/\/www.pressenza.com\/es\/2015\/10\/la-cha-presento-la-denuncia-de-la-nota-de-clarin-democracia-sin-maricones\/\",\"name\":\"La CHA present\u00f3 la denuncia de la nota de Clar\u00edn: \u201cDemocracia sin maricones\u201d\",\"isPartOf\":{\"@id\":\"https:\/\/www.pressenza.com\/es\/#website\"},\"primaryImageOfPage\":{\"@id\":\"https:\/\/www.pressenza.com\/es\/2015\/10\/la-cha-presento-la-denuncia-de-la-nota-de-clarin-democracia-sin-maricones\/#primaryimage\"},\"image\":{\"@id\":\"https:\/\/www.pressenza.com\/es\/2015\/10\/la-cha-presento-la-denuncia-de-la-nota-de-clarin-democracia-sin-maricones\/#primaryimage\"},\"thumbnailUrl\":\"https:\/\/www.pressenza.com\/wp-content\/uploads\/2015\/10\/maricones.png\",\"datePublished\":\"2015-10-05T22:57:01+00:00\",\"dateModified\":\"2015-10-05T22:57:15+00:00\",\"description\":\"Hoy, 1 de octubre la Comunidad Homosexual Argentina (CHA) present\u00f3 la denuncia por la nota del domingo 27 del diario Clar\u00edn del periodista Alejandro\",\"breadcrumb\":{\"@id\":\"https:\/\/www.pressenza.com\/es\/2015\/10\/la-cha-presento-la-denuncia-de-la-nota-de-clarin-democracia-sin-maricones\/#breadcrumb\"},\"inLanguage\":\"es\",\"potentialAction\":[{\"@type\":\"ReadAction\",\"target\":[\"https:\/\/www.pressenza.com\/es\/2015\/10\/la-cha-presento-la-denuncia-de-la-nota-de-clarin-democracia-sin-maricones\/\"]}]},{\"@type\":\"ImageObject\",\"inLanguage\":\"es\",\"@id\":\"https:\/\/www.pressenza.com\/es\/2015\/10\/la-cha-presento-la-denuncia-de-la-nota-de-clarin-democracia-sin-maricones\/#primaryimage\",\"url\":\"https:\/\/www.pressenza.com\/wp-content\/uploads\/2015\/10\/maricones.png\",\"contentUrl\":\"https:\/\/www.pressenza.com\/wp-content\/uploads\/2015\/10\/maricones.png\",\"width\":663,\"height\":503},{\"@type\":\"BreadcrumbList\",\"@id\":\"https:\/\/www.pressenza.com\/es\/2015\/10\/la-cha-presento-la-denuncia-de-la-nota-de-clarin-democracia-sin-maricones\/#breadcrumb\",\"itemListElement\":[{\"@type\":\"ListItem\",\"position\":1,\"name\":\"Accueil\",\"item\":\"https:\/\/www.pressenza.com\/es\/\"},{\"@type\":\"ListItem\",\"position\":2,\"name\":\"La CHA present\u00f3 la denuncia de la nota de Clar\u00edn: \u201cDemocracia sin maricones\u201d\"}]},{\"@type\":\"WebSite\",\"@id\":\"https:\/\/www.pressenza.com\/es\/#website\",\"url\":\"https:\/\/www.pressenza.com\/es\/\",\"name\":\"Pressenza\",\"description\":\"International Press Agency\",\"publisher\":{\"@id\":\"https:\/\/www.pressenza.com\/es\/#organization\"},\"potentialAction\":[{\"@type\":\"SearchAction\",\"target\":{\"@type\":\"EntryPoint\",\"urlTemplate\":\"https:\/\/www.pressenza.com\/es\/?s={search_term_string}\"},\"query-input\":{\"@type\":\"PropertyValueSpecification\",\"valueRequired\":true,\"valueName\":\"search_term_string\"}}],\"inLanguage\":\"es\"},{\"@type\":\"Organization\",\"@id\":\"https:\/\/www.pressenza.com\/es\/#organization\",\"name\":\"Pressenza\",\"url\":\"https:\/\/www.pressenza.com\/es\/\",\"logo\":{\"@type\":\"ImageObject\",\"inLanguage\":\"es\",\"@id\":\"https:\/\/www.pressenza.com\/es\/#\/schema\/logo\/image\/\",\"url\":\"https:\/\/www.pressenza.com\/wp-content\/uploads\/2022\/10\/pressenza_logo_200x200.jpg\",\"contentUrl\":\"https:\/\/www.pressenza.com\/wp-content\/uploads\/2022\/10\/pressenza_logo_200x200.jpg\",\"width\":200,\"height\":200,\"caption\":\"Pressenza\"},\"image\":{\"@id\":\"https:\/\/www.pressenza.com\/es\/#\/schema\/logo\/image\/\"},\"sameAs\":[\"https:\/\/www.facebook.com\/PressenzaItalia\",\"https:\/\/x.com\/PressenzaIPA\"]},{\"@type\":\"Person\",\"@id\":\"https:\/\/www.pressenza.com\/es\/#\/schema\/person\/0dda7d1b68267ad95b1e1d83abc98c89\",\"name\":\"Redacci\u00f3n Argentina\",\"description\":\"News from the Pressenza Bureau in Argentina.\",\"sameAs\":[\"https:\/\/x.com\/pressenza\"],\"url\":\"https:\/\/www.pressenza.com\/es\/author\/redaccion-argentina\/\"}]}<\/script>\n<!-- \/ Yoast SEO plugin. -->","yoast_head_json":{"title":"La CHA present\u00f3 la denuncia de la nota de Clar\u00edn: \u201cDemocracia sin maricones\u201d","description":"Hoy, 1 de octubre la Comunidad Homosexual Argentina (CHA) present\u00f3 la denuncia por la nota del domingo 27 del diario Clar\u00edn del periodista Alejandro","robots":{"index":"index","follow":"follow","max-snippet":"max-snippet:-1","max-image-preview":"max-image-preview:large","max-video-preview":"max-video-preview:-1"},"canonical":"https:\/\/www.pressenza.com\/es\/2015\/10\/la-cha-presento-la-denuncia-de-la-nota-de-clarin-democracia-sin-maricones\/","og_locale":"es_ES","og_type":"article","og_title":"La CHA present\u00f3 la denuncia de la nota de Clar\u00edn: \u201cDemocracia sin maricones\u201d","og_description":"Hoy, 1 de octubre la Comunidad Homosexual Argentina (CHA) present\u00f3 la denuncia por la nota del domingo 27 del diario Clar\u00edn del periodista Alejandro","og_url":"https:\/\/www.pressenza.com\/es\/2015\/10\/la-cha-presento-la-denuncia-de-la-nota-de-clarin-democracia-sin-maricones\/","og_site_name":"Pressenza","article_publisher":"https:\/\/www.facebook.com\/PressenzaItalia","article_published_time":"2015-10-05T22:57:01+00:00","article_modified_time":"2015-10-05T22:57:15+00:00","og_image":[{"width":663,"height":503,"url":"https:\/\/www.pressenza.com\/wp-content\/uploads\/2015\/10\/maricones.png","type":"image\/png"}],"author":"Redacci\u00f3n Argentina","twitter_card":"summary_large_image","twitter_creator":"@pressenza","twitter_site":"@PressenzaIPA","twitter_misc":{"Escrito por":"Redacci\u00f3n Argentina","Tiempo de lectura":"7 minutos"},"schema":{"@context":"https:\/\/schema.org","@graph":[{"@type":"Article","@id":"https:\/\/www.pressenza.com\/es\/2015\/10\/la-cha-presento-la-denuncia-de-la-nota-de-clarin-democracia-sin-maricones\/#article","isPartOf":{"@id":"https:\/\/www.pressenza.com\/es\/2015\/10\/la-cha-presento-la-denuncia-de-la-nota-de-clarin-democracia-sin-maricones\/"},"author":{"name":"Redacci\u00f3n Argentina","@id":"https:\/\/www.pressenza.com\/es\/#\/schema\/person\/0dda7d1b68267ad95b1e1d83abc98c89"},"headline":"La CHA present\u00f3 la denuncia de la nota de Clar\u00edn: \u201cDemocracia sin maricones\u201d","datePublished":"2015-10-05T22:57:01+00:00","dateModified":"2015-10-05T22:57:15+00:00","mainEntityOfPage":{"@id":"https:\/\/www.pressenza.com\/es\/2015\/10\/la-cha-presento-la-denuncia-de-la-nota-de-clarin-democracia-sin-maricones\/"},"wordCount":1398,"publisher":{"@id":"https:\/\/www.pressenza.com\/es\/#organization"},"image":{"@id":"https:\/\/www.pressenza.com\/es\/2015\/10\/la-cha-presento-la-denuncia-de-la-nota-de-clarin-democracia-sin-maricones\/#primaryimage"},"thumbnailUrl":"https:\/\/www.pressenza.com\/wp-content\/uploads\/2015\/10\/maricones.png","keywords":["Argentina","CHA","Clar\u00edn","Defensor\u00eda del P\u00fablico","discriminaci\u00f3n","Grupo Clarin","homofobia","Violencia sexual"],"articleSection":["Comunicados de Prensa","Cultura y Medios","Derechos Humanos","Diversidad","Sudam\u00e9rica"],"inLanguage":"es"},{"@type":"WebPage","@id":"https:\/\/www.pressenza.com\/es\/2015\/10\/la-cha-presento-la-denuncia-de-la-nota-de-clarin-democracia-sin-maricones\/","url":"https:\/\/www.pressenza.com\/es\/2015\/10\/la-cha-presento-la-denuncia-de-la-nota-de-clarin-democracia-sin-maricones\/","name":"La CHA present\u00f3 la denuncia de la nota de Clar\u00edn: \u201cDemocracia sin maricones\u201d","isPartOf":{"@id":"https:\/\/www.pressenza.com\/es\/#website"},"primaryImageOfPage":{"@id":"https:\/\/www.pressenza.com\/es\/2015\/10\/la-cha-presento-la-denuncia-de-la-nota-de-clarin-democracia-sin-maricones\/#primaryimage"},"image":{"@id":"https:\/\/www.pressenza.com\/es\/2015\/10\/la-cha-presento-la-denuncia-de-la-nota-de-clarin-democracia-sin-maricones\/#primaryimage"},"thumbnailUrl":"https:\/\/www.pressenza.com\/wp-content\/uploads\/2015\/10\/maricones.png","datePublished":"2015-10-05T22:57:01+00:00","dateModified":"2015-10-05T22:57:15+00:00","description":"Hoy, 1 de octubre la Comunidad Homosexual Argentina (CHA) present\u00f3 la denuncia por la nota del domingo 27 del diario Clar\u00edn del periodista Alejandro","breadcrumb":{"@id":"https:\/\/www.pressenza.com\/es\/2015\/10\/la-cha-presento-la-denuncia-de-la-nota-de-clarin-democracia-sin-maricones\/#breadcrumb"},"inLanguage":"es","potentialAction":[{"@type":"ReadAction","target":["https:\/\/www.pressenza.com\/es\/2015\/10\/la-cha-presento-la-denuncia-de-la-nota-de-clarin-democracia-sin-maricones\/"]}]},{"@type":"ImageObject","inLanguage":"es","@id":"https:\/\/www.pressenza.com\/es\/2015\/10\/la-cha-presento-la-denuncia-de-la-nota-de-clarin-democracia-sin-maricones\/#primaryimage","url":"https:\/\/www.pressenza.com\/wp-content\/uploads\/2015\/10\/maricones.png","contentUrl":"https:\/\/www.pressenza.com\/wp-content\/uploads\/2015\/10\/maricones.png","width":663,"height":503},{"@type":"BreadcrumbList","@id":"https:\/\/www.pressenza.com\/es\/2015\/10\/la-cha-presento-la-denuncia-de-la-nota-de-clarin-democracia-sin-maricones\/#breadcrumb","itemListElement":[{"@type":"ListItem","position":1,"name":"Accueil","item":"https:\/\/www.pressenza.com\/es\/"},{"@type":"ListItem","position":2,"name":"La CHA present\u00f3 la denuncia de la nota de Clar\u00edn: \u201cDemocracia sin maricones\u201d"}]},{"@type":"WebSite","@id":"https:\/\/www.pressenza.com\/es\/#website","url":"https:\/\/www.pressenza.com\/es\/","name":"Pressenza","description":"International Press Agency","publisher":{"@id":"https:\/\/www.pressenza.com\/es\/#organization"},"potentialAction":[{"@type":"SearchAction","target":{"@type":"EntryPoint","urlTemplate":"https:\/\/www.pressenza.com\/es\/?s={search_term_string}"},"query-input":{"@type":"PropertyValueSpecification","valueRequired":true,"valueName":"search_term_string"}}],"inLanguage":"es"},{"@type":"Organization","@id":"https:\/\/www.pressenza.com\/es\/#organization","name":"Pressenza","url":"https:\/\/www.pressenza.com\/es\/","logo":{"@type":"ImageObject","inLanguage":"es","@id":"https:\/\/www.pressenza.com\/es\/#\/schema\/logo\/image\/","url":"https:\/\/www.pressenza.com\/wp-content\/uploads\/2022\/10\/pressenza_logo_200x200.jpg","contentUrl":"https:\/\/www.pressenza.com\/wp-content\/uploads\/2022\/10\/pressenza_logo_200x200.jpg","width":200,"height":200,"caption":"Pressenza"},"image":{"@id":"https:\/\/www.pressenza.com\/es\/#\/schema\/logo\/image\/"},"sameAs":["https:\/\/www.facebook.com\/PressenzaItalia","https:\/\/x.com\/PressenzaIPA"]},{"@type":"Person","@id":"https:\/\/www.pressenza.com\/es\/#\/schema\/person\/0dda7d1b68267ad95b1e1d83abc98c89","name":"Redacci\u00f3n Argentina","description":"News from the Pressenza Bureau in Argentina.","sameAs":["https:\/\/x.com\/pressenza"],"url":"https:\/\/www.pressenza.com\/es\/author\/redaccion-argentina\/"}]}},"place":"Ciudad de Buenos Aires","original_article_url":"http:\/\/www.cha.org.ar\/la-cha-presento-la-denuncia-de-la-nota-de-clarin-democracia-sin-maricones\/","_links":{"self":[{"href":"https:\/\/www.pressenza.com\/es\/wp-json\/wp\/v2\/posts\/230580","targetHints":{"allow":["GET"]}}],"collection":[{"href":"https:\/\/www.pressenza.com\/es\/wp-json\/wp\/v2\/posts"}],"about":[{"href":"https:\/\/www.pressenza.com\/es\/wp-json\/wp\/v2\/types\/post"}],"author":[{"embeddable":true,"href":"https:\/\/www.pressenza.com\/es\/wp-json\/wp\/v2\/users\/87"}],"replies":[{"embeddable":true,"href":"https:\/\/www.pressenza.com\/es\/wp-json\/wp\/v2\/comments?post=230580"}],"version-history":[{"count":0,"href":"https:\/\/www.pressenza.com\/es\/wp-json\/wp\/v2\/posts\/230580\/revisions"}],"wp:featuredmedia":[{"embeddable":true,"href":"https:\/\/www.pressenza.com\/es\/wp-json\/wp\/v2\/media\/230581"}],"wp:attachment":[{"href":"https:\/\/www.pressenza.com\/es\/wp-json\/wp\/v2\/media?parent=230580"}],"wp:term":[{"taxonomy":"category","embeddable":true,"href":"https:\/\/www.pressenza.com\/es\/wp-json\/wp\/v2\/categories?post=230580"},{"taxonomy":"post_tag","embeddable":true,"href":"https:\/\/www.pressenza.com\/es\/wp-json\/wp\/v2\/tags?post=230580"}],"curies":[{"name":"wp","href":"https:\/\/api.w.org\/{rel}","templated":true}]}}