{"id":230146,"date":"2015-10-04T22:38:28","date_gmt":"2015-10-04T21:38:28","guid":{"rendered":"http:\/\/www.pressenza.com\/es\/?p=230146"},"modified":"2015-10-04T22:43:52","modified_gmt":"2015-10-04T21:43:52","slug":"euromarchas-rechazan-maniobras-de-la-otan","status":"publish","type":"post","link":"https:\/\/www.pressenza.com\/es\/2015\/10\/euromarchas-rechazan-maniobras-de-la-otan\/","title":{"rendered":"EuroMarchas rechazan maniobras de la OTAN"},"content":{"rendered":"<p dir=\"ltr\">La recepci\u00f3n ayer a las EuroMarchas en la Plaza de la Cibeles (Madrid), con la espectacular actuaci\u00f3n de la Solf\u00f3nica (con una orquesta de 50 j\u00f3venes m\u00fasicos y 130 actores populares), tuvo un grito dominante: \u201cOtra Europa es posible\u201d; y una emblem\u00e1tica pancarta en la fachada del Ayuntamiento con el lema \u201cWelcome Refugees\u201d.<\/p>\n<p dir=\"ltr\">En el cuarto d\u00eda, se ha celebrado una asamblea ciudadana en la Plaza del Museo Reina Sof\u00eda, con 6 ponencias sobre los 6 puntos que vertebran las EuroMarchas. Junto a esos temas, se ha planteado el rechazo a las maniobras de la OTAN que est\u00e1n en curso.<\/p>\n<p dir=\"ltr\">Desde el centro de Madrid, las EuroMarchas parten hacia Zaragoza. En Zaragoza los movimientos sociales recibir\u00e1n a la Marcha en la estaci\u00f3n de Delicias, desde donde se caminar\u00e1 hasta la plaza del Pilar. All\u00ed el Alcalde, D. Pedro Santisteve, les dar\u00e1 la bienvenida,v antes de celebrarse una Asamblea Ciudadana en la Plaza del Pilar.<\/p>\n<p><a href=\"http:\/\/www.pressenza.com\/wp-content\/uploads\/2015\/10\/IMG_31841.jpg\"><img loading=\"lazy\" decoding=\"async\" src=\"http:\/\/www.pressenza.com\/wp-content\/uploads\/2015\/10\/IMG_31841-720x480.jpg\" alt=\"IMG_3184\" width=\"720\" height=\"480\" class=\"alignleft size-large wp-image-230207\" srcset=\"https:\/\/www.pressenza.com\/wp-content\/uploads\/2015\/10\/IMG_31841-720x480.jpg 720w, https:\/\/www.pressenza.com\/wp-content\/uploads\/2015\/10\/IMG_31841-300x200.jpg 300w\" sizes=\"auto, (max-width: 720px) 100vw, 720px\" \/><\/a><br \/>\n<a href=\"http:\/\/www.pressenza.com\/wp-content\/uploads\/2015\/10\/IMG_3196.jpg\"><img loading=\"lazy\" decoding=\"async\" src=\"http:\/\/www.pressenza.com\/wp-content\/uploads\/2015\/10\/IMG_3196-720x480.jpg\" alt=\"IMG_3196\" width=\"720\" height=\"480\" class=\"alignleft size-large wp-image-230215\" srcset=\"https:\/\/www.pressenza.com\/wp-content\/uploads\/2015\/10\/IMG_3196-720x480.jpg 720w, https:\/\/www.pressenza.com\/wp-content\/uploads\/2015\/10\/IMG_3196-300x200.jpg 300w\" sizes=\"auto, (max-width: 720px) 100vw, 720px\" \/><\/a><br \/>\n<a href=\"http:\/\/www.pressenza.com\/wp-content\/uploads\/2015\/10\/IMG_3197.jpg\"><img loading=\"lazy\" decoding=\"async\" src=\"http:\/\/www.pressenza.com\/wp-content\/uploads\/2015\/10\/IMG_3197-683x1024.jpg\" alt=\"IMG_3197\" width=\"683\" height=\"1024\" class=\"alignleft size-large wp-image-230222\" srcset=\"https:\/\/www.pressenza.com\/wp-content\/uploads\/2015\/10\/IMG_3197-683x1024.jpg 683w, https:\/\/www.pressenza.com\/wp-content\/uploads\/2015\/10\/IMG_3197-200x300.jpg 200w\" sizes=\"auto, (max-width: 683px) 100vw, 683px\" \/><\/a><br \/>\n<a href=\"http:\/\/www.pressenza.com\/wp-content\/uploads\/2015\/10\/IMG_3201.jpg\"><img loading=\"lazy\" decoding=\"async\" src=\"http:\/\/www.pressenza.com\/wp-content\/uploads\/2015\/10\/IMG_3201-683x1024.jpg\" alt=\"IMG_3201\" width=\"683\" height=\"1024\" class=\"alignleft size-large wp-image-230229\" srcset=\"https:\/\/www.pressenza.com\/wp-content\/uploads\/2015\/10\/IMG_3201-683x1024.jpg 683w, https:\/\/www.pressenza.com\/wp-content\/uploads\/2015\/10\/IMG_3201-200x300.jpg 200w\" sizes=\"auto, (max-width: 683px) 100vw, 683px\" \/><\/a><\/p>\n","protected":false},"excerpt":{"rendered":"<p>La recepci\u00f3n ayer a las EuroMarchas en la Plaza de la Cibeles (Madrid), con la espectacular actuaci\u00f3n de la Solf\u00f3nica (con una orquesta de 50 j\u00f3venes m\u00fasicos y 130 actores populares), tuvo un grito dominante: \u201cOtra Europa es posible\u201d; y&hellip;<\/p>\n","protected":false},"author":94,"featured_media":230148,"comment_status":"closed","ping_status":"open","sticky":false,"template":"","format":"standard","meta":{"footnotes":""},"categories":[76,149,11389,79,1241,81,66,39,74,63],"tags":[20351,20539],"class_list":["post-230146","post","type-post","status-publish","format-standard","has-post-thumbnail","hentry","category-relaciones-exteriores","category-comunicados-de-prensa","category-contenido-original","category-derechos-humanos","category-diversidad","category-economia-es","category-europa-es","category-internacional","category-politica-es","category-region-es","tag-euromarchas2015","tag-maniobras-otan"],"yoast_head":"<!-- This site is optimized with the Yoast SEO plugin v27.1.1 - https:\/\/yoast.com\/product\/yoast-seo-wordpress\/ -->\n<title>EuroMarchas rechazan maniobras de la OTAN<\/title>\n<meta name=\"description\" content=\"La recepci\u00f3n ayer a las EuroMarchas en la Plaza de la Cibeles (Madrid), con la espectacular actuaci\u00f3n de la Solf\u00f3nica (con una orquesta de 50 j\u00f3venes\" \/>\n<meta name=\"robots\" content=\"index, follow, max-snippet:-1, max-image-preview:large, max-video-preview:-1\" \/>\n<link rel=\"canonical\" href=\"https:\/\/www.pressenza.com\/es\/2015\/10\/euromarchas-rechazan-maniobras-de-la-otan\/\" \/>\n<meta property=\"og:locale\" content=\"es_ES\" \/>\n<meta property=\"og:type\" content=\"article\" \/>\n<meta property=\"og:title\" content=\"EuroMarchas rechazan maniobras de la OTAN\" \/>\n<meta property=\"og:description\" content=\"La recepci\u00f3n ayer a las EuroMarchas en la Plaza de la Cibeles (Madrid), con la espectacular actuaci\u00f3n de la Solf\u00f3nica (con una orquesta de 50 j\u00f3venes\" \/>\n<meta property=\"og:url\" content=\"https:\/\/www.pressenza.com\/es\/2015\/10\/euromarchas-rechazan-maniobras-de-la-otan\/\" \/>\n<meta property=\"og:site_name\" content=\"Pressenza\" \/>\n<meta property=\"article:publisher\" content=\"https:\/\/www.facebook.com\/PressenzaItalia\" \/>\n<meta property=\"article:author\" content=\"https:\/\/www.facebook.com\/pressenza\" \/>\n<meta property=\"article:published_time\" content=\"2015-10-04T21:38:28+00:00\" \/>\n<meta property=\"article:modified_time\" content=\"2015-10-04T21:43:52+00:00\" \/>\n<meta property=\"og:image\" content=\"https:\/\/www.pressenza.com\/wp-content\/uploads\/2015\/10\/IMG_3185.jpg\" \/>\n\t<meta property=\"og:image:width\" content=\"5184\" \/>\n\t<meta property=\"og:image:height\" content=\"3456\" \/>\n\t<meta property=\"og:image:type\" content=\"image\/jpeg\" \/>\n<meta name=\"author\" content=\"Redacci\u00f3n Madrid\" \/>\n<meta name=\"twitter:card\" content=\"summary_large_image\" \/>\n<meta name=\"twitter:creator\" content=\"@pressenza\" \/>\n<meta name=\"twitter:site\" content=\"@PressenzaIPA\" \/>\n<meta name=\"twitter:label1\" content=\"Escrito por\" \/>\n\t<meta name=\"twitter:data1\" content=\"Redacci\u00f3n Madrid\" \/>\n\t<meta name=\"twitter:label2\" content=\"Tiempo de lectura\" \/>\n\t<meta name=\"twitter:data2\" content=\"1 minuto\" \/>\n<script type=\"application\/ld+json\" class=\"yoast-schema-graph\">{\"@context\":\"https:\/\/schema.org\",\"@graph\":[{\"@type\":\"Article\",\"@id\":\"https:\/\/www.pressenza.com\/es\/2015\/10\/euromarchas-rechazan-maniobras-de-la-otan\/#article\",\"isPartOf\":{\"@id\":\"https:\/\/www.pressenza.com\/es\/2015\/10\/euromarchas-rechazan-maniobras-de-la-otan\/\"},\"author\":{\"name\":\"Redacci\u00f3n Madrid\",\"@id\":\"https:\/\/www.pressenza.com\/es\/#\/schema\/person\/828fc40eeca2ad7be3630e5a46adba94\"},\"headline\":\"EuroMarchas rechazan maniobras de la OTAN\",\"datePublished\":\"2015-10-04T21:38:28+00:00\",\"dateModified\":\"2015-10-04T21:43:52+00:00\",\"mainEntityOfPage\":{\"@id\":\"https:\/\/www.pressenza.com\/es\/2015\/10\/euromarchas-rechazan-maniobras-de-la-otan\/\"},\"wordCount\":168,\"publisher\":{\"@id\":\"https:\/\/www.pressenza.com\/es\/#organization\"},\"image\":{\"@id\":\"https:\/\/www.pressenza.com\/es\/2015\/10\/euromarchas-rechazan-maniobras-de-la-otan\/#primaryimage\"},\"thumbnailUrl\":\"https:\/\/www.pressenza.com\/wp-content\/uploads\/2015\/10\/IMG_3185.jpg\",\"keywords\":[\"EuroMarchas2015\",\"Maniobras OTAN\"],\"articleSection\":[\"Asuntos internacionales\",\"Comunicados de Prensa\",\"Contenido Original\",\"Derechos Humanos\",\"Diversidad\",\"Econom\u00eda\",\"Europa\",\"Internacional\",\"Pol\u00edtica\",\"Regi\u00f3n\"],\"inLanguage\":\"es\"},{\"@type\":\"WebPage\",\"@id\":\"https:\/\/www.pressenza.com\/es\/2015\/10\/euromarchas-rechazan-maniobras-de-la-otan\/\",\"url\":\"https:\/\/www.pressenza.com\/es\/2015\/10\/euromarchas-rechazan-maniobras-de-la-otan\/\",\"name\":\"EuroMarchas rechazan maniobras de la OTAN\",\"isPartOf\":{\"@id\":\"https:\/\/www.pressenza.com\/es\/#website\"},\"primaryImageOfPage\":{\"@id\":\"https:\/\/www.pressenza.com\/es\/2015\/10\/euromarchas-rechazan-maniobras-de-la-otan\/#primaryimage\"},\"image\":{\"@id\":\"https:\/\/www.pressenza.com\/es\/2015\/10\/euromarchas-rechazan-maniobras-de-la-otan\/#primaryimage\"},\"thumbnailUrl\":\"https:\/\/www.pressenza.com\/wp-content\/uploads\/2015\/10\/IMG_3185.jpg\",\"datePublished\":\"2015-10-04T21:38:28+00:00\",\"dateModified\":\"2015-10-04T21:43:52+00:00\",\"description\":\"La recepci\u00f3n ayer a las EuroMarchas en la Plaza de la Cibeles (Madrid), con la espectacular actuaci\u00f3n de la Solf\u00f3nica (con una orquesta de 50 j\u00f3venes\",\"breadcrumb\":{\"@id\":\"https:\/\/www.pressenza.com\/es\/2015\/10\/euromarchas-rechazan-maniobras-de-la-otan\/#breadcrumb\"},\"inLanguage\":\"es\",\"potentialAction\":[{\"@type\":\"ReadAction\",\"target\":[\"https:\/\/www.pressenza.com\/es\/2015\/10\/euromarchas-rechazan-maniobras-de-la-otan\/\"]}]},{\"@type\":\"ImageObject\",\"inLanguage\":\"es\",\"@id\":\"https:\/\/www.pressenza.com\/es\/2015\/10\/euromarchas-rechazan-maniobras-de-la-otan\/#primaryimage\",\"url\":\"https:\/\/www.pressenza.com\/wp-content\/uploads\/2015\/10\/IMG_3185.jpg\",\"contentUrl\":\"https:\/\/www.pressenza.com\/wp-content\/uploads\/2015\/10\/IMG_3185.jpg\",\"width\":5184,\"height\":3456},{\"@type\":\"BreadcrumbList\",\"@id\":\"https:\/\/www.pressenza.com\/es\/2015\/10\/euromarchas-rechazan-maniobras-de-la-otan\/#breadcrumb\",\"itemListElement\":[{\"@type\":\"ListItem\",\"position\":1,\"name\":\"Accueil\",\"item\":\"https:\/\/www.pressenza.com\/es\/\"},{\"@type\":\"ListItem\",\"position\":2,\"name\":\"EuroMarchas rechazan maniobras de la OTAN\"}]},{\"@type\":\"WebSite\",\"@id\":\"https:\/\/www.pressenza.com\/es\/#website\",\"url\":\"https:\/\/www.pressenza.com\/es\/\",\"name\":\"Pressenza\",\"description\":\"International Press Agency\",\"publisher\":{\"@id\":\"https:\/\/www.pressenza.com\/es\/#organization\"},\"potentialAction\":[{\"@type\":\"SearchAction\",\"target\":{\"@type\":\"EntryPoint\",\"urlTemplate\":\"https:\/\/www.pressenza.com\/es\/?s={search_term_string}\"},\"query-input\":{\"@type\":\"PropertyValueSpecification\",\"valueRequired\":true,\"valueName\":\"search_term_string\"}}],\"inLanguage\":\"es\"},{\"@type\":\"Organization\",\"@id\":\"https:\/\/www.pressenza.com\/es\/#organization\",\"name\":\"Pressenza\",\"url\":\"https:\/\/www.pressenza.com\/es\/\",\"logo\":{\"@type\":\"ImageObject\",\"inLanguage\":\"es\",\"@id\":\"https:\/\/www.pressenza.com\/es\/#\/schema\/logo\/image\/\",\"url\":\"https:\/\/www.pressenza.com\/wp-content\/uploads\/2022\/10\/pressenza_logo_200x200.jpg\",\"contentUrl\":\"https:\/\/www.pressenza.com\/wp-content\/uploads\/2022\/10\/pressenza_logo_200x200.jpg\",\"width\":200,\"height\":200,\"caption\":\"Pressenza\"},\"image\":{\"@id\":\"https:\/\/www.pressenza.com\/es\/#\/schema\/logo\/image\/\"},\"sameAs\":[\"https:\/\/www.facebook.com\/PressenzaItalia\",\"https:\/\/x.com\/PressenzaIPA\"]},{\"@type\":\"Person\",\"@id\":\"https:\/\/www.pressenza.com\/es\/#\/schema\/person\/828fc40eeca2ad7be3630e5a46adba94\",\"name\":\"Redacci\u00f3n Madrid\",\"description\":\"News from the Pressenza Bureau in Madrid, Spain\",\"sameAs\":[\"https:\/\/www.facebook.com\/pressenza\",\"https:\/\/x.com\/pressenza\"],\"url\":\"https:\/\/www.pressenza.com\/es\/author\/redaccion-madrid\/\"}]}<\/script>\n<!-- \/ Yoast SEO plugin. -->","yoast_head_json":{"title":"EuroMarchas rechazan maniobras de la OTAN","description":"La recepci\u00f3n ayer a las EuroMarchas en la Plaza de la Cibeles (Madrid), con la espectacular actuaci\u00f3n de la Solf\u00f3nica (con una orquesta de 50 j\u00f3venes","robots":{"index":"index","follow":"follow","max-snippet":"max-snippet:-1","max-image-preview":"max-image-preview:large","max-video-preview":"max-video-preview:-1"},"canonical":"https:\/\/www.pressenza.com\/es\/2015\/10\/euromarchas-rechazan-maniobras-de-la-otan\/","og_locale":"es_ES","og_type":"article","og_title":"EuroMarchas rechazan maniobras de la OTAN","og_description":"La recepci\u00f3n ayer a las EuroMarchas en la Plaza de la Cibeles (Madrid), con la espectacular actuaci\u00f3n de la Solf\u00f3nica (con una orquesta de 50 j\u00f3venes","og_url":"https:\/\/www.pressenza.com\/es\/2015\/10\/euromarchas-rechazan-maniobras-de-la-otan\/","og_site_name":"Pressenza","article_publisher":"https:\/\/www.facebook.com\/PressenzaItalia","article_author":"https:\/\/www.facebook.com\/pressenza","article_published_time":"2015-10-04T21:38:28+00:00","article_modified_time":"2015-10-04T21:43:52+00:00","og_image":[{"width":5184,"height":3456,"url":"https:\/\/www.pressenza.com\/wp-content\/uploads\/2015\/10\/IMG_3185.jpg","type":"image\/jpeg"}],"author":"Redacci\u00f3n Madrid","twitter_card":"summary_large_image","twitter_creator":"@pressenza","twitter_site":"@PressenzaIPA","twitter_misc":{"Escrito por":"Redacci\u00f3n Madrid","Tiempo de lectura":"1 minuto"},"schema":{"@context":"https:\/\/schema.org","@graph":[{"@type":"Article","@id":"https:\/\/www.pressenza.com\/es\/2015\/10\/euromarchas-rechazan-maniobras-de-la-otan\/#article","isPartOf":{"@id":"https:\/\/www.pressenza.com\/es\/2015\/10\/euromarchas-rechazan-maniobras-de-la-otan\/"},"author":{"name":"Redacci\u00f3n Madrid","@id":"https:\/\/www.pressenza.com\/es\/#\/schema\/person\/828fc40eeca2ad7be3630e5a46adba94"},"headline":"EuroMarchas rechazan maniobras de la OTAN","datePublished":"2015-10-04T21:38:28+00:00","dateModified":"2015-10-04T21:43:52+00:00","mainEntityOfPage":{"@id":"https:\/\/www.pressenza.com\/es\/2015\/10\/euromarchas-rechazan-maniobras-de-la-otan\/"},"wordCount":168,"publisher":{"@id":"https:\/\/www.pressenza.com\/es\/#organization"},"image":{"@id":"https:\/\/www.pressenza.com\/es\/2015\/10\/euromarchas-rechazan-maniobras-de-la-otan\/#primaryimage"},"thumbnailUrl":"https:\/\/www.pressenza.com\/wp-content\/uploads\/2015\/10\/IMG_3185.jpg","keywords":["EuroMarchas2015","Maniobras OTAN"],"articleSection":["Asuntos internacionales","Comunicados de Prensa","Contenido Original","Derechos Humanos","Diversidad","Econom\u00eda","Europa","Internacional","Pol\u00edtica","Regi\u00f3n"],"inLanguage":"es"},{"@type":"WebPage","@id":"https:\/\/www.pressenza.com\/es\/2015\/10\/euromarchas-rechazan-maniobras-de-la-otan\/","url":"https:\/\/www.pressenza.com\/es\/2015\/10\/euromarchas-rechazan-maniobras-de-la-otan\/","name":"EuroMarchas rechazan maniobras de la OTAN","isPartOf":{"@id":"https:\/\/www.pressenza.com\/es\/#website"},"primaryImageOfPage":{"@id":"https:\/\/www.pressenza.com\/es\/2015\/10\/euromarchas-rechazan-maniobras-de-la-otan\/#primaryimage"},"image":{"@id":"https:\/\/www.pressenza.com\/es\/2015\/10\/euromarchas-rechazan-maniobras-de-la-otan\/#primaryimage"},"thumbnailUrl":"https:\/\/www.pressenza.com\/wp-content\/uploads\/2015\/10\/IMG_3185.jpg","datePublished":"2015-10-04T21:38:28+00:00","dateModified":"2015-10-04T21:43:52+00:00","description":"La recepci\u00f3n ayer a las EuroMarchas en la Plaza de la Cibeles (Madrid), con la espectacular actuaci\u00f3n de la Solf\u00f3nica (con una orquesta de 50 j\u00f3venes","breadcrumb":{"@id":"https:\/\/www.pressenza.com\/es\/2015\/10\/euromarchas-rechazan-maniobras-de-la-otan\/#breadcrumb"},"inLanguage":"es","potentialAction":[{"@type":"ReadAction","target":["https:\/\/www.pressenza.com\/es\/2015\/10\/euromarchas-rechazan-maniobras-de-la-otan\/"]}]},{"@type":"ImageObject","inLanguage":"es","@id":"https:\/\/www.pressenza.com\/es\/2015\/10\/euromarchas-rechazan-maniobras-de-la-otan\/#primaryimage","url":"https:\/\/www.pressenza.com\/wp-content\/uploads\/2015\/10\/IMG_3185.jpg","contentUrl":"https:\/\/www.pressenza.com\/wp-content\/uploads\/2015\/10\/IMG_3185.jpg","width":5184,"height":3456},{"@type":"BreadcrumbList","@id":"https:\/\/www.pressenza.com\/es\/2015\/10\/euromarchas-rechazan-maniobras-de-la-otan\/#breadcrumb","itemListElement":[{"@type":"ListItem","position":1,"name":"Accueil","item":"https:\/\/www.pressenza.com\/es\/"},{"@type":"ListItem","position":2,"name":"EuroMarchas rechazan maniobras de la OTAN"}]},{"@type":"WebSite","@id":"https:\/\/www.pressenza.com\/es\/#website","url":"https:\/\/www.pressenza.com\/es\/","name":"Pressenza","description":"International Press Agency","publisher":{"@id":"https:\/\/www.pressenza.com\/es\/#organization"},"potentialAction":[{"@type":"SearchAction","target":{"@type":"EntryPoint","urlTemplate":"https:\/\/www.pressenza.com\/es\/?s={search_term_string}"},"query-input":{"@type":"PropertyValueSpecification","valueRequired":true,"valueName":"search_term_string"}}],"inLanguage":"es"},{"@type":"Organization","@id":"https:\/\/www.pressenza.com\/es\/#organization","name":"Pressenza","url":"https:\/\/www.pressenza.com\/es\/","logo":{"@type":"ImageObject","inLanguage":"es","@id":"https:\/\/www.pressenza.com\/es\/#\/schema\/logo\/image\/","url":"https:\/\/www.pressenza.com\/wp-content\/uploads\/2022\/10\/pressenza_logo_200x200.jpg","contentUrl":"https:\/\/www.pressenza.com\/wp-content\/uploads\/2022\/10\/pressenza_logo_200x200.jpg","width":200,"height":200,"caption":"Pressenza"},"image":{"@id":"https:\/\/www.pressenza.com\/es\/#\/schema\/logo\/image\/"},"sameAs":["https:\/\/www.facebook.com\/PressenzaItalia","https:\/\/x.com\/PressenzaIPA"]},{"@type":"Person","@id":"https:\/\/www.pressenza.com\/es\/#\/schema\/person\/828fc40eeca2ad7be3630e5a46adba94","name":"Redacci\u00f3n Madrid","description":"News from the Pressenza Bureau in Madrid, Spain","sameAs":["https:\/\/www.facebook.com\/pressenza","https:\/\/x.com\/pressenza"],"url":"https:\/\/www.pressenza.com\/es\/author\/redaccion-madrid\/"}]}},"place":"Madrid (Espa\u00f1a)","original_article_url":"","_links":{"self":[{"href":"https:\/\/www.pressenza.com\/es\/wp-json\/wp\/v2\/posts\/230146","targetHints":{"allow":["GET"]}}],"collection":[{"href":"https:\/\/www.pressenza.com\/es\/wp-json\/wp\/v2\/posts"}],"about":[{"href":"https:\/\/www.pressenza.com\/es\/wp-json\/wp\/v2\/types\/post"}],"author":[{"embeddable":true,"href":"https:\/\/www.pressenza.com\/es\/wp-json\/wp\/v2\/users\/94"}],"replies":[{"embeddable":true,"href":"https:\/\/www.pressenza.com\/es\/wp-json\/wp\/v2\/comments?post=230146"}],"version-history":[{"count":0,"href":"https:\/\/www.pressenza.com\/es\/wp-json\/wp\/v2\/posts\/230146\/revisions"}],"wp:featuredmedia":[{"embeddable":true,"href":"https:\/\/www.pressenza.com\/es\/wp-json\/wp\/v2\/media\/230148"}],"wp:attachment":[{"href":"https:\/\/www.pressenza.com\/es\/wp-json\/wp\/v2\/media?parent=230146"}],"wp:term":[{"taxonomy":"category","embeddable":true,"href":"https:\/\/www.pressenza.com\/es\/wp-json\/wp\/v2\/categories?post=230146"},{"taxonomy":"post_tag","embeddable":true,"href":"https:\/\/www.pressenza.com\/es\/wp-json\/wp\/v2\/tags?post=230146"}],"curies":[{"name":"wp","href":"https:\/\/api.w.org\/{rel}","templated":true}]}}