{"id":2300,"date":"2009-11-18T00:00:00","date_gmt":"2009-11-18T00:00:00","guid":{"rendered":""},"modified":"2009-11-19T16:49:21","modified_gmt":"2009-11-19T16:49:21","slug":"el-gobierno-de-quebec-reconoce-el-dia-internacional-de-la-no-violencia","status":"publish","type":"post","link":"https:\/\/www.pressenza.com\/es\/2009\/11\/el-gobierno-de-quebec-reconoce-el-dia-internacional-de-la-no-violencia\/","title":{"rendered":"El gobierno de Quebec reconoce el D\u00eda Internacional de la No Violencia"},"content":{"rendered":"<p>Este proyecto de ley pretende que el d\u00eda 2 de octubre de cada a\u00f1o sea declarado D\u00eda Internacional de la No Violencia.<\/p>\n<p>El proyecto de ley puede consultarse en la secci\u00f3n \u00abProcedimientos parlamentarios\u00bb de la p\u00e1gina web de la Asamblea Nacional de Quebec: http:\/\/www.assnat.qc.ca<\/p>\n<p>Con motivo de la presentaci\u00f3n del proyecto, que tendr\u00e1 lugar la pr\u00f3xima semana, varios grupos se desplazar\u00e1n hasta el Parlamento de Quebec<\/p>\n<p>Traducci\u00f3n: Carmen Soler Rodr\u00edguez<\/p>\n","protected":false},"excerpt":{"rendered":"<p>Excelente noticia para Quebec; despu\u00e9s de varios tr\u00e1mites, el Comit\u00e9 organizador de la semana de la no violencia de la regi\u00f3n de Saguenay, en colaboraci\u00f3n con St\u00e9phane B\u00e9dard, diputado de Chicoutimi, present\u00f3 el 12 de noviembre en la Asamblea Nacional de Quebec, un proyecto de ley sobre la no violencia. El proyecto ha suscitado el inter\u00e9s de las organizaciones pacifistas.<\/p>\n","protected":false},"author":63,"featured_media":0,"comment_status":"closed","ping_status":"open","sticky":false,"template":"","format":"standard","meta":{"footnotes":""},"categories":[68,74],"tags":[],"class_list":["post-2300","post","type-post","status-publish","format-standard","hentry","category-norteamerica","category-politica-es"],"yoast_head":"<!-- This site is optimized with the Yoast SEO plugin v27.1.1 - https:\/\/yoast.com\/product\/yoast-seo-wordpress\/ -->\n<title>El gobierno de Quebec reconoce el D\u00eda Internacional de la No Violencia<\/title>\n<meta name=\"description\" content=\"Excelente noticia para Quebec; despu\u00e9s de varios tr\u00e1mites, el Comit\u00e9 organizador de la semana de la no violencia de la regi\u00f3n de Saguenay, en colaboraci\u00f3n con St\u00e9phane B\u00e9dard, diputado de Chicoutimi, present\u00f3 el 12 de noviembre en la Asamblea Nacional de Quebec, un proyecto de ley sobre la no violencia. El proyecto ha suscitado el inter\u00e9s de las organizaciones pacifistas.\" \/>\n<meta name=\"robots\" content=\"index, follow, max-snippet:-1, max-image-preview:large, max-video-preview:-1\" \/>\n<link rel=\"canonical\" href=\"https:\/\/www.pressenza.com\/es\/2009\/11\/el-gobierno-de-quebec-reconoce-el-dia-internacional-de-la-no-violencia\/\" \/>\n<meta property=\"og:locale\" content=\"es_ES\" \/>\n<meta property=\"og:type\" content=\"article\" \/>\n<meta property=\"og:title\" content=\"El gobierno de Quebec reconoce el D\u00eda Internacional de la No Violencia\" \/>\n<meta property=\"og:description\" content=\"Excelente noticia para Quebec; despu\u00e9s de varios tr\u00e1mites, el Comit\u00e9 organizador de la semana de la no violencia de la regi\u00f3n de Saguenay, en colaboraci\u00f3n con St\u00e9phane B\u00e9dard, diputado de Chicoutimi, present\u00f3 el 12 de noviembre en la Asamblea Nacional de Quebec, un proyecto de ley sobre la no violencia. El proyecto ha suscitado el inter\u00e9s de las organizaciones pacifistas.\" \/>\n<meta property=\"og:url\" content=\"https:\/\/www.pressenza.com\/es\/2009\/11\/el-gobierno-de-quebec-reconoce-el-dia-internacional-de-la-no-violencia\/\" \/>\n<meta property=\"og:site_name\" content=\"Pressenza\" \/>\n<meta property=\"article:publisher\" content=\"https:\/\/www.facebook.com\/PressenzaItalia\" \/>\n<meta property=\"article:published_time\" content=\"2009-11-18T00:00:00+00:00\" \/>\n<meta property=\"article:modified_time\" content=\"2009-11-19T16:49:21+00:00\" \/>\n<meta name=\"author\" content=\"Anne Farrell\" \/>\n<meta name=\"twitter:card\" content=\"summary_large_image\" \/>\n<meta name=\"twitter:creator\" content=\"@PressenzaIPA\" \/>\n<meta name=\"twitter:site\" content=\"@PressenzaIPA\" \/>\n<meta name=\"twitter:label1\" content=\"Escrito por\" \/>\n\t<meta name=\"twitter:data1\" content=\"Anne Farrell\" \/>\n<script type=\"application\/ld+json\" class=\"yoast-schema-graph\">{\"@context\":\"https:\/\/schema.org\",\"@graph\":[{\"@type\":\"Article\",\"@id\":\"https:\/\/www.pressenza.com\/es\/2009\/11\/el-gobierno-de-quebec-reconoce-el-dia-internacional-de-la-no-violencia\/#article\",\"isPartOf\":{\"@id\":\"https:\/\/www.pressenza.com\/es\/2009\/11\/el-gobierno-de-quebec-reconoce-el-dia-internacional-de-la-no-violencia\/\"},\"author\":{\"name\":\"Anne Farrell\",\"@id\":\"https:\/\/www.pressenza.com\/es\/#\/schema\/person\/06fe29d0640b1b3c6e87b05e162391e0\"},\"headline\":\"El gobierno de Quebec reconoce el D\u00eda Internacional de la No Violencia\",\"datePublished\":\"2009-11-18T00:00:00+00:00\",\"dateModified\":\"2009-11-19T16:49:21+00:00\",\"mainEntityOfPage\":{\"@id\":\"https:\/\/www.pressenza.com\/es\/2009\/11\/el-gobierno-de-quebec-reconoce-el-dia-internacional-de-la-no-violencia\/\"},\"wordCount\":96,\"publisher\":{\"@id\":\"https:\/\/www.pressenza.com\/es\/#organization\"},\"articleSection\":[\"Norteam\u00e9rica\",\"Pol\u00edtica\"],\"inLanguage\":\"es\"},{\"@type\":\"WebPage\",\"@id\":\"https:\/\/www.pressenza.com\/es\/2009\/11\/el-gobierno-de-quebec-reconoce-el-dia-internacional-de-la-no-violencia\/\",\"url\":\"https:\/\/www.pressenza.com\/es\/2009\/11\/el-gobierno-de-quebec-reconoce-el-dia-internacional-de-la-no-violencia\/\",\"name\":\"El gobierno de Quebec reconoce el D\u00eda Internacional de la No Violencia\",\"isPartOf\":{\"@id\":\"https:\/\/www.pressenza.com\/es\/#website\"},\"datePublished\":\"2009-11-18T00:00:00+00:00\",\"dateModified\":\"2009-11-19T16:49:21+00:00\",\"description\":\"Excelente noticia para Quebec; despu\u00e9s de varios tr\u00e1mites, el Comit\u00e9 organizador de la semana de la no violencia de la regi\u00f3n de Saguenay, en colaboraci\u00f3n con St\u00e9phane B\u00e9dard, diputado de Chicoutimi, present\u00f3 el 12 de noviembre en la Asamblea Nacional de Quebec, un proyecto de ley sobre la no violencia. El proyecto ha suscitado el inter\u00e9s de las organizaciones pacifistas.\",\"breadcrumb\":{\"@id\":\"https:\/\/www.pressenza.com\/es\/2009\/11\/el-gobierno-de-quebec-reconoce-el-dia-internacional-de-la-no-violencia\/#breadcrumb\"},\"inLanguage\":\"es\",\"potentialAction\":[{\"@type\":\"ReadAction\",\"target\":[\"https:\/\/www.pressenza.com\/es\/2009\/11\/el-gobierno-de-quebec-reconoce-el-dia-internacional-de-la-no-violencia\/\"]}]},{\"@type\":\"BreadcrumbList\",\"@id\":\"https:\/\/www.pressenza.com\/es\/2009\/11\/el-gobierno-de-quebec-reconoce-el-dia-internacional-de-la-no-violencia\/#breadcrumb\",\"itemListElement\":[{\"@type\":\"ListItem\",\"position\":1,\"name\":\"Accueil\",\"item\":\"https:\/\/www.pressenza.com\/es\/\"},{\"@type\":\"ListItem\",\"position\":2,\"name\":\"El gobierno de Quebec reconoce el D\u00eda Internacional de la No Violencia\"}]},{\"@type\":\"WebSite\",\"@id\":\"https:\/\/www.pressenza.com\/es\/#website\",\"url\":\"https:\/\/www.pressenza.com\/es\/\",\"name\":\"Pressenza\",\"description\":\"International Press Agency\",\"publisher\":{\"@id\":\"https:\/\/www.pressenza.com\/es\/#organization\"},\"potentialAction\":[{\"@type\":\"SearchAction\",\"target\":{\"@type\":\"EntryPoint\",\"urlTemplate\":\"https:\/\/www.pressenza.com\/es\/?s={search_term_string}\"},\"query-input\":{\"@type\":\"PropertyValueSpecification\",\"valueRequired\":true,\"valueName\":\"search_term_string\"}}],\"inLanguage\":\"es\"},{\"@type\":\"Organization\",\"@id\":\"https:\/\/www.pressenza.com\/es\/#organization\",\"name\":\"Pressenza\",\"url\":\"https:\/\/www.pressenza.com\/es\/\",\"logo\":{\"@type\":\"ImageObject\",\"inLanguage\":\"es\",\"@id\":\"https:\/\/www.pressenza.com\/es\/#\/schema\/logo\/image\/\",\"url\":\"https:\/\/www.pressenza.com\/wp-content\/uploads\/2022\/10\/pressenza_logo_200x200.jpg\",\"contentUrl\":\"https:\/\/www.pressenza.com\/wp-content\/uploads\/2022\/10\/pressenza_logo_200x200.jpg\",\"width\":200,\"height\":200,\"caption\":\"Pressenza\"},\"image\":{\"@id\":\"https:\/\/www.pressenza.com\/es\/#\/schema\/logo\/image\/\"},\"sameAs\":[\"https:\/\/www.facebook.com\/PressenzaItalia\",\"https:\/\/x.com\/PressenzaIPA\"]},{\"@type\":\"Person\",\"@id\":\"https:\/\/www.pressenza.com\/es\/#\/schema\/person\/06fe29d0640b1b3c6e87b05e162391e0\",\"name\":\"Anne Farrell\",\"description\":\"Anne Farrell is the author of the books: A meaning of Life that defied the unbearable fate in mass extinction, A tribute to reconciliation and its missing image in the Western World\",\"url\":\"https:\/\/www.pressenza.com\/es\/author\/anne-farrell\/\"}]}<\/script>\n<!-- \/ Yoast SEO plugin. -->","yoast_head_json":{"title":"El gobierno de Quebec reconoce el D\u00eda Internacional de la No Violencia","description":"Excelente noticia para Quebec; despu\u00e9s de varios tr\u00e1mites, el Comit\u00e9 organizador de la semana de la no violencia de la regi\u00f3n de Saguenay, en colaboraci\u00f3n con St\u00e9phane B\u00e9dard, diputado de Chicoutimi, present\u00f3 el 12 de noviembre en la Asamblea Nacional de Quebec, un proyecto de ley sobre la no violencia. El proyecto ha suscitado el inter\u00e9s de las organizaciones pacifistas.","robots":{"index":"index","follow":"follow","max-snippet":"max-snippet:-1","max-image-preview":"max-image-preview:large","max-video-preview":"max-video-preview:-1"},"canonical":"https:\/\/www.pressenza.com\/es\/2009\/11\/el-gobierno-de-quebec-reconoce-el-dia-internacional-de-la-no-violencia\/","og_locale":"es_ES","og_type":"article","og_title":"El gobierno de Quebec reconoce el D\u00eda Internacional de la No Violencia","og_description":"Excelente noticia para Quebec; despu\u00e9s de varios tr\u00e1mites, el Comit\u00e9 organizador de la semana de la no violencia de la regi\u00f3n de Saguenay, en colaboraci\u00f3n con St\u00e9phane B\u00e9dard, diputado de Chicoutimi, present\u00f3 el 12 de noviembre en la Asamblea Nacional de Quebec, un proyecto de ley sobre la no violencia. El proyecto ha suscitado el inter\u00e9s de las organizaciones pacifistas.","og_url":"https:\/\/www.pressenza.com\/es\/2009\/11\/el-gobierno-de-quebec-reconoce-el-dia-internacional-de-la-no-violencia\/","og_site_name":"Pressenza","article_publisher":"https:\/\/www.facebook.com\/PressenzaItalia","article_published_time":"2009-11-18T00:00:00+00:00","article_modified_time":"2009-11-19T16:49:21+00:00","author":"Anne Farrell","twitter_card":"summary_large_image","twitter_creator":"@PressenzaIPA","twitter_site":"@PressenzaIPA","twitter_misc":{"Escrito por":"Anne Farrell"},"schema":{"@context":"https:\/\/schema.org","@graph":[{"@type":"Article","@id":"https:\/\/www.pressenza.com\/es\/2009\/11\/el-gobierno-de-quebec-reconoce-el-dia-internacional-de-la-no-violencia\/#article","isPartOf":{"@id":"https:\/\/www.pressenza.com\/es\/2009\/11\/el-gobierno-de-quebec-reconoce-el-dia-internacional-de-la-no-violencia\/"},"author":{"name":"Anne Farrell","@id":"https:\/\/www.pressenza.com\/es\/#\/schema\/person\/06fe29d0640b1b3c6e87b05e162391e0"},"headline":"El gobierno de Quebec reconoce el D\u00eda Internacional de la No Violencia","datePublished":"2009-11-18T00:00:00+00:00","dateModified":"2009-11-19T16:49:21+00:00","mainEntityOfPage":{"@id":"https:\/\/www.pressenza.com\/es\/2009\/11\/el-gobierno-de-quebec-reconoce-el-dia-internacional-de-la-no-violencia\/"},"wordCount":96,"publisher":{"@id":"https:\/\/www.pressenza.com\/es\/#organization"},"articleSection":["Norteam\u00e9rica","Pol\u00edtica"],"inLanguage":"es"},{"@type":"WebPage","@id":"https:\/\/www.pressenza.com\/es\/2009\/11\/el-gobierno-de-quebec-reconoce-el-dia-internacional-de-la-no-violencia\/","url":"https:\/\/www.pressenza.com\/es\/2009\/11\/el-gobierno-de-quebec-reconoce-el-dia-internacional-de-la-no-violencia\/","name":"El gobierno de Quebec reconoce el D\u00eda Internacional de la No Violencia","isPartOf":{"@id":"https:\/\/www.pressenza.com\/es\/#website"},"datePublished":"2009-11-18T00:00:00+00:00","dateModified":"2009-11-19T16:49:21+00:00","description":"Excelente noticia para Quebec; despu\u00e9s de varios tr\u00e1mites, el Comit\u00e9 organizador de la semana de la no violencia de la regi\u00f3n de Saguenay, en colaboraci\u00f3n con St\u00e9phane B\u00e9dard, diputado de Chicoutimi, present\u00f3 el 12 de noviembre en la Asamblea Nacional de Quebec, un proyecto de ley sobre la no violencia. El proyecto ha suscitado el inter\u00e9s de las organizaciones pacifistas.","breadcrumb":{"@id":"https:\/\/www.pressenza.com\/es\/2009\/11\/el-gobierno-de-quebec-reconoce-el-dia-internacional-de-la-no-violencia\/#breadcrumb"},"inLanguage":"es","potentialAction":[{"@type":"ReadAction","target":["https:\/\/www.pressenza.com\/es\/2009\/11\/el-gobierno-de-quebec-reconoce-el-dia-internacional-de-la-no-violencia\/"]}]},{"@type":"BreadcrumbList","@id":"https:\/\/www.pressenza.com\/es\/2009\/11\/el-gobierno-de-quebec-reconoce-el-dia-internacional-de-la-no-violencia\/#breadcrumb","itemListElement":[{"@type":"ListItem","position":1,"name":"Accueil","item":"https:\/\/www.pressenza.com\/es\/"},{"@type":"ListItem","position":2,"name":"El gobierno de Quebec reconoce el D\u00eda Internacional de la No Violencia"}]},{"@type":"WebSite","@id":"https:\/\/www.pressenza.com\/es\/#website","url":"https:\/\/www.pressenza.com\/es\/","name":"Pressenza","description":"International Press Agency","publisher":{"@id":"https:\/\/www.pressenza.com\/es\/#organization"},"potentialAction":[{"@type":"SearchAction","target":{"@type":"EntryPoint","urlTemplate":"https:\/\/www.pressenza.com\/es\/?s={search_term_string}"},"query-input":{"@type":"PropertyValueSpecification","valueRequired":true,"valueName":"search_term_string"}}],"inLanguage":"es"},{"@type":"Organization","@id":"https:\/\/www.pressenza.com\/es\/#organization","name":"Pressenza","url":"https:\/\/www.pressenza.com\/es\/","logo":{"@type":"ImageObject","inLanguage":"es","@id":"https:\/\/www.pressenza.com\/es\/#\/schema\/logo\/image\/","url":"https:\/\/www.pressenza.com\/wp-content\/uploads\/2022\/10\/pressenza_logo_200x200.jpg","contentUrl":"https:\/\/www.pressenza.com\/wp-content\/uploads\/2022\/10\/pressenza_logo_200x200.jpg","width":200,"height":200,"caption":"Pressenza"},"image":{"@id":"https:\/\/www.pressenza.com\/es\/#\/schema\/logo\/image\/"},"sameAs":["https:\/\/www.facebook.com\/PressenzaItalia","https:\/\/x.com\/PressenzaIPA"]},{"@type":"Person","@id":"https:\/\/www.pressenza.com\/es\/#\/schema\/person\/06fe29d0640b1b3c6e87b05e162391e0","name":"Anne Farrell","description":"Anne Farrell is the author of the books: A meaning of Life that defied the unbearable fate in mass extinction, A tribute to reconciliation and its missing image in the Western World","url":"https:\/\/www.pressenza.com\/es\/author\/anne-farrell\/"}]}},"place":"Quebec","original_article_url":"","_links":{"self":[{"href":"https:\/\/www.pressenza.com\/es\/wp-json\/wp\/v2\/posts\/2300","targetHints":{"allow":["GET"]}}],"collection":[{"href":"https:\/\/www.pressenza.com\/es\/wp-json\/wp\/v2\/posts"}],"about":[{"href":"https:\/\/www.pressenza.com\/es\/wp-json\/wp\/v2\/types\/post"}],"author":[{"embeddable":true,"href":"https:\/\/www.pressenza.com\/es\/wp-json\/wp\/v2\/users\/63"}],"replies":[{"embeddable":true,"href":"https:\/\/www.pressenza.com\/es\/wp-json\/wp\/v2\/comments?post=2300"}],"version-history":[{"count":0,"href":"https:\/\/www.pressenza.com\/es\/wp-json\/wp\/v2\/posts\/2300\/revisions"}],"wp:attachment":[{"href":"https:\/\/www.pressenza.com\/es\/wp-json\/wp\/v2\/media?parent=2300"}],"wp:term":[{"taxonomy":"category","embeddable":true,"href":"https:\/\/www.pressenza.com\/es\/wp-json\/wp\/v2\/categories?post=2300"},{"taxonomy":"post_tag","embeddable":true,"href":"https:\/\/www.pressenza.com\/es\/wp-json\/wp\/v2\/tags?post=2300"}],"curies":[{"name":"wp","href":"https:\/\/api.w.org\/{rel}","templated":true}]}}