{"id":2291,"date":"2009-11-18T00:00:00","date_gmt":"2009-11-18T00:00:00","guid":{"rendered":""},"modified":"2009-11-18T11:45:55","modified_gmt":"2009-11-18T11:45:55","slug":"la-cumbre-da-impulso-a-la-agricultura-para-acabar-con-el-hambre","status":"publish","type":"post","link":"https:\/\/www.pressenza.com\/es\/2009\/11\/la-cumbre-da-impulso-a-la-agricultura-para-acabar-con-el-hambre\/","title":{"rendered":"La Cumbre da impulso a la agricultura para acabar con el hambre"},"content":{"rendered":"<p>Pero Diouf a\u00f1adi\u00f3 *\u00bbcon pesar\u00bb*,  que la Declaraci\u00f3n oficial adoptada por la Cumbre *\u00bbno indica objetivos cuantificables o plazos espec\u00edficos que hubieran facilitado supervisar su implementaci\u00f3n\u00bb*.<\/p>\n<p>La FAO hab\u00eda propuesto establecer como objetivo la erradicaci\u00f3n total del hambre de la faz de la tierra en 2025 y el incremento de la Ayuda Oficial al Desarrollo (AOD) a la agricultura hasta alcanzar 44.000 millones de d\u00f3lares EE.UU. anuales para inversiones en agricultura e infraestructura rural en los pa\u00edses en desarrollo.<\/p>\n<p>Compromisos importantes<\/p>\n<p>La Cumbre, sin embargo, ha tenido como resultado cuatro importantes compromisos, seg\u00fan Diouf.<\/p>\n<p>1.- Un firme compromiso de renovar los esfuerzos para alcanzar el Primer Objetivo de Desarrollo del Milenio de reducir el hambre a la mitad para 2015 y erradicarla a nivel mundial a la mayor brevedad posible.<\/p>\n<p>2.- El compromiso de mejorar la coordinaci\u00f3n y la gobernanza a nivel internacional de la seguridad alimentaria mundial a trav\u00e9s de una profunda reforma del Comit\u00e9 de Seguridad Alimentaria Mundial (CSA) de la FAO, que pasar\u00eda a convertirse en un componente central de la Asociaci\u00f3n Mundial para la Agricultura, la Seguridad Alimentaria y la Nutrici\u00f3n. Ampliado para incluir a las partes implicadas de los sectores p\u00fablico y privado, junto a organizaciones no gubernamentales, y elevado al nivel ministerial, el CSA coordinar\u00e1 los esfuerzos internacionales contra el hambre, y deber\u00e1 tomar decisiones r\u00e1pidas e informadas sobre cuestiones alimentarias a nivel mundial. Para esta labor contar\u00e1 con la ayuda de un panel internacional de expertos de alto nivel.<\/p>\n<p>3.- Una promesa de invertir la tendencia decreciente de las inversiones nacionales e internacionales en agricultura, seguridad alimentaria y desarrollo rural en pa\u00edses en desarrollos e incrementar de forma significativa su porcentaje en las ayudas p\u00fablicas al desarrollo.<\/p>\n<p>4.- La decisi\u00f3n de promover nuevas inversiones en producci\u00f3n y productividad agr\u00edcola en los pa\u00edses en desarrollo para reducir la pobreza y alcanzar la seguridad alimentaria para todos.<\/p>\n<p>*\u00bbEstoy convencido que juntos podemos erradicar el hambre de nuestro planeta\u00bb*, declar\u00f3 Diouf. *\u00bbPero -a\u00f1adi\u00f3- debemos pasar de las palabras a la acci\u00f3n\u00bb*.<\/p>\n<p>*\u00bbActuemos para lograr un mundo m\u00e1s pr\u00f3spero, justo, equitativo y pac\u00edfico. Pero sobre todo, actuemos r\u00e1pido porque los pobres y los hambrientos no pueden esperar\u00bb*, concluy\u00f3.<\/p>\n<p>La Cumbre adopt\u00f3 los Cinco Principios de Roma para la Seguridad Alimentaria Mundial Sostenible: 1) invertir en planes que est\u00e9n en manos del pa\u00eds afectado, canalizando los recursos hacia programas basados en el resultado y bien dise\u00f1ados y asociaciones; 2) fomentar la coordinaci\u00f3n estrat\u00e9gica a todos los niveles para mejorar la gobernanza, promover una mejor asignaci\u00f3n de los recursos y evitar la duplicaci\u00f3n; 3) esforzarse en un enfoque de doble v\u00eda de la seguridad alimentaria que incluya a corto plazo medidas de emergencia y de desarrollo a largo plazo; 4) trabajar para mejorar la eficiencia, coordinaci\u00f3n y eficacia de las instituciones multilaterales; y 5) garantizar un compromiso sostenido y sustancial de todos los socios para inversiones en agricultura, seguridad alimentaria y nutrici\u00f3n.<\/p>\n<p>Cambio clim\u00e1tico<\/p>\n<p>La Cumbre acord\u00f3 igualmente enfrentarse de forma proactiva a los desaf\u00edos que el cambio clim\u00e1tico plantea a la seguridad alimentaria y a la necesidad de adaptaci\u00f3n y de mitigaci\u00f3n en la agricultura&#8230;. con particular atenci\u00f3n a los peque\u00f1os productores agr\u00edcolas y las poblaciones vulnerables<\/p>\n<p>Adem\u00e1s de los Estados Miembros y de representantes de organizaciones internacionales y regionales, que intervinieron en el Plenario, en los d\u00edas previos a la Cumbre tuvieron lugar diversas reuniones para asegurarse que se escuchaban todas las voces. En Mil\u00e1n se celebr\u00f3 un foro del sector privado los d\u00edas 12 y 13 de noviembre, en Roma se convoc\u00f3 un d\u00eda del Parlamento el 13 de noviembre y un Foro de la Sociedad Civil del 14 al 16 de este mismo mes. Las declaraciones de estos diversos eventos fueron le\u00eddas en el Plenario de la Cumbre.<\/p>\n<p>Sesenta Jefes de Estado y de Gobierno y 191 ministros de entre los 182 Estados Miembros de la FAO, as\u00ed como la Comunidad Europea, acudieron a la Cumbre. Entre las diversas personalidades que intervinieron se encontraba el Papa Benedicto XVI, quien asegur\u00f3 que las reglas que regulan el comercio internacional deber\u00edan estar separadas de *\u00bbla l\u00f3gica del lucro visto como un fin en s\u00ed mismo\u00bb*.<\/p>\n","protected":false},"excerpt":{"rendered":"<p>La Cumbre Mundial sobre la Seguridad Alimentaria finaliz\u00f3 tras lograr el compromiso de la comunidad internacional de realizar m\u00e1s inversiones en agricultura y erradicar el hambre en el plazo m\u00e1s breve posible.<br \/>\nEl Director General de la FAO, Jacques Diouf, asegur\u00f3 que la Cumbre ha significado \u00abun paso importante para alcanzar nuestro objetivo com\u00fan: un mundo sin hambre\u00bb. <\/p>\n","protected":false},"author":19,"featured_media":0,"comment_status":"closed","ping_status":"open","sticky":false,"template":"","format":"standard","meta":{"footnotes":""},"categories":[149,66,39,74],"tags":[],"class_list":["post-2291","post","type-post","status-publish","format-standard","hentry","category-comunicados-de-prensa","category-europa-es","category-internacional","category-politica-es"],"yoast_head":"<!-- This site is optimized with the Yoast SEO plugin v27.1.1 - https:\/\/yoast.com\/product\/yoast-seo-wordpress\/ -->\n<title>La Cumbre da impulso a la agricultura para acabar con el hambre<\/title>\n<meta name=\"description\" content=\"La Cumbre Mundial sobre la Seguridad Alimentaria finaliz\u00f3 tras lograr el compromiso de la comunidad internacional de realizar m\u00e1s inversiones en agricultura y erradicar el hambre en el plazo m\u00e1s breve posible. El Director General de la FAO, Jacques Diouf, asegur\u00f3 que la Cumbre ha significado &quot;un paso importante para alcanzar nuestro objetivo com\u00fan: un mundo sin hambre&quot;.\" \/>\n<meta name=\"robots\" content=\"index, follow, max-snippet:-1, max-image-preview:large, max-video-preview:-1\" \/>\n<link rel=\"canonical\" href=\"https:\/\/www.pressenza.com\/es\/2009\/11\/la-cumbre-da-impulso-a-la-agricultura-para-acabar-con-el-hambre\/\" \/>\n<meta property=\"og:locale\" content=\"es_ES\" \/>\n<meta property=\"og:type\" content=\"article\" \/>\n<meta property=\"og:title\" content=\"La Cumbre da impulso a la agricultura para acabar con el hambre\" \/>\n<meta property=\"og:description\" content=\"La Cumbre Mundial sobre la Seguridad Alimentaria finaliz\u00f3 tras lograr el compromiso de la comunidad internacional de realizar m\u00e1s inversiones en agricultura y erradicar el hambre en el plazo m\u00e1s breve posible. El Director General de la FAO, Jacques Diouf, asegur\u00f3 que la Cumbre ha significado &quot;un paso importante para alcanzar nuestro objetivo com\u00fan: un mundo sin hambre&quot;.\" \/>\n<meta property=\"og:url\" content=\"https:\/\/www.pressenza.com\/es\/2009\/11\/la-cumbre-da-impulso-a-la-agricultura-para-acabar-con-el-hambre\/\" \/>\n<meta property=\"og:site_name\" content=\"Pressenza\" \/>\n<meta property=\"article:publisher\" content=\"https:\/\/www.facebook.com\/PressenzaItalia\" \/>\n<meta property=\"article:author\" content=\"https:\/\/www.facebook.com\/pressenza\" \/>\n<meta property=\"article:published_time\" content=\"2009-11-18T00:00:00+00:00\" \/>\n<meta property=\"article:modified_time\" content=\"2009-11-18T11:45:55+00:00\" \/>\n<meta name=\"author\" content=\"Pressenza IPA\" \/>\n<meta name=\"twitter:card\" content=\"summary_large_image\" \/>\n<meta name=\"twitter:creator\" content=\"@PressenzaIPA\" \/>\n<meta name=\"twitter:site\" content=\"@PressenzaIPA\" \/>\n<meta name=\"twitter:label1\" content=\"Escrito por\" \/>\n\t<meta name=\"twitter:data1\" content=\"Pressenza IPA\" \/>\n\t<meta name=\"twitter:label2\" content=\"Tiempo de lectura\" \/>\n\t<meta name=\"twitter:data2\" content=\"4 minutos\" \/>\n<script type=\"application\/ld+json\" class=\"yoast-schema-graph\">{\"@context\":\"https:\/\/schema.org\",\"@graph\":[{\"@type\":\"Article\",\"@id\":\"https:\/\/www.pressenza.com\/es\/2009\/11\/la-cumbre-da-impulso-a-la-agricultura-para-acabar-con-el-hambre\/#article\",\"isPartOf\":{\"@id\":\"https:\/\/www.pressenza.com\/es\/2009\/11\/la-cumbre-da-impulso-a-la-agricultura-para-acabar-con-el-hambre\/\"},\"author\":{\"name\":\"Pressenza IPA\",\"@id\":\"https:\/\/www.pressenza.com\/es\/#\/schema\/person\/010e5d02bcf40965427a1289a4cc8d75\"},\"headline\":\"La Cumbre da impulso a la agricultura para acabar con el hambre\",\"datePublished\":\"2009-11-18T00:00:00+00:00\",\"dateModified\":\"2009-11-18T11:45:55+00:00\",\"mainEntityOfPage\":{\"@id\":\"https:\/\/www.pressenza.com\/es\/2009\/11\/la-cumbre-da-impulso-a-la-agricultura-para-acabar-con-el-hambre\/\"},\"wordCount\":741,\"publisher\":{\"@id\":\"https:\/\/www.pressenza.com\/es\/#organization\"},\"articleSection\":[\"Comunicados de Prensa\",\"Europa\",\"Internacional\",\"Pol\u00edtica\"],\"inLanguage\":\"es\"},{\"@type\":\"WebPage\",\"@id\":\"https:\/\/www.pressenza.com\/es\/2009\/11\/la-cumbre-da-impulso-a-la-agricultura-para-acabar-con-el-hambre\/\",\"url\":\"https:\/\/www.pressenza.com\/es\/2009\/11\/la-cumbre-da-impulso-a-la-agricultura-para-acabar-con-el-hambre\/\",\"name\":\"La Cumbre da impulso a la agricultura para acabar con el hambre\",\"isPartOf\":{\"@id\":\"https:\/\/www.pressenza.com\/es\/#website\"},\"datePublished\":\"2009-11-18T00:00:00+00:00\",\"dateModified\":\"2009-11-18T11:45:55+00:00\",\"description\":\"La Cumbre Mundial sobre la Seguridad Alimentaria finaliz\u00f3 tras lograr el compromiso de la comunidad internacional de realizar m\u00e1s inversiones en agricultura y erradicar el hambre en el plazo m\u00e1s breve posible. El Director General de la FAO, Jacques Diouf, asegur\u00f3 que la Cumbre ha significado \\\"un paso importante para alcanzar nuestro objetivo com\u00fan: un mundo sin hambre\\\".\",\"breadcrumb\":{\"@id\":\"https:\/\/www.pressenza.com\/es\/2009\/11\/la-cumbre-da-impulso-a-la-agricultura-para-acabar-con-el-hambre\/#breadcrumb\"},\"inLanguage\":\"es\",\"potentialAction\":[{\"@type\":\"ReadAction\",\"target\":[\"https:\/\/www.pressenza.com\/es\/2009\/11\/la-cumbre-da-impulso-a-la-agricultura-para-acabar-con-el-hambre\/\"]}]},{\"@type\":\"BreadcrumbList\",\"@id\":\"https:\/\/www.pressenza.com\/es\/2009\/11\/la-cumbre-da-impulso-a-la-agricultura-para-acabar-con-el-hambre\/#breadcrumb\",\"itemListElement\":[{\"@type\":\"ListItem\",\"position\":1,\"name\":\"Accueil\",\"item\":\"https:\/\/www.pressenza.com\/es\/\"},{\"@type\":\"ListItem\",\"position\":2,\"name\":\"La Cumbre da impulso a la agricultura para acabar con el hambre\"}]},{\"@type\":\"WebSite\",\"@id\":\"https:\/\/www.pressenza.com\/es\/#website\",\"url\":\"https:\/\/www.pressenza.com\/es\/\",\"name\":\"Pressenza\",\"description\":\"International Press Agency\",\"publisher\":{\"@id\":\"https:\/\/www.pressenza.com\/es\/#organization\"},\"potentialAction\":[{\"@type\":\"SearchAction\",\"target\":{\"@type\":\"EntryPoint\",\"urlTemplate\":\"https:\/\/www.pressenza.com\/es\/?s={search_term_string}\"},\"query-input\":{\"@type\":\"PropertyValueSpecification\",\"valueRequired\":true,\"valueName\":\"search_term_string\"}}],\"inLanguage\":\"es\"},{\"@type\":\"Organization\",\"@id\":\"https:\/\/www.pressenza.com\/es\/#organization\",\"name\":\"Pressenza\",\"url\":\"https:\/\/www.pressenza.com\/es\/\",\"logo\":{\"@type\":\"ImageObject\",\"inLanguage\":\"es\",\"@id\":\"https:\/\/www.pressenza.com\/es\/#\/schema\/logo\/image\/\",\"url\":\"https:\/\/www.pressenza.com\/wp-content\/uploads\/2022\/10\/pressenza_logo_200x200.jpg\",\"contentUrl\":\"https:\/\/www.pressenza.com\/wp-content\/uploads\/2022\/10\/pressenza_logo_200x200.jpg\",\"width\":200,\"height\":200,\"caption\":\"Pressenza\"},\"image\":{\"@id\":\"https:\/\/www.pressenza.com\/es\/#\/schema\/logo\/image\/\"},\"sameAs\":[\"https:\/\/www.facebook.com\/PressenzaItalia\",\"https:\/\/x.com\/PressenzaIPA\"]},{\"@type\":\"Person\",\"@id\":\"https:\/\/www.pressenza.com\/es\/#\/schema\/person\/010e5d02bcf40965427a1289a4cc8d75\",\"name\":\"Pressenza IPA\",\"description\":\"News from Pressenza IPA correspondents\",\"sameAs\":[\"https:\/\/www.facebook.com\/pressenza\",\"https:\/\/x.com\/PressenzaIPA\"],\"url\":\"https:\/\/www.pressenza.com\/es\/author\/pressenza-ipa\/\"}]}<\/script>\n<!-- \/ Yoast SEO plugin. -->","yoast_head_json":{"title":"La Cumbre da impulso a la agricultura para acabar con el hambre","description":"La Cumbre Mundial sobre la Seguridad Alimentaria finaliz\u00f3 tras lograr el compromiso de la comunidad internacional de realizar m\u00e1s inversiones en agricultura y erradicar el hambre en el plazo m\u00e1s breve posible. El Director General de la FAO, Jacques Diouf, asegur\u00f3 que la Cumbre ha significado \"un paso importante para alcanzar nuestro objetivo com\u00fan: un mundo sin hambre\".","robots":{"index":"index","follow":"follow","max-snippet":"max-snippet:-1","max-image-preview":"max-image-preview:large","max-video-preview":"max-video-preview:-1"},"canonical":"https:\/\/www.pressenza.com\/es\/2009\/11\/la-cumbre-da-impulso-a-la-agricultura-para-acabar-con-el-hambre\/","og_locale":"es_ES","og_type":"article","og_title":"La Cumbre da impulso a la agricultura para acabar con el hambre","og_description":"La Cumbre Mundial sobre la Seguridad Alimentaria finaliz\u00f3 tras lograr el compromiso de la comunidad internacional de realizar m\u00e1s inversiones en agricultura y erradicar el hambre en el plazo m\u00e1s breve posible. El Director General de la FAO, Jacques Diouf, asegur\u00f3 que la Cumbre ha significado \"un paso importante para alcanzar nuestro objetivo com\u00fan: un mundo sin hambre\".","og_url":"https:\/\/www.pressenza.com\/es\/2009\/11\/la-cumbre-da-impulso-a-la-agricultura-para-acabar-con-el-hambre\/","og_site_name":"Pressenza","article_publisher":"https:\/\/www.facebook.com\/PressenzaItalia","article_author":"https:\/\/www.facebook.com\/pressenza","article_published_time":"2009-11-18T00:00:00+00:00","article_modified_time":"2009-11-18T11:45:55+00:00","author":"Pressenza IPA","twitter_card":"summary_large_image","twitter_creator":"@PressenzaIPA","twitter_site":"@PressenzaIPA","twitter_misc":{"Escrito por":"Pressenza IPA","Tiempo de lectura":"4 minutos"},"schema":{"@context":"https:\/\/schema.org","@graph":[{"@type":"Article","@id":"https:\/\/www.pressenza.com\/es\/2009\/11\/la-cumbre-da-impulso-a-la-agricultura-para-acabar-con-el-hambre\/#article","isPartOf":{"@id":"https:\/\/www.pressenza.com\/es\/2009\/11\/la-cumbre-da-impulso-a-la-agricultura-para-acabar-con-el-hambre\/"},"author":{"name":"Pressenza IPA","@id":"https:\/\/www.pressenza.com\/es\/#\/schema\/person\/010e5d02bcf40965427a1289a4cc8d75"},"headline":"La Cumbre da impulso a la agricultura para acabar con el hambre","datePublished":"2009-11-18T00:00:00+00:00","dateModified":"2009-11-18T11:45:55+00:00","mainEntityOfPage":{"@id":"https:\/\/www.pressenza.com\/es\/2009\/11\/la-cumbre-da-impulso-a-la-agricultura-para-acabar-con-el-hambre\/"},"wordCount":741,"publisher":{"@id":"https:\/\/www.pressenza.com\/es\/#organization"},"articleSection":["Comunicados de Prensa","Europa","Internacional","Pol\u00edtica"],"inLanguage":"es"},{"@type":"WebPage","@id":"https:\/\/www.pressenza.com\/es\/2009\/11\/la-cumbre-da-impulso-a-la-agricultura-para-acabar-con-el-hambre\/","url":"https:\/\/www.pressenza.com\/es\/2009\/11\/la-cumbre-da-impulso-a-la-agricultura-para-acabar-con-el-hambre\/","name":"La Cumbre da impulso a la agricultura para acabar con el hambre","isPartOf":{"@id":"https:\/\/www.pressenza.com\/es\/#website"},"datePublished":"2009-11-18T00:00:00+00:00","dateModified":"2009-11-18T11:45:55+00:00","description":"La Cumbre Mundial sobre la Seguridad Alimentaria finaliz\u00f3 tras lograr el compromiso de la comunidad internacional de realizar m\u00e1s inversiones en agricultura y erradicar el hambre en el plazo m\u00e1s breve posible. El Director General de la FAO, Jacques Diouf, asegur\u00f3 que la Cumbre ha significado \"un paso importante para alcanzar nuestro objetivo com\u00fan: un mundo sin hambre\".","breadcrumb":{"@id":"https:\/\/www.pressenza.com\/es\/2009\/11\/la-cumbre-da-impulso-a-la-agricultura-para-acabar-con-el-hambre\/#breadcrumb"},"inLanguage":"es","potentialAction":[{"@type":"ReadAction","target":["https:\/\/www.pressenza.com\/es\/2009\/11\/la-cumbre-da-impulso-a-la-agricultura-para-acabar-con-el-hambre\/"]}]},{"@type":"BreadcrumbList","@id":"https:\/\/www.pressenza.com\/es\/2009\/11\/la-cumbre-da-impulso-a-la-agricultura-para-acabar-con-el-hambre\/#breadcrumb","itemListElement":[{"@type":"ListItem","position":1,"name":"Accueil","item":"https:\/\/www.pressenza.com\/es\/"},{"@type":"ListItem","position":2,"name":"La Cumbre da impulso a la agricultura para acabar con el hambre"}]},{"@type":"WebSite","@id":"https:\/\/www.pressenza.com\/es\/#website","url":"https:\/\/www.pressenza.com\/es\/","name":"Pressenza","description":"International Press Agency","publisher":{"@id":"https:\/\/www.pressenza.com\/es\/#organization"},"potentialAction":[{"@type":"SearchAction","target":{"@type":"EntryPoint","urlTemplate":"https:\/\/www.pressenza.com\/es\/?s={search_term_string}"},"query-input":{"@type":"PropertyValueSpecification","valueRequired":true,"valueName":"search_term_string"}}],"inLanguage":"es"},{"@type":"Organization","@id":"https:\/\/www.pressenza.com\/es\/#organization","name":"Pressenza","url":"https:\/\/www.pressenza.com\/es\/","logo":{"@type":"ImageObject","inLanguage":"es","@id":"https:\/\/www.pressenza.com\/es\/#\/schema\/logo\/image\/","url":"https:\/\/www.pressenza.com\/wp-content\/uploads\/2022\/10\/pressenza_logo_200x200.jpg","contentUrl":"https:\/\/www.pressenza.com\/wp-content\/uploads\/2022\/10\/pressenza_logo_200x200.jpg","width":200,"height":200,"caption":"Pressenza"},"image":{"@id":"https:\/\/www.pressenza.com\/es\/#\/schema\/logo\/image\/"},"sameAs":["https:\/\/www.facebook.com\/PressenzaItalia","https:\/\/x.com\/PressenzaIPA"]},{"@type":"Person","@id":"https:\/\/www.pressenza.com\/es\/#\/schema\/person\/010e5d02bcf40965427a1289a4cc8d75","name":"Pressenza IPA","description":"News from Pressenza IPA correspondents","sameAs":["https:\/\/www.facebook.com\/pressenza","https:\/\/x.com\/PressenzaIPA"],"url":"https:\/\/www.pressenza.com\/es\/author\/pressenza-ipa\/"}]}},"place":"Roma","original_article_url":"","_links":{"self":[{"href":"https:\/\/www.pressenza.com\/es\/wp-json\/wp\/v2\/posts\/2291","targetHints":{"allow":["GET"]}}],"collection":[{"href":"https:\/\/www.pressenza.com\/es\/wp-json\/wp\/v2\/posts"}],"about":[{"href":"https:\/\/www.pressenza.com\/es\/wp-json\/wp\/v2\/types\/post"}],"author":[{"embeddable":true,"href":"https:\/\/www.pressenza.com\/es\/wp-json\/wp\/v2\/users\/19"}],"replies":[{"embeddable":true,"href":"https:\/\/www.pressenza.com\/es\/wp-json\/wp\/v2\/comments?post=2291"}],"version-history":[{"count":0,"href":"https:\/\/www.pressenza.com\/es\/wp-json\/wp\/v2\/posts\/2291\/revisions"}],"wp:attachment":[{"href":"https:\/\/www.pressenza.com\/es\/wp-json\/wp\/v2\/media?parent=2291"}],"wp:term":[{"taxonomy":"category","embeddable":true,"href":"https:\/\/www.pressenza.com\/es\/wp-json\/wp\/v2\/categories?post=2291"},{"taxonomy":"post_tag","embeddable":true,"href":"https:\/\/www.pressenza.com\/es\/wp-json\/wp\/v2\/tags?post=2291"}],"curies":[{"name":"wp","href":"https:\/\/api.w.org\/{rel}","templated":true}]}}