{"id":2286,"date":"2009-11-17T00:00:00","date_gmt":"2009-11-17T00:00:00","guid":{"rendered":""},"modified":"2009-11-19T19:19:51","modified_gmt":"2009-11-19T19:19:51","slug":"la-antorcha-de-la-paz-recibe-la-bienvenida-en-el-parlamento-escoces","status":"publish","type":"post","link":"https:\/\/www.pressenza.com\/es\/2009\/11\/la-antorcha-de-la-paz-recibe-la-bienvenida-en-el-parlamento-escoces\/","title":{"rendered":"La Antorcha de la Paz recibe la bienvenida en el Parlamento Escoc\u00e9s"},"content":{"rendered":"<p>Bill Kidd, Miembro del Parlamento Escoc\u00e9s (MSP) en Glasgow, y miembro del Consejo de Parlamentaristas por el Desarme y la No Proliferaci\u00f3n Nuclear, expres\u00f3:<\/p>\n<p>*\u201cEs un honor dar la bienvenida en el Parlamento Escoc\u00e9s a la Antorcha de la Paz y a la Marcha Mundial por la Paz y la No Violencia\u201d.*<br \/>\n*\u201cEl SNP (Partido Nacional Escoc\u00e9s), el Gobierno escoc\u00e9s y el Parlamento escoc\u00e9s apoyan los objetivos antinucleares de la Marcha\u201d.*<br \/>\n*\u201cEsta visita al Parlamento Escoc\u00e9s \u2014un Parlamento que se opone a la renovaci\u00f3n de las armas nucleares de Reino Unido\u2014, justo cuando la asamblea parlamentaria de la OTAN se re\u00fane en Edimburgo, es un muy oportuno recordatorio de la permanente oposici\u00f3n de Escocia a las armas nucleares\u201d.*<\/p>\n<p>Una moci\u00f3n para debate en el Parlamento, propuesta por Bill Kidd, dice as\u00ed:<\/p>\n<p>S3M-5210 Bill Kidd (Glasgow) (SNP): Marcha Mundial por la Paz y la No Violencia<br \/>\nQue el Parlamento se adhiere a los ideales de la Marcha Mundial por la Paz y la No Violencia, la cual parti\u00f3 de Nueva Zelanda el 2 de octubre de 2009 \u2014el d\u00eda marcado por la ONU como D\u00eda Internacional de la No Violencia\u2014 y que terminar\u00e1 en los Andes el 2 de enero de 2010; que busca lograr el fin de la guerra, el desmantelamiento de las armas nucleares y la eliminaci\u00f3n de todas las formas de violencia, incluyendo violencia f\u00edsica, econ\u00f3mica, racial, religiosa, cultural, sexual y psicol\u00f3gica; nota que la Antorcha de la Paz, que ha cruzado ya varios continentes y ha sido bien recibida por miles de simpatizantes, entre ellos el Papa Benedicto XVI (quien bendijo a la delegaci\u00f3n), visitar\u00e1 el Parlamento Escoc\u00e9s el 17 de noviembre de 2009 y solicita para esta importante misi\u00f3n el apoyo de todos aquellos que comparten sus ideales.<\/p>\n<p>*Traducci\u00f3n de: Patricia Straulino Peacock*<\/p>\n","protected":false},"excerpt":{"rendered":"<p>La Antorcha de la Paz permanecer\u00e1 frente a la entrada p\u00fablica de Holyrood a partir de las 13:00 horas del martes 17 de noviembre. Bill Kidd, del SNP y MSP, se uni\u00f3 al Ministro del Parlamento Bruce Crawford para dar la bienvenida a la Marcha Mundial por la Paz y la No Violencia en el Parlamento Escoc\u00e9s, mientras la Antorcha de la Paz llegaba al Parlamento a las 13:00 horas<\/p>\n","protected":false},"author":19,"featured_media":0,"comment_status":"closed","ping_status":"open","sticky":false,"template":"","format":"standard","meta":{"footnotes":""},"categories":[149,66,74],"tags":[],"class_list":["post-2286","post","type-post","status-publish","format-standard","hentry","category-comunicados-de-prensa","category-europa-es","category-politica-es"],"yoast_head":"<!-- This site is optimized with the Yoast SEO plugin v27.1.1 - https:\/\/yoast.com\/product\/yoast-seo-wordpress\/ -->\n<title>La Antorcha de la Paz recibe la bienvenida en el Parlamento Escoc\u00e9s<\/title>\n<meta name=\"description\" content=\"La Antorcha de la Paz permanecer\u00e1 frente a la entrada p\u00fablica de Holyrood a partir de las 13:00 horas del martes 17 de noviembre. Bill Kidd, del SNP y MSP, se uni\u00f3 al Ministro del Parlamento Bruce Crawford para dar la bienvenida a la Marcha Mundial por la Paz y la No Violencia en el Parlamento Escoc\u00e9s, mientras la Antorcha de la Paz llegaba al Parlamento a las 13:00 horas\" \/>\n<meta name=\"robots\" content=\"index, follow, max-snippet:-1, max-image-preview:large, max-video-preview:-1\" \/>\n<link rel=\"canonical\" href=\"https:\/\/www.pressenza.com\/es\/2009\/11\/la-antorcha-de-la-paz-recibe-la-bienvenida-en-el-parlamento-escoces\/\" \/>\n<meta property=\"og:locale\" content=\"es_ES\" \/>\n<meta property=\"og:type\" content=\"article\" \/>\n<meta property=\"og:title\" content=\"La Antorcha de la Paz recibe la bienvenida en el Parlamento Escoc\u00e9s\" \/>\n<meta property=\"og:description\" content=\"La Antorcha de la Paz permanecer\u00e1 frente a la entrada p\u00fablica de Holyrood a partir de las 13:00 horas del martes 17 de noviembre. Bill Kidd, del SNP y MSP, se uni\u00f3 al Ministro del Parlamento Bruce Crawford para dar la bienvenida a la Marcha Mundial por la Paz y la No Violencia en el Parlamento Escoc\u00e9s, mientras la Antorcha de la Paz llegaba al Parlamento a las 13:00 horas\" \/>\n<meta property=\"og:url\" content=\"https:\/\/www.pressenza.com\/es\/2009\/11\/la-antorcha-de-la-paz-recibe-la-bienvenida-en-el-parlamento-escoces\/\" \/>\n<meta property=\"og:site_name\" content=\"Pressenza\" \/>\n<meta property=\"article:publisher\" content=\"https:\/\/www.facebook.com\/PressenzaItalia\" \/>\n<meta property=\"article:author\" content=\"https:\/\/www.facebook.com\/pressenza\" \/>\n<meta property=\"article:published_time\" content=\"2009-11-17T00:00:00+00:00\" \/>\n<meta property=\"article:modified_time\" content=\"2009-11-19T19:19:51+00:00\" \/>\n<meta name=\"author\" content=\"Pressenza IPA\" \/>\n<meta name=\"twitter:card\" content=\"summary_large_image\" \/>\n<meta name=\"twitter:creator\" content=\"@PressenzaIPA\" \/>\n<meta name=\"twitter:site\" content=\"@PressenzaIPA\" \/>\n<meta name=\"twitter:label1\" content=\"Escrito por\" \/>\n\t<meta name=\"twitter:data1\" content=\"Pressenza IPA\" \/>\n\t<meta name=\"twitter:label2\" content=\"Tiempo de lectura\" \/>\n\t<meta name=\"twitter:data2\" content=\"2 minutos\" \/>\n<script type=\"application\/ld+json\" class=\"yoast-schema-graph\">{\"@context\":\"https:\/\/schema.org\",\"@graph\":[{\"@type\":\"Article\",\"@id\":\"https:\/\/www.pressenza.com\/es\/2009\/11\/la-antorcha-de-la-paz-recibe-la-bienvenida-en-el-parlamento-escoces\/#article\",\"isPartOf\":{\"@id\":\"https:\/\/www.pressenza.com\/es\/2009\/11\/la-antorcha-de-la-paz-recibe-la-bienvenida-en-el-parlamento-escoces\/\"},\"author\":{\"name\":\"Pressenza IPA\",\"@id\":\"https:\/\/www.pressenza.com\/es\/#\/schema\/person\/010e5d02bcf40965427a1289a4cc8d75\"},\"headline\":\"La Antorcha de la Paz recibe la bienvenida en el Parlamento Escoc\u00e9s\",\"datePublished\":\"2009-11-17T00:00:00+00:00\",\"dateModified\":\"2009-11-19T19:19:51+00:00\",\"mainEntityOfPage\":{\"@id\":\"https:\/\/www.pressenza.com\/es\/2009\/11\/la-antorcha-de-la-paz-recibe-la-bienvenida-en-el-parlamento-escoces\/\"},\"wordCount\":326,\"publisher\":{\"@id\":\"https:\/\/www.pressenza.com\/es\/#organization\"},\"articleSection\":[\"Comunicados de Prensa\",\"Europa\",\"Pol\u00edtica\"],\"inLanguage\":\"es\"},{\"@type\":\"WebPage\",\"@id\":\"https:\/\/www.pressenza.com\/es\/2009\/11\/la-antorcha-de-la-paz-recibe-la-bienvenida-en-el-parlamento-escoces\/\",\"url\":\"https:\/\/www.pressenza.com\/es\/2009\/11\/la-antorcha-de-la-paz-recibe-la-bienvenida-en-el-parlamento-escoces\/\",\"name\":\"La Antorcha de la Paz recibe la bienvenida en el Parlamento Escoc\u00e9s\",\"isPartOf\":{\"@id\":\"https:\/\/www.pressenza.com\/es\/#website\"},\"datePublished\":\"2009-11-17T00:00:00+00:00\",\"dateModified\":\"2009-11-19T19:19:51+00:00\",\"description\":\"La Antorcha de la Paz permanecer\u00e1 frente a la entrada p\u00fablica de Holyrood a partir de las 13:00 horas del martes 17 de noviembre. Bill Kidd, del SNP y MSP, se uni\u00f3 al Ministro del Parlamento Bruce Crawford para dar la bienvenida a la Marcha Mundial por la Paz y la No Violencia en el Parlamento Escoc\u00e9s, mientras la Antorcha de la Paz llegaba al Parlamento a las 13:00 horas\",\"breadcrumb\":{\"@id\":\"https:\/\/www.pressenza.com\/es\/2009\/11\/la-antorcha-de-la-paz-recibe-la-bienvenida-en-el-parlamento-escoces\/#breadcrumb\"},\"inLanguage\":\"es\",\"potentialAction\":[{\"@type\":\"ReadAction\",\"target\":[\"https:\/\/www.pressenza.com\/es\/2009\/11\/la-antorcha-de-la-paz-recibe-la-bienvenida-en-el-parlamento-escoces\/\"]}]},{\"@type\":\"BreadcrumbList\",\"@id\":\"https:\/\/www.pressenza.com\/es\/2009\/11\/la-antorcha-de-la-paz-recibe-la-bienvenida-en-el-parlamento-escoces\/#breadcrumb\",\"itemListElement\":[{\"@type\":\"ListItem\",\"position\":1,\"name\":\"Accueil\",\"item\":\"https:\/\/www.pressenza.com\/es\/\"},{\"@type\":\"ListItem\",\"position\":2,\"name\":\"La Antorcha de la Paz recibe la bienvenida en el Parlamento Escoc\u00e9s\"}]},{\"@type\":\"WebSite\",\"@id\":\"https:\/\/www.pressenza.com\/es\/#website\",\"url\":\"https:\/\/www.pressenza.com\/es\/\",\"name\":\"Pressenza\",\"description\":\"International Press Agency\",\"publisher\":{\"@id\":\"https:\/\/www.pressenza.com\/es\/#organization\"},\"potentialAction\":[{\"@type\":\"SearchAction\",\"target\":{\"@type\":\"EntryPoint\",\"urlTemplate\":\"https:\/\/www.pressenza.com\/es\/?s={search_term_string}\"},\"query-input\":{\"@type\":\"PropertyValueSpecification\",\"valueRequired\":true,\"valueName\":\"search_term_string\"}}],\"inLanguage\":\"es\"},{\"@type\":\"Organization\",\"@id\":\"https:\/\/www.pressenza.com\/es\/#organization\",\"name\":\"Pressenza\",\"url\":\"https:\/\/www.pressenza.com\/es\/\",\"logo\":{\"@type\":\"ImageObject\",\"inLanguage\":\"es\",\"@id\":\"https:\/\/www.pressenza.com\/es\/#\/schema\/logo\/image\/\",\"url\":\"https:\/\/www.pressenza.com\/wp-content\/uploads\/2022\/10\/pressenza_logo_200x200.jpg\",\"contentUrl\":\"https:\/\/www.pressenza.com\/wp-content\/uploads\/2022\/10\/pressenza_logo_200x200.jpg\",\"width\":200,\"height\":200,\"caption\":\"Pressenza\"},\"image\":{\"@id\":\"https:\/\/www.pressenza.com\/es\/#\/schema\/logo\/image\/\"},\"sameAs\":[\"https:\/\/www.facebook.com\/PressenzaItalia\",\"https:\/\/x.com\/PressenzaIPA\"]},{\"@type\":\"Person\",\"@id\":\"https:\/\/www.pressenza.com\/es\/#\/schema\/person\/010e5d02bcf40965427a1289a4cc8d75\",\"name\":\"Pressenza IPA\",\"description\":\"News from Pressenza IPA correspondents\",\"sameAs\":[\"https:\/\/www.facebook.com\/pressenza\",\"https:\/\/x.com\/PressenzaIPA\"],\"url\":\"https:\/\/www.pressenza.com\/es\/author\/pressenza-ipa\/\"}]}<\/script>\n<!-- \/ Yoast SEO plugin. -->","yoast_head_json":{"title":"La Antorcha de la Paz recibe la bienvenida en el Parlamento Escoc\u00e9s","description":"La Antorcha de la Paz permanecer\u00e1 frente a la entrada p\u00fablica de Holyrood a partir de las 13:00 horas del martes 17 de noviembre. Bill Kidd, del SNP y MSP, se uni\u00f3 al Ministro del Parlamento Bruce Crawford para dar la bienvenida a la Marcha Mundial por la Paz y la No Violencia en el Parlamento Escoc\u00e9s, mientras la Antorcha de la Paz llegaba al Parlamento a las 13:00 horas","robots":{"index":"index","follow":"follow","max-snippet":"max-snippet:-1","max-image-preview":"max-image-preview:large","max-video-preview":"max-video-preview:-1"},"canonical":"https:\/\/www.pressenza.com\/es\/2009\/11\/la-antorcha-de-la-paz-recibe-la-bienvenida-en-el-parlamento-escoces\/","og_locale":"es_ES","og_type":"article","og_title":"La Antorcha de la Paz recibe la bienvenida en el Parlamento Escoc\u00e9s","og_description":"La Antorcha de la Paz permanecer\u00e1 frente a la entrada p\u00fablica de Holyrood a partir de las 13:00 horas del martes 17 de noviembre. Bill Kidd, del SNP y MSP, se uni\u00f3 al Ministro del Parlamento Bruce Crawford para dar la bienvenida a la Marcha Mundial por la Paz y la No Violencia en el Parlamento Escoc\u00e9s, mientras la Antorcha de la Paz llegaba al Parlamento a las 13:00 horas","og_url":"https:\/\/www.pressenza.com\/es\/2009\/11\/la-antorcha-de-la-paz-recibe-la-bienvenida-en-el-parlamento-escoces\/","og_site_name":"Pressenza","article_publisher":"https:\/\/www.facebook.com\/PressenzaItalia","article_author":"https:\/\/www.facebook.com\/pressenza","article_published_time":"2009-11-17T00:00:00+00:00","article_modified_time":"2009-11-19T19:19:51+00:00","author":"Pressenza IPA","twitter_card":"summary_large_image","twitter_creator":"@PressenzaIPA","twitter_site":"@PressenzaIPA","twitter_misc":{"Escrito por":"Pressenza IPA","Tiempo de lectura":"2 minutos"},"schema":{"@context":"https:\/\/schema.org","@graph":[{"@type":"Article","@id":"https:\/\/www.pressenza.com\/es\/2009\/11\/la-antorcha-de-la-paz-recibe-la-bienvenida-en-el-parlamento-escoces\/#article","isPartOf":{"@id":"https:\/\/www.pressenza.com\/es\/2009\/11\/la-antorcha-de-la-paz-recibe-la-bienvenida-en-el-parlamento-escoces\/"},"author":{"name":"Pressenza IPA","@id":"https:\/\/www.pressenza.com\/es\/#\/schema\/person\/010e5d02bcf40965427a1289a4cc8d75"},"headline":"La Antorcha de la Paz recibe la bienvenida en el Parlamento Escoc\u00e9s","datePublished":"2009-11-17T00:00:00+00:00","dateModified":"2009-11-19T19:19:51+00:00","mainEntityOfPage":{"@id":"https:\/\/www.pressenza.com\/es\/2009\/11\/la-antorcha-de-la-paz-recibe-la-bienvenida-en-el-parlamento-escoces\/"},"wordCount":326,"publisher":{"@id":"https:\/\/www.pressenza.com\/es\/#organization"},"articleSection":["Comunicados de Prensa","Europa","Pol\u00edtica"],"inLanguage":"es"},{"@type":"WebPage","@id":"https:\/\/www.pressenza.com\/es\/2009\/11\/la-antorcha-de-la-paz-recibe-la-bienvenida-en-el-parlamento-escoces\/","url":"https:\/\/www.pressenza.com\/es\/2009\/11\/la-antorcha-de-la-paz-recibe-la-bienvenida-en-el-parlamento-escoces\/","name":"La Antorcha de la Paz recibe la bienvenida en el Parlamento Escoc\u00e9s","isPartOf":{"@id":"https:\/\/www.pressenza.com\/es\/#website"},"datePublished":"2009-11-17T00:00:00+00:00","dateModified":"2009-11-19T19:19:51+00:00","description":"La Antorcha de la Paz permanecer\u00e1 frente a la entrada p\u00fablica de Holyrood a partir de las 13:00 horas del martes 17 de noviembre. Bill Kidd, del SNP y MSP, se uni\u00f3 al Ministro del Parlamento Bruce Crawford para dar la bienvenida a la Marcha Mundial por la Paz y la No Violencia en el Parlamento Escoc\u00e9s, mientras la Antorcha de la Paz llegaba al Parlamento a las 13:00 horas","breadcrumb":{"@id":"https:\/\/www.pressenza.com\/es\/2009\/11\/la-antorcha-de-la-paz-recibe-la-bienvenida-en-el-parlamento-escoces\/#breadcrumb"},"inLanguage":"es","potentialAction":[{"@type":"ReadAction","target":["https:\/\/www.pressenza.com\/es\/2009\/11\/la-antorcha-de-la-paz-recibe-la-bienvenida-en-el-parlamento-escoces\/"]}]},{"@type":"BreadcrumbList","@id":"https:\/\/www.pressenza.com\/es\/2009\/11\/la-antorcha-de-la-paz-recibe-la-bienvenida-en-el-parlamento-escoces\/#breadcrumb","itemListElement":[{"@type":"ListItem","position":1,"name":"Accueil","item":"https:\/\/www.pressenza.com\/es\/"},{"@type":"ListItem","position":2,"name":"La Antorcha de la Paz recibe la bienvenida en el Parlamento Escoc\u00e9s"}]},{"@type":"WebSite","@id":"https:\/\/www.pressenza.com\/es\/#website","url":"https:\/\/www.pressenza.com\/es\/","name":"Pressenza","description":"International Press Agency","publisher":{"@id":"https:\/\/www.pressenza.com\/es\/#organization"},"potentialAction":[{"@type":"SearchAction","target":{"@type":"EntryPoint","urlTemplate":"https:\/\/www.pressenza.com\/es\/?s={search_term_string}"},"query-input":{"@type":"PropertyValueSpecification","valueRequired":true,"valueName":"search_term_string"}}],"inLanguage":"es"},{"@type":"Organization","@id":"https:\/\/www.pressenza.com\/es\/#organization","name":"Pressenza","url":"https:\/\/www.pressenza.com\/es\/","logo":{"@type":"ImageObject","inLanguage":"es","@id":"https:\/\/www.pressenza.com\/es\/#\/schema\/logo\/image\/","url":"https:\/\/www.pressenza.com\/wp-content\/uploads\/2022\/10\/pressenza_logo_200x200.jpg","contentUrl":"https:\/\/www.pressenza.com\/wp-content\/uploads\/2022\/10\/pressenza_logo_200x200.jpg","width":200,"height":200,"caption":"Pressenza"},"image":{"@id":"https:\/\/www.pressenza.com\/es\/#\/schema\/logo\/image\/"},"sameAs":["https:\/\/www.facebook.com\/PressenzaItalia","https:\/\/x.com\/PressenzaIPA"]},{"@type":"Person","@id":"https:\/\/www.pressenza.com\/es\/#\/schema\/person\/010e5d02bcf40965427a1289a4cc8d75","name":"Pressenza IPA","description":"News from Pressenza IPA correspondents","sameAs":["https:\/\/www.facebook.com\/pressenza","https:\/\/x.com\/PressenzaIPA"],"url":"https:\/\/www.pressenza.com\/es\/author\/pressenza-ipa\/"}]}},"place":"Glasgow","original_article_url":"","_links":{"self":[{"href":"https:\/\/www.pressenza.com\/es\/wp-json\/wp\/v2\/posts\/2286","targetHints":{"allow":["GET"]}}],"collection":[{"href":"https:\/\/www.pressenza.com\/es\/wp-json\/wp\/v2\/posts"}],"about":[{"href":"https:\/\/www.pressenza.com\/es\/wp-json\/wp\/v2\/types\/post"}],"author":[{"embeddable":true,"href":"https:\/\/www.pressenza.com\/es\/wp-json\/wp\/v2\/users\/19"}],"replies":[{"embeddable":true,"href":"https:\/\/www.pressenza.com\/es\/wp-json\/wp\/v2\/comments?post=2286"}],"version-history":[{"count":0,"href":"https:\/\/www.pressenza.com\/es\/wp-json\/wp\/v2\/posts\/2286\/revisions"}],"wp:attachment":[{"href":"https:\/\/www.pressenza.com\/es\/wp-json\/wp\/v2\/media?parent=2286"}],"wp:term":[{"taxonomy":"category","embeddable":true,"href":"https:\/\/www.pressenza.com\/es\/wp-json\/wp\/v2\/categories?post=2286"},{"taxonomy":"post_tag","embeddable":true,"href":"https:\/\/www.pressenza.com\/es\/wp-json\/wp\/v2\/tags?post=2286"}],"curies":[{"name":"wp","href":"https:\/\/api.w.org\/{rel}","templated":true}]}}