{"id":228589,"date":"2015-10-02T15:42:37","date_gmt":"2015-10-02T14:42:37","guid":{"rendered":"http:\/\/www.pressenza.com\/es\/?p=228589"},"modified":"2016-03-30T19:21:04","modified_gmt":"2016-03-30T18:21:04","slug":"escultura-en-homenaje-a-silo","status":"publish","type":"post","link":"https:\/\/www.pressenza.com\/es\/2015\/10\/escultura-en-homenaje-a-silo\/","title":{"rendered":"Escultura en homenaje a Silo"},"content":{"rendered":"<p style=\"text-align: justify;\">En el D\u00eda Internacional de la No-Violencia se ha querido anticipar y mostrar las im\u00e1genes de la escultura que ser\u00e1 colocada en las rutas de la alta monta\u00f1a, en la Cordillera de Los Andes, de la figura de Silo.<\/p>\n<p style=\"text-align: justify;\">Se trata de una obra realizada por el artista de larga trayectoria Daniel Zimmermann que en el siguiente v\u00eddeo nos hace ver el trabajo apenas concluido, en los talleres en que ha sido esculpida la figura y desde donde se la trasladar\u00e1, en fecha por comunicar y cuando las autoridades locales resuelvan sobre el emplazamiento definitivo de esta escultura.<\/p>\n<p style=\"text-align: justify;\">Con mucha probabilidad la obra ser\u00e1 colocada en la Ruta Internacional entre Chile y Argentina, cerca de la localidad de Uspallata y de camino hacia el Parque de Estudio y Reflexi\u00f3n Punta de Vacas, donde Silo desarrollara su mensaje no-violento.<\/p>\n<p style=\"text-align: justify;\"><a href=\"https:\/\/www.pressenza.com\/es\/tag\/2o-dia-de-la-no-violencia\/\">#20-dia-de-la-no-violencia<\/a><\/p>\n<p><iframe loading=\"lazy\" title=\"Estatua de Silo - 2 de Octubre 2015\" width=\"500\" height=\"281\" src=\"https:\/\/www.youtube.com\/embed\/SfhDBbgW4-0?feature=oembed\" frameborder=\"0\" allow=\"accelerometer; autoplay; clipboard-write; encrypted-media; gyroscope; picture-in-picture; web-share\" referrerpolicy=\"strict-origin-when-cross-origin\" allowfullscreen><\/iframe><\/p>\n","protected":false},"excerpt":{"rendered":"<p>En el D\u00eda Internacional de la No-Violencia se ha querido anticipar y mostrar las im\u00e1genes de la escultura que ser\u00e1 colocada en las rutas de la alta monta\u00f1a, en la Cordillera de Los Andes, de la figura de Silo. Se&hellip;<\/p>\n","protected":false},"author":87,"featured_media":228615,"comment_status":"closed","ping_status":"open","sticky":false,"template":"","format":"standard","meta":{"footnotes":""},"categories":[11389,1240,67],"tags":[20489,20488,383,542],"class_list":["post-228589","post","type-post","status-publish","format-standard","has-post-thumbnail","hentry","category-contenido-original","category-humanismo-espiritualidad","category-sudamerica","tag-daniel-zimmermann","tag-escultura","tag-noviolencia","tag-silo"],"yoast_head":"<!-- This site is optimized with the Yoast SEO plugin v27.1.1 - https:\/\/yoast.com\/product\/yoast-seo-wordpress\/ -->\n<title>Escultura en homenaje a Silo<\/title>\n<meta name=\"description\" content=\"En el D\u00eda Internacional de la No-Violencia se ha querido anticipar y mostrar las im\u00e1genes de la escultura que ser\u00e1 colocada en las rutas de la alta\" \/>\n<meta name=\"robots\" content=\"index, follow, max-snippet:-1, max-image-preview:large, max-video-preview:-1\" \/>\n<link rel=\"canonical\" href=\"https:\/\/www.pressenza.com\/es\/2015\/10\/escultura-en-homenaje-a-silo\/\" \/>\n<meta property=\"og:locale\" content=\"es_ES\" \/>\n<meta property=\"og:type\" content=\"article\" \/>\n<meta property=\"og:title\" content=\"Escultura en homenaje a Silo\" \/>\n<meta property=\"og:description\" content=\"En el D\u00eda Internacional de la No-Violencia se ha querido anticipar y mostrar las im\u00e1genes de la escultura que ser\u00e1 colocada en las rutas de la alta\" \/>\n<meta property=\"og:url\" content=\"https:\/\/www.pressenza.com\/es\/2015\/10\/escultura-en-homenaje-a-silo\/\" \/>\n<meta property=\"og:site_name\" content=\"Pressenza\" \/>\n<meta property=\"article:publisher\" content=\"https:\/\/www.facebook.com\/PressenzaItalia\" \/>\n<meta property=\"article:published_time\" content=\"2015-10-02T14:42:37+00:00\" \/>\n<meta property=\"article:modified_time\" content=\"2016-03-30T18:21:04+00:00\" \/>\n<meta property=\"og:image\" content=\"https:\/\/www.pressenza.com\/wp-content\/uploads\/2015\/10\/esc.jpg\" \/>\n\t<meta property=\"og:image:width\" content=\"1077\" \/>\n\t<meta property=\"og:image:height\" content=\"553\" \/>\n\t<meta property=\"og:image:type\" content=\"image\/jpeg\" \/>\n<meta name=\"author\" content=\"Redacci\u00f3n Argentina\" \/>\n<meta name=\"twitter:card\" content=\"summary_large_image\" \/>\n<meta name=\"twitter:creator\" content=\"@pressenza\" \/>\n<meta name=\"twitter:site\" content=\"@PressenzaIPA\" \/>\n<meta name=\"twitter:label1\" content=\"Escrito por\" \/>\n\t<meta name=\"twitter:data1\" content=\"Redacci\u00f3n Argentina\" \/>\n\t<meta name=\"twitter:label2\" content=\"Tiempo de lectura\" \/>\n\t<meta name=\"twitter:data2\" content=\"1 minuto\" \/>\n<script type=\"application\/ld+json\" class=\"yoast-schema-graph\">{\"@context\":\"https:\/\/schema.org\",\"@graph\":[{\"@type\":\"Article\",\"@id\":\"https:\/\/www.pressenza.com\/es\/2015\/10\/escultura-en-homenaje-a-silo\/#article\",\"isPartOf\":{\"@id\":\"https:\/\/www.pressenza.com\/es\/2015\/10\/escultura-en-homenaje-a-silo\/\"},\"author\":{\"name\":\"Redacci\u00f3n Argentina\",\"@id\":\"https:\/\/www.pressenza.com\/es\/#\/schema\/person\/0dda7d1b68267ad95b1e1d83abc98c89\"},\"headline\":\"Escultura en homenaje a Silo\",\"datePublished\":\"2015-10-02T14:42:37+00:00\",\"dateModified\":\"2016-03-30T18:21:04+00:00\",\"mainEntityOfPage\":{\"@id\":\"https:\/\/www.pressenza.com\/es\/2015\/10\/escultura-en-homenaje-a-silo\/\"},\"wordCount\":154,\"publisher\":{\"@id\":\"https:\/\/www.pressenza.com\/es\/#organization\"},\"image\":{\"@id\":\"https:\/\/www.pressenza.com\/es\/2015\/10\/escultura-en-homenaje-a-silo\/#primaryimage\"},\"thumbnailUrl\":\"https:\/\/www.pressenza.com\/wp-content\/uploads\/2015\/10\/esc.jpg\",\"keywords\":[\"Daniel Zimmermann\",\"escultura\",\"Noviolencia\",\"Silo\"],\"articleSection\":[\"Contenido Original\",\"Humanismo y Espiritualidad\",\"Sudam\u00e9rica\"],\"inLanguage\":\"es\"},{\"@type\":\"WebPage\",\"@id\":\"https:\/\/www.pressenza.com\/es\/2015\/10\/escultura-en-homenaje-a-silo\/\",\"url\":\"https:\/\/www.pressenza.com\/es\/2015\/10\/escultura-en-homenaje-a-silo\/\",\"name\":\"Escultura en homenaje a Silo\",\"isPartOf\":{\"@id\":\"https:\/\/www.pressenza.com\/es\/#website\"},\"primaryImageOfPage\":{\"@id\":\"https:\/\/www.pressenza.com\/es\/2015\/10\/escultura-en-homenaje-a-silo\/#primaryimage\"},\"image\":{\"@id\":\"https:\/\/www.pressenza.com\/es\/2015\/10\/escultura-en-homenaje-a-silo\/#primaryimage\"},\"thumbnailUrl\":\"https:\/\/www.pressenza.com\/wp-content\/uploads\/2015\/10\/esc.jpg\",\"datePublished\":\"2015-10-02T14:42:37+00:00\",\"dateModified\":\"2016-03-30T18:21:04+00:00\",\"description\":\"En el D\u00eda Internacional de la No-Violencia se ha querido anticipar y mostrar las im\u00e1genes de la escultura que ser\u00e1 colocada en las rutas de la alta\",\"breadcrumb\":{\"@id\":\"https:\/\/www.pressenza.com\/es\/2015\/10\/escultura-en-homenaje-a-silo\/#breadcrumb\"},\"inLanguage\":\"es\",\"potentialAction\":[{\"@type\":\"ReadAction\",\"target\":[\"https:\/\/www.pressenza.com\/es\/2015\/10\/escultura-en-homenaje-a-silo\/\"]}]},{\"@type\":\"ImageObject\",\"inLanguage\":\"es\",\"@id\":\"https:\/\/www.pressenza.com\/es\/2015\/10\/escultura-en-homenaje-a-silo\/#primaryimage\",\"url\":\"https:\/\/www.pressenza.com\/wp-content\/uploads\/2015\/10\/esc.jpg\",\"contentUrl\":\"https:\/\/www.pressenza.com\/wp-content\/uploads\/2015\/10\/esc.jpg\",\"width\":1077,\"height\":553},{\"@type\":\"BreadcrumbList\",\"@id\":\"https:\/\/www.pressenza.com\/es\/2015\/10\/escultura-en-homenaje-a-silo\/#breadcrumb\",\"itemListElement\":[{\"@type\":\"ListItem\",\"position\":1,\"name\":\"Accueil\",\"item\":\"https:\/\/www.pressenza.com\/es\/\"},{\"@type\":\"ListItem\",\"position\":2,\"name\":\"Escultura en homenaje a Silo\"}]},{\"@type\":\"WebSite\",\"@id\":\"https:\/\/www.pressenza.com\/es\/#website\",\"url\":\"https:\/\/www.pressenza.com\/es\/\",\"name\":\"Pressenza\",\"description\":\"International Press Agency\",\"publisher\":{\"@id\":\"https:\/\/www.pressenza.com\/es\/#organization\"},\"potentialAction\":[{\"@type\":\"SearchAction\",\"target\":{\"@type\":\"EntryPoint\",\"urlTemplate\":\"https:\/\/www.pressenza.com\/es\/?s={search_term_string}\"},\"query-input\":{\"@type\":\"PropertyValueSpecification\",\"valueRequired\":true,\"valueName\":\"search_term_string\"}}],\"inLanguage\":\"es\"},{\"@type\":\"Organization\",\"@id\":\"https:\/\/www.pressenza.com\/es\/#organization\",\"name\":\"Pressenza\",\"url\":\"https:\/\/www.pressenza.com\/es\/\",\"logo\":{\"@type\":\"ImageObject\",\"inLanguage\":\"es\",\"@id\":\"https:\/\/www.pressenza.com\/es\/#\/schema\/logo\/image\/\",\"url\":\"https:\/\/www.pressenza.com\/wp-content\/uploads\/2022\/10\/pressenza_logo_200x200.jpg\",\"contentUrl\":\"https:\/\/www.pressenza.com\/wp-content\/uploads\/2022\/10\/pressenza_logo_200x200.jpg\",\"width\":200,\"height\":200,\"caption\":\"Pressenza\"},\"image\":{\"@id\":\"https:\/\/www.pressenza.com\/es\/#\/schema\/logo\/image\/\"},\"sameAs\":[\"https:\/\/www.facebook.com\/PressenzaItalia\",\"https:\/\/x.com\/PressenzaIPA\"]},{\"@type\":\"Person\",\"@id\":\"https:\/\/www.pressenza.com\/es\/#\/schema\/person\/0dda7d1b68267ad95b1e1d83abc98c89\",\"name\":\"Redacci\u00f3n Argentina\",\"description\":\"News from the Pressenza Bureau in Argentina.\",\"sameAs\":[\"https:\/\/x.com\/pressenza\"],\"url\":\"https:\/\/www.pressenza.com\/es\/author\/redaccion-argentina\/\"}]}<\/script>\n<!-- \/ Yoast SEO plugin. -->","yoast_head_json":{"title":"Escultura en homenaje a Silo","description":"En el D\u00eda Internacional de la No-Violencia se ha querido anticipar y mostrar las im\u00e1genes de la escultura que ser\u00e1 colocada en las rutas de la alta","robots":{"index":"index","follow":"follow","max-snippet":"max-snippet:-1","max-image-preview":"max-image-preview:large","max-video-preview":"max-video-preview:-1"},"canonical":"https:\/\/www.pressenza.com\/es\/2015\/10\/escultura-en-homenaje-a-silo\/","og_locale":"es_ES","og_type":"article","og_title":"Escultura en homenaje a Silo","og_description":"En el D\u00eda Internacional de la No-Violencia se ha querido anticipar y mostrar las im\u00e1genes de la escultura que ser\u00e1 colocada en las rutas de la alta","og_url":"https:\/\/www.pressenza.com\/es\/2015\/10\/escultura-en-homenaje-a-silo\/","og_site_name":"Pressenza","article_publisher":"https:\/\/www.facebook.com\/PressenzaItalia","article_published_time":"2015-10-02T14:42:37+00:00","article_modified_time":"2016-03-30T18:21:04+00:00","og_image":[{"width":1077,"height":553,"url":"https:\/\/www.pressenza.com\/wp-content\/uploads\/2015\/10\/esc.jpg","type":"image\/jpeg"}],"author":"Redacci\u00f3n Argentina","twitter_card":"summary_large_image","twitter_creator":"@pressenza","twitter_site":"@PressenzaIPA","twitter_misc":{"Escrito por":"Redacci\u00f3n Argentina","Tiempo de lectura":"1 minuto"},"schema":{"@context":"https:\/\/schema.org","@graph":[{"@type":"Article","@id":"https:\/\/www.pressenza.com\/es\/2015\/10\/escultura-en-homenaje-a-silo\/#article","isPartOf":{"@id":"https:\/\/www.pressenza.com\/es\/2015\/10\/escultura-en-homenaje-a-silo\/"},"author":{"name":"Redacci\u00f3n Argentina","@id":"https:\/\/www.pressenza.com\/es\/#\/schema\/person\/0dda7d1b68267ad95b1e1d83abc98c89"},"headline":"Escultura en homenaje a Silo","datePublished":"2015-10-02T14:42:37+00:00","dateModified":"2016-03-30T18:21:04+00:00","mainEntityOfPage":{"@id":"https:\/\/www.pressenza.com\/es\/2015\/10\/escultura-en-homenaje-a-silo\/"},"wordCount":154,"publisher":{"@id":"https:\/\/www.pressenza.com\/es\/#organization"},"image":{"@id":"https:\/\/www.pressenza.com\/es\/2015\/10\/escultura-en-homenaje-a-silo\/#primaryimage"},"thumbnailUrl":"https:\/\/www.pressenza.com\/wp-content\/uploads\/2015\/10\/esc.jpg","keywords":["Daniel Zimmermann","escultura","Noviolencia","Silo"],"articleSection":["Contenido Original","Humanismo y Espiritualidad","Sudam\u00e9rica"],"inLanguage":"es"},{"@type":"WebPage","@id":"https:\/\/www.pressenza.com\/es\/2015\/10\/escultura-en-homenaje-a-silo\/","url":"https:\/\/www.pressenza.com\/es\/2015\/10\/escultura-en-homenaje-a-silo\/","name":"Escultura en homenaje a Silo","isPartOf":{"@id":"https:\/\/www.pressenza.com\/es\/#website"},"primaryImageOfPage":{"@id":"https:\/\/www.pressenza.com\/es\/2015\/10\/escultura-en-homenaje-a-silo\/#primaryimage"},"image":{"@id":"https:\/\/www.pressenza.com\/es\/2015\/10\/escultura-en-homenaje-a-silo\/#primaryimage"},"thumbnailUrl":"https:\/\/www.pressenza.com\/wp-content\/uploads\/2015\/10\/esc.jpg","datePublished":"2015-10-02T14:42:37+00:00","dateModified":"2016-03-30T18:21:04+00:00","description":"En el D\u00eda Internacional de la No-Violencia se ha querido anticipar y mostrar las im\u00e1genes de la escultura que ser\u00e1 colocada en las rutas de la alta","breadcrumb":{"@id":"https:\/\/www.pressenza.com\/es\/2015\/10\/escultura-en-homenaje-a-silo\/#breadcrumb"},"inLanguage":"es","potentialAction":[{"@type":"ReadAction","target":["https:\/\/www.pressenza.com\/es\/2015\/10\/escultura-en-homenaje-a-silo\/"]}]},{"@type":"ImageObject","inLanguage":"es","@id":"https:\/\/www.pressenza.com\/es\/2015\/10\/escultura-en-homenaje-a-silo\/#primaryimage","url":"https:\/\/www.pressenza.com\/wp-content\/uploads\/2015\/10\/esc.jpg","contentUrl":"https:\/\/www.pressenza.com\/wp-content\/uploads\/2015\/10\/esc.jpg","width":1077,"height":553},{"@type":"BreadcrumbList","@id":"https:\/\/www.pressenza.com\/es\/2015\/10\/escultura-en-homenaje-a-silo\/#breadcrumb","itemListElement":[{"@type":"ListItem","position":1,"name":"Accueil","item":"https:\/\/www.pressenza.com\/es\/"},{"@type":"ListItem","position":2,"name":"Escultura en homenaje a Silo"}]},{"@type":"WebSite","@id":"https:\/\/www.pressenza.com\/es\/#website","url":"https:\/\/www.pressenza.com\/es\/","name":"Pressenza","description":"International Press Agency","publisher":{"@id":"https:\/\/www.pressenza.com\/es\/#organization"},"potentialAction":[{"@type":"SearchAction","target":{"@type":"EntryPoint","urlTemplate":"https:\/\/www.pressenza.com\/es\/?s={search_term_string}"},"query-input":{"@type":"PropertyValueSpecification","valueRequired":true,"valueName":"search_term_string"}}],"inLanguage":"es"},{"@type":"Organization","@id":"https:\/\/www.pressenza.com\/es\/#organization","name":"Pressenza","url":"https:\/\/www.pressenza.com\/es\/","logo":{"@type":"ImageObject","inLanguage":"es","@id":"https:\/\/www.pressenza.com\/es\/#\/schema\/logo\/image\/","url":"https:\/\/www.pressenza.com\/wp-content\/uploads\/2022\/10\/pressenza_logo_200x200.jpg","contentUrl":"https:\/\/www.pressenza.com\/wp-content\/uploads\/2022\/10\/pressenza_logo_200x200.jpg","width":200,"height":200,"caption":"Pressenza"},"image":{"@id":"https:\/\/www.pressenza.com\/es\/#\/schema\/logo\/image\/"},"sameAs":["https:\/\/www.facebook.com\/PressenzaItalia","https:\/\/x.com\/PressenzaIPA"]},{"@type":"Person","@id":"https:\/\/www.pressenza.com\/es\/#\/schema\/person\/0dda7d1b68267ad95b1e1d83abc98c89","name":"Redacci\u00f3n Argentina","description":"News from the Pressenza Bureau in Argentina.","sameAs":["https:\/\/x.com\/pressenza"],"url":"https:\/\/www.pressenza.com\/es\/author\/redaccion-argentina\/"}]}},"place":"Uspallata, Argentina","original_article_url":"","_links":{"self":[{"href":"https:\/\/www.pressenza.com\/es\/wp-json\/wp\/v2\/posts\/228589","targetHints":{"allow":["GET"]}}],"collection":[{"href":"https:\/\/www.pressenza.com\/es\/wp-json\/wp\/v2\/posts"}],"about":[{"href":"https:\/\/www.pressenza.com\/es\/wp-json\/wp\/v2\/types\/post"}],"author":[{"embeddable":true,"href":"https:\/\/www.pressenza.com\/es\/wp-json\/wp\/v2\/users\/87"}],"replies":[{"embeddable":true,"href":"https:\/\/www.pressenza.com\/es\/wp-json\/wp\/v2\/comments?post=228589"}],"version-history":[{"count":0,"href":"https:\/\/www.pressenza.com\/es\/wp-json\/wp\/v2\/posts\/228589\/revisions"}],"wp:featuredmedia":[{"embeddable":true,"href":"https:\/\/www.pressenza.com\/es\/wp-json\/wp\/v2\/media\/228615"}],"wp:attachment":[{"href":"https:\/\/www.pressenza.com\/es\/wp-json\/wp\/v2\/media?parent=228589"}],"wp:term":[{"taxonomy":"category","embeddable":true,"href":"https:\/\/www.pressenza.com\/es\/wp-json\/wp\/v2\/categories?post=228589"},{"taxonomy":"post_tag","embeddable":true,"href":"https:\/\/www.pressenza.com\/es\/wp-json\/wp\/v2\/tags?post=228589"}],"curies":[{"name":"wp","href":"https:\/\/api.w.org\/{rel}","templated":true}]}}