{"id":228380,"date":"2015-10-02T12:18:09","date_gmt":"2015-10-02T11:18:09","guid":{"rendered":"http:\/\/www.pressenza.com\/es\/?p=228380"},"modified":"2015-10-02T12:18:09","modified_gmt":"2015-10-02T11:18:09","slug":"malaga-ahora-se-impone-su-politica-sobre-vivienda","status":"publish","type":"post","link":"https:\/\/www.pressenza.com\/es\/2015\/10\/malaga-ahora-se-impone-su-politica-sobre-vivienda\/","title":{"rendered":"M\u00e1laga Ahora: se impone su pol\u00edtica sobre vivienda"},"content":{"rendered":"<ul>\n<li>La Diputaci\u00f3n reconoce el trabajo de M\u00e1laga Ahora en su nueva pol\u00edtica sobre vivienda<\/li>\n<\/ul>\n<section class=\"entry-content \">\n<div class=\"pf-content\">El presidente de la Diputaci\u00f3n de M\u00e1laga, El\u00edas Bendodo, ha presentado en rueda de prensa la futura pol\u00edtica provincial en materia de vivienda junto a Rosa Galindo, portavoz de M\u00e1laga Ahora, la formaci\u00f3n que logr\u00f3 aprobar en el \u00faltimo Pleno una moci\u00f3n con las nuevas medidas.<br \/>\nGalindo ha declarado que esta moci\u00f3n ha sido redactada junto a la PAH M\u00e1laga y que nunca tendr\u00eda que haber sido necesaria: \u201cNace como consecuencia de la pasividad institucional en todos estos a\u00f1os, de los miles de euros en multas a activistas de la PAH, de la ILP rechazada en el Congreso\u201d.<\/p>\n<p>A lo largo del \u00faltimo a\u00f1o, la actual Oficina de Intermediaci\u00f3n Hipotecaria ha logrado paralizar 183 desahucios, lo que Galindo ha valorado positivamente, aunque ha recordado que \u201ces insuficiente, puesto que la provincia tuvo m\u00e1s de 3.000\u201d. Por eso, la moci\u00f3n presentada por M\u00e1laga Ahora propone, en primer lugar, que este organismo pase a llamarse Oficina Provincial por el Derecho a la Vivienda, puesto que no solo mediar\u00e1 para evitar que se produzcan nuevos desahucios: \u201cLa Diputaci\u00f3n ha adquirido el compromiso de crear un parque de viviendas en r\u00e9gimen de alquiler social y negociar por tanto que los bancos ponga a su disposici\u00f3n sus viviendas vac\u00edas. Tambi\u00e9n garantizar\u00e1 los suministros b\u00e1sicos de luz, agua y gas a familias sin recursos y les ofrecer\u00e1 atenci\u00f3n psicol\u00f3gica\u201d.<\/p>\n<p>Galindo ha recordado que precisamente M\u00e1laga Ahora dio el paso hacia la instituci\u00f3n para, entre otras, sacar adelante este tipo de medidas: \u201cQueremos velar por el cumplimiento de estos acuerdos, y por eso se ha aprobado una Comisi\u00f3n de Seguimiento en la que estar\u00e1 representada la propia PAH\u201d.<\/p>\n<\/div>\n<\/section>\n","protected":false},"excerpt":{"rendered":"<p>La Diputaci\u00f3n reconoce el trabajo de M\u00e1laga Ahora en su nueva pol\u00edtica sobre vivienda El presidente de la Diputaci\u00f3n de M\u00e1laga, El\u00edas Bendodo, ha presentado en rueda de prensa la futura pol\u00edtica provincial en materia de vivienda junto a Rosa&hellip;<\/p>\n","protected":false},"author":94,"featured_media":228381,"comment_status":"closed","ping_status":"open","sticky":false,"template":"","format":"standard","meta":{"footnotes":""},"categories":[149,79,1241,66,74,63],"tags":[1065,1114,18556,20476,20475,20474],"class_list":["post-228380","post","type-post","status-publish","format-standard","has-post-thumbnail","hentry","category-comunicados-de-prensa","category-derechos-humanos","category-diversidad","category-europa-es","category-politica-es","category-region-es","tag-espana","tag-malaga","tag-malaga-ahora","tag-nuevas-formaciones-politicas","tag-plataforma-afectados-por-hipotecas","tag-rosa-galindo"],"yoast_head":"<!-- This site is optimized with the Yoast SEO plugin v27.1.1 - https:\/\/yoast.com\/product\/yoast-seo-wordpress\/ -->\n<title>M\u00e1laga Ahora: se impone su pol\u00edtica sobre vivienda<\/title>\n<meta name=\"description\" content=\"La Diputaci\u00f3n reconoce el trabajo de M\u00e1laga Ahora en su nueva pol\u00edtica sobre vivienda El presidente de la Diputaci\u00f3n de M\u00e1laga, El\u00edas Bendodo, ha\" \/>\n<meta name=\"robots\" content=\"index, follow, max-snippet:-1, max-image-preview:large, max-video-preview:-1\" \/>\n<link rel=\"canonical\" href=\"https:\/\/www.pressenza.com\/es\/2015\/10\/malaga-ahora-se-impone-su-politica-sobre-vivienda\/\" \/>\n<meta property=\"og:locale\" content=\"es_ES\" \/>\n<meta property=\"og:type\" content=\"article\" \/>\n<meta property=\"og:title\" content=\"M\u00e1laga Ahora: se impone su pol\u00edtica sobre vivienda\" \/>\n<meta property=\"og:description\" content=\"La Diputaci\u00f3n reconoce el trabajo de M\u00e1laga Ahora en su nueva pol\u00edtica sobre vivienda El presidente de la Diputaci\u00f3n de M\u00e1laga, El\u00edas Bendodo, ha\" \/>\n<meta property=\"og:url\" content=\"https:\/\/www.pressenza.com\/es\/2015\/10\/malaga-ahora-se-impone-su-politica-sobre-vivienda\/\" \/>\n<meta property=\"og:site_name\" content=\"Pressenza\" \/>\n<meta property=\"article:publisher\" content=\"https:\/\/www.facebook.com\/PressenzaItalia\" \/>\n<meta property=\"article:author\" content=\"https:\/\/www.facebook.com\/pressenza\" \/>\n<meta property=\"article:published_time\" content=\"2015-10-02T11:18:09+00:00\" \/>\n<meta property=\"og:image\" content=\"https:\/\/www.pressenza.com\/wp-content\/uploads\/2015\/10\/Rosa-Galindo-politica-vivienda.jpg\" \/>\n\t<meta property=\"og:image:width\" content=\"1280\" \/>\n\t<meta property=\"og:image:height\" content=\"768\" \/>\n\t<meta property=\"og:image:type\" content=\"image\/jpeg\" \/>\n<meta name=\"author\" content=\"Redacci\u00f3n Madrid\" \/>\n<meta name=\"twitter:card\" content=\"summary_large_image\" \/>\n<meta name=\"twitter:creator\" content=\"@pressenza\" \/>\n<meta name=\"twitter:site\" content=\"@PressenzaIPA\" \/>\n<meta name=\"twitter:label1\" content=\"Escrito por\" \/>\n\t<meta name=\"twitter:data1\" content=\"Redacci\u00f3n Madrid\" \/>\n\t<meta name=\"twitter:label2\" content=\"Tiempo de lectura\" \/>\n\t<meta name=\"twitter:data2\" content=\"2 minutos\" \/>\n<script type=\"application\/ld+json\" class=\"yoast-schema-graph\">{\"@context\":\"https:\/\/schema.org\",\"@graph\":[{\"@type\":\"Article\",\"@id\":\"https:\/\/www.pressenza.com\/es\/2015\/10\/malaga-ahora-se-impone-su-politica-sobre-vivienda\/#article\",\"isPartOf\":{\"@id\":\"https:\/\/www.pressenza.com\/es\/2015\/10\/malaga-ahora-se-impone-su-politica-sobre-vivienda\/\"},\"author\":{\"name\":\"Redacci\u00f3n Madrid\",\"@id\":\"https:\/\/www.pressenza.com\/es\/#\/schema\/person\/828fc40eeca2ad7be3630e5a46adba94\"},\"headline\":\"M\u00e1laga Ahora: se impone su pol\u00edtica sobre vivienda\",\"datePublished\":\"2015-10-02T11:18:09+00:00\",\"mainEntityOfPage\":{\"@id\":\"https:\/\/www.pressenza.com\/es\/2015\/10\/malaga-ahora-se-impone-su-politica-sobre-vivienda\/\"},\"wordCount\":323,\"publisher\":{\"@id\":\"https:\/\/www.pressenza.com\/es\/#organization\"},\"image\":{\"@id\":\"https:\/\/www.pressenza.com\/es\/2015\/10\/malaga-ahora-se-impone-su-politica-sobre-vivienda\/#primaryimage\"},\"thumbnailUrl\":\"https:\/\/www.pressenza.com\/wp-content\/uploads\/2015\/10\/Rosa-Galindo-politica-vivienda.jpg\",\"keywords\":[\"Espa\u00f1a\",\"m\u00e1laga\",\"M\u00e1laga Ahora\",\"Nuevas formaciones pol\u00edticas\",\"Plataforma Afectados por Hipotecas\",\"Rosa Galindo\"],\"articleSection\":[\"Comunicados de Prensa\",\"Derechos Humanos\",\"Diversidad\",\"Europa\",\"Pol\u00edtica\",\"Regi\u00f3n\"],\"inLanguage\":\"es\"},{\"@type\":\"WebPage\",\"@id\":\"https:\/\/www.pressenza.com\/es\/2015\/10\/malaga-ahora-se-impone-su-politica-sobre-vivienda\/\",\"url\":\"https:\/\/www.pressenza.com\/es\/2015\/10\/malaga-ahora-se-impone-su-politica-sobre-vivienda\/\",\"name\":\"M\u00e1laga Ahora: se impone su pol\u00edtica sobre vivienda\",\"isPartOf\":{\"@id\":\"https:\/\/www.pressenza.com\/es\/#website\"},\"primaryImageOfPage\":{\"@id\":\"https:\/\/www.pressenza.com\/es\/2015\/10\/malaga-ahora-se-impone-su-politica-sobre-vivienda\/#primaryimage\"},\"image\":{\"@id\":\"https:\/\/www.pressenza.com\/es\/2015\/10\/malaga-ahora-se-impone-su-politica-sobre-vivienda\/#primaryimage\"},\"thumbnailUrl\":\"https:\/\/www.pressenza.com\/wp-content\/uploads\/2015\/10\/Rosa-Galindo-politica-vivienda.jpg\",\"datePublished\":\"2015-10-02T11:18:09+00:00\",\"description\":\"La Diputaci\u00f3n reconoce el trabajo de M\u00e1laga Ahora en su nueva pol\u00edtica sobre vivienda El presidente de la Diputaci\u00f3n de M\u00e1laga, El\u00edas Bendodo, ha\",\"breadcrumb\":{\"@id\":\"https:\/\/www.pressenza.com\/es\/2015\/10\/malaga-ahora-se-impone-su-politica-sobre-vivienda\/#breadcrumb\"},\"inLanguage\":\"es\",\"potentialAction\":[{\"@type\":\"ReadAction\",\"target\":[\"https:\/\/www.pressenza.com\/es\/2015\/10\/malaga-ahora-se-impone-su-politica-sobre-vivienda\/\"]}]},{\"@type\":\"ImageObject\",\"inLanguage\":\"es\",\"@id\":\"https:\/\/www.pressenza.com\/es\/2015\/10\/malaga-ahora-se-impone-su-politica-sobre-vivienda\/#primaryimage\",\"url\":\"https:\/\/www.pressenza.com\/wp-content\/uploads\/2015\/10\/Rosa-Galindo-politica-vivienda.jpg\",\"contentUrl\":\"https:\/\/www.pressenza.com\/wp-content\/uploads\/2015\/10\/Rosa-Galindo-politica-vivienda.jpg\",\"width\":1280,\"height\":768},{\"@type\":\"BreadcrumbList\",\"@id\":\"https:\/\/www.pressenza.com\/es\/2015\/10\/malaga-ahora-se-impone-su-politica-sobre-vivienda\/#breadcrumb\",\"itemListElement\":[{\"@type\":\"ListItem\",\"position\":1,\"name\":\"Accueil\",\"item\":\"https:\/\/www.pressenza.com\/es\/\"},{\"@type\":\"ListItem\",\"position\":2,\"name\":\"M\u00e1laga Ahora: se impone su pol\u00edtica sobre vivienda\"}]},{\"@type\":\"WebSite\",\"@id\":\"https:\/\/www.pressenza.com\/es\/#website\",\"url\":\"https:\/\/www.pressenza.com\/es\/\",\"name\":\"Pressenza\",\"description\":\"International Press Agency\",\"publisher\":{\"@id\":\"https:\/\/www.pressenza.com\/es\/#organization\"},\"potentialAction\":[{\"@type\":\"SearchAction\",\"target\":{\"@type\":\"EntryPoint\",\"urlTemplate\":\"https:\/\/www.pressenza.com\/es\/?s={search_term_string}\"},\"query-input\":{\"@type\":\"PropertyValueSpecification\",\"valueRequired\":true,\"valueName\":\"search_term_string\"}}],\"inLanguage\":\"es\"},{\"@type\":\"Organization\",\"@id\":\"https:\/\/www.pressenza.com\/es\/#organization\",\"name\":\"Pressenza\",\"url\":\"https:\/\/www.pressenza.com\/es\/\",\"logo\":{\"@type\":\"ImageObject\",\"inLanguage\":\"es\",\"@id\":\"https:\/\/www.pressenza.com\/es\/#\/schema\/logo\/image\/\",\"url\":\"https:\/\/www.pressenza.com\/wp-content\/uploads\/2022\/10\/pressenza_logo_200x200.jpg\",\"contentUrl\":\"https:\/\/www.pressenza.com\/wp-content\/uploads\/2022\/10\/pressenza_logo_200x200.jpg\",\"width\":200,\"height\":200,\"caption\":\"Pressenza\"},\"image\":{\"@id\":\"https:\/\/www.pressenza.com\/es\/#\/schema\/logo\/image\/\"},\"sameAs\":[\"https:\/\/www.facebook.com\/PressenzaItalia\",\"https:\/\/x.com\/PressenzaIPA\"]},{\"@type\":\"Person\",\"@id\":\"https:\/\/www.pressenza.com\/es\/#\/schema\/person\/828fc40eeca2ad7be3630e5a46adba94\",\"name\":\"Redacci\u00f3n Madrid\",\"description\":\"News from the Pressenza Bureau in Madrid, Spain\",\"sameAs\":[\"https:\/\/www.facebook.com\/pressenza\",\"https:\/\/x.com\/pressenza\"],\"url\":\"https:\/\/www.pressenza.com\/es\/author\/redaccion-madrid\/\"}]}<\/script>\n<!-- \/ Yoast SEO plugin. -->","yoast_head_json":{"title":"M\u00e1laga Ahora: se impone su pol\u00edtica sobre vivienda","description":"La Diputaci\u00f3n reconoce el trabajo de M\u00e1laga Ahora en su nueva pol\u00edtica sobre vivienda El presidente de la Diputaci\u00f3n de M\u00e1laga, El\u00edas Bendodo, ha","robots":{"index":"index","follow":"follow","max-snippet":"max-snippet:-1","max-image-preview":"max-image-preview:large","max-video-preview":"max-video-preview:-1"},"canonical":"https:\/\/www.pressenza.com\/es\/2015\/10\/malaga-ahora-se-impone-su-politica-sobre-vivienda\/","og_locale":"es_ES","og_type":"article","og_title":"M\u00e1laga Ahora: se impone su pol\u00edtica sobre vivienda","og_description":"La Diputaci\u00f3n reconoce el trabajo de M\u00e1laga Ahora en su nueva pol\u00edtica sobre vivienda El presidente de la Diputaci\u00f3n de M\u00e1laga, El\u00edas Bendodo, ha","og_url":"https:\/\/www.pressenza.com\/es\/2015\/10\/malaga-ahora-se-impone-su-politica-sobre-vivienda\/","og_site_name":"Pressenza","article_publisher":"https:\/\/www.facebook.com\/PressenzaItalia","article_author":"https:\/\/www.facebook.com\/pressenza","article_published_time":"2015-10-02T11:18:09+00:00","og_image":[{"width":1280,"height":768,"url":"https:\/\/www.pressenza.com\/wp-content\/uploads\/2015\/10\/Rosa-Galindo-politica-vivienda.jpg","type":"image\/jpeg"}],"author":"Redacci\u00f3n Madrid","twitter_card":"summary_large_image","twitter_creator":"@pressenza","twitter_site":"@PressenzaIPA","twitter_misc":{"Escrito por":"Redacci\u00f3n Madrid","Tiempo de lectura":"2 minutos"},"schema":{"@context":"https:\/\/schema.org","@graph":[{"@type":"Article","@id":"https:\/\/www.pressenza.com\/es\/2015\/10\/malaga-ahora-se-impone-su-politica-sobre-vivienda\/#article","isPartOf":{"@id":"https:\/\/www.pressenza.com\/es\/2015\/10\/malaga-ahora-se-impone-su-politica-sobre-vivienda\/"},"author":{"name":"Redacci\u00f3n Madrid","@id":"https:\/\/www.pressenza.com\/es\/#\/schema\/person\/828fc40eeca2ad7be3630e5a46adba94"},"headline":"M\u00e1laga Ahora: se impone su pol\u00edtica sobre vivienda","datePublished":"2015-10-02T11:18:09+00:00","mainEntityOfPage":{"@id":"https:\/\/www.pressenza.com\/es\/2015\/10\/malaga-ahora-se-impone-su-politica-sobre-vivienda\/"},"wordCount":323,"publisher":{"@id":"https:\/\/www.pressenza.com\/es\/#organization"},"image":{"@id":"https:\/\/www.pressenza.com\/es\/2015\/10\/malaga-ahora-se-impone-su-politica-sobre-vivienda\/#primaryimage"},"thumbnailUrl":"https:\/\/www.pressenza.com\/wp-content\/uploads\/2015\/10\/Rosa-Galindo-politica-vivienda.jpg","keywords":["Espa\u00f1a","m\u00e1laga","M\u00e1laga Ahora","Nuevas formaciones pol\u00edticas","Plataforma Afectados por Hipotecas","Rosa Galindo"],"articleSection":["Comunicados de Prensa","Derechos Humanos","Diversidad","Europa","Pol\u00edtica","Regi\u00f3n"],"inLanguage":"es"},{"@type":"WebPage","@id":"https:\/\/www.pressenza.com\/es\/2015\/10\/malaga-ahora-se-impone-su-politica-sobre-vivienda\/","url":"https:\/\/www.pressenza.com\/es\/2015\/10\/malaga-ahora-se-impone-su-politica-sobre-vivienda\/","name":"M\u00e1laga Ahora: se impone su pol\u00edtica sobre vivienda","isPartOf":{"@id":"https:\/\/www.pressenza.com\/es\/#website"},"primaryImageOfPage":{"@id":"https:\/\/www.pressenza.com\/es\/2015\/10\/malaga-ahora-se-impone-su-politica-sobre-vivienda\/#primaryimage"},"image":{"@id":"https:\/\/www.pressenza.com\/es\/2015\/10\/malaga-ahora-se-impone-su-politica-sobre-vivienda\/#primaryimage"},"thumbnailUrl":"https:\/\/www.pressenza.com\/wp-content\/uploads\/2015\/10\/Rosa-Galindo-politica-vivienda.jpg","datePublished":"2015-10-02T11:18:09+00:00","description":"La Diputaci\u00f3n reconoce el trabajo de M\u00e1laga Ahora en su nueva pol\u00edtica sobre vivienda El presidente de la Diputaci\u00f3n de M\u00e1laga, El\u00edas Bendodo, ha","breadcrumb":{"@id":"https:\/\/www.pressenza.com\/es\/2015\/10\/malaga-ahora-se-impone-su-politica-sobre-vivienda\/#breadcrumb"},"inLanguage":"es","potentialAction":[{"@type":"ReadAction","target":["https:\/\/www.pressenza.com\/es\/2015\/10\/malaga-ahora-se-impone-su-politica-sobre-vivienda\/"]}]},{"@type":"ImageObject","inLanguage":"es","@id":"https:\/\/www.pressenza.com\/es\/2015\/10\/malaga-ahora-se-impone-su-politica-sobre-vivienda\/#primaryimage","url":"https:\/\/www.pressenza.com\/wp-content\/uploads\/2015\/10\/Rosa-Galindo-politica-vivienda.jpg","contentUrl":"https:\/\/www.pressenza.com\/wp-content\/uploads\/2015\/10\/Rosa-Galindo-politica-vivienda.jpg","width":1280,"height":768},{"@type":"BreadcrumbList","@id":"https:\/\/www.pressenza.com\/es\/2015\/10\/malaga-ahora-se-impone-su-politica-sobre-vivienda\/#breadcrumb","itemListElement":[{"@type":"ListItem","position":1,"name":"Accueil","item":"https:\/\/www.pressenza.com\/es\/"},{"@type":"ListItem","position":2,"name":"M\u00e1laga Ahora: se impone su pol\u00edtica sobre vivienda"}]},{"@type":"WebSite","@id":"https:\/\/www.pressenza.com\/es\/#website","url":"https:\/\/www.pressenza.com\/es\/","name":"Pressenza","description":"International Press Agency","publisher":{"@id":"https:\/\/www.pressenza.com\/es\/#organization"},"potentialAction":[{"@type":"SearchAction","target":{"@type":"EntryPoint","urlTemplate":"https:\/\/www.pressenza.com\/es\/?s={search_term_string}"},"query-input":{"@type":"PropertyValueSpecification","valueRequired":true,"valueName":"search_term_string"}}],"inLanguage":"es"},{"@type":"Organization","@id":"https:\/\/www.pressenza.com\/es\/#organization","name":"Pressenza","url":"https:\/\/www.pressenza.com\/es\/","logo":{"@type":"ImageObject","inLanguage":"es","@id":"https:\/\/www.pressenza.com\/es\/#\/schema\/logo\/image\/","url":"https:\/\/www.pressenza.com\/wp-content\/uploads\/2022\/10\/pressenza_logo_200x200.jpg","contentUrl":"https:\/\/www.pressenza.com\/wp-content\/uploads\/2022\/10\/pressenza_logo_200x200.jpg","width":200,"height":200,"caption":"Pressenza"},"image":{"@id":"https:\/\/www.pressenza.com\/es\/#\/schema\/logo\/image\/"},"sameAs":["https:\/\/www.facebook.com\/PressenzaItalia","https:\/\/x.com\/PressenzaIPA"]},{"@type":"Person","@id":"https:\/\/www.pressenza.com\/es\/#\/schema\/person\/828fc40eeca2ad7be3630e5a46adba94","name":"Redacci\u00f3n Madrid","description":"News from the Pressenza Bureau in Madrid, Spain","sameAs":["https:\/\/www.facebook.com\/pressenza","https:\/\/x.com\/pressenza"],"url":"https:\/\/www.pressenza.com\/es\/author\/redaccion-madrid\/"}]}},"place":"M\u00e1laga (Espa\u00f1a)","original_article_url":"","_links":{"self":[{"href":"https:\/\/www.pressenza.com\/es\/wp-json\/wp\/v2\/posts\/228380","targetHints":{"allow":["GET"]}}],"collection":[{"href":"https:\/\/www.pressenza.com\/es\/wp-json\/wp\/v2\/posts"}],"about":[{"href":"https:\/\/www.pressenza.com\/es\/wp-json\/wp\/v2\/types\/post"}],"author":[{"embeddable":true,"href":"https:\/\/www.pressenza.com\/es\/wp-json\/wp\/v2\/users\/94"}],"replies":[{"embeddable":true,"href":"https:\/\/www.pressenza.com\/es\/wp-json\/wp\/v2\/comments?post=228380"}],"version-history":[{"count":0,"href":"https:\/\/www.pressenza.com\/es\/wp-json\/wp\/v2\/posts\/228380\/revisions"}],"wp:featuredmedia":[{"embeddable":true,"href":"https:\/\/www.pressenza.com\/es\/wp-json\/wp\/v2\/media\/228381"}],"wp:attachment":[{"href":"https:\/\/www.pressenza.com\/es\/wp-json\/wp\/v2\/media?parent=228380"}],"wp:term":[{"taxonomy":"category","embeddable":true,"href":"https:\/\/www.pressenza.com\/es\/wp-json\/wp\/v2\/categories?post=228380"},{"taxonomy":"post_tag","embeddable":true,"href":"https:\/\/www.pressenza.com\/es\/wp-json\/wp\/v2\/tags?post=228380"}],"curies":[{"name":"wp","href":"https:\/\/api.w.org\/{rel}","templated":true}]}}