{"id":227869,"date":"2015-10-01T01:28:49","date_gmt":"2015-10-01T00:28:49","guid":{"rendered":"http:\/\/www.pressenza.com\/es\/?p=227869"},"modified":"2015-10-01T01:29:43","modified_gmt":"2015-10-01T00:29:43","slug":"se-abre-una-pagina-de-esperanza-en-colombia-para-dejar-atras-el-lastre-de-la-violencia-w-guerra-curvelo","status":"publish","type":"post","link":"https:\/\/www.pressenza.com\/es\/2015\/10\/se-abre-una-pagina-de-esperanza-en-colombia-para-dejar-atras-el-lastre-de-la-violencia-w-guerra-curvelo\/","title":{"rendered":"\u00abSe abre una p\u00e1gina de esperanza en Colombia para dejar atr\u00e1s el lastre de la violencia\u00bb W. Guerra Curvelo"},"content":{"rendered":"<p><em>Conversamos con el antrop\u00f3logo way\u00fau Weildler Guerra Curvelo desde R\u00edo Hacha en la Guajira colombiana para preguntarle c\u00f3mo se ve el conflicto fronterizo que vivi\u00f3 Colombia con Venezuela, c\u00f3mo se relacionan los pueblos colombiano y venezolanos y c\u00f3mo se siente y c\u00f3mo se vive.<\/em><\/p>\n<p><em>Pero antes de poder comunicarnos con \u00e9l, los Di\u00e1logos de Paz en La Habana nos trajeron una nueva sorpresa positiva, con el preacuerdo de Paz definitivo entre las FARC-EP y el presidente Juan Manuel Santos. <\/em><\/p>\n<p><strong>Pressenza: Bienvenido a este programa, Colombia es noticia y buena noticia y nos pone muy contentos a todos los latinoamericanos y a los ecuatorianos tan pr\u00f3ximo0s al pueblo colombiano.<\/strong><\/p>\n<p>Weilder Guerra Curvelo: Efectivamente, las noticias que han venido en las \u00faltimas horas son muy positivas para Colombia y tambi\u00e9n para sus vecinos. Porque la paz de Colombia indudablemente est\u00e1 ligada tambi\u00e9n a las fronteras y a los pa\u00edses vecinos, toda nuestra situaci\u00f3n social repercute entre unos y otros. Dado que compartimos espacios y territorios y adem\u00e1s parte importante de la historia de todos los pa\u00edses. As\u00ed que yo pienso que la p\u00e1gina que se abre es una p\u00e1gina de esperanza, que puede permitir que los colombianos dediquen sus esfuerzos a construir un pa\u00eds m\u00e1s equitativo, m\u00e1s justo, en el cual todo el esfuerzo nuestro se dirija hacia la ciencia, el conocimiento, hacia la educaci\u00f3n, hacia la erradicaci\u00f3n de los retos sociales que nos enfrentan, que tenemos que abordar como generaci\u00f3n y dejar en el pasado la violencia de sesenta a\u00f1os terribles de lucha, que solo acentu\u00f3 las injusticias en el pa\u00eds.<\/p>\n<p><strong>Pressenza: Cu\u00e9ntanos un poco c\u00f3mo recibi\u00f3 la Guajira, el territorio y esa frontera las \u00faltimas noticias, las noticias de esta semana, tanto en relaci\u00f3n con el conflicto fronterizo que todav\u00eda existe con Venezuela, como en relaci\u00f3n con el tema de la Paz. \u00bfQu\u00e9 se dice all\u00e1 en la Guajira?<\/strong><\/p>\n<p>WGC: Como ya expres\u00e9, el tema de la paz abre un horizonte de esperanza muy amplio para nuestra gente que tambi\u00e9n ha sido golpeada por el conflicto y tambi\u00e9n entendemos que ello puede repercutir en las relaciones fronterizas. Venezuela ha jugado un papel como un pa\u00eds garante en el proceso y sin duda las contribuciones de todos los pa\u00edses involucrados como Chile, Cuba y Noruega, sumado al de Venezuela han permitido que hoy estemos en un punto de no retorno de los di\u00e1logos de paz. En cuanto a la frontera, evidentemente, nosotros, o por lo menos el pueblo way\u00fa tiene una situaci\u00f3n singular y es que ese es nuestro territorio, las rep\u00fablicas fueron construidas sobre el territorio de la poblaci\u00f3n way\u00fau. Por lo tanto las restricciones que se hacen sobre las fronteras, se hacen sobre una red ordenada de caminos, de lugares, que est\u00e1n all\u00ed y que forman parte de la memoria, de la geograf\u00eda del pueblo way\u00fau y la cual toda restricci\u00f3n es terriblemente perjudicial para las familias que est\u00e1n de un lado y otro de la l\u00ednea lim\u00edtrofe. Una l\u00ednea que hemos considerado siempre arbitraria, que se hace solo en el Siglo XIX, pero que forma parte de un territorio \u00fanico, que tiene hitos geogr\u00e1ficos, cronotopos, lugares de memoria, cementerios a ambos lados de esa l\u00ednea y que esperamos que haya una armon\u00eda pronto y una reapertura de esta l\u00ednea para que las personas puedan transitar de un lado a otro sin restricciones.<\/p>\n<p><strong>Pressenza: \u00bfY c\u00f3mo han resuelto esa cotidianidad los way\u00fas en el medio de ese conflicto fronterizo, qu\u00e9 han hecho las familias, las comunidades que, como t\u00fa bien dices, no reconocen fronteras?<\/strong><\/p>\n<p>WGC: Est\u00e1n permitiendo el paso de las personas way\u00fau de un lado a otro, eso s\u00ed se est\u00e1 permitiendo indudablemente. No se permite el tr\u00e1nsito de personas no ind\u00edgenas, pero las personas ind\u00edgenas s\u00ed est\u00e1n cruzando, con dificultades, obviamente, porque tienen que hacerlo por caminos tradicionales y no por la v\u00eda oficial y adem\u00e1s, de todas maneras no hay una barrera tan tajante de la poblaci\u00f3n criolla. Esta es una regi\u00f3n de un profundo mestizaje, muchos way\u00faus son urbanizados, viven en las ciudades, otros se asientan en las zonas tradicionales, muchos son profesionales, comerciantes y tienen diferentes oficios, profesores, incluso militares y polic\u00edas. Entonces, no deja de causar un inmenso traumatismo, aunque se permite el paso de miembros de la comunidad ind\u00edgena, puesto que es una frontera que debe ser un espacio de aproximaci\u00f3n y no una barrera de separaci\u00f3n en el cual circulan las personas, los artefactos, la m\u00fasica, las ideas. Es decir, todo. Y, por lo tanto, es inconcebible que las fronteras est\u00e9n cerradas.<\/p>\n<p><strong>Pressenza: Desde Buenos Aires recibimos la noticia de ayer con mucha esperanza, confiamos en que este proceso de paz pueda seguir hacia adelante y traer no solo la paz para Colombia, sino para toda la regi\u00f3n. Sin embargo hay algo que es como una nube que atraviesa esta situaci\u00f3n que tiene que ver con los paramilitares, que no est\u00e1n representados en esta mesa de di\u00e1logo por la paz. \u00bfC\u00f3mo se vislumbran los posibles problemas que puedan surgir con el paramilitarismo que es una de las patas m\u00e1s terribles de este conflicto? Y que por otra parte es uno de los factores que ha desatado el conflicto fronterizo, tambi\u00e9n.<\/strong><\/p>\n<p>WGC: Yo pienso que ellos no son un actor independiente, ellos fueron la expresi\u00f3n de sectores muy tradicionales econ\u00f3micos y pol\u00edticos que vieron en esos grupos subalternos y organizados una forma ilegal, una forma terriblemente ileg\u00edtima y cruel de realizar una lucha en el pa\u00eds y de crear una especie de modulaci\u00f3n del terror. Entonces, ellos no est\u00e1n representados porque no tienen una autonom\u00eda, ni fueron aut\u00f3nomos nunca, sino que fueron, justamente, una estrategia para poder combatir a la subversi\u00f3n en Colombia. Por lo tanto, creo que el pa\u00eds no los ha extra\u00f1ado. De hecho, ellos ya fueron sujeto de un proceso de justicia y paz hace varios a\u00f1os, cuando el gobierno del presidente Uribe. Y por lo tanto no era necesario que estuvieran presentes en la mesa, puesto que ya la mayor\u00eda de sus jefes o est\u00e1n extraditados o purgaron penas de hasta 8 a\u00f1os de c\u00e1rcel y no era necesario que estuviesen all\u00ed, ser\u00eda una duplicaci\u00f3n de actores. Realmente la negociaci\u00f3n era entre el Estado colombiano y la guerrilla. Lo que s\u00ed era importante, como lo hubo, que hubiera presencia de las fuerzas armadas en la negociaci\u00f3n, de altos oficiales y ellos estuvieron all\u00ed en ese proceso.<\/p>\n<p><strong>Pressenza: \u00bfY se puede tener esperanzas de que realmente el gobierno a trav\u00e9s del ej\u00e9rcito pueda, finalmente, terminar de controlar estos grupos paramilitares?<\/strong><\/p>\n<p>WGC: Sin duda alguna, porque hoy en d\u00eda ellos han mutado hacia un fen\u00f3meno que se llama <em>Band Crimes<\/em>, que son como bandas organizadas, de manera que hoy en d\u00eda, pr\u00e1cticamente, su existencia como tal, como cuerpos paralelos, que lo que quiere decir la palabra paramilitar se ha reducido significativamente, lo que tenemos en la frontera son m\u00e1s bien <em>Band Crimes<\/em>, grupos de bandas criminales. Incluso despu\u00e9s del conflicto pueden estar presentes, como el caso de las maras salvadore\u00f1as, por ejemplo, luego de la paz en El Salvador. Entonces, ya son cuerpos que pueden combatir m\u00e1s un Estado con herramientas policiales y no requieren que se tengan grandes fuerzas, ni cantidades de soldados, centenares de miles, como lo tiene actualmente Colombia, cerca de 400 mil hombres est\u00e1n en las armas, para reprimir este tipo de organizaciones delincuenciales, que no tienen, adem\u00e1s, ning\u00fan objetivo pol\u00edtico. De manera que en el pa\u00eds hay una gran esperanza y confianza en esto. Yo creo que el paso que se dio hace dos d\u00edas es muy significativo, hay sinceridad en las partes, hay evidencias de sinceridad en las dos partes y los colombianos estamos esperando que en 6 meses se firme el acuerdo de paz y que realmente doble la p\u00e1gina el pa\u00eds hacia una Colombia nueva, que deja atr\u00e1s ese lastre de violencia, que no fue una violencia partera, que no nos llev\u00f3 a un orden social nuevo, sino que simplemente acentu\u00f3 las injusticias contra, justamente, los sectores m\u00e1s vulnerables de nuestra poblaci\u00f3n.<\/p>\n<p><strong>Pressenza: \u00a1Qu\u00e9 bueno escucharte! Se nos ponen los pelos de punta. Es super conmovedor escucharte y escuchar ese tono de voz de esperanza que es esperanza para Colombia y para todo el continente. Esperamos que los avances en el proceso de paz aliviane, afloje las tensiones en el conflicto con la frontera con Venezuela para que todo vuelva a la normalidad entre esos pueblos hermanos que comparten toda la historia y toda la vida.<\/strong><\/p>\n<p>WGC: Gracias a ustedes por expresar esa solidaridad que Colombia va a necesitar, de verdad, la solidaridad latinoamericana y todo est\u00e1 interconectado como bien hemos dicho, as\u00ed que la paz de Colombia tambi\u00e9n est\u00e1 ligada al tema de la paz y las buenas relaciones en la frontera.<\/p>\n<p><strong>Pressenza: Un abrazo muy grande para todo el pueblo colombiano que le est\u00e1 dando una lecci\u00f3n al mundo de c\u00f3mo se pueden resolver este tipo de conflictos.<\/strong><\/p>\n","protected":false},"excerpt":{"rendered":"<p>Conversamos con el antrop\u00f3logo way\u00fau Weildler Guerra Curvelo desde R\u00edo Hacha en la Guajira colombiana para preguntarle c\u00f3mo se ve el conflicto fronterizo que vivi\u00f3 Colombia con Venezuela, c\u00f3mo se relacionan los pueblos colombiano y venezolanos y c\u00f3mo se siente&hellip;<\/p>\n","protected":false},"author":1011,"featured_media":227870,"comment_status":"closed","ping_status":"open","sticky":false,"template":"","format":"standard","meta":{"footnotes":""},"categories":[76,11389,75,79,155,1243,74,80,67],"tags":[18206,30,13218,20020,16294,20411,20410,8858,14611,419,20412,22210,3883,623,20413],"class_list":["post-227869","post","type-post","status-publish","format-standard","has-post-thumbnail","hentry","category-relaciones-exteriores","category-contenido-original","category-cultura-es","category-derechos-humanos","category-entrevistas","category-paz-desarme","category-politica-es","category-pueblos-originarios","category-sudamerica","tag-radiopressenza","tag-colombia","tag-dialogos-de-paz","tag-farc-ep","tag-fronteras","tag-guajira","tag-guerra-curvelo","tag-juan-manuel-santos","tag-paramilitares","tag-paz","tag-problema-fronterizo","tag-pueblos-originarios","tag-venezuela-es","tag-violencia","tag-wayuu"],"yoast_head":"<!-- This site is optimized with the Yoast SEO plugin v27.1.1 - https:\/\/yoast.com\/product\/yoast-seo-wordpress\/ -->\n<title>&quot;Se abre una p\u00e1gina de esperanza en Colombia para dejar atr\u00e1s el lastre de la violencia&quot; W. Guerra Curvelo<\/title>\n<meta name=\"description\" content=\"Conversamos con el antrop\u00f3logo way\u00fau Weildler Guerra Curvelo desde R\u00edo Hacha en la Guajira colombiana para preguntarle c\u00f3mo se ve el conflicto fronterizo\" \/>\n<meta name=\"robots\" content=\"index, follow, max-snippet:-1, max-image-preview:large, max-video-preview:-1\" \/>\n<link rel=\"canonical\" href=\"https:\/\/www.pressenza.com\/es\/2015\/10\/se-abre-una-pagina-de-esperanza-en-colombia-para-dejar-atras-el-lastre-de-la-violencia-w-guerra-curvelo\/\" \/>\n<meta property=\"og:locale\" content=\"es_ES\" \/>\n<meta property=\"og:type\" content=\"article\" \/>\n<meta property=\"og:title\" content=\"&quot;Se abre una p\u00e1gina de esperanza en Colombia para dejar atr\u00e1s el lastre de la violencia&quot; W. Guerra Curvelo\" \/>\n<meta property=\"og:description\" content=\"Conversamos con el antrop\u00f3logo way\u00fau Weildler Guerra Curvelo desde R\u00edo Hacha en la Guajira colombiana para preguntarle c\u00f3mo se ve el conflicto fronterizo\" \/>\n<meta property=\"og:url\" content=\"https:\/\/www.pressenza.com\/es\/2015\/10\/se-abre-una-pagina-de-esperanza-en-colombia-para-dejar-atras-el-lastre-de-la-violencia-w-guerra-curvelo\/\" \/>\n<meta property=\"og:site_name\" content=\"Pressenza\" \/>\n<meta property=\"article:publisher\" content=\"https:\/\/www.facebook.com\/PressenzaItalia\" \/>\n<meta property=\"article:published_time\" content=\"2015-10-01T00:28:49+00:00\" \/>\n<meta property=\"article:modified_time\" content=\"2015-10-01T00:29:43+00:00\" \/>\n<meta property=\"og:image\" content=\"https:\/\/www.pressenza.com\/wp-content\/uploads\/2015\/10\/6054446879_e2a27ffd46_b.jpg\" \/>\n\t<meta property=\"og:image:width\" content=\"950\" \/>\n\t<meta property=\"og:image:height\" content=\"636\" \/>\n\t<meta property=\"og:image:type\" content=\"image\/jpeg\" \/>\n<meta name=\"author\" content=\"Redacci\u00f3n Ecuador\" \/>\n<meta name=\"twitter:card\" content=\"summary_large_image\" \/>\n<meta name=\"twitter:creator\" content=\"@PressenzaIPA\" \/>\n<meta name=\"twitter:site\" content=\"@PressenzaIPA\" \/>\n<meta name=\"twitter:label1\" content=\"Escrito por\" \/>\n\t<meta name=\"twitter:data1\" content=\"Redacci\u00f3n Ecuador\" \/>\n\t<meta name=\"twitter:label2\" content=\"Tiempo de lectura\" \/>\n\t<meta name=\"twitter:data2\" content=\"8 minutos\" \/>\n<script type=\"application\/ld+json\" class=\"yoast-schema-graph\">{\"@context\":\"https:\/\/schema.org\",\"@graph\":[{\"@type\":\"Article\",\"@id\":\"https:\/\/www.pressenza.com\/es\/2015\/10\/se-abre-una-pagina-de-esperanza-en-colombia-para-dejar-atras-el-lastre-de-la-violencia-w-guerra-curvelo\/#article\",\"isPartOf\":{\"@id\":\"https:\/\/www.pressenza.com\/es\/2015\/10\/se-abre-una-pagina-de-esperanza-en-colombia-para-dejar-atras-el-lastre-de-la-violencia-w-guerra-curvelo\/\"},\"author\":{\"name\":\"Redacci\u00f3n Ecuador\",\"@id\":\"https:\/\/www.pressenza.com\/es\/#\/schema\/person\/883a735c40665759bcc6fe0c26bcb46f\"},\"headline\":\"\u00abSe abre una p\u00e1gina de esperanza en Colombia para dejar atr\u00e1s el lastre de la violencia\u00bb W. Guerra Curvelo\",\"datePublished\":\"2015-10-01T00:28:49+00:00\",\"dateModified\":\"2015-10-01T00:29:43+00:00\",\"mainEntityOfPage\":{\"@id\":\"https:\/\/www.pressenza.com\/es\/2015\/10\/se-abre-una-pagina-de-esperanza-en-colombia-para-dejar-atras-el-lastre-de-la-violencia-w-guerra-curvelo\/\"},\"wordCount\":1619,\"publisher\":{\"@id\":\"https:\/\/www.pressenza.com\/es\/#organization\"},\"image\":{\"@id\":\"https:\/\/www.pressenza.com\/es\/2015\/10\/se-abre-una-pagina-de-esperanza-en-colombia-para-dejar-atras-el-lastre-de-la-violencia-w-guerra-curvelo\/#primaryimage\"},\"thumbnailUrl\":\"https:\/\/www.pressenza.com\/wp-content\/uploads\/2015\/10\/6054446879_e2a27ffd46_b.jpg\",\"keywords\":[\"@radiopressenza\",\"Colombia\",\"Di\u00e1logos de Paz\",\"FARC-EP\",\"fronteras\",\"Guajira\",\"Guerra Curvelo\",\"Juan Manuel Santos\",\"Paramilitares\",\"Paz\",\"problema fronterizo\",\"Pueblos Originarios\",\"Venezuela\",\"Violencia\",\"way\u00fau\"],\"articleSection\":[\"Asuntos internacionales\",\"Contenido Original\",\"Cultura y Medios\",\"Derechos Humanos\",\"Entrevistas\",\"Paz y Desarme\",\"Pol\u00edtica\",\"Pueblos Originarios\",\"Sudam\u00e9rica\"],\"inLanguage\":\"es\"},{\"@type\":\"WebPage\",\"@id\":\"https:\/\/www.pressenza.com\/es\/2015\/10\/se-abre-una-pagina-de-esperanza-en-colombia-para-dejar-atras-el-lastre-de-la-violencia-w-guerra-curvelo\/\",\"url\":\"https:\/\/www.pressenza.com\/es\/2015\/10\/se-abre-una-pagina-de-esperanza-en-colombia-para-dejar-atras-el-lastre-de-la-violencia-w-guerra-curvelo\/\",\"name\":\"\\\"Se abre una p\u00e1gina de esperanza en Colombia para dejar atr\u00e1s el lastre de la violencia\\\" W. Guerra Curvelo\",\"isPartOf\":{\"@id\":\"https:\/\/www.pressenza.com\/es\/#website\"},\"primaryImageOfPage\":{\"@id\":\"https:\/\/www.pressenza.com\/es\/2015\/10\/se-abre-una-pagina-de-esperanza-en-colombia-para-dejar-atras-el-lastre-de-la-violencia-w-guerra-curvelo\/#primaryimage\"},\"image\":{\"@id\":\"https:\/\/www.pressenza.com\/es\/2015\/10\/se-abre-una-pagina-de-esperanza-en-colombia-para-dejar-atras-el-lastre-de-la-violencia-w-guerra-curvelo\/#primaryimage\"},\"thumbnailUrl\":\"https:\/\/www.pressenza.com\/wp-content\/uploads\/2015\/10\/6054446879_e2a27ffd46_b.jpg\",\"datePublished\":\"2015-10-01T00:28:49+00:00\",\"dateModified\":\"2015-10-01T00:29:43+00:00\",\"description\":\"Conversamos con el antrop\u00f3logo way\u00fau Weildler Guerra Curvelo desde R\u00edo Hacha en la Guajira colombiana para preguntarle c\u00f3mo se ve el conflicto fronterizo\",\"breadcrumb\":{\"@id\":\"https:\/\/www.pressenza.com\/es\/2015\/10\/se-abre-una-pagina-de-esperanza-en-colombia-para-dejar-atras-el-lastre-de-la-violencia-w-guerra-curvelo\/#breadcrumb\"},\"inLanguage\":\"es\",\"potentialAction\":[{\"@type\":\"ReadAction\",\"target\":[\"https:\/\/www.pressenza.com\/es\/2015\/10\/se-abre-una-pagina-de-esperanza-en-colombia-para-dejar-atras-el-lastre-de-la-violencia-w-guerra-curvelo\/\"]}]},{\"@type\":\"ImageObject\",\"inLanguage\":\"es\",\"@id\":\"https:\/\/www.pressenza.com\/es\/2015\/10\/se-abre-una-pagina-de-esperanza-en-colombia-para-dejar-atras-el-lastre-de-la-violencia-w-guerra-curvelo\/#primaryimage\",\"url\":\"https:\/\/www.pressenza.com\/wp-content\/uploads\/2015\/10\/6054446879_e2a27ffd46_b.jpg\",\"contentUrl\":\"https:\/\/www.pressenza.com\/wp-content\/uploads\/2015\/10\/6054446879_e2a27ffd46_b.jpg\",\"width\":950,\"height\":636},{\"@type\":\"BreadcrumbList\",\"@id\":\"https:\/\/www.pressenza.com\/es\/2015\/10\/se-abre-una-pagina-de-esperanza-en-colombia-para-dejar-atras-el-lastre-de-la-violencia-w-guerra-curvelo\/#breadcrumb\",\"itemListElement\":[{\"@type\":\"ListItem\",\"position\":1,\"name\":\"Accueil\",\"item\":\"https:\/\/www.pressenza.com\/es\/\"},{\"@type\":\"ListItem\",\"position\":2,\"name\":\"\u00abSe abre una p\u00e1gina de esperanza en Colombia para dejar atr\u00e1s el lastre de la violencia\u00bb W. Guerra Curvelo\"}]},{\"@type\":\"WebSite\",\"@id\":\"https:\/\/www.pressenza.com\/es\/#website\",\"url\":\"https:\/\/www.pressenza.com\/es\/\",\"name\":\"Pressenza\",\"description\":\"International Press Agency\",\"publisher\":{\"@id\":\"https:\/\/www.pressenza.com\/es\/#organization\"},\"potentialAction\":[{\"@type\":\"SearchAction\",\"target\":{\"@type\":\"EntryPoint\",\"urlTemplate\":\"https:\/\/www.pressenza.com\/es\/?s={search_term_string}\"},\"query-input\":{\"@type\":\"PropertyValueSpecification\",\"valueRequired\":true,\"valueName\":\"search_term_string\"}}],\"inLanguage\":\"es\"},{\"@type\":\"Organization\",\"@id\":\"https:\/\/www.pressenza.com\/es\/#organization\",\"name\":\"Pressenza\",\"url\":\"https:\/\/www.pressenza.com\/es\/\",\"logo\":{\"@type\":\"ImageObject\",\"inLanguage\":\"es\",\"@id\":\"https:\/\/www.pressenza.com\/es\/#\/schema\/logo\/image\/\",\"url\":\"https:\/\/www.pressenza.com\/wp-content\/uploads\/2022\/10\/pressenza_logo_200x200.jpg\",\"contentUrl\":\"https:\/\/www.pressenza.com\/wp-content\/uploads\/2022\/10\/pressenza_logo_200x200.jpg\",\"width\":200,\"height\":200,\"caption\":\"Pressenza\"},\"image\":{\"@id\":\"https:\/\/www.pressenza.com\/es\/#\/schema\/logo\/image\/\"},\"sameAs\":[\"https:\/\/www.facebook.com\/PressenzaItalia\",\"https:\/\/x.com\/PressenzaIPA\"]},{\"@type\":\"Person\",\"@id\":\"https:\/\/www.pressenza.com\/es\/#\/schema\/person\/883a735c40665759bcc6fe0c26bcb46f\",\"name\":\"Redacci\u00f3n Ecuador\",\"description\":\"News published by the Pressenza bureau in Quito, Ecuador\",\"url\":\"https:\/\/www.pressenza.com\/es\/author\/redaccion-ecuador\/\"}]}<\/script>\n<!-- \/ Yoast SEO plugin. -->","yoast_head_json":{"title":"\"Se abre una p\u00e1gina de esperanza en Colombia para dejar atr\u00e1s el lastre de la violencia\" W. Guerra Curvelo","description":"Conversamos con el antrop\u00f3logo way\u00fau Weildler Guerra Curvelo desde R\u00edo Hacha en la Guajira colombiana para preguntarle c\u00f3mo se ve el conflicto fronterizo","robots":{"index":"index","follow":"follow","max-snippet":"max-snippet:-1","max-image-preview":"max-image-preview:large","max-video-preview":"max-video-preview:-1"},"canonical":"https:\/\/www.pressenza.com\/es\/2015\/10\/se-abre-una-pagina-de-esperanza-en-colombia-para-dejar-atras-el-lastre-de-la-violencia-w-guerra-curvelo\/","og_locale":"es_ES","og_type":"article","og_title":"\"Se abre una p\u00e1gina de esperanza en Colombia para dejar atr\u00e1s el lastre de la violencia\" W. Guerra Curvelo","og_description":"Conversamos con el antrop\u00f3logo way\u00fau Weildler Guerra Curvelo desde R\u00edo Hacha en la Guajira colombiana para preguntarle c\u00f3mo se ve el conflicto fronterizo","og_url":"https:\/\/www.pressenza.com\/es\/2015\/10\/se-abre-una-pagina-de-esperanza-en-colombia-para-dejar-atras-el-lastre-de-la-violencia-w-guerra-curvelo\/","og_site_name":"Pressenza","article_publisher":"https:\/\/www.facebook.com\/PressenzaItalia","article_published_time":"2015-10-01T00:28:49+00:00","article_modified_time":"2015-10-01T00:29:43+00:00","og_image":[{"width":950,"height":636,"url":"https:\/\/www.pressenza.com\/wp-content\/uploads\/2015\/10\/6054446879_e2a27ffd46_b.jpg","type":"image\/jpeg"}],"author":"Redacci\u00f3n Ecuador","twitter_card":"summary_large_image","twitter_creator":"@PressenzaIPA","twitter_site":"@PressenzaIPA","twitter_misc":{"Escrito por":"Redacci\u00f3n Ecuador","Tiempo de lectura":"8 minutos"},"schema":{"@context":"https:\/\/schema.org","@graph":[{"@type":"Article","@id":"https:\/\/www.pressenza.com\/es\/2015\/10\/se-abre-una-pagina-de-esperanza-en-colombia-para-dejar-atras-el-lastre-de-la-violencia-w-guerra-curvelo\/#article","isPartOf":{"@id":"https:\/\/www.pressenza.com\/es\/2015\/10\/se-abre-una-pagina-de-esperanza-en-colombia-para-dejar-atras-el-lastre-de-la-violencia-w-guerra-curvelo\/"},"author":{"name":"Redacci\u00f3n Ecuador","@id":"https:\/\/www.pressenza.com\/es\/#\/schema\/person\/883a735c40665759bcc6fe0c26bcb46f"},"headline":"\u00abSe abre una p\u00e1gina de esperanza en Colombia para dejar atr\u00e1s el lastre de la violencia\u00bb W. Guerra Curvelo","datePublished":"2015-10-01T00:28:49+00:00","dateModified":"2015-10-01T00:29:43+00:00","mainEntityOfPage":{"@id":"https:\/\/www.pressenza.com\/es\/2015\/10\/se-abre-una-pagina-de-esperanza-en-colombia-para-dejar-atras-el-lastre-de-la-violencia-w-guerra-curvelo\/"},"wordCount":1619,"publisher":{"@id":"https:\/\/www.pressenza.com\/es\/#organization"},"image":{"@id":"https:\/\/www.pressenza.com\/es\/2015\/10\/se-abre-una-pagina-de-esperanza-en-colombia-para-dejar-atras-el-lastre-de-la-violencia-w-guerra-curvelo\/#primaryimage"},"thumbnailUrl":"https:\/\/www.pressenza.com\/wp-content\/uploads\/2015\/10\/6054446879_e2a27ffd46_b.jpg","keywords":["@radiopressenza","Colombia","Di\u00e1logos de Paz","FARC-EP","fronteras","Guajira","Guerra Curvelo","Juan Manuel Santos","Paramilitares","Paz","problema fronterizo","Pueblos Originarios","Venezuela","Violencia","way\u00fau"],"articleSection":["Asuntos internacionales","Contenido Original","Cultura y Medios","Derechos Humanos","Entrevistas","Paz y Desarme","Pol\u00edtica","Pueblos Originarios","Sudam\u00e9rica"],"inLanguage":"es"},{"@type":"WebPage","@id":"https:\/\/www.pressenza.com\/es\/2015\/10\/se-abre-una-pagina-de-esperanza-en-colombia-para-dejar-atras-el-lastre-de-la-violencia-w-guerra-curvelo\/","url":"https:\/\/www.pressenza.com\/es\/2015\/10\/se-abre-una-pagina-de-esperanza-en-colombia-para-dejar-atras-el-lastre-de-la-violencia-w-guerra-curvelo\/","name":"\"Se abre una p\u00e1gina de esperanza en Colombia para dejar atr\u00e1s el lastre de la violencia\" W. Guerra Curvelo","isPartOf":{"@id":"https:\/\/www.pressenza.com\/es\/#website"},"primaryImageOfPage":{"@id":"https:\/\/www.pressenza.com\/es\/2015\/10\/se-abre-una-pagina-de-esperanza-en-colombia-para-dejar-atras-el-lastre-de-la-violencia-w-guerra-curvelo\/#primaryimage"},"image":{"@id":"https:\/\/www.pressenza.com\/es\/2015\/10\/se-abre-una-pagina-de-esperanza-en-colombia-para-dejar-atras-el-lastre-de-la-violencia-w-guerra-curvelo\/#primaryimage"},"thumbnailUrl":"https:\/\/www.pressenza.com\/wp-content\/uploads\/2015\/10\/6054446879_e2a27ffd46_b.jpg","datePublished":"2015-10-01T00:28:49+00:00","dateModified":"2015-10-01T00:29:43+00:00","description":"Conversamos con el antrop\u00f3logo way\u00fau Weildler Guerra Curvelo desde R\u00edo Hacha en la Guajira colombiana para preguntarle c\u00f3mo se ve el conflicto fronterizo","breadcrumb":{"@id":"https:\/\/www.pressenza.com\/es\/2015\/10\/se-abre-una-pagina-de-esperanza-en-colombia-para-dejar-atras-el-lastre-de-la-violencia-w-guerra-curvelo\/#breadcrumb"},"inLanguage":"es","potentialAction":[{"@type":"ReadAction","target":["https:\/\/www.pressenza.com\/es\/2015\/10\/se-abre-una-pagina-de-esperanza-en-colombia-para-dejar-atras-el-lastre-de-la-violencia-w-guerra-curvelo\/"]}]},{"@type":"ImageObject","inLanguage":"es","@id":"https:\/\/www.pressenza.com\/es\/2015\/10\/se-abre-una-pagina-de-esperanza-en-colombia-para-dejar-atras-el-lastre-de-la-violencia-w-guerra-curvelo\/#primaryimage","url":"https:\/\/www.pressenza.com\/wp-content\/uploads\/2015\/10\/6054446879_e2a27ffd46_b.jpg","contentUrl":"https:\/\/www.pressenza.com\/wp-content\/uploads\/2015\/10\/6054446879_e2a27ffd46_b.jpg","width":950,"height":636},{"@type":"BreadcrumbList","@id":"https:\/\/www.pressenza.com\/es\/2015\/10\/se-abre-una-pagina-de-esperanza-en-colombia-para-dejar-atras-el-lastre-de-la-violencia-w-guerra-curvelo\/#breadcrumb","itemListElement":[{"@type":"ListItem","position":1,"name":"Accueil","item":"https:\/\/www.pressenza.com\/es\/"},{"@type":"ListItem","position":2,"name":"\u00abSe abre una p\u00e1gina de esperanza en Colombia para dejar atr\u00e1s el lastre de la violencia\u00bb W. Guerra Curvelo"}]},{"@type":"WebSite","@id":"https:\/\/www.pressenza.com\/es\/#website","url":"https:\/\/www.pressenza.com\/es\/","name":"Pressenza","description":"International Press Agency","publisher":{"@id":"https:\/\/www.pressenza.com\/es\/#organization"},"potentialAction":[{"@type":"SearchAction","target":{"@type":"EntryPoint","urlTemplate":"https:\/\/www.pressenza.com\/es\/?s={search_term_string}"},"query-input":{"@type":"PropertyValueSpecification","valueRequired":true,"valueName":"search_term_string"}}],"inLanguage":"es"},{"@type":"Organization","@id":"https:\/\/www.pressenza.com\/es\/#organization","name":"Pressenza","url":"https:\/\/www.pressenza.com\/es\/","logo":{"@type":"ImageObject","inLanguage":"es","@id":"https:\/\/www.pressenza.com\/es\/#\/schema\/logo\/image\/","url":"https:\/\/www.pressenza.com\/wp-content\/uploads\/2022\/10\/pressenza_logo_200x200.jpg","contentUrl":"https:\/\/www.pressenza.com\/wp-content\/uploads\/2022\/10\/pressenza_logo_200x200.jpg","width":200,"height":200,"caption":"Pressenza"},"image":{"@id":"https:\/\/www.pressenza.com\/es\/#\/schema\/logo\/image\/"},"sameAs":["https:\/\/www.facebook.com\/PressenzaItalia","https:\/\/x.com\/PressenzaIPA"]},{"@type":"Person","@id":"https:\/\/www.pressenza.com\/es\/#\/schema\/person\/883a735c40665759bcc6fe0c26bcb46f","name":"Redacci\u00f3n Ecuador","description":"News published by the Pressenza bureau in Quito, Ecuador","url":"https:\/\/www.pressenza.com\/es\/author\/redaccion-ecuador\/"}]}},"place":"R\u00edo Hacha, Colombia","original_article_url":"","_links":{"self":[{"href":"https:\/\/www.pressenza.com\/es\/wp-json\/wp\/v2\/posts\/227869","targetHints":{"allow":["GET"]}}],"collection":[{"href":"https:\/\/www.pressenza.com\/es\/wp-json\/wp\/v2\/posts"}],"about":[{"href":"https:\/\/www.pressenza.com\/es\/wp-json\/wp\/v2\/types\/post"}],"author":[{"embeddable":true,"href":"https:\/\/www.pressenza.com\/es\/wp-json\/wp\/v2\/users\/1011"}],"replies":[{"embeddable":true,"href":"https:\/\/www.pressenza.com\/es\/wp-json\/wp\/v2\/comments?post=227869"}],"version-history":[{"count":0,"href":"https:\/\/www.pressenza.com\/es\/wp-json\/wp\/v2\/posts\/227869\/revisions"}],"wp:featuredmedia":[{"embeddable":true,"href":"https:\/\/www.pressenza.com\/es\/wp-json\/wp\/v2\/media\/227870"}],"wp:attachment":[{"href":"https:\/\/www.pressenza.com\/es\/wp-json\/wp\/v2\/media?parent=227869"}],"wp:term":[{"taxonomy":"category","embeddable":true,"href":"https:\/\/www.pressenza.com\/es\/wp-json\/wp\/v2\/categories?post=227869"},{"taxonomy":"post_tag","embeddable":true,"href":"https:\/\/www.pressenza.com\/es\/wp-json\/wp\/v2\/tags?post=227869"}],"curies":[{"name":"wp","href":"https:\/\/api.w.org\/{rel}","templated":true}]}}