{"id":22772,"date":"2012-11-03T19:50:54","date_gmt":"2012-11-03T19:50:54","guid":{"rendered":"http:\/\/www.pressenza.com\/?p=22772"},"modified":"2012-11-03T22:26:00","modified_gmt":"2012-11-03T22:26:00","slug":"tercer-simposio-mundial-los-humanistas-proponen-campana-latinoamericana-por-la-reduccion-del-gasto-militar-en-la-region","status":"publish","type":"post","link":"https:\/\/www.pressenza.com\/es\/2012\/11\/tercer-simposio-mundial-los-humanistas-proponen-campana-latinoamericana-por-la-reduccion-del-gasto-militar-en-la-region\/","title":{"rendered":"Tercer Simposio Mundial: los humanistas proponen Campa\u00f1a Latinoamericana por la reducci\u00f3n del gasto militar en la regi\u00f3n"},"content":{"rendered":"<p>En el marco del Panel Pol\u00edticas Gubernamentales \u00abUn nuevo humanismo para\u00a0 la Nueva Civilizaci\u00f3n\u00bb, Tom\u00e1s Hirsch, humanista chileno, plante\u00f3 que, si bien los gobiernos est\u00e1n haciendo y deben continuar haciendo su parte para retroceder las inequidades, no lo pueden hacer solos. Es indispensable, afirm\u00f3 Hirsch, humanizar la sociedad.<\/p>\n<p>Desde esa perspectiva, es necesario transitar hacia democracias mucho m\u00e1s participativas, abrir las fronteras a todo ciudadano latinoamericana, regular desde la base social la intermediaci\u00f3n que se produce entre empresas, sector financiero y gobiernos.\u00a0 Por otra parte, es indispensable avanzar sobre sobre el Tratado de Tlatelolco promoviendo como prioridad la reducci\u00f3n del gasto militar.<\/p>\n<p>Tom\u00e1s Hirsch lanz\u00f3 la propuesta humanista para trabajar en una gran campa\u00f1a latinoamericana para la reducacci\u00f3n del gasto militar en Am\u00e9rica Latina y Caribe y reorientar ese gasto hacia la salud, la educaci\u00f3n y la calidad de vida de nuestras poblaciones. Avanzaremos en esta propuesta y les invitamos a todos y todas a sumar a ella, concluy\u00f3 Hirsch.<\/p>\n<p>&nbsp;<\/p>\n<p>&nbsp;<\/p>\n<p>&nbsp;<\/p>\n<p>&nbsp;<\/p>\n<p>&nbsp;<\/p>\n","protected":false},"excerpt":{"rendered":"<p>En el marco del Panel Pol\u00edticas Gubernamentales \u00abUn nuevo humanismo para\u00a0 la Nueva Civilizaci\u00f3n\u00bb, Tom\u00e1s Hirsch, humanista chileno, plante\u00f3 que, si bien los gobiernos est\u00e1n haciendo y deben continuar haciendo su parte para retroceder las inequidades, no lo pueden hacer&hellip;<\/p>\n","protected":false},"author":454,"featured_media":22792,"comment_status":"closed","ping_status":"open","sticky":false,"template":"","format":"standard","meta":{"footnotes":""},"categories":[1243,67],"tags":[],"class_list":["post-22772","post","type-post","status-publish","format-standard","has-post-thumbnail","hentry","category-paz-desarme","category-sudamerica"],"yoast_head":"<!-- This site is optimized with the Yoast SEO plugin v27.1.1 - https:\/\/yoast.com\/product\/yoast-seo-wordpress\/ -->\n<title>Tercer Simposio Mundial: los humanistas proponen Campa\u00f1a Latinoamericana por la reducci\u00f3n del gasto militar en la regi\u00f3n<\/title>\n<meta name=\"description\" content=\"En el marco del Panel Pol\u00edticas Gubernamentales &quot;Un nuevo humanismo para\u00a0 la Nueva Civilizaci\u00f3n&quot;, Tom\u00e1s Hirsch, humanista chileno, plante\u00f3 que, si bien\" \/>\n<meta name=\"robots\" content=\"index, follow, max-snippet:-1, max-image-preview:large, max-video-preview:-1\" \/>\n<link rel=\"canonical\" href=\"https:\/\/www.pressenza.com\/es\/2012\/11\/tercer-simposio-mundial-los-humanistas-proponen-campana-latinoamericana-por-la-reduccion-del-gasto-militar-en-la-region\/\" \/>\n<meta property=\"og:locale\" content=\"es_ES\" \/>\n<meta property=\"og:type\" content=\"article\" \/>\n<meta property=\"og:title\" content=\"Tercer Simposio Mundial: los humanistas proponen Campa\u00f1a Latinoamericana por la reducci\u00f3n del gasto militar en la regi\u00f3n\" \/>\n<meta property=\"og:description\" content=\"En el marco del Panel Pol\u00edticas Gubernamentales &quot;Un nuevo humanismo para\u00a0 la Nueva Civilizaci\u00f3n&quot;, Tom\u00e1s Hirsch, humanista chileno, plante\u00f3 que, si bien\" \/>\n<meta property=\"og:url\" content=\"https:\/\/www.pressenza.com\/es\/2012\/11\/tercer-simposio-mundial-los-humanistas-proponen-campana-latinoamericana-por-la-reduccion-del-gasto-militar-en-la-region\/\" \/>\n<meta property=\"og:site_name\" content=\"Pressenza\" \/>\n<meta property=\"article:publisher\" content=\"https:\/\/www.facebook.com\/PressenzaItalia\" \/>\n<meta property=\"article:published_time\" content=\"2012-11-03T19:50:54+00:00\" \/>\n<meta property=\"article:modified_time\" content=\"2012-11-03T22:26:00+00:00\" \/>\n<meta property=\"og:image\" content=\"https:\/\/www.pressenza.com\/wp-content\/uploads\/2012\/11\/Tomy.png\" \/>\n\t<meta property=\"og:image:width\" content=\"824\" \/>\n\t<meta property=\"og:image:height\" content=\"607\" \/>\n\t<meta property=\"og:image:type\" content=\"image\/png\" \/>\n<meta name=\"author\" content=\"Nelsy Lizarazo\" \/>\n<meta name=\"twitter:card\" content=\"summary_large_image\" \/>\n<meta name=\"twitter:creator\" content=\"@PressenzaIPA\" \/>\n<meta name=\"twitter:site\" content=\"@PressenzaIPA\" \/>\n<meta name=\"twitter:label1\" content=\"Escrito por\" \/>\n\t<meta name=\"twitter:data1\" content=\"Nelsy Lizarazo\" \/>\n\t<meta name=\"twitter:label2\" content=\"Tiempo de lectura\" \/>\n\t<meta name=\"twitter:data2\" content=\"1 minuto\" \/>\n<script type=\"application\/ld+json\" class=\"yoast-schema-graph\">{\"@context\":\"https:\/\/schema.org\",\"@graph\":[{\"@type\":\"Article\",\"@id\":\"https:\/\/www.pressenza.com\/es\/2012\/11\/tercer-simposio-mundial-los-humanistas-proponen-campana-latinoamericana-por-la-reduccion-del-gasto-militar-en-la-region\/#article\",\"isPartOf\":{\"@id\":\"https:\/\/www.pressenza.com\/es\/2012\/11\/tercer-simposio-mundial-los-humanistas-proponen-campana-latinoamericana-por-la-reduccion-del-gasto-militar-en-la-region\/\"},\"author\":{\"name\":\"Nelsy Lizarazo\",\"@id\":\"https:\/\/www.pressenza.com\/es\/#\/schema\/person\/25aa5b5c387ba3badce63b165da09f9c\"},\"headline\":\"Tercer Simposio Mundial: los humanistas proponen Campa\u00f1a Latinoamericana por la reducci\u00f3n del gasto militar en la regi\u00f3n\",\"datePublished\":\"2012-11-03T19:50:54+00:00\",\"dateModified\":\"2012-11-03T22:26:00+00:00\",\"mainEntityOfPage\":{\"@id\":\"https:\/\/www.pressenza.com\/es\/2012\/11\/tercer-simposio-mundial-los-humanistas-proponen-campana-latinoamericana-por-la-reduccion-del-gasto-militar-en-la-region\/\"},\"wordCount\":197,\"publisher\":{\"@id\":\"https:\/\/www.pressenza.com\/es\/#organization\"},\"image\":{\"@id\":\"https:\/\/www.pressenza.com\/es\/2012\/11\/tercer-simposio-mundial-los-humanistas-proponen-campana-latinoamericana-por-la-reduccion-del-gasto-militar-en-la-region\/#primaryimage\"},\"thumbnailUrl\":\"https:\/\/www.pressenza.com\/wp-content\/uploads\/2012\/11\/Tomy.png\",\"articleSection\":[\"Paz y Desarme\",\"Sudam\u00e9rica\"],\"inLanguage\":\"es\"},{\"@type\":\"WebPage\",\"@id\":\"https:\/\/www.pressenza.com\/es\/2012\/11\/tercer-simposio-mundial-los-humanistas-proponen-campana-latinoamericana-por-la-reduccion-del-gasto-militar-en-la-region\/\",\"url\":\"https:\/\/www.pressenza.com\/es\/2012\/11\/tercer-simposio-mundial-los-humanistas-proponen-campana-latinoamericana-por-la-reduccion-del-gasto-militar-en-la-region\/\",\"name\":\"Tercer Simposio Mundial: los humanistas proponen Campa\u00f1a Latinoamericana por la reducci\u00f3n del gasto militar en la regi\u00f3n\",\"isPartOf\":{\"@id\":\"https:\/\/www.pressenza.com\/es\/#website\"},\"primaryImageOfPage\":{\"@id\":\"https:\/\/www.pressenza.com\/es\/2012\/11\/tercer-simposio-mundial-los-humanistas-proponen-campana-latinoamericana-por-la-reduccion-del-gasto-militar-en-la-region\/#primaryimage\"},\"image\":{\"@id\":\"https:\/\/www.pressenza.com\/es\/2012\/11\/tercer-simposio-mundial-los-humanistas-proponen-campana-latinoamericana-por-la-reduccion-del-gasto-militar-en-la-region\/#primaryimage\"},\"thumbnailUrl\":\"https:\/\/www.pressenza.com\/wp-content\/uploads\/2012\/11\/Tomy.png\",\"datePublished\":\"2012-11-03T19:50:54+00:00\",\"dateModified\":\"2012-11-03T22:26:00+00:00\",\"description\":\"En el marco del Panel Pol\u00edticas Gubernamentales \\\"Un nuevo humanismo para\u00a0 la Nueva Civilizaci\u00f3n\\\", Tom\u00e1s Hirsch, humanista chileno, plante\u00f3 que, si bien\",\"breadcrumb\":{\"@id\":\"https:\/\/www.pressenza.com\/es\/2012\/11\/tercer-simposio-mundial-los-humanistas-proponen-campana-latinoamericana-por-la-reduccion-del-gasto-militar-en-la-region\/#breadcrumb\"},\"inLanguage\":\"es\",\"potentialAction\":[{\"@type\":\"ReadAction\",\"target\":[\"https:\/\/www.pressenza.com\/es\/2012\/11\/tercer-simposio-mundial-los-humanistas-proponen-campana-latinoamericana-por-la-reduccion-del-gasto-militar-en-la-region\/\"]}]},{\"@type\":\"ImageObject\",\"inLanguage\":\"es\",\"@id\":\"https:\/\/www.pressenza.com\/es\/2012\/11\/tercer-simposio-mundial-los-humanistas-proponen-campana-latinoamericana-por-la-reduccion-del-gasto-militar-en-la-region\/#primaryimage\",\"url\":\"https:\/\/www.pressenza.com\/wp-content\/uploads\/2012\/11\/Tomy.png\",\"contentUrl\":\"https:\/\/www.pressenza.com\/wp-content\/uploads\/2012\/11\/Tomy.png\",\"width\":\"824\",\"height\":\"607\"},{\"@type\":\"BreadcrumbList\",\"@id\":\"https:\/\/www.pressenza.com\/es\/2012\/11\/tercer-simposio-mundial-los-humanistas-proponen-campana-latinoamericana-por-la-reduccion-del-gasto-militar-en-la-region\/#breadcrumb\",\"itemListElement\":[{\"@type\":\"ListItem\",\"position\":1,\"name\":\"Accueil\",\"item\":\"https:\/\/www.pressenza.com\/es\/\"},{\"@type\":\"ListItem\",\"position\":2,\"name\":\"Tercer Simposio Mundial: los humanistas proponen Campa\u00f1a Latinoamericana por la reducci\u00f3n del gasto militar en la regi\u00f3n\"}]},{\"@type\":\"WebSite\",\"@id\":\"https:\/\/www.pressenza.com\/es\/#website\",\"url\":\"https:\/\/www.pressenza.com\/es\/\",\"name\":\"Pressenza\",\"description\":\"International Press Agency\",\"publisher\":{\"@id\":\"https:\/\/www.pressenza.com\/es\/#organization\"},\"potentialAction\":[{\"@type\":\"SearchAction\",\"target\":{\"@type\":\"EntryPoint\",\"urlTemplate\":\"https:\/\/www.pressenza.com\/es\/?s={search_term_string}\"},\"query-input\":{\"@type\":\"PropertyValueSpecification\",\"valueRequired\":true,\"valueName\":\"search_term_string\"}}],\"inLanguage\":\"es\"},{\"@type\":\"Organization\",\"@id\":\"https:\/\/www.pressenza.com\/es\/#organization\",\"name\":\"Pressenza\",\"url\":\"https:\/\/www.pressenza.com\/es\/\",\"logo\":{\"@type\":\"ImageObject\",\"inLanguage\":\"es\",\"@id\":\"https:\/\/www.pressenza.com\/es\/#\/schema\/logo\/image\/\",\"url\":\"https:\/\/www.pressenza.com\/wp-content\/uploads\/2022\/10\/pressenza_logo_200x200.jpg\",\"contentUrl\":\"https:\/\/www.pressenza.com\/wp-content\/uploads\/2022\/10\/pressenza_logo_200x200.jpg\",\"width\":200,\"height\":200,\"caption\":\"Pressenza\"},\"image\":{\"@id\":\"https:\/\/www.pressenza.com\/es\/#\/schema\/logo\/image\/\"},\"sameAs\":[\"https:\/\/www.facebook.com\/PressenzaItalia\",\"https:\/\/x.com\/PressenzaIPA\"]},{\"@type\":\"Person\",\"@id\":\"https:\/\/www.pressenza.com\/es\/#\/schema\/person\/25aa5b5c387ba3badce63b165da09f9c\",\"name\":\"Nelsy Lizarazo\",\"description\":\"Nelsy Lizarazo, Colombian, living in Quito, Ecuador. Professional background in philosophy, literature, political sciences and international relations.\",\"url\":\"https:\/\/www.pressenza.com\/es\/author\/nelsy-lizarazo\/\"}]}<\/script>\n<!-- \/ Yoast SEO plugin. -->","yoast_head_json":{"title":"Tercer Simposio Mundial: los humanistas proponen Campa\u00f1a Latinoamericana por la reducci\u00f3n del gasto militar en la regi\u00f3n","description":"En el marco del Panel Pol\u00edticas Gubernamentales \"Un nuevo humanismo para\u00a0 la Nueva Civilizaci\u00f3n\", Tom\u00e1s Hirsch, humanista chileno, plante\u00f3 que, si bien","robots":{"index":"index","follow":"follow","max-snippet":"max-snippet:-1","max-image-preview":"max-image-preview:large","max-video-preview":"max-video-preview:-1"},"canonical":"https:\/\/www.pressenza.com\/es\/2012\/11\/tercer-simposio-mundial-los-humanistas-proponen-campana-latinoamericana-por-la-reduccion-del-gasto-militar-en-la-region\/","og_locale":"es_ES","og_type":"article","og_title":"Tercer Simposio Mundial: los humanistas proponen Campa\u00f1a Latinoamericana por la reducci\u00f3n del gasto militar en la regi\u00f3n","og_description":"En el marco del Panel Pol\u00edticas Gubernamentales \"Un nuevo humanismo para\u00a0 la Nueva Civilizaci\u00f3n\", Tom\u00e1s Hirsch, humanista chileno, plante\u00f3 que, si bien","og_url":"https:\/\/www.pressenza.com\/es\/2012\/11\/tercer-simposio-mundial-los-humanistas-proponen-campana-latinoamericana-por-la-reduccion-del-gasto-militar-en-la-region\/","og_site_name":"Pressenza","article_publisher":"https:\/\/www.facebook.com\/PressenzaItalia","article_published_time":"2012-11-03T19:50:54+00:00","article_modified_time":"2012-11-03T22:26:00+00:00","og_image":[{"width":824,"height":607,"url":"https:\/\/www.pressenza.com\/wp-content\/uploads\/2012\/11\/Tomy.png","type":"image\/png"}],"author":"Nelsy Lizarazo","twitter_card":"summary_large_image","twitter_creator":"@PressenzaIPA","twitter_site":"@PressenzaIPA","twitter_misc":{"Escrito por":"Nelsy Lizarazo","Tiempo de lectura":"1 minuto"},"schema":{"@context":"https:\/\/schema.org","@graph":[{"@type":"Article","@id":"https:\/\/www.pressenza.com\/es\/2012\/11\/tercer-simposio-mundial-los-humanistas-proponen-campana-latinoamericana-por-la-reduccion-del-gasto-militar-en-la-region\/#article","isPartOf":{"@id":"https:\/\/www.pressenza.com\/es\/2012\/11\/tercer-simposio-mundial-los-humanistas-proponen-campana-latinoamericana-por-la-reduccion-del-gasto-militar-en-la-region\/"},"author":{"name":"Nelsy Lizarazo","@id":"https:\/\/www.pressenza.com\/es\/#\/schema\/person\/25aa5b5c387ba3badce63b165da09f9c"},"headline":"Tercer Simposio Mundial: los humanistas proponen Campa\u00f1a Latinoamericana por la reducci\u00f3n del gasto militar en la regi\u00f3n","datePublished":"2012-11-03T19:50:54+00:00","dateModified":"2012-11-03T22:26:00+00:00","mainEntityOfPage":{"@id":"https:\/\/www.pressenza.com\/es\/2012\/11\/tercer-simposio-mundial-los-humanistas-proponen-campana-latinoamericana-por-la-reduccion-del-gasto-militar-en-la-region\/"},"wordCount":197,"publisher":{"@id":"https:\/\/www.pressenza.com\/es\/#organization"},"image":{"@id":"https:\/\/www.pressenza.com\/es\/2012\/11\/tercer-simposio-mundial-los-humanistas-proponen-campana-latinoamericana-por-la-reduccion-del-gasto-militar-en-la-region\/#primaryimage"},"thumbnailUrl":"https:\/\/www.pressenza.com\/wp-content\/uploads\/2012\/11\/Tomy.png","articleSection":["Paz y Desarme","Sudam\u00e9rica"],"inLanguage":"es"},{"@type":"WebPage","@id":"https:\/\/www.pressenza.com\/es\/2012\/11\/tercer-simposio-mundial-los-humanistas-proponen-campana-latinoamericana-por-la-reduccion-del-gasto-militar-en-la-region\/","url":"https:\/\/www.pressenza.com\/es\/2012\/11\/tercer-simposio-mundial-los-humanistas-proponen-campana-latinoamericana-por-la-reduccion-del-gasto-militar-en-la-region\/","name":"Tercer Simposio Mundial: los humanistas proponen Campa\u00f1a Latinoamericana por la reducci\u00f3n del gasto militar en la regi\u00f3n","isPartOf":{"@id":"https:\/\/www.pressenza.com\/es\/#website"},"primaryImageOfPage":{"@id":"https:\/\/www.pressenza.com\/es\/2012\/11\/tercer-simposio-mundial-los-humanistas-proponen-campana-latinoamericana-por-la-reduccion-del-gasto-militar-en-la-region\/#primaryimage"},"image":{"@id":"https:\/\/www.pressenza.com\/es\/2012\/11\/tercer-simposio-mundial-los-humanistas-proponen-campana-latinoamericana-por-la-reduccion-del-gasto-militar-en-la-region\/#primaryimage"},"thumbnailUrl":"https:\/\/www.pressenza.com\/wp-content\/uploads\/2012\/11\/Tomy.png","datePublished":"2012-11-03T19:50:54+00:00","dateModified":"2012-11-03T22:26:00+00:00","description":"En el marco del Panel Pol\u00edticas Gubernamentales \"Un nuevo humanismo para\u00a0 la Nueva Civilizaci\u00f3n\", Tom\u00e1s Hirsch, humanista chileno, plante\u00f3 que, si bien","breadcrumb":{"@id":"https:\/\/www.pressenza.com\/es\/2012\/11\/tercer-simposio-mundial-los-humanistas-proponen-campana-latinoamericana-por-la-reduccion-del-gasto-militar-en-la-region\/#breadcrumb"},"inLanguage":"es","potentialAction":[{"@type":"ReadAction","target":["https:\/\/www.pressenza.com\/es\/2012\/11\/tercer-simposio-mundial-los-humanistas-proponen-campana-latinoamericana-por-la-reduccion-del-gasto-militar-en-la-region\/"]}]},{"@type":"ImageObject","inLanguage":"es","@id":"https:\/\/www.pressenza.com\/es\/2012\/11\/tercer-simposio-mundial-los-humanistas-proponen-campana-latinoamericana-por-la-reduccion-del-gasto-militar-en-la-region\/#primaryimage","url":"https:\/\/www.pressenza.com\/wp-content\/uploads\/2012\/11\/Tomy.png","contentUrl":"https:\/\/www.pressenza.com\/wp-content\/uploads\/2012\/11\/Tomy.png","width":"824","height":"607"},{"@type":"BreadcrumbList","@id":"https:\/\/www.pressenza.com\/es\/2012\/11\/tercer-simposio-mundial-los-humanistas-proponen-campana-latinoamericana-por-la-reduccion-del-gasto-militar-en-la-region\/#breadcrumb","itemListElement":[{"@type":"ListItem","position":1,"name":"Accueil","item":"https:\/\/www.pressenza.com\/es\/"},{"@type":"ListItem","position":2,"name":"Tercer Simposio Mundial: los humanistas proponen Campa\u00f1a Latinoamericana por la reducci\u00f3n del gasto militar en la regi\u00f3n"}]},{"@type":"WebSite","@id":"https:\/\/www.pressenza.com\/es\/#website","url":"https:\/\/www.pressenza.com\/es\/","name":"Pressenza","description":"International Press Agency","publisher":{"@id":"https:\/\/www.pressenza.com\/es\/#organization"},"potentialAction":[{"@type":"SearchAction","target":{"@type":"EntryPoint","urlTemplate":"https:\/\/www.pressenza.com\/es\/?s={search_term_string}"},"query-input":{"@type":"PropertyValueSpecification","valueRequired":true,"valueName":"search_term_string"}}],"inLanguage":"es"},{"@type":"Organization","@id":"https:\/\/www.pressenza.com\/es\/#organization","name":"Pressenza","url":"https:\/\/www.pressenza.com\/es\/","logo":{"@type":"ImageObject","inLanguage":"es","@id":"https:\/\/www.pressenza.com\/es\/#\/schema\/logo\/image\/","url":"https:\/\/www.pressenza.com\/wp-content\/uploads\/2022\/10\/pressenza_logo_200x200.jpg","contentUrl":"https:\/\/www.pressenza.com\/wp-content\/uploads\/2022\/10\/pressenza_logo_200x200.jpg","width":200,"height":200,"caption":"Pressenza"},"image":{"@id":"https:\/\/www.pressenza.com\/es\/#\/schema\/logo\/image\/"},"sameAs":["https:\/\/www.facebook.com\/PressenzaItalia","https:\/\/x.com\/PressenzaIPA"]},{"@type":"Person","@id":"https:\/\/www.pressenza.com\/es\/#\/schema\/person\/25aa5b5c387ba3badce63b165da09f9c","name":"Nelsy Lizarazo","description":"Nelsy Lizarazo, Colombian, living in Quito, Ecuador. Professional background in philosophy, literature, political sciences and international relations.","url":"https:\/\/www.pressenza.com\/es\/author\/nelsy-lizarazo\/"}]}},"place":"","original_article_url":"","_links":{"self":[{"href":"https:\/\/www.pressenza.com\/es\/wp-json\/wp\/v2\/posts\/22772","targetHints":{"allow":["GET"]}}],"collection":[{"href":"https:\/\/www.pressenza.com\/es\/wp-json\/wp\/v2\/posts"}],"about":[{"href":"https:\/\/www.pressenza.com\/es\/wp-json\/wp\/v2\/types\/post"}],"author":[{"embeddable":true,"href":"https:\/\/www.pressenza.com\/es\/wp-json\/wp\/v2\/users\/454"}],"replies":[{"embeddable":true,"href":"https:\/\/www.pressenza.com\/es\/wp-json\/wp\/v2\/comments?post=22772"}],"version-history":[{"count":0,"href":"https:\/\/www.pressenza.com\/es\/wp-json\/wp\/v2\/posts\/22772\/revisions"}],"wp:featuredmedia":[{"embeddable":true,"href":"https:\/\/www.pressenza.com\/es\/wp-json\/wp\/v2\/media\/22792"}],"wp:attachment":[{"href":"https:\/\/www.pressenza.com\/es\/wp-json\/wp\/v2\/media?parent=22772"}],"wp:term":[{"taxonomy":"category","embeddable":true,"href":"https:\/\/www.pressenza.com\/es\/wp-json\/wp\/v2\/categories?post=22772"},{"taxonomy":"post_tag","embeddable":true,"href":"https:\/\/www.pressenza.com\/es\/wp-json\/wp\/v2\/tags?post=22772"}],"curies":[{"name":"wp","href":"https:\/\/api.w.org\/{rel}","templated":true}]}}