{"id":2277,"date":"2009-11-17T00:00:00","date_gmt":"2009-11-17T00:00:00","guid":{"rendered":""},"modified":"2009-11-17T08:40:46","modified_gmt":"2009-11-17T08:40:46","slug":"corresponsales-extranjeros-en-tierras-mapuches","status":"publish","type":"post","link":"https:\/\/www.pressenza.com\/es\/2009\/11\/corresponsales-extranjeros-en-tierras-mapuches\/","title":{"rendered":"Corresponsales extranjeros en tierras mapuches"},"content":{"rendered":"<p>Contra ellos se ha utilizado la Ley  de Seguridad Interior del Estado y la Ley antiterrorista, esta \u00faltima dictada por la dictadura militar (1973-1990). Ley que no ha sido aplicada a ninguna persona no mapuche. Adem\u00e1s, los mapuches evidencian que el Estado de Chile  procesa penalmente a un acusado doblemente, por la Fiscal\u00eda Militar y la Justicia Civil.<\/p>\n<p>Los comuneros presos expresan impotencia ante tanta violencia aplicada *\u201c&#8230; el gobierno lo \u00fanico que est\u00e1 logrando es que juntemos m\u00e1s rabia\u201d*.<\/p>\n<p>**Itinerario**<\/p>\n<p>Este  jueves 12, se  visita  la C\u00e1rcel El Manzano de Concepci\u00f3n,  en ella se encuentra prisionero, entre otros, H\u00e9ctor Llaitul, quien se refiri\u00f3 a la naturaleza de la CAM.  Sostuvo  que la organizaci\u00f3n *\u201ces un peligro para el Estado porque su lucha es pol\u00edtico ideol\u00f3gica\u201d*.  Junto a otros siete comuneros, se encuentra recluido con cargos de asociaci\u00f3n il\u00edcita terrorista y homicidio frustrado contra el fiscal del Ministerio P\u00fablico, Mario Elgueta.<\/p>\n<p>Llaitul expresa que *\u201cA la Presidenta Bachelet la torturaron y la encarcelaron \u00bfpor qu\u00e9 hace lo mismo con el pueblo mapuche? Estas leyes las impuso la dictadura y son aplicadas ahora a nosotros\u201d*. Asegura que evidentemente se est\u00e1n violando los derechos humanos, considerando adem\u00e1s de la violencia aplicada a las comunidades,  a los presos se les procesa por el mismo delito en la fiscal\u00eda militar y en la justicia civil.<\/p>\n<p>Asimismo, asistieron a una reuni\u00f3n con los abogados Adolfo Montiel y Pablo Ortega, quienes defienden algunas de las causas mapuches. Los profesionales expusieron las  condiciones que deben enfrentar en procesos judiciales en los cuales desaf\u00edan un escenario desigual con la Fiscal\u00eda a raz\u00f3n de la aplicaci\u00f3n de la Ley Antiterrorista, originada en la dictadura. Adem\u00e1s,  la forma en que se dan los juicios en la justicia militar.<\/p>\n<p>El viernes 13 se visit\u00f3 la C\u00e1rcel de Angol y la comunidad Temucuicui Aut\u00f3noma de la provincia de Malleco. En esta ocasi\u00f3n el lonko Victor Queipul explic\u00f3 las circunstancias en que, seg\u00fan \u00e9l,  han sido v\u00edctimas de persecuci\u00f3n policial y judicializaci\u00f3n de una causa pol\u00edtica de ra\u00edces hist\u00f3ricas. Denuncian violentos allanamientos policiales en busca de personas  requeridas por la justicia, lo  que afectan  a ni\u00f1os y adultos mayores. EL werken, Jorge Huenchull\u00e1n expres\u00f3 que *\u00bbLos allanamientos de nuestras casas, los malos tratos a las mujeres y los ni\u00f1os no han conseguido callarnos; ahora nos aplican la ley antiterrorista, pero igual vamos a seguir luchando.\u00bb*<\/p>\n<p>El s\u00e1bado 14 junto al abogado Franklin Alezthier, se entrevist\u00f3 a los presos mapuches que se encuentran en la c\u00e1rcel de Temuco, donde los j\u00f3venes comuneros de la comunidad Catrilaf y de la familia Tralcal denunciaron persecuci\u00f3n pol\u00edtica por parte gobierno. En la tarde del mismo d\u00eda, se lleg\u00f3 a la comunidad Catrilaf para conocer la realidad de las familias que sufrieron un violento allanamiento el 25 de octubre, del cual quedaron varios heridos. La situaci\u00f3n dista de los dem\u00e1s enfrentamientos, pues se trata de familias que han optado por la v\u00eda del dialogo por tanto se encontraban consternadas por la violencia a la que fueron sometidos. La prensa extranjera pudo recorrer los campos sembrados y recoger los testimonios de las familias que all\u00ed viven.<\/p>\n","protected":false},"excerpt":{"rendered":"<p>Comitiva  de la Asociaci\u00f3n de Corresponsales de Prensa Extranjera  conoci\u00f3 en forma directa la situaci\u00f3n que viven las comunidades y los  presos mapuches, en una visita organizada por la Agrupaci\u00f3n de derechos humanos Liberar. En tiempos en que el conflicto recrudece.<br \/>\nLos mapuches denuncian   discriminaci\u00f3n, persecuci\u00f3n y montajes  de parte de la polic\u00eda y de los fiscales.<\/p>\n","protected":false},"author":19,"featured_media":0,"comment_status":"closed","ping_status":"open","sticky":false,"template":"","format":"standard","meta":{"footnotes":""},"categories":[149,74,67],"tags":[],"class_list":["post-2277","post","type-post","status-publish","format-standard","hentry","category-comunicados-de-prensa","category-politica-es","category-sudamerica"],"yoast_head":"<!-- This site is optimized with the Yoast SEO plugin v27.1.1 - https:\/\/yoast.com\/product\/yoast-seo-wordpress\/ -->\n<title>Corresponsales extranjeros en tierras mapuches<\/title>\n<meta name=\"description\" content=\"Comitiva de la Asociaci\u00f3n de Corresponsales de Prensa Extranjera conoci\u00f3 en forma directa la situaci\u00f3n que viven las comunidades y los presos mapuches, en una visita organizada por la Agrupaci\u00f3n de derechos humanos Liberar. En tiempos en que el conflicto recrudece. Los mapuches denuncian  discriminaci\u00f3n, persecuci\u00f3n y montajes de parte de la polic\u00eda y de los fiscales.\" \/>\n<meta name=\"robots\" content=\"index, follow, max-snippet:-1, max-image-preview:large, max-video-preview:-1\" \/>\n<link rel=\"canonical\" href=\"https:\/\/www.pressenza.com\/es\/2009\/11\/corresponsales-extranjeros-en-tierras-mapuches\/\" \/>\n<meta property=\"og:locale\" content=\"es_ES\" \/>\n<meta property=\"og:type\" content=\"article\" \/>\n<meta property=\"og:title\" content=\"Corresponsales extranjeros en tierras mapuches\" \/>\n<meta property=\"og:description\" content=\"Comitiva de la Asociaci\u00f3n de Corresponsales de Prensa Extranjera conoci\u00f3 en forma directa la situaci\u00f3n que viven las comunidades y los presos mapuches, en una visita organizada por la Agrupaci\u00f3n de derechos humanos Liberar. En tiempos en que el conflicto recrudece. Los mapuches denuncian  discriminaci\u00f3n, persecuci\u00f3n y montajes de parte de la polic\u00eda y de los fiscales.\" \/>\n<meta property=\"og:url\" content=\"https:\/\/www.pressenza.com\/es\/2009\/11\/corresponsales-extranjeros-en-tierras-mapuches\/\" \/>\n<meta property=\"og:site_name\" content=\"Pressenza\" \/>\n<meta property=\"article:publisher\" content=\"https:\/\/www.facebook.com\/PressenzaItalia\" \/>\n<meta property=\"article:author\" content=\"https:\/\/www.facebook.com\/pressenza\" \/>\n<meta property=\"article:published_time\" content=\"2009-11-17T00:00:00+00:00\" \/>\n<meta property=\"article:modified_time\" content=\"2009-11-17T08:40:46+00:00\" \/>\n<meta name=\"author\" content=\"Pressenza IPA\" \/>\n<meta name=\"twitter:card\" content=\"summary_large_image\" \/>\n<meta name=\"twitter:creator\" content=\"@PressenzaIPA\" \/>\n<meta name=\"twitter:site\" content=\"@PressenzaIPA\" \/>\n<meta name=\"twitter:label1\" content=\"Escrito por\" \/>\n\t<meta name=\"twitter:data1\" content=\"Pressenza IPA\" \/>\n\t<meta name=\"twitter:label2\" content=\"Tiempo de lectura\" \/>\n\t<meta name=\"twitter:data2\" content=\"3 minutos\" \/>\n<script type=\"application\/ld+json\" class=\"yoast-schema-graph\">{\"@context\":\"https:\/\/schema.org\",\"@graph\":[{\"@type\":\"Article\",\"@id\":\"https:\/\/www.pressenza.com\/es\/2009\/11\/corresponsales-extranjeros-en-tierras-mapuches\/#article\",\"isPartOf\":{\"@id\":\"https:\/\/www.pressenza.com\/es\/2009\/11\/corresponsales-extranjeros-en-tierras-mapuches\/\"},\"author\":{\"name\":\"Pressenza IPA\",\"@id\":\"https:\/\/www.pressenza.com\/es\/#\/schema\/person\/010e5d02bcf40965427a1289a4cc8d75\"},\"headline\":\"Corresponsales extranjeros en tierras mapuches\",\"datePublished\":\"2009-11-17T00:00:00+00:00\",\"dateModified\":\"2009-11-17T08:40:46+00:00\",\"mainEntityOfPage\":{\"@id\":\"https:\/\/www.pressenza.com\/es\/2009\/11\/corresponsales-extranjeros-en-tierras-mapuches\/\"},\"wordCount\":560,\"publisher\":{\"@id\":\"https:\/\/www.pressenza.com\/es\/#organization\"},\"articleSection\":[\"Comunicados de Prensa\",\"Pol\u00edtica\",\"Sudam\u00e9rica\"],\"inLanguage\":\"es\"},{\"@type\":\"WebPage\",\"@id\":\"https:\/\/www.pressenza.com\/es\/2009\/11\/corresponsales-extranjeros-en-tierras-mapuches\/\",\"url\":\"https:\/\/www.pressenza.com\/es\/2009\/11\/corresponsales-extranjeros-en-tierras-mapuches\/\",\"name\":\"Corresponsales extranjeros en tierras mapuches\",\"isPartOf\":{\"@id\":\"https:\/\/www.pressenza.com\/es\/#website\"},\"datePublished\":\"2009-11-17T00:00:00+00:00\",\"dateModified\":\"2009-11-17T08:40:46+00:00\",\"description\":\"Comitiva de la Asociaci\u00f3n de Corresponsales de Prensa Extranjera conoci\u00f3 en forma directa la situaci\u00f3n que viven las comunidades y los presos mapuches, en una visita organizada por la Agrupaci\u00f3n de derechos humanos Liberar. En tiempos en que el conflicto recrudece. Los mapuches denuncian discriminaci\u00f3n, persecuci\u00f3n y montajes de parte de la polic\u00eda y de los fiscales.\",\"breadcrumb\":{\"@id\":\"https:\/\/www.pressenza.com\/es\/2009\/11\/corresponsales-extranjeros-en-tierras-mapuches\/#breadcrumb\"},\"inLanguage\":\"es\",\"potentialAction\":[{\"@type\":\"ReadAction\",\"target\":[\"https:\/\/www.pressenza.com\/es\/2009\/11\/corresponsales-extranjeros-en-tierras-mapuches\/\"]}]},{\"@type\":\"BreadcrumbList\",\"@id\":\"https:\/\/www.pressenza.com\/es\/2009\/11\/corresponsales-extranjeros-en-tierras-mapuches\/#breadcrumb\",\"itemListElement\":[{\"@type\":\"ListItem\",\"position\":1,\"name\":\"Accueil\",\"item\":\"https:\/\/www.pressenza.com\/es\/\"},{\"@type\":\"ListItem\",\"position\":2,\"name\":\"Corresponsales extranjeros en tierras mapuches\"}]},{\"@type\":\"WebSite\",\"@id\":\"https:\/\/www.pressenza.com\/es\/#website\",\"url\":\"https:\/\/www.pressenza.com\/es\/\",\"name\":\"Pressenza\",\"description\":\"International Press Agency\",\"publisher\":{\"@id\":\"https:\/\/www.pressenza.com\/es\/#organization\"},\"potentialAction\":[{\"@type\":\"SearchAction\",\"target\":{\"@type\":\"EntryPoint\",\"urlTemplate\":\"https:\/\/www.pressenza.com\/es\/?s={search_term_string}\"},\"query-input\":{\"@type\":\"PropertyValueSpecification\",\"valueRequired\":true,\"valueName\":\"search_term_string\"}}],\"inLanguage\":\"es\"},{\"@type\":\"Organization\",\"@id\":\"https:\/\/www.pressenza.com\/es\/#organization\",\"name\":\"Pressenza\",\"url\":\"https:\/\/www.pressenza.com\/es\/\",\"logo\":{\"@type\":\"ImageObject\",\"inLanguage\":\"es\",\"@id\":\"https:\/\/www.pressenza.com\/es\/#\/schema\/logo\/image\/\",\"url\":\"https:\/\/www.pressenza.com\/wp-content\/uploads\/2022\/10\/pressenza_logo_200x200.jpg\",\"contentUrl\":\"https:\/\/www.pressenza.com\/wp-content\/uploads\/2022\/10\/pressenza_logo_200x200.jpg\",\"width\":200,\"height\":200,\"caption\":\"Pressenza\"},\"image\":{\"@id\":\"https:\/\/www.pressenza.com\/es\/#\/schema\/logo\/image\/\"},\"sameAs\":[\"https:\/\/www.facebook.com\/PressenzaItalia\",\"https:\/\/x.com\/PressenzaIPA\"]},{\"@type\":\"Person\",\"@id\":\"https:\/\/www.pressenza.com\/es\/#\/schema\/person\/010e5d02bcf40965427a1289a4cc8d75\",\"name\":\"Pressenza IPA\",\"description\":\"News from Pressenza IPA correspondents\",\"sameAs\":[\"https:\/\/www.facebook.com\/pressenza\",\"https:\/\/x.com\/PressenzaIPA\"],\"url\":\"https:\/\/www.pressenza.com\/es\/author\/pressenza-ipa\/\"}]}<\/script>\n<!-- \/ Yoast SEO plugin. -->","yoast_head_json":{"title":"Corresponsales extranjeros en tierras mapuches","description":"Comitiva de la Asociaci\u00f3n de Corresponsales de Prensa Extranjera conoci\u00f3 en forma directa la situaci\u00f3n que viven las comunidades y los presos mapuches, en una visita organizada por la Agrupaci\u00f3n de derechos humanos Liberar. En tiempos en que el conflicto recrudece. Los mapuches denuncian  discriminaci\u00f3n, persecuci\u00f3n y montajes de parte de la polic\u00eda y de los fiscales.","robots":{"index":"index","follow":"follow","max-snippet":"max-snippet:-1","max-image-preview":"max-image-preview:large","max-video-preview":"max-video-preview:-1"},"canonical":"https:\/\/www.pressenza.com\/es\/2009\/11\/corresponsales-extranjeros-en-tierras-mapuches\/","og_locale":"es_ES","og_type":"article","og_title":"Corresponsales extranjeros en tierras mapuches","og_description":"Comitiva de la Asociaci\u00f3n de Corresponsales de Prensa Extranjera conoci\u00f3 en forma directa la situaci\u00f3n que viven las comunidades y los presos mapuches, en una visita organizada por la Agrupaci\u00f3n de derechos humanos Liberar. En tiempos en que el conflicto recrudece. Los mapuches denuncian  discriminaci\u00f3n, persecuci\u00f3n y montajes de parte de la polic\u00eda y de los fiscales.","og_url":"https:\/\/www.pressenza.com\/es\/2009\/11\/corresponsales-extranjeros-en-tierras-mapuches\/","og_site_name":"Pressenza","article_publisher":"https:\/\/www.facebook.com\/PressenzaItalia","article_author":"https:\/\/www.facebook.com\/pressenza","article_published_time":"2009-11-17T00:00:00+00:00","article_modified_time":"2009-11-17T08:40:46+00:00","author":"Pressenza IPA","twitter_card":"summary_large_image","twitter_creator":"@PressenzaIPA","twitter_site":"@PressenzaIPA","twitter_misc":{"Escrito por":"Pressenza IPA","Tiempo de lectura":"3 minutos"},"schema":{"@context":"https:\/\/schema.org","@graph":[{"@type":"Article","@id":"https:\/\/www.pressenza.com\/es\/2009\/11\/corresponsales-extranjeros-en-tierras-mapuches\/#article","isPartOf":{"@id":"https:\/\/www.pressenza.com\/es\/2009\/11\/corresponsales-extranjeros-en-tierras-mapuches\/"},"author":{"name":"Pressenza IPA","@id":"https:\/\/www.pressenza.com\/es\/#\/schema\/person\/010e5d02bcf40965427a1289a4cc8d75"},"headline":"Corresponsales extranjeros en tierras mapuches","datePublished":"2009-11-17T00:00:00+00:00","dateModified":"2009-11-17T08:40:46+00:00","mainEntityOfPage":{"@id":"https:\/\/www.pressenza.com\/es\/2009\/11\/corresponsales-extranjeros-en-tierras-mapuches\/"},"wordCount":560,"publisher":{"@id":"https:\/\/www.pressenza.com\/es\/#organization"},"articleSection":["Comunicados de Prensa","Pol\u00edtica","Sudam\u00e9rica"],"inLanguage":"es"},{"@type":"WebPage","@id":"https:\/\/www.pressenza.com\/es\/2009\/11\/corresponsales-extranjeros-en-tierras-mapuches\/","url":"https:\/\/www.pressenza.com\/es\/2009\/11\/corresponsales-extranjeros-en-tierras-mapuches\/","name":"Corresponsales extranjeros en tierras mapuches","isPartOf":{"@id":"https:\/\/www.pressenza.com\/es\/#website"},"datePublished":"2009-11-17T00:00:00+00:00","dateModified":"2009-11-17T08:40:46+00:00","description":"Comitiva de la Asociaci\u00f3n de Corresponsales de Prensa Extranjera conoci\u00f3 en forma directa la situaci\u00f3n que viven las comunidades y los presos mapuches, en una visita organizada por la Agrupaci\u00f3n de derechos humanos Liberar. En tiempos en que el conflicto recrudece. Los mapuches denuncian discriminaci\u00f3n, persecuci\u00f3n y montajes de parte de la polic\u00eda y de los fiscales.","breadcrumb":{"@id":"https:\/\/www.pressenza.com\/es\/2009\/11\/corresponsales-extranjeros-en-tierras-mapuches\/#breadcrumb"},"inLanguage":"es","potentialAction":[{"@type":"ReadAction","target":["https:\/\/www.pressenza.com\/es\/2009\/11\/corresponsales-extranjeros-en-tierras-mapuches\/"]}]},{"@type":"BreadcrumbList","@id":"https:\/\/www.pressenza.com\/es\/2009\/11\/corresponsales-extranjeros-en-tierras-mapuches\/#breadcrumb","itemListElement":[{"@type":"ListItem","position":1,"name":"Accueil","item":"https:\/\/www.pressenza.com\/es\/"},{"@type":"ListItem","position":2,"name":"Corresponsales extranjeros en tierras mapuches"}]},{"@type":"WebSite","@id":"https:\/\/www.pressenza.com\/es\/#website","url":"https:\/\/www.pressenza.com\/es\/","name":"Pressenza","description":"International Press Agency","publisher":{"@id":"https:\/\/www.pressenza.com\/es\/#organization"},"potentialAction":[{"@type":"SearchAction","target":{"@type":"EntryPoint","urlTemplate":"https:\/\/www.pressenza.com\/es\/?s={search_term_string}"},"query-input":{"@type":"PropertyValueSpecification","valueRequired":true,"valueName":"search_term_string"}}],"inLanguage":"es"},{"@type":"Organization","@id":"https:\/\/www.pressenza.com\/es\/#organization","name":"Pressenza","url":"https:\/\/www.pressenza.com\/es\/","logo":{"@type":"ImageObject","inLanguage":"es","@id":"https:\/\/www.pressenza.com\/es\/#\/schema\/logo\/image\/","url":"https:\/\/www.pressenza.com\/wp-content\/uploads\/2022\/10\/pressenza_logo_200x200.jpg","contentUrl":"https:\/\/www.pressenza.com\/wp-content\/uploads\/2022\/10\/pressenza_logo_200x200.jpg","width":200,"height":200,"caption":"Pressenza"},"image":{"@id":"https:\/\/www.pressenza.com\/es\/#\/schema\/logo\/image\/"},"sameAs":["https:\/\/www.facebook.com\/PressenzaItalia","https:\/\/x.com\/PressenzaIPA"]},{"@type":"Person","@id":"https:\/\/www.pressenza.com\/es\/#\/schema\/person\/010e5d02bcf40965427a1289a4cc8d75","name":"Pressenza IPA","description":"News from Pressenza IPA correspondents","sameAs":["https:\/\/www.facebook.com\/pressenza","https:\/\/x.com\/PressenzaIPA"],"url":"https:\/\/www.pressenza.com\/es\/author\/pressenza-ipa\/"}]}},"place":"Temuco","original_article_url":"","_links":{"self":[{"href":"https:\/\/www.pressenza.com\/es\/wp-json\/wp\/v2\/posts\/2277","targetHints":{"allow":["GET"]}}],"collection":[{"href":"https:\/\/www.pressenza.com\/es\/wp-json\/wp\/v2\/posts"}],"about":[{"href":"https:\/\/www.pressenza.com\/es\/wp-json\/wp\/v2\/types\/post"}],"author":[{"embeddable":true,"href":"https:\/\/www.pressenza.com\/es\/wp-json\/wp\/v2\/users\/19"}],"replies":[{"embeddable":true,"href":"https:\/\/www.pressenza.com\/es\/wp-json\/wp\/v2\/comments?post=2277"}],"version-history":[{"count":0,"href":"https:\/\/www.pressenza.com\/es\/wp-json\/wp\/v2\/posts\/2277\/revisions"}],"wp:attachment":[{"href":"https:\/\/www.pressenza.com\/es\/wp-json\/wp\/v2\/media?parent=2277"}],"wp:term":[{"taxonomy":"category","embeddable":true,"href":"https:\/\/www.pressenza.com\/es\/wp-json\/wp\/v2\/categories?post=2277"},{"taxonomy":"post_tag","embeddable":true,"href":"https:\/\/www.pressenza.com\/es\/wp-json\/wp\/v2\/tags?post=2277"}],"curies":[{"name":"wp","href":"https:\/\/api.w.org\/{rel}","templated":true}]}}