{"id":227351,"date":"2015-09-29T15:39:52","date_gmt":"2015-09-29T14:39:52","guid":{"rendered":"http:\/\/www.pressenza.com\/es\/?p=227351"},"modified":"2015-09-29T15:39:52","modified_gmt":"2015-09-29T14:39:52","slug":"san-juan-se-levanta-contra-la-megamineria","status":"publish","type":"post","link":"https:\/\/www.pressenza.com\/es\/2015\/09\/san-juan-se-levanta-contra-la-megamineria\/","title":{"rendered":"San Juan se levanta contra la megaminer\u00eda"},"content":{"rendered":"<p><em><a href=\"http:\/\/www.8300.com.ar\/\" target=\"_blank\">8300Web<\/a>, por Colectivo de Econom\u00eda Cr\u00edtica<\/em><\/p>\n<p>El pasado viernes\u00a0<em>se realiz\u00f3 una hist\u00f3rica movilizaci\u00f3n en San Juan capital motivada por la indignaci\u00f3n ante el catastr\u00f3fico derrame de cianuro en el r\u00edo J\u00e1chal<\/em>, por parte de Barrick Gold. Se calcul\u00f3 una asistencia de cuatro mil personas, marcando un hito en el levantamiento de San Juan contra la megaminer\u00eda.<\/p>\n<p>El 12 de septiembre, ante la falla de una v\u00e1lvula, fueron volcados m\u00e1s de un mill\u00f3n de litros de soluci\u00f3n cianurada al r\u00edo Potrerillos, afluente del r\u00edo J\u00e1chal. \u201cNos enteramos gracias al mensaje de texto de un trabajador, no por la empresa ni por el gobierno\u201d, denunciaron los vecinos jachaleros. As\u00ed comenzaron a darse las movilizaciones y protestas en J\u00e1chal y en San Juan capital, que fueron creciendo en intensidad.<\/p>\n<p><em>La acci\u00f3n m\u00e1s significativa fue el viernes pasado, cuando aproximadamente cuatro mil personas marcharon por la capital provincial.<\/em>\u00a0Llegaron autoconvocados de varios departamentos de la provincia, algunos a m\u00e1s de 100km, acompa\u00f1ados por vecinos y asambleas de Mendoza, La Rioja y C\u00f3rdoba. La consigna compartida es\u00a0<em>\u201ccierre, remediaci\u00f3n y prohibici\u00f3n\u201d.<\/em><\/p>\n<p>Los vecinos de J\u00e1chal denunciaban el accionar de las empresas mineras y el gobierno antes de este derrame. Ya en 2004 se hab\u00eda conformado el grupo \u201cMadres asamble\u00edstas contra la megaminer\u00eda\u201d; y a principios de 2015 la asamblea de vecinos\u201cJachal no se toca\u201d.<\/p>\n<p>Pero su voz es permanentemente aplacada, ya que\u00a0<em>ninguno de los grandes medios de la provincia cubre las acciones y demandas de las asambleas. \u201cEst\u00e1n trabajando todos con la misma intenci\u00f3n, de ratificar la megaminer\u00eda como una pol\u00edtica de estado\u201d, declararon los vecinos.<\/em>\u00a0\u201cPara nosotros la megaminer\u00eda es una gran mentira. No fue el desarrollo sustentable que ofrecieron, y los controles y la seguridad medioambiental que ofrec\u00edan tampoco han existido.\u201d<\/p>\n<p>La explotaci\u00f3n de la mina Veladero se encuentra ubicada en el departamento de Iglesia a 340 km de la ciudad de San Juan y tiene como objetivo la extracci\u00f3n de oro y plata. All\u00ed la minera canadiense Barrick Gold realiza su actividad desde el a\u00f1o 2005 utilizando cianuro, entre otras sustancias, en el proceso extractivo.<\/p>\n<p>Lo que sucede en San Juan no es un hecho aislado.<em> Es consecuencia de una matriz extractivista que se extiende por todo el territorio nacional y alcanza a otros pa\u00edses latinoamericanos.<\/em>\u00a0En Argentina, el extractivismo alcanza sus m\u00e1ximos puntos de conflictividad social con la megaminer\u00eda y el fracking, en las provincias cordilleranas, y con el avance del agronegocio en muchas otras provincias.<\/p>\n<p>El caballo de Troya con el que intentan infiltrar estos proyectos mineros es el discurso del empleo, las inversiones y la producci\u00f3n. Pero las investigaciones de especialistas muestran que estos son s\u00f3lo mitos: los trabajos estables son pocos, las inversiones responden primeramente a las necesidades de la empresa y el producto no se replica en valor agregado para la poblaci\u00f3n.<\/p>\n<p>El discurso oficial en favor de la miner\u00eda transnacional a gran escala dice que este tipo de actividad es completamente necesaria ya que los minerales son utilizados a diario en la vida de las personas. Sin embargo en el caso de Veladero este argumento pierde total sentido al ver que para el a\u00f1o 2014 la proporci\u00f3n de la demanda de oro para uso tecnol\u00f3gico fue del 8,21%, por lo tanto los principales destino del oro fueron la joyer\u00eda (58,36%) y monedas, lingotes, bancos centrales y otras instituciones (33,43%).<\/p>\n<p>En definitiva,<em>\u00a0la cuesti\u00f3n de fondo es c\u00f3mo entendemos en nuestras sociedades la relaci\u00f3n hombre-naturaleza.<\/em>\u00a0Desde la teor\u00eda econ\u00f3mica dominante -y sin duda para las empresas extractivistas- la naturaleza es s\u00f3lo una \u201cproveedora\u201d de recursos para el beneficio del hombre. En contraposici\u00f3n,\u00a0<em>desde las comunidades se alzan voces que sostienen que somos parte de la naturaleza, y nos afecta cualquier cambio que sufra.<\/em>\u00a0En esto, el pueblo jachalero se levanta como ejemplo de lucha y compromiso social.<\/p>\n","protected":false},"excerpt":{"rendered":"<p>8300Web, por Colectivo de Econom\u00eda Cr\u00edtica El pasado viernes\u00a0se realiz\u00f3 una hist\u00f3rica movilizaci\u00f3n en San Juan capital motivada por la indignaci\u00f3n ante el catastr\u00f3fico derrame de cianuro en el r\u00edo J\u00e1chal, por parte de Barrick Gold. Se calcul\u00f3 una asistencia&hellip;<\/p>\n","protected":false},"author":1187,"featured_media":227352,"comment_status":"closed","ping_status":"open","sticky":false,"template":"","format":"standard","meta":{"footnotes":""},"categories":[79,78,74,1239,67],"tags":[16008,1544,20160,20348,16971,1497,20110,18507,20347],"class_list":["post-227351","post","type-post","status-publish","format-standard","has-post-thumbnail","hentry","category-derechos-humanos","category-medio-ambiente-ecologia","category-politica-es","category-salud","category-sudamerica","tag-barrick-gold","tag-extractivismo","tag-jachal","tag-megamineria","tag-mineria","tag-movimientos-sociales","tag-san-juan","tag-territorios","tag-veladero"],"yoast_head":"<!-- This site is optimized with the Yoast SEO plugin v27.1.1 - https:\/\/yoast.com\/product\/yoast-seo-wordpress\/ -->\n<title>San Juan se levanta contra la megaminer\u00eda<\/title>\n<meta name=\"description\" content=\"8300Web, por Colectivo de Econom\u00eda Cr\u00edtica El pasado viernes\u00a0se realiz\u00f3 una hist\u00f3rica movilizaci\u00f3n en San Juan capital motivada por la indignaci\u00f3n ante el\" \/>\n<meta name=\"robots\" content=\"index, follow, max-snippet:-1, max-image-preview:large, max-video-preview:-1\" \/>\n<link rel=\"canonical\" href=\"https:\/\/www.pressenza.com\/es\/2015\/09\/san-juan-se-levanta-contra-la-megamineria\/\" \/>\n<meta property=\"og:locale\" content=\"es_ES\" \/>\n<meta property=\"og:type\" content=\"article\" \/>\n<meta property=\"og:title\" content=\"San Juan se levanta contra la megaminer\u00eda\" \/>\n<meta property=\"og:description\" content=\"8300Web, por Colectivo de Econom\u00eda Cr\u00edtica El pasado viernes\u00a0se realiz\u00f3 una hist\u00f3rica movilizaci\u00f3n en San Juan capital motivada por la indignaci\u00f3n ante el\" \/>\n<meta property=\"og:url\" content=\"https:\/\/www.pressenza.com\/es\/2015\/09\/san-juan-se-levanta-contra-la-megamineria\/\" \/>\n<meta property=\"og:site_name\" content=\"Pressenza\" \/>\n<meta property=\"article:publisher\" content=\"https:\/\/www.facebook.com\/PressenzaItalia\" \/>\n<meta property=\"article:author\" content=\"Alicia Blanco\" \/>\n<meta property=\"article:published_time\" content=\"2015-09-29T14:39:52+00:00\" \/>\n<meta property=\"og:image\" content=\"https:\/\/www.pressenza.com\/wp-content\/uploads\/2015\/09\/cierre-remediacion-y-prohibicion-mina-san-juan.jpg\" \/>\n\t<meta property=\"og:image:width\" content=\"960\" \/>\n\t<meta property=\"og:image:height\" content=\"540\" \/>\n\t<meta property=\"og:image:type\" content=\"image\/jpeg\" \/>\n<meta name=\"author\" content=\"Alicia Blanco\" \/>\n<meta name=\"twitter:card\" content=\"summary_large_image\" \/>\n<meta name=\"twitter:creator\" content=\"@aliciablancoar\" \/>\n<meta name=\"twitter:site\" content=\"@PressenzaIPA\" \/>\n<meta name=\"twitter:label1\" content=\"Escrito por\" \/>\n\t<meta name=\"twitter:data1\" content=\"Alicia Blanco\" \/>\n\t<meta name=\"twitter:label2\" content=\"Tiempo de lectura\" \/>\n\t<meta name=\"twitter:data2\" content=\"3 minutos\" \/>\n<script type=\"application\/ld+json\" class=\"yoast-schema-graph\">{\"@context\":\"https:\/\/schema.org\",\"@graph\":[{\"@type\":\"Article\",\"@id\":\"https:\/\/www.pressenza.com\/es\/2015\/09\/san-juan-se-levanta-contra-la-megamineria\/#article\",\"isPartOf\":{\"@id\":\"https:\/\/www.pressenza.com\/es\/2015\/09\/san-juan-se-levanta-contra-la-megamineria\/\"},\"author\":{\"name\":\"Alicia Blanco\",\"@id\":\"https:\/\/www.pressenza.com\/es\/#\/schema\/person\/cd1c733ed7825bc0f36b165c74e256a3\"},\"headline\":\"San Juan se levanta contra la megaminer\u00eda\",\"datePublished\":\"2015-09-29T14:39:52+00:00\",\"mainEntityOfPage\":{\"@id\":\"https:\/\/www.pressenza.com\/es\/2015\/09\/san-juan-se-levanta-contra-la-megamineria\/\"},\"wordCount\":687,\"publisher\":{\"@id\":\"https:\/\/www.pressenza.com\/es\/#organization\"},\"image\":{\"@id\":\"https:\/\/www.pressenza.com\/es\/2015\/09\/san-juan-se-levanta-contra-la-megamineria\/#primaryimage\"},\"thumbnailUrl\":\"https:\/\/www.pressenza.com\/wp-content\/uploads\/2015\/09\/cierre-remediacion-y-prohibicion-mina-san-juan.jpg\",\"keywords\":[\"Barrick Gold\",\"extractivismo\",\"J\u00e1chal\",\"megaminer\u00eda\",\"Miner\u00eda\",\"movimientos sociales\",\"San Juan\",\"territorios\",\"Veladero\"],\"articleSection\":[\"Derechos Humanos\",\"Ecolog\u00eda y Medio Ambiente\",\"Pol\u00edtica\",\"Salud\",\"Sudam\u00e9rica\"],\"inLanguage\":\"es\"},{\"@type\":\"WebPage\",\"@id\":\"https:\/\/www.pressenza.com\/es\/2015\/09\/san-juan-se-levanta-contra-la-megamineria\/\",\"url\":\"https:\/\/www.pressenza.com\/es\/2015\/09\/san-juan-se-levanta-contra-la-megamineria\/\",\"name\":\"San Juan se levanta contra la megaminer\u00eda\",\"isPartOf\":{\"@id\":\"https:\/\/www.pressenza.com\/es\/#website\"},\"primaryImageOfPage\":{\"@id\":\"https:\/\/www.pressenza.com\/es\/2015\/09\/san-juan-se-levanta-contra-la-megamineria\/#primaryimage\"},\"image\":{\"@id\":\"https:\/\/www.pressenza.com\/es\/2015\/09\/san-juan-se-levanta-contra-la-megamineria\/#primaryimage\"},\"thumbnailUrl\":\"https:\/\/www.pressenza.com\/wp-content\/uploads\/2015\/09\/cierre-remediacion-y-prohibicion-mina-san-juan.jpg\",\"datePublished\":\"2015-09-29T14:39:52+00:00\",\"description\":\"8300Web, por Colectivo de Econom\u00eda Cr\u00edtica El pasado viernes\u00a0se realiz\u00f3 una hist\u00f3rica movilizaci\u00f3n en San Juan capital motivada por la indignaci\u00f3n ante el\",\"breadcrumb\":{\"@id\":\"https:\/\/www.pressenza.com\/es\/2015\/09\/san-juan-se-levanta-contra-la-megamineria\/#breadcrumb\"},\"inLanguage\":\"es\",\"potentialAction\":[{\"@type\":\"ReadAction\",\"target\":[\"https:\/\/www.pressenza.com\/es\/2015\/09\/san-juan-se-levanta-contra-la-megamineria\/\"]}]},{\"@type\":\"ImageObject\",\"inLanguage\":\"es\",\"@id\":\"https:\/\/www.pressenza.com\/es\/2015\/09\/san-juan-se-levanta-contra-la-megamineria\/#primaryimage\",\"url\":\"https:\/\/www.pressenza.com\/wp-content\/uploads\/2015\/09\/cierre-remediacion-y-prohibicion-mina-san-juan.jpg\",\"contentUrl\":\"https:\/\/www.pressenza.com\/wp-content\/uploads\/2015\/09\/cierre-remediacion-y-prohibicion-mina-san-juan.jpg\",\"width\":960,\"height\":540},{\"@type\":\"BreadcrumbList\",\"@id\":\"https:\/\/www.pressenza.com\/es\/2015\/09\/san-juan-se-levanta-contra-la-megamineria\/#breadcrumb\",\"itemListElement\":[{\"@type\":\"ListItem\",\"position\":1,\"name\":\"Accueil\",\"item\":\"https:\/\/www.pressenza.com\/es\/\"},{\"@type\":\"ListItem\",\"position\":2,\"name\":\"San Juan se levanta contra la megaminer\u00eda\"}]},{\"@type\":\"WebSite\",\"@id\":\"https:\/\/www.pressenza.com\/es\/#website\",\"url\":\"https:\/\/www.pressenza.com\/es\/\",\"name\":\"Pressenza\",\"description\":\"International Press Agency\",\"publisher\":{\"@id\":\"https:\/\/www.pressenza.com\/es\/#organization\"},\"potentialAction\":[{\"@type\":\"SearchAction\",\"target\":{\"@type\":\"EntryPoint\",\"urlTemplate\":\"https:\/\/www.pressenza.com\/es\/?s={search_term_string}\"},\"query-input\":{\"@type\":\"PropertyValueSpecification\",\"valueRequired\":true,\"valueName\":\"search_term_string\"}}],\"inLanguage\":\"es\"},{\"@type\":\"Organization\",\"@id\":\"https:\/\/www.pressenza.com\/es\/#organization\",\"name\":\"Pressenza\",\"url\":\"https:\/\/www.pressenza.com\/es\/\",\"logo\":{\"@type\":\"ImageObject\",\"inLanguage\":\"es\",\"@id\":\"https:\/\/www.pressenza.com\/es\/#\/schema\/logo\/image\/\",\"url\":\"https:\/\/www.pressenza.com\/wp-content\/uploads\/2022\/10\/pressenza_logo_200x200.jpg\",\"contentUrl\":\"https:\/\/www.pressenza.com\/wp-content\/uploads\/2022\/10\/pressenza_logo_200x200.jpg\",\"width\":200,\"height\":200,\"caption\":\"Pressenza\"},\"image\":{\"@id\":\"https:\/\/www.pressenza.com\/es\/#\/schema\/logo\/image\/\"},\"sameAs\":[\"https:\/\/www.facebook.com\/PressenzaItalia\",\"https:\/\/x.com\/PressenzaIPA\"]},{\"@type\":\"Person\",\"@id\":\"https:\/\/www.pressenza.com\/es\/#\/schema\/person\/cd1c733ed7825bc0f36b165c74e256a3\",\"name\":\"Alicia Blanco\",\"description\":\"Humanista, co-directora de Pressenza.\",\"sameAs\":[\"Alicia Blanco\",\"https:\/\/x.com\/aliciablancoar\"],\"url\":\"https:\/\/www.pressenza.com\/es\/author\/alicia-blanco\/\"}]}<\/script>\n<!-- \/ Yoast SEO plugin. -->","yoast_head_json":{"title":"San Juan se levanta contra la megaminer\u00eda","description":"8300Web, por Colectivo de Econom\u00eda Cr\u00edtica El pasado viernes\u00a0se realiz\u00f3 una hist\u00f3rica movilizaci\u00f3n en San Juan capital motivada por la indignaci\u00f3n ante el","robots":{"index":"index","follow":"follow","max-snippet":"max-snippet:-1","max-image-preview":"max-image-preview:large","max-video-preview":"max-video-preview:-1"},"canonical":"https:\/\/www.pressenza.com\/es\/2015\/09\/san-juan-se-levanta-contra-la-megamineria\/","og_locale":"es_ES","og_type":"article","og_title":"San Juan se levanta contra la megaminer\u00eda","og_description":"8300Web, por Colectivo de Econom\u00eda Cr\u00edtica El pasado viernes\u00a0se realiz\u00f3 una hist\u00f3rica movilizaci\u00f3n en San Juan capital motivada por la indignaci\u00f3n ante el","og_url":"https:\/\/www.pressenza.com\/es\/2015\/09\/san-juan-se-levanta-contra-la-megamineria\/","og_site_name":"Pressenza","article_publisher":"https:\/\/www.facebook.com\/PressenzaItalia","article_author":"Alicia Blanco","article_published_time":"2015-09-29T14:39:52+00:00","og_image":[{"width":960,"height":540,"url":"https:\/\/www.pressenza.com\/wp-content\/uploads\/2015\/09\/cierre-remediacion-y-prohibicion-mina-san-juan.jpg","type":"image\/jpeg"}],"author":"Alicia Blanco","twitter_card":"summary_large_image","twitter_creator":"@aliciablancoar","twitter_site":"@PressenzaIPA","twitter_misc":{"Escrito por":"Alicia Blanco","Tiempo de lectura":"3 minutos"},"schema":{"@context":"https:\/\/schema.org","@graph":[{"@type":"Article","@id":"https:\/\/www.pressenza.com\/es\/2015\/09\/san-juan-se-levanta-contra-la-megamineria\/#article","isPartOf":{"@id":"https:\/\/www.pressenza.com\/es\/2015\/09\/san-juan-se-levanta-contra-la-megamineria\/"},"author":{"name":"Alicia Blanco","@id":"https:\/\/www.pressenza.com\/es\/#\/schema\/person\/cd1c733ed7825bc0f36b165c74e256a3"},"headline":"San Juan se levanta contra la megaminer\u00eda","datePublished":"2015-09-29T14:39:52+00:00","mainEntityOfPage":{"@id":"https:\/\/www.pressenza.com\/es\/2015\/09\/san-juan-se-levanta-contra-la-megamineria\/"},"wordCount":687,"publisher":{"@id":"https:\/\/www.pressenza.com\/es\/#organization"},"image":{"@id":"https:\/\/www.pressenza.com\/es\/2015\/09\/san-juan-se-levanta-contra-la-megamineria\/#primaryimage"},"thumbnailUrl":"https:\/\/www.pressenza.com\/wp-content\/uploads\/2015\/09\/cierre-remediacion-y-prohibicion-mina-san-juan.jpg","keywords":["Barrick Gold","extractivismo","J\u00e1chal","megaminer\u00eda","Miner\u00eda","movimientos sociales","San Juan","territorios","Veladero"],"articleSection":["Derechos Humanos","Ecolog\u00eda y Medio Ambiente","Pol\u00edtica","Salud","Sudam\u00e9rica"],"inLanguage":"es"},{"@type":"WebPage","@id":"https:\/\/www.pressenza.com\/es\/2015\/09\/san-juan-se-levanta-contra-la-megamineria\/","url":"https:\/\/www.pressenza.com\/es\/2015\/09\/san-juan-se-levanta-contra-la-megamineria\/","name":"San Juan se levanta contra la megaminer\u00eda","isPartOf":{"@id":"https:\/\/www.pressenza.com\/es\/#website"},"primaryImageOfPage":{"@id":"https:\/\/www.pressenza.com\/es\/2015\/09\/san-juan-se-levanta-contra-la-megamineria\/#primaryimage"},"image":{"@id":"https:\/\/www.pressenza.com\/es\/2015\/09\/san-juan-se-levanta-contra-la-megamineria\/#primaryimage"},"thumbnailUrl":"https:\/\/www.pressenza.com\/wp-content\/uploads\/2015\/09\/cierre-remediacion-y-prohibicion-mina-san-juan.jpg","datePublished":"2015-09-29T14:39:52+00:00","description":"8300Web, por Colectivo de Econom\u00eda Cr\u00edtica El pasado viernes\u00a0se realiz\u00f3 una hist\u00f3rica movilizaci\u00f3n en San Juan capital motivada por la indignaci\u00f3n ante el","breadcrumb":{"@id":"https:\/\/www.pressenza.com\/es\/2015\/09\/san-juan-se-levanta-contra-la-megamineria\/#breadcrumb"},"inLanguage":"es","potentialAction":[{"@type":"ReadAction","target":["https:\/\/www.pressenza.com\/es\/2015\/09\/san-juan-se-levanta-contra-la-megamineria\/"]}]},{"@type":"ImageObject","inLanguage":"es","@id":"https:\/\/www.pressenza.com\/es\/2015\/09\/san-juan-se-levanta-contra-la-megamineria\/#primaryimage","url":"https:\/\/www.pressenza.com\/wp-content\/uploads\/2015\/09\/cierre-remediacion-y-prohibicion-mina-san-juan.jpg","contentUrl":"https:\/\/www.pressenza.com\/wp-content\/uploads\/2015\/09\/cierre-remediacion-y-prohibicion-mina-san-juan.jpg","width":960,"height":540},{"@type":"BreadcrumbList","@id":"https:\/\/www.pressenza.com\/es\/2015\/09\/san-juan-se-levanta-contra-la-megamineria\/#breadcrumb","itemListElement":[{"@type":"ListItem","position":1,"name":"Accueil","item":"https:\/\/www.pressenza.com\/es\/"},{"@type":"ListItem","position":2,"name":"San Juan se levanta contra la megaminer\u00eda"}]},{"@type":"WebSite","@id":"https:\/\/www.pressenza.com\/es\/#website","url":"https:\/\/www.pressenza.com\/es\/","name":"Pressenza","description":"International Press Agency","publisher":{"@id":"https:\/\/www.pressenza.com\/es\/#organization"},"potentialAction":[{"@type":"SearchAction","target":{"@type":"EntryPoint","urlTemplate":"https:\/\/www.pressenza.com\/es\/?s={search_term_string}"},"query-input":{"@type":"PropertyValueSpecification","valueRequired":true,"valueName":"search_term_string"}}],"inLanguage":"es"},{"@type":"Organization","@id":"https:\/\/www.pressenza.com\/es\/#organization","name":"Pressenza","url":"https:\/\/www.pressenza.com\/es\/","logo":{"@type":"ImageObject","inLanguage":"es","@id":"https:\/\/www.pressenza.com\/es\/#\/schema\/logo\/image\/","url":"https:\/\/www.pressenza.com\/wp-content\/uploads\/2022\/10\/pressenza_logo_200x200.jpg","contentUrl":"https:\/\/www.pressenza.com\/wp-content\/uploads\/2022\/10\/pressenza_logo_200x200.jpg","width":200,"height":200,"caption":"Pressenza"},"image":{"@id":"https:\/\/www.pressenza.com\/es\/#\/schema\/logo\/image\/"},"sameAs":["https:\/\/www.facebook.com\/PressenzaItalia","https:\/\/x.com\/PressenzaIPA"]},{"@type":"Person","@id":"https:\/\/www.pressenza.com\/es\/#\/schema\/person\/cd1c733ed7825bc0f36b165c74e256a3","name":"Alicia Blanco","description":"Humanista, co-directora de Pressenza.","sameAs":["Alicia Blanco","https:\/\/x.com\/aliciablancoar"],"url":"https:\/\/www.pressenza.com\/es\/author\/alicia-blanco\/"}]}},"place":"San Juan, Argentina","original_article_url":"http:\/\/www.8300.com.ar\/2015\/09\/29\/san-juan-se-levanta-contra-la-megamineria\/","_links":{"self":[{"href":"https:\/\/www.pressenza.com\/es\/wp-json\/wp\/v2\/posts\/227351","targetHints":{"allow":["GET"]}}],"collection":[{"href":"https:\/\/www.pressenza.com\/es\/wp-json\/wp\/v2\/posts"}],"about":[{"href":"https:\/\/www.pressenza.com\/es\/wp-json\/wp\/v2\/types\/post"}],"author":[{"embeddable":true,"href":"https:\/\/www.pressenza.com\/es\/wp-json\/wp\/v2\/users\/1187"}],"replies":[{"embeddable":true,"href":"https:\/\/www.pressenza.com\/es\/wp-json\/wp\/v2\/comments?post=227351"}],"version-history":[{"count":0,"href":"https:\/\/www.pressenza.com\/es\/wp-json\/wp\/v2\/posts\/227351\/revisions"}],"wp:featuredmedia":[{"embeddable":true,"href":"https:\/\/www.pressenza.com\/es\/wp-json\/wp\/v2\/media\/227352"}],"wp:attachment":[{"href":"https:\/\/www.pressenza.com\/es\/wp-json\/wp\/v2\/media?parent=227351"}],"wp:term":[{"taxonomy":"category","embeddable":true,"href":"https:\/\/www.pressenza.com\/es\/wp-json\/wp\/v2\/categories?post=227351"},{"taxonomy":"post_tag","embeddable":true,"href":"https:\/\/www.pressenza.com\/es\/wp-json\/wp\/v2\/tags?post=227351"}],"curies":[{"name":"wp","href":"https:\/\/api.w.org\/{rel}","templated":true}]}}