{"id":2269,"date":"2009-11-15T00:00:00","date_gmt":"2009-11-15T00:00:00","guid":{"rendered":""},"modified":"2009-11-16T18:34:38","modified_gmt":"2009-11-16T18:34:38","slug":"primer-ano-de-vida-de-pressenza-internacional","status":"publish","type":"post","link":"https:\/\/www.pressenza.com\/es\/2009\/11\/primer-ano-de-vida-de-pressenza-internacional\/","title":{"rendered":"Primer a\u00f1o de vida de Pressenza Internacional"},"content":{"rendered":"<p>Era una tarde lluviosa en la Cordillera de los Andes; el 15 de noviembre de 2008, hace exactamente un a\u00f1o. Est\u00e1bamos en el \u00faltimo d\u00eda del Simposio \u00abLa \u00e9tica en el conocimiento\u00bb, impulsado por el Centro Mundial de Estudios Humanistas. Las palabras de Salvatore Pulleda, humanista y acad\u00e9mico italiano, resonaban en la ceremonia del \u00abcompromiso \u00e9tico\u00bb que clausur\u00f3 el encuentro realizado en el Parque de Estudios y Reflexi\u00f3n Punta de Vacas.<br \/>\nToda aquella atm\u00f3sfera aportaba un sentido profundo al reci\u00e9n lanzado proyecto de transformar Pressenza en una agencia internacional de noticias. Una conversaci\u00f3n r\u00e1pida con una de las coordinadoras del proyecto, la chilena Pia Figueroa (junto a la italiana Loredana Cici), era suficiente para sumergirnos de lleno en la creaci\u00f3n de una agencia mundial. El reto era producir noticias para los medios de comunicaci\u00f3n, en una l\u00ednea editorial de paz y no violencia.<\/p>\n<p>Hasta entonces Pressenza era una agencia de Mil\u00e1n, llevada por un peque\u00f1o grupo de comunicadores europeos. Ahora, el reto era mucho mayor: llevar esa l\u00ednea editorial innovadora a todos los continentes, y eso sin contar con demasiados recursos materiales y con un equipo inicial reducido, de no m\u00e1s de una docena de profesionales. Despu\u00e9s comprend\u00ed que la oportunidad de participar en la agencia daba un nuevo sentido a mi trabajo como periodista.<\/p>\n<p>Los comienzos no fueron f\u00e1ciles: partimos pr\u00e1cticamente de cero. Durante los primeros meses tuvieron lugar muchas conversaciones y pruebas, pero a principios de 2009 comenzamos a publicar los primeros comunicados. La red de colaboradores comenz\u00f3 a aumentar, y en poco menos de un a\u00f1o tras el inicio de las actividades es impresionante observar que contamos con la participaci\u00f3n de periodistas, fot\u00f3grafos, filmadores y dem\u00e1s profesionales de las \u00e1reas de suscriptores e inform\u00e1tica.<br \/>\nPor otra parte, el equipo de suscripciones atrajo un n\u00famero cada vez mayor y m\u00e1s diversificado de suscriptores a la agencia. Adem\u00e1s, fue concretando acuerdos de cooperaci\u00f3n con decenas de otras agencias y medios, inclusive algunas televisiones, que pasaron a interesarse por el contenido pionero de Pressenza. Al mismo tiempo, el equipo t\u00e9cnico fue perfeccionando los sistemas de publicaci\u00f3n y de env\u00edo de informaci\u00f3n de nuestra agencia. \u00bfC\u00f3mo pudo hacerse todo eso en tan poco tiempo?<\/p>\n<p>Es dif\u00edcil apuntar a una \u00fanica raz\u00f3n, pero creo que compartimos esta motivaci\u00f3n de producir noticias e im\u00e1genes para ayudar a crear conciencia de la paz y la no violencia a trav\u00e9s de los medios de comunicaci\u00f3n; ese contenido que tanta falta hace a los medios que hacen hincapi\u00e9 \u00fanicamente en la violencia y la tragedia, dejando de lado los avances \u2014que no son pocos\u2014 en el sentido de superar la violencia en todas sus formas.<\/p>\n<p>**Principales reportajes**<\/p>\n<p>Parece que no, pero descubrimos una fuente interminable de noticias positivas sobre la no violencia. Comenzamos con la cobertura de las actividades y los eventos de la Marcha Mundial por la Paz y la No Violencia, uno de los acontecimientos m\u00e1s destacados del a\u00f1o.   Vivimos momentos importantes, como la cobertura de las ceremonias de las bombas de Hiroshima y Nagasaki en m\u00e1s de trescientas ciudades del mundo, incluyendo las ciudades japonesas azotadas por la cat\u00e1strofe nuclear.<br \/>\nIgualmente, atravesamos momentos importantes como los actos y discursos del presidente Obama a favor del desarme nuclear.   Paralelamente, fuimos descubriendo una serie de proyectos y actividades de organizaciones locales que no encontraban espacio en la prensa general.<\/p>\n<p>El d\u00eda 2 de octubre asistimos al lanzamiento de la Marcha Mundial en centenas de ciudades, coincidiendo con el D\u00eda de la No Violencia, declarado por la ONU. En ese momento cont\u00e1bamos ya con una impresionante red de cientos de colaboradores y traductores que publicaban comunicados e im\u00e1genes en cinco idiomas. Dimos cobertura sobre acontecimientos de paz y no violencia en regiones en conflicto, como las fronteras de la India y Paquist\u00e1n, Corea del Norte y Corea del Sur, e Israel con Palestina.<\/p>\n<p>Hasta llegar a la reciente cobertura especial de los Premios Nobel de la Paz, que coincidi\u00f3 con la celebraci\u00f3n de los veinte a\u00f1os de la ca\u00edda del Muro de Berl\u00edn. Nuestros colaboradores estuvieron al lado de referentes de la paz y de la no violencia como Mikhail Gorbachov, Mohamad Yunus, Lech Walesa y tantos otros, publicando textos e im\u00e1genes en tiempo real.<\/p>\n<p>En el mismo acontecimiento acompa\u00f1amos el pronunciamiento de Silo, Mario Rodr\u00edguez Cobos, fundador del Humanismo Universalista, y su referencia fundamental a la \u00abCarta por un mundo sin violencia\u00bb.  <\/p>\n<p>Solo nos resta desear que Pressenza tenga una vida larga, a no ser que en un futuro pr\u00f3ximo la humanidad consiga dejar atr\u00e1s la violencia y las guerras en todas sus formas, porque en ese momento dar\u00edamos nuestra misi\u00f3n por terminada. Pero como todav\u00eda no es el caso, a\u00fan nos queda un importante y motivador trabajo por delante.<\/p>\n<p>Traducci\u00f3n: Pilar Royo<\/p>\n","protected":false},"excerpt":{"rendered":"<p>Hace exactamente un a\u00f1o surgi\u00f3 el proyecto de transformar Pressenza en una agencia internacional de noticias sobre paz y no violencia. La ocasi\u00f3n y el lugar no pod\u00edan ser m\u00e1s inspiradores: el Simposio \u00abLa \u00e9tica en el conocimiento\u00bb, creado por el Centro Mundial de Estudios Humanistas, en el Parque de Estudios y Reflexi\u00f3n Punta de Vacas, en la cordillera, entre Argentina y Chile<\/p>\n","protected":false},"author":19,"featured_media":0,"comment_status":"closed","ping_status":"open","sticky":false,"template":"","format":"standard","meta":{"footnotes":""},"categories":[75,39,161,67],"tags":[],"class_list":["post-2269","post","type-post","status-publish","format-standard","hentry","category-cultura-es","category-internacional","category-opiniones","category-sudamerica"],"yoast_head":"<!-- This site is optimized with the Yoast SEO plugin v27.1.1 - https:\/\/yoast.com\/product\/yoast-seo-wordpress\/ -->\n<title>Primer a\u00f1o de vida de Pressenza Internacional<\/title>\n<meta name=\"description\" content=\"Hace exactamente un a\u00f1o surgi\u00f3 el proyecto de transformar Pressenza en una agencia internacional de noticias sobre paz y no violencia. La ocasi\u00f3n y el lugar no pod\u00edan ser m\u00e1s inspiradores: el Simposio \u00abLa \u00e9tica en el conocimiento\u00bb, creado por el Centro Mundial de Estudios Humanistas, en el Parque de Estudios y Reflexi\u00f3n Punta de Vacas, en la cordillera, entre Argentina y Chile\" \/>\n<meta name=\"robots\" content=\"index, follow, max-snippet:-1, max-image-preview:large, max-video-preview:-1\" \/>\n<link rel=\"canonical\" href=\"https:\/\/www.pressenza.com\/es\/2009\/11\/primer-ano-de-vida-de-pressenza-internacional\/\" \/>\n<meta property=\"og:locale\" content=\"es_ES\" \/>\n<meta property=\"og:type\" content=\"article\" \/>\n<meta property=\"og:title\" content=\"Primer a\u00f1o de vida de Pressenza Internacional\" \/>\n<meta property=\"og:description\" content=\"Hace exactamente un a\u00f1o surgi\u00f3 el proyecto de transformar Pressenza en una agencia internacional de noticias sobre paz y no violencia. La ocasi\u00f3n y el lugar no pod\u00edan ser m\u00e1s inspiradores: el Simposio \u00abLa \u00e9tica en el conocimiento\u00bb, creado por el Centro Mundial de Estudios Humanistas, en el Parque de Estudios y Reflexi\u00f3n Punta de Vacas, en la cordillera, entre Argentina y Chile\" \/>\n<meta property=\"og:url\" content=\"https:\/\/www.pressenza.com\/es\/2009\/11\/primer-ano-de-vida-de-pressenza-internacional\/\" \/>\n<meta property=\"og:site_name\" content=\"Pressenza\" \/>\n<meta property=\"article:publisher\" content=\"https:\/\/www.facebook.com\/PressenzaItalia\" \/>\n<meta property=\"article:author\" content=\"https:\/\/www.facebook.com\/pressenza\" \/>\n<meta property=\"article:published_time\" content=\"2009-11-15T00:00:00+00:00\" \/>\n<meta property=\"article:modified_time\" content=\"2009-11-16T18:34:38+00:00\" \/>\n<meta name=\"author\" content=\"Pressenza IPA\" \/>\n<meta name=\"twitter:card\" content=\"summary_large_image\" \/>\n<meta name=\"twitter:creator\" content=\"@PressenzaIPA\" \/>\n<meta name=\"twitter:site\" content=\"@PressenzaIPA\" \/>\n<meta name=\"twitter:label1\" content=\"Escrito por\" \/>\n\t<meta name=\"twitter:data1\" content=\"Pressenza IPA\" \/>\n\t<meta name=\"twitter:label2\" content=\"Tiempo de lectura\" \/>\n\t<meta name=\"twitter:data2\" content=\"4 minutos\" \/>\n<script type=\"application\/ld+json\" class=\"yoast-schema-graph\">{\"@context\":\"https:\/\/schema.org\",\"@graph\":[{\"@type\":\"Article\",\"@id\":\"https:\/\/www.pressenza.com\/es\/2009\/11\/primer-ano-de-vida-de-pressenza-internacional\/#article\",\"isPartOf\":{\"@id\":\"https:\/\/www.pressenza.com\/es\/2009\/11\/primer-ano-de-vida-de-pressenza-internacional\/\"},\"author\":{\"name\":\"Pressenza IPA\",\"@id\":\"https:\/\/www.pressenza.com\/es\/#\/schema\/person\/010e5d02bcf40965427a1289a4cc8d75\"},\"headline\":\"Primer a\u00f1o de vida de Pressenza Internacional\",\"datePublished\":\"2009-11-15T00:00:00+00:00\",\"dateModified\":\"2009-11-16T18:34:38+00:00\",\"mainEntityOfPage\":{\"@id\":\"https:\/\/www.pressenza.com\/es\/2009\/11\/primer-ano-de-vida-de-pressenza-internacional\/\"},\"wordCount\":854,\"publisher\":{\"@id\":\"https:\/\/www.pressenza.com\/es\/#organization\"},\"articleSection\":[\"Cultura y Medios\",\"Internacional\",\"Opiniones\",\"Sudam\u00e9rica\"],\"inLanguage\":\"es\"},{\"@type\":\"WebPage\",\"@id\":\"https:\/\/www.pressenza.com\/es\/2009\/11\/primer-ano-de-vida-de-pressenza-internacional\/\",\"url\":\"https:\/\/www.pressenza.com\/es\/2009\/11\/primer-ano-de-vida-de-pressenza-internacional\/\",\"name\":\"Primer a\u00f1o de vida de Pressenza Internacional\",\"isPartOf\":{\"@id\":\"https:\/\/www.pressenza.com\/es\/#website\"},\"datePublished\":\"2009-11-15T00:00:00+00:00\",\"dateModified\":\"2009-11-16T18:34:38+00:00\",\"description\":\"Hace exactamente un a\u00f1o surgi\u00f3 el proyecto de transformar Pressenza en una agencia internacional de noticias sobre paz y no violencia. La ocasi\u00f3n y el lugar no pod\u00edan ser m\u00e1s inspiradores: el Simposio \u00abLa \u00e9tica en el conocimiento\u00bb, creado por el Centro Mundial de Estudios Humanistas, en el Parque de Estudios y Reflexi\u00f3n Punta de Vacas, en la cordillera, entre Argentina y Chile\",\"breadcrumb\":{\"@id\":\"https:\/\/www.pressenza.com\/es\/2009\/11\/primer-ano-de-vida-de-pressenza-internacional\/#breadcrumb\"},\"inLanguage\":\"es\",\"potentialAction\":[{\"@type\":\"ReadAction\",\"target\":[\"https:\/\/www.pressenza.com\/es\/2009\/11\/primer-ano-de-vida-de-pressenza-internacional\/\"]}]},{\"@type\":\"BreadcrumbList\",\"@id\":\"https:\/\/www.pressenza.com\/es\/2009\/11\/primer-ano-de-vida-de-pressenza-internacional\/#breadcrumb\",\"itemListElement\":[{\"@type\":\"ListItem\",\"position\":1,\"name\":\"Accueil\",\"item\":\"https:\/\/www.pressenza.com\/es\/\"},{\"@type\":\"ListItem\",\"position\":2,\"name\":\"Primer a\u00f1o de vida de Pressenza Internacional\"}]},{\"@type\":\"WebSite\",\"@id\":\"https:\/\/www.pressenza.com\/es\/#website\",\"url\":\"https:\/\/www.pressenza.com\/es\/\",\"name\":\"Pressenza\",\"description\":\"International Press Agency\",\"publisher\":{\"@id\":\"https:\/\/www.pressenza.com\/es\/#organization\"},\"potentialAction\":[{\"@type\":\"SearchAction\",\"target\":{\"@type\":\"EntryPoint\",\"urlTemplate\":\"https:\/\/www.pressenza.com\/es\/?s={search_term_string}\"},\"query-input\":{\"@type\":\"PropertyValueSpecification\",\"valueRequired\":true,\"valueName\":\"search_term_string\"}}],\"inLanguage\":\"es\"},{\"@type\":\"Organization\",\"@id\":\"https:\/\/www.pressenza.com\/es\/#organization\",\"name\":\"Pressenza\",\"url\":\"https:\/\/www.pressenza.com\/es\/\",\"logo\":{\"@type\":\"ImageObject\",\"inLanguage\":\"es\",\"@id\":\"https:\/\/www.pressenza.com\/es\/#\/schema\/logo\/image\/\",\"url\":\"https:\/\/www.pressenza.com\/wp-content\/uploads\/2022\/10\/pressenza_logo_200x200.jpg\",\"contentUrl\":\"https:\/\/www.pressenza.com\/wp-content\/uploads\/2022\/10\/pressenza_logo_200x200.jpg\",\"width\":200,\"height\":200,\"caption\":\"Pressenza\"},\"image\":{\"@id\":\"https:\/\/www.pressenza.com\/es\/#\/schema\/logo\/image\/\"},\"sameAs\":[\"https:\/\/www.facebook.com\/PressenzaItalia\",\"https:\/\/x.com\/PressenzaIPA\"]},{\"@type\":\"Person\",\"@id\":\"https:\/\/www.pressenza.com\/es\/#\/schema\/person\/010e5d02bcf40965427a1289a4cc8d75\",\"name\":\"Pressenza IPA\",\"description\":\"News from Pressenza IPA correspondents\",\"sameAs\":[\"https:\/\/www.facebook.com\/pressenza\",\"https:\/\/x.com\/PressenzaIPA\"],\"url\":\"https:\/\/www.pressenza.com\/es\/author\/pressenza-ipa\/\"}]}<\/script>\n<!-- \/ Yoast SEO plugin. -->","yoast_head_json":{"title":"Primer a\u00f1o de vida de Pressenza Internacional","description":"Hace exactamente un a\u00f1o surgi\u00f3 el proyecto de transformar Pressenza en una agencia internacional de noticias sobre paz y no violencia. La ocasi\u00f3n y el lugar no pod\u00edan ser m\u00e1s inspiradores: el Simposio \u00abLa \u00e9tica en el conocimiento\u00bb, creado por el Centro Mundial de Estudios Humanistas, en el Parque de Estudios y Reflexi\u00f3n Punta de Vacas, en la cordillera, entre Argentina y Chile","robots":{"index":"index","follow":"follow","max-snippet":"max-snippet:-1","max-image-preview":"max-image-preview:large","max-video-preview":"max-video-preview:-1"},"canonical":"https:\/\/www.pressenza.com\/es\/2009\/11\/primer-ano-de-vida-de-pressenza-internacional\/","og_locale":"es_ES","og_type":"article","og_title":"Primer a\u00f1o de vida de Pressenza Internacional","og_description":"Hace exactamente un a\u00f1o surgi\u00f3 el proyecto de transformar Pressenza en una agencia internacional de noticias sobre paz y no violencia. La ocasi\u00f3n y el lugar no pod\u00edan ser m\u00e1s inspiradores: el Simposio \u00abLa \u00e9tica en el conocimiento\u00bb, creado por el Centro Mundial de Estudios Humanistas, en el Parque de Estudios y Reflexi\u00f3n Punta de Vacas, en la cordillera, entre Argentina y Chile","og_url":"https:\/\/www.pressenza.com\/es\/2009\/11\/primer-ano-de-vida-de-pressenza-internacional\/","og_site_name":"Pressenza","article_publisher":"https:\/\/www.facebook.com\/PressenzaItalia","article_author":"https:\/\/www.facebook.com\/pressenza","article_published_time":"2009-11-15T00:00:00+00:00","article_modified_time":"2009-11-16T18:34:38+00:00","author":"Pressenza IPA","twitter_card":"summary_large_image","twitter_creator":"@PressenzaIPA","twitter_site":"@PressenzaIPA","twitter_misc":{"Escrito por":"Pressenza IPA","Tiempo de lectura":"4 minutos"},"schema":{"@context":"https:\/\/schema.org","@graph":[{"@type":"Article","@id":"https:\/\/www.pressenza.com\/es\/2009\/11\/primer-ano-de-vida-de-pressenza-internacional\/#article","isPartOf":{"@id":"https:\/\/www.pressenza.com\/es\/2009\/11\/primer-ano-de-vida-de-pressenza-internacional\/"},"author":{"name":"Pressenza IPA","@id":"https:\/\/www.pressenza.com\/es\/#\/schema\/person\/010e5d02bcf40965427a1289a4cc8d75"},"headline":"Primer a\u00f1o de vida de Pressenza Internacional","datePublished":"2009-11-15T00:00:00+00:00","dateModified":"2009-11-16T18:34:38+00:00","mainEntityOfPage":{"@id":"https:\/\/www.pressenza.com\/es\/2009\/11\/primer-ano-de-vida-de-pressenza-internacional\/"},"wordCount":854,"publisher":{"@id":"https:\/\/www.pressenza.com\/es\/#organization"},"articleSection":["Cultura y Medios","Internacional","Opiniones","Sudam\u00e9rica"],"inLanguage":"es"},{"@type":"WebPage","@id":"https:\/\/www.pressenza.com\/es\/2009\/11\/primer-ano-de-vida-de-pressenza-internacional\/","url":"https:\/\/www.pressenza.com\/es\/2009\/11\/primer-ano-de-vida-de-pressenza-internacional\/","name":"Primer a\u00f1o de vida de Pressenza Internacional","isPartOf":{"@id":"https:\/\/www.pressenza.com\/es\/#website"},"datePublished":"2009-11-15T00:00:00+00:00","dateModified":"2009-11-16T18:34:38+00:00","description":"Hace exactamente un a\u00f1o surgi\u00f3 el proyecto de transformar Pressenza en una agencia internacional de noticias sobre paz y no violencia. La ocasi\u00f3n y el lugar no pod\u00edan ser m\u00e1s inspiradores: el Simposio \u00abLa \u00e9tica en el conocimiento\u00bb, creado por el Centro Mundial de Estudios Humanistas, en el Parque de Estudios y Reflexi\u00f3n Punta de Vacas, en la cordillera, entre Argentina y Chile","breadcrumb":{"@id":"https:\/\/www.pressenza.com\/es\/2009\/11\/primer-ano-de-vida-de-pressenza-internacional\/#breadcrumb"},"inLanguage":"es","potentialAction":[{"@type":"ReadAction","target":["https:\/\/www.pressenza.com\/es\/2009\/11\/primer-ano-de-vida-de-pressenza-internacional\/"]}]},{"@type":"BreadcrumbList","@id":"https:\/\/www.pressenza.com\/es\/2009\/11\/primer-ano-de-vida-de-pressenza-internacional\/#breadcrumb","itemListElement":[{"@type":"ListItem","position":1,"name":"Accueil","item":"https:\/\/www.pressenza.com\/es\/"},{"@type":"ListItem","position":2,"name":"Primer a\u00f1o de vida de Pressenza Internacional"}]},{"@type":"WebSite","@id":"https:\/\/www.pressenza.com\/es\/#website","url":"https:\/\/www.pressenza.com\/es\/","name":"Pressenza","description":"International Press Agency","publisher":{"@id":"https:\/\/www.pressenza.com\/es\/#organization"},"potentialAction":[{"@type":"SearchAction","target":{"@type":"EntryPoint","urlTemplate":"https:\/\/www.pressenza.com\/es\/?s={search_term_string}"},"query-input":{"@type":"PropertyValueSpecification","valueRequired":true,"valueName":"search_term_string"}}],"inLanguage":"es"},{"@type":"Organization","@id":"https:\/\/www.pressenza.com\/es\/#organization","name":"Pressenza","url":"https:\/\/www.pressenza.com\/es\/","logo":{"@type":"ImageObject","inLanguage":"es","@id":"https:\/\/www.pressenza.com\/es\/#\/schema\/logo\/image\/","url":"https:\/\/www.pressenza.com\/wp-content\/uploads\/2022\/10\/pressenza_logo_200x200.jpg","contentUrl":"https:\/\/www.pressenza.com\/wp-content\/uploads\/2022\/10\/pressenza_logo_200x200.jpg","width":200,"height":200,"caption":"Pressenza"},"image":{"@id":"https:\/\/www.pressenza.com\/es\/#\/schema\/logo\/image\/"},"sameAs":["https:\/\/www.facebook.com\/PressenzaItalia","https:\/\/x.com\/PressenzaIPA"]},{"@type":"Person","@id":"https:\/\/www.pressenza.com\/es\/#\/schema\/person\/010e5d02bcf40965427a1289a4cc8d75","name":"Pressenza IPA","description":"News from Pressenza IPA correspondents","sameAs":["https:\/\/www.facebook.com\/pressenza","https:\/\/x.com\/PressenzaIPA"],"url":"https:\/\/www.pressenza.com\/es\/author\/pressenza-ipa\/"}]}},"place":"Sao Paulo","original_article_url":"","_links":{"self":[{"href":"https:\/\/www.pressenza.com\/es\/wp-json\/wp\/v2\/posts\/2269","targetHints":{"allow":["GET"]}}],"collection":[{"href":"https:\/\/www.pressenza.com\/es\/wp-json\/wp\/v2\/posts"}],"about":[{"href":"https:\/\/www.pressenza.com\/es\/wp-json\/wp\/v2\/types\/post"}],"author":[{"embeddable":true,"href":"https:\/\/www.pressenza.com\/es\/wp-json\/wp\/v2\/users\/19"}],"replies":[{"embeddable":true,"href":"https:\/\/www.pressenza.com\/es\/wp-json\/wp\/v2\/comments?post=2269"}],"version-history":[{"count":0,"href":"https:\/\/www.pressenza.com\/es\/wp-json\/wp\/v2\/posts\/2269\/revisions"}],"wp:attachment":[{"href":"https:\/\/www.pressenza.com\/es\/wp-json\/wp\/v2\/media?parent=2269"}],"wp:term":[{"taxonomy":"category","embeddable":true,"href":"https:\/\/www.pressenza.com\/es\/wp-json\/wp\/v2\/categories?post=2269"},{"taxonomy":"post_tag","embeddable":true,"href":"https:\/\/www.pressenza.com\/es\/wp-json\/wp\/v2\/tags?post=2269"}],"curies":[{"name":"wp","href":"https:\/\/api.w.org\/{rel}","templated":true}]}}