{"id":226825,"date":"2015-09-27T21:13:10","date_gmt":"2015-09-27T20:13:10","guid":{"rendered":"http:\/\/www.pressenza.com\/es\/?p=226825"},"modified":"2015-09-27T21:13:38","modified_gmt":"2015-09-27T20:13:38","slug":"argentina-conmemora-un-ano-de-la-desaparicion-de-43-normalistas","status":"publish","type":"post","link":"https:\/\/www.pressenza.com\/es\/2015\/09\/argentina-conmemora-un-ano-de-la-desaparicion-de-43-normalistas\/","title":{"rendered":"Argentina conmemora un a\u00f1o de la desaparici\u00f3n de 43 normalistas"},"content":{"rendered":"<p><em><strong>Por Sebasti\u00e1n Salgado<\/strong><\/em><\/p>\n<p class=\"introtext\"><em>Cientos de personas, se reunieron frente a la embajada mexicana en Buenos Aires, para repudiar la impunidad que envuelve al caso de los 43 estudiantes desaparecidos.<\/em><\/p>\n<p><a href=\"https:\/\/www.youtube.com\/watch?v=E6kENLKeJPE\">https:\/\/www.youtube.com\/watch?v=E6kENLKeJPE<\/a><\/p>\n<p>Sus nombres son repetidos al infinito. 365 d\u00edas, no parecen ser suficientes para conocer la realidad de lo sucedido en Iguala, con los 43 estudiantes de la escuela rural de Ayotzinapa, en Guerrero, M\u00e9xico.<\/p>\n<p>Una sociedad, que no est\u00e1 dispuesta a aceptar, la versi\u00f3n oficial, que deslinda al Gobierno Federal, de lo ocurrido. La embajada de M\u00e9xico la capital de Argentina, Buenos Aires, fue el punto de encuentro en Argentina, para \u00e9ste reclamo.<\/p>\n<p>43 desapariciones que un a\u00f1o despu\u00e9s permanecen impunes. En un sistema pol\u00edtico donde cada d\u00eda m\u00e1s, organizaciones sociales, ponen en tela de juicio la legitimidad del sistema democr\u00e1tico mexicano.<\/p>\n","protected":false},"excerpt":{"rendered":"<p>Por Sebasti\u00e1n Salgado Cientos de personas, se reunieron frente a la embajada mexicana en Buenos Aires, para repudiar la impunidad que envuelve al caso de los 43 estudiantes desaparecidos. Sus nombres son repetidos al infinito. 365 d\u00edas, no parecen ser&hellip;<\/p>\n","protected":false},"author":954,"featured_media":0,"comment_status":"closed","ping_status":"open","sticky":false,"template":"","format":"standard","meta":{"footnotes":""},"categories":[79,67],"tags":[15110,20298,26,441,526,1321,394,16303],"class_list":["post-226825","post","type-post","status-publish","format-standard","hentry","category-derechos-humanos","category-sudamerica","tag-43-ayotzinapa","tag-43-normalistas","tag-argentina","tag-derechos-humanos","tag-manifestacion","tag-mexico","tag-protestas-sociales","tag-reclamo"],"yoast_head":"<!-- This site is optimized with the Yoast SEO plugin v27.1.1 - https:\/\/yoast.com\/product\/yoast-seo-wordpress\/ -->\n<title>Argentina conmemora un a\u00f1o de la desaparici\u00f3n de 43 normalistas<\/title>\n<meta name=\"description\" content=\"Por Sebasti\u00e1n Salgado Cientos de personas, se reunieron frente a la embajada mexicana en Buenos Aires, para repudiar la impunidad que envuelve al caso de\" \/>\n<meta name=\"robots\" content=\"index, follow, max-snippet:-1, max-image-preview:large, max-video-preview:-1\" \/>\n<link rel=\"canonical\" href=\"https:\/\/www.pressenza.com\/es\/2015\/09\/argentina-conmemora-un-ano-de-la-desaparicion-de-43-normalistas\/\" \/>\n<meta property=\"og:locale\" content=\"es_ES\" \/>\n<meta property=\"og:type\" content=\"article\" \/>\n<meta property=\"og:title\" content=\"Argentina conmemora un a\u00f1o de la desaparici\u00f3n de 43 normalistas\" \/>\n<meta property=\"og:description\" content=\"Por Sebasti\u00e1n Salgado Cientos de personas, se reunieron frente a la embajada mexicana en Buenos Aires, para repudiar la impunidad que envuelve al caso de\" \/>\n<meta property=\"og:url\" content=\"https:\/\/www.pressenza.com\/es\/2015\/09\/argentina-conmemora-un-ano-de-la-desaparicion-de-43-normalistas\/\" \/>\n<meta property=\"og:site_name\" content=\"Pressenza\" \/>\n<meta property=\"article:publisher\" content=\"https:\/\/www.facebook.com\/PressenzaItalia\" \/>\n<meta property=\"article:author\" content=\"https:\/\/www.facebook.com\/Hispantv\" \/>\n<meta property=\"article:published_time\" content=\"2015-09-27T20:13:10+00:00\" \/>\n<meta property=\"article:modified_time\" content=\"2015-09-27T20:13:38+00:00\" \/>\n<meta name=\"author\" content=\"HispanTV\" \/>\n<meta name=\"twitter:card\" content=\"summary_large_image\" \/>\n<meta name=\"twitter:creator\" content=\"@Hispantv\" \/>\n<meta name=\"twitter:site\" content=\"@PressenzaIPA\" \/>\n<meta name=\"twitter:label1\" content=\"Escrito por\" \/>\n\t<meta name=\"twitter:data1\" content=\"HispanTV\" \/>\n\t<meta name=\"twitter:label2\" content=\"Tiempo de lectura\" \/>\n\t<meta name=\"twitter:data2\" content=\"1 minuto\" \/>\n<script type=\"application\/ld+json\" class=\"yoast-schema-graph\">{\"@context\":\"https:\/\/schema.org\",\"@graph\":[{\"@type\":\"Article\",\"@id\":\"https:\/\/www.pressenza.com\/es\/2015\/09\/argentina-conmemora-un-ano-de-la-desaparicion-de-43-normalistas\/#article\",\"isPartOf\":{\"@id\":\"https:\/\/www.pressenza.com\/es\/2015\/09\/argentina-conmemora-un-ano-de-la-desaparicion-de-43-normalistas\/\"},\"author\":{\"name\":\"HispanTV\",\"@id\":\"https:\/\/www.pressenza.com\/es\/#\/schema\/person\/2e5ffdf0e238fbba512bcf5c97959187\"},\"headline\":\"Argentina conmemora un a\u00f1o de la desaparici\u00f3n de 43 normalistas\",\"datePublished\":\"2015-09-27T20:13:10+00:00\",\"dateModified\":\"2015-09-27T20:13:38+00:00\",\"mainEntityOfPage\":{\"@id\":\"https:\/\/www.pressenza.com\/es\/2015\/09\/argentina-conmemora-un-ano-de-la-desaparicion-de-43-normalistas\/\"},\"wordCount\":159,\"publisher\":{\"@id\":\"https:\/\/www.pressenza.com\/es\/#organization\"},\"keywords\":[\"43 Ayotzinapa\",\"43 normalistas\",\"Argentina\",\"Derechos humanos\",\"manifestaci\u00f3n\",\"M\u00e9xico\",\"protestas sociales\",\"reclamo\"],\"articleSection\":[\"Derechos Humanos\",\"Sudam\u00e9rica\"],\"inLanguage\":\"es\"},{\"@type\":\"WebPage\",\"@id\":\"https:\/\/www.pressenza.com\/es\/2015\/09\/argentina-conmemora-un-ano-de-la-desaparicion-de-43-normalistas\/\",\"url\":\"https:\/\/www.pressenza.com\/es\/2015\/09\/argentina-conmemora-un-ano-de-la-desaparicion-de-43-normalistas\/\",\"name\":\"Argentina conmemora un a\u00f1o de la desaparici\u00f3n de 43 normalistas\",\"isPartOf\":{\"@id\":\"https:\/\/www.pressenza.com\/es\/#website\"},\"datePublished\":\"2015-09-27T20:13:10+00:00\",\"dateModified\":\"2015-09-27T20:13:38+00:00\",\"description\":\"Por Sebasti\u00e1n Salgado Cientos de personas, se reunieron frente a la embajada mexicana en Buenos Aires, para repudiar la impunidad que envuelve al caso de\",\"breadcrumb\":{\"@id\":\"https:\/\/www.pressenza.com\/es\/2015\/09\/argentina-conmemora-un-ano-de-la-desaparicion-de-43-normalistas\/#breadcrumb\"},\"inLanguage\":\"es\",\"potentialAction\":[{\"@type\":\"ReadAction\",\"target\":[\"https:\/\/www.pressenza.com\/es\/2015\/09\/argentina-conmemora-un-ano-de-la-desaparicion-de-43-normalistas\/\"]}]},{\"@type\":\"BreadcrumbList\",\"@id\":\"https:\/\/www.pressenza.com\/es\/2015\/09\/argentina-conmemora-un-ano-de-la-desaparicion-de-43-normalistas\/#breadcrumb\",\"itemListElement\":[{\"@type\":\"ListItem\",\"position\":1,\"name\":\"Accueil\",\"item\":\"https:\/\/www.pressenza.com\/es\/\"},{\"@type\":\"ListItem\",\"position\":2,\"name\":\"Argentina conmemora un a\u00f1o de la desaparici\u00f3n de 43 normalistas\"}]},{\"@type\":\"WebSite\",\"@id\":\"https:\/\/www.pressenza.com\/es\/#website\",\"url\":\"https:\/\/www.pressenza.com\/es\/\",\"name\":\"Pressenza\",\"description\":\"International Press Agency\",\"publisher\":{\"@id\":\"https:\/\/www.pressenza.com\/es\/#organization\"},\"potentialAction\":[{\"@type\":\"SearchAction\",\"target\":{\"@type\":\"EntryPoint\",\"urlTemplate\":\"https:\/\/www.pressenza.com\/es\/?s={search_term_string}\"},\"query-input\":{\"@type\":\"PropertyValueSpecification\",\"valueRequired\":true,\"valueName\":\"search_term_string\"}}],\"inLanguage\":\"es\"},{\"@type\":\"Organization\",\"@id\":\"https:\/\/www.pressenza.com\/es\/#organization\",\"name\":\"Pressenza\",\"url\":\"https:\/\/www.pressenza.com\/es\/\",\"logo\":{\"@type\":\"ImageObject\",\"inLanguage\":\"es\",\"@id\":\"https:\/\/www.pressenza.com\/es\/#\/schema\/logo\/image\/\",\"url\":\"https:\/\/www.pressenza.com\/wp-content\/uploads\/2022\/10\/pressenza_logo_200x200.jpg\",\"contentUrl\":\"https:\/\/www.pressenza.com\/wp-content\/uploads\/2022\/10\/pressenza_logo_200x200.jpg\",\"width\":200,\"height\":200,\"caption\":\"Pressenza\"},\"image\":{\"@id\":\"https:\/\/www.pressenza.com\/es\/#\/schema\/logo\/image\/\"},\"sameAs\":[\"https:\/\/www.facebook.com\/PressenzaItalia\",\"https:\/\/x.com\/PressenzaIPA\"]},{\"@type\":\"Person\",\"@id\":\"https:\/\/www.pressenza.com\/es\/#\/schema\/person\/2e5ffdf0e238fbba512bcf5c97959187\",\"name\":\"HispanTV\",\"description\":\"Trabajar bajo el f\u00e9rreo compromiso como medio de comunicaci\u00f3n para fomentar el acercamiento entre los pueblos de Ir\u00e1n, el Hispanoamericano y los de Medio Oriente, considerando adem\u00e1s la necesidad de crear una mayor cercan\u00eda entre todos los pueblos de Am\u00e9rica Latina. http:\/\/www.hispantv.com\/\",\"sameAs\":[\"http:\/\/www.hispantv.ir\",\"https:\/\/www.facebook.com\/Hispantv\",\"https:\/\/x.com\/Hispantv\"],\"url\":\"https:\/\/www.pressenza.com\/es\/author\/hispantv\/\"}]}<\/script>\n<!-- \/ Yoast SEO plugin. -->","yoast_head_json":{"title":"Argentina conmemora un a\u00f1o de la desaparici\u00f3n de 43 normalistas","description":"Por Sebasti\u00e1n Salgado Cientos de personas, se reunieron frente a la embajada mexicana en Buenos Aires, para repudiar la impunidad que envuelve al caso de","robots":{"index":"index","follow":"follow","max-snippet":"max-snippet:-1","max-image-preview":"max-image-preview:large","max-video-preview":"max-video-preview:-1"},"canonical":"https:\/\/www.pressenza.com\/es\/2015\/09\/argentina-conmemora-un-ano-de-la-desaparicion-de-43-normalistas\/","og_locale":"es_ES","og_type":"article","og_title":"Argentina conmemora un a\u00f1o de la desaparici\u00f3n de 43 normalistas","og_description":"Por Sebasti\u00e1n Salgado Cientos de personas, se reunieron frente a la embajada mexicana en Buenos Aires, para repudiar la impunidad que envuelve al caso de","og_url":"https:\/\/www.pressenza.com\/es\/2015\/09\/argentina-conmemora-un-ano-de-la-desaparicion-de-43-normalistas\/","og_site_name":"Pressenza","article_publisher":"https:\/\/www.facebook.com\/PressenzaItalia","article_author":"https:\/\/www.facebook.com\/Hispantv","article_published_time":"2015-09-27T20:13:10+00:00","article_modified_time":"2015-09-27T20:13:38+00:00","author":"HispanTV","twitter_card":"summary_large_image","twitter_creator":"@Hispantv","twitter_site":"@PressenzaIPA","twitter_misc":{"Escrito por":"HispanTV","Tiempo de lectura":"1 minuto"},"schema":{"@context":"https:\/\/schema.org","@graph":[{"@type":"Article","@id":"https:\/\/www.pressenza.com\/es\/2015\/09\/argentina-conmemora-un-ano-de-la-desaparicion-de-43-normalistas\/#article","isPartOf":{"@id":"https:\/\/www.pressenza.com\/es\/2015\/09\/argentina-conmemora-un-ano-de-la-desaparicion-de-43-normalistas\/"},"author":{"name":"HispanTV","@id":"https:\/\/www.pressenza.com\/es\/#\/schema\/person\/2e5ffdf0e238fbba512bcf5c97959187"},"headline":"Argentina conmemora un a\u00f1o de la desaparici\u00f3n de 43 normalistas","datePublished":"2015-09-27T20:13:10+00:00","dateModified":"2015-09-27T20:13:38+00:00","mainEntityOfPage":{"@id":"https:\/\/www.pressenza.com\/es\/2015\/09\/argentina-conmemora-un-ano-de-la-desaparicion-de-43-normalistas\/"},"wordCount":159,"publisher":{"@id":"https:\/\/www.pressenza.com\/es\/#organization"},"keywords":["43 Ayotzinapa","43 normalistas","Argentina","Derechos humanos","manifestaci\u00f3n","M\u00e9xico","protestas sociales","reclamo"],"articleSection":["Derechos Humanos","Sudam\u00e9rica"],"inLanguage":"es"},{"@type":"WebPage","@id":"https:\/\/www.pressenza.com\/es\/2015\/09\/argentina-conmemora-un-ano-de-la-desaparicion-de-43-normalistas\/","url":"https:\/\/www.pressenza.com\/es\/2015\/09\/argentina-conmemora-un-ano-de-la-desaparicion-de-43-normalistas\/","name":"Argentina conmemora un a\u00f1o de la desaparici\u00f3n de 43 normalistas","isPartOf":{"@id":"https:\/\/www.pressenza.com\/es\/#website"},"datePublished":"2015-09-27T20:13:10+00:00","dateModified":"2015-09-27T20:13:38+00:00","description":"Por Sebasti\u00e1n Salgado Cientos de personas, se reunieron frente a la embajada mexicana en Buenos Aires, para repudiar la impunidad que envuelve al caso de","breadcrumb":{"@id":"https:\/\/www.pressenza.com\/es\/2015\/09\/argentina-conmemora-un-ano-de-la-desaparicion-de-43-normalistas\/#breadcrumb"},"inLanguage":"es","potentialAction":[{"@type":"ReadAction","target":["https:\/\/www.pressenza.com\/es\/2015\/09\/argentina-conmemora-un-ano-de-la-desaparicion-de-43-normalistas\/"]}]},{"@type":"BreadcrumbList","@id":"https:\/\/www.pressenza.com\/es\/2015\/09\/argentina-conmemora-un-ano-de-la-desaparicion-de-43-normalistas\/#breadcrumb","itemListElement":[{"@type":"ListItem","position":1,"name":"Accueil","item":"https:\/\/www.pressenza.com\/es\/"},{"@type":"ListItem","position":2,"name":"Argentina conmemora un a\u00f1o de la desaparici\u00f3n de 43 normalistas"}]},{"@type":"WebSite","@id":"https:\/\/www.pressenza.com\/es\/#website","url":"https:\/\/www.pressenza.com\/es\/","name":"Pressenza","description":"International Press Agency","publisher":{"@id":"https:\/\/www.pressenza.com\/es\/#organization"},"potentialAction":[{"@type":"SearchAction","target":{"@type":"EntryPoint","urlTemplate":"https:\/\/www.pressenza.com\/es\/?s={search_term_string}"},"query-input":{"@type":"PropertyValueSpecification","valueRequired":true,"valueName":"search_term_string"}}],"inLanguage":"es"},{"@type":"Organization","@id":"https:\/\/www.pressenza.com\/es\/#organization","name":"Pressenza","url":"https:\/\/www.pressenza.com\/es\/","logo":{"@type":"ImageObject","inLanguage":"es","@id":"https:\/\/www.pressenza.com\/es\/#\/schema\/logo\/image\/","url":"https:\/\/www.pressenza.com\/wp-content\/uploads\/2022\/10\/pressenza_logo_200x200.jpg","contentUrl":"https:\/\/www.pressenza.com\/wp-content\/uploads\/2022\/10\/pressenza_logo_200x200.jpg","width":200,"height":200,"caption":"Pressenza"},"image":{"@id":"https:\/\/www.pressenza.com\/es\/#\/schema\/logo\/image\/"},"sameAs":["https:\/\/www.facebook.com\/PressenzaItalia","https:\/\/x.com\/PressenzaIPA"]},{"@type":"Person","@id":"https:\/\/www.pressenza.com\/es\/#\/schema\/person\/2e5ffdf0e238fbba512bcf5c97959187","name":"HispanTV","description":"Trabajar bajo el f\u00e9rreo compromiso como medio de comunicaci\u00f3n para fomentar el acercamiento entre los pueblos de Ir\u00e1n, el Hispanoamericano y los de Medio Oriente, considerando adem\u00e1s la necesidad de crear una mayor cercan\u00eda entre todos los pueblos de Am\u00e9rica Latina. http:\/\/www.hispantv.com\/","sameAs":["http:\/\/www.hispantv.ir","https:\/\/www.facebook.com\/Hispantv","https:\/\/x.com\/Hispantv"],"url":"https:\/\/www.pressenza.com\/es\/author\/hispantv\/"}]}},"place":"Ciudad de Buenos Aires","original_article_url":"http:\/\/hispantv.com\/newsdetail\/Reportajes\/58617\/argentina-conmemora-mexico-estudiantes-desaparecidos-guerrero-iguala-gobierno-federal","_links":{"self":[{"href":"https:\/\/www.pressenza.com\/es\/wp-json\/wp\/v2\/posts\/226825","targetHints":{"allow":["GET"]}}],"collection":[{"href":"https:\/\/www.pressenza.com\/es\/wp-json\/wp\/v2\/posts"}],"about":[{"href":"https:\/\/www.pressenza.com\/es\/wp-json\/wp\/v2\/types\/post"}],"author":[{"embeddable":true,"href":"https:\/\/www.pressenza.com\/es\/wp-json\/wp\/v2\/users\/954"}],"replies":[{"embeddable":true,"href":"https:\/\/www.pressenza.com\/es\/wp-json\/wp\/v2\/comments?post=226825"}],"version-history":[{"count":0,"href":"https:\/\/www.pressenza.com\/es\/wp-json\/wp\/v2\/posts\/226825\/revisions"}],"wp:attachment":[{"href":"https:\/\/www.pressenza.com\/es\/wp-json\/wp\/v2\/media?parent=226825"}],"wp:term":[{"taxonomy":"category","embeddable":true,"href":"https:\/\/www.pressenza.com\/es\/wp-json\/wp\/v2\/categories?post=226825"},{"taxonomy":"post_tag","embeddable":true,"href":"https:\/\/www.pressenza.com\/es\/wp-json\/wp\/v2\/tags?post=226825"}],"curies":[{"name":"wp","href":"https:\/\/api.w.org\/{rel}","templated":true}]}}