{"id":226822,"date":"2015-09-27T21:05:31","date_gmt":"2015-09-27T20:05:31","guid":{"rendered":"http:\/\/www.pressenza.com\/es\/?p=226822"},"modified":"2015-09-27T21:06:22","modified_gmt":"2015-09-27T20:06:22","slug":"decenas-de-miles-de-personas-marchan-por-43-normalistas-mexicanos","status":"publish","type":"post","link":"https:\/\/www.pressenza.com\/es\/2015\/09\/decenas-de-miles-de-personas-marchan-por-43-normalistas-mexicanos\/","title":{"rendered":"Decenas de miles de personas marchan por 43 normalistas mexicanos"},"content":{"rendered":"<p class=\"introtext\"><em>Este 26 de septiembre se cumpli\u00f3 un a\u00f1o de la desaparici\u00f3n de los 43 normalistas de Ayotzinapa. Acompa\u00f1ados de decenas de miles de personas los padres de los j\u00f3venes, llegaron al z\u00f3calo de la Ciudad de M\u00e9xico (la capital).<\/em><\/p>\n<p>25.000 personas marcharon durante cinco horas, sin importar una constante lluvia que los acompa\u00f1\u00f3 durante casi todo el trayecto hasta la plaza mayor de la Ciudad de M\u00e9xico.<\/p>\n<p>Los manifestantes llegaron hasta el z\u00f3calo para escuchar a los padres, sobre lo que han vivido desde el 26 de septiembre del 2014.<\/p>\n<p>Organizaciones de todo tipo participaron en la marcha. Alumnos de universidades p\u00fablicas, sindicatos y padres de familia con hijos en brazos y carriolas caminaron en apoyo de los padres de los normalistas desaparecidos.<\/p>\n<p>Todos en paz, salvo los autollamados anarquistas, quienes desafiaron a la escasa polic\u00eda desplegada por el gobierno capitalino.<\/p>\n<p>La desaparici\u00f3n de los 43 normalistas cumple a\u00f1o en medio de una gran pol\u00e9mica. La Procuradur\u00eda General de la Rep\u00fablica (PGR) sostiene su verdad hist\u00f3rica armada con un expediente de 50.000 fojas, testimonios de 111 detenidos y an\u00e1lisis de peritos argentinos y de la Universidad Nacional Aut\u00f3noma de M\u00e9xico (UNAM).<\/p>\n<p>Es una investigaci\u00f3n oficial severamente cuestionada por expertos de la Comisi\u00f3n Interamericana de Derechos Humanos (CIDH), y por miles, decenas de miles de personas que gritaron este 26 de septiembre, que no creen en sus autoridades ni en su polic\u00eda.<\/p>\n<p>El movimiento en favor de los 43 desaparecidos de Ayotzinapa tuvo una de las mayores convocatorias desde el pasado 26 de septiembre cuando fueron vistos los 43 j\u00f3venes, ni la lluvia no el viento desanimaron a 25.000 personas seg\u00fan cifras, del Gobierno del Distrito Federal.<\/p>\n<p><em><strong>Por Arturo Calvillo, Ciudad de M\u00e9xico.<\/strong><\/em><\/p>\n","protected":false},"excerpt":{"rendered":"<p>Este 26 de septiembre se cumpli\u00f3 un a\u00f1o de la desaparici\u00f3n de los 43 normalistas de Ayotzinapa. Acompa\u00f1ados de decenas de miles de personas los padres de los j\u00f3venes, llegaron al z\u00f3calo de la Ciudad de M\u00e9xico (la capital). 25.000&hellip;<\/p>\n","protected":false},"author":954,"featured_media":0,"comment_status":"closed","ping_status":"open","sticky":false,"template":"","format":"standard","meta":{"footnotes":""},"categories":[69,79,68],"tags":[15110,441,20297,526,1321,12980,394,623],"class_list":["post-226822","post","type-post","status-publish","format-standard","hentry","category-america-central","category-derechos-humanos","category-norteamerica","tag-43-ayotzinapa","tag-derechos-humanos","tag-desapiriciones","tag-manifestacion","tag-mexico","tag-normalistas","tag-protestas-sociales","tag-violencia"],"yoast_head":"<!-- This site is optimized with the Yoast SEO plugin v27.1.1 - https:\/\/yoast.com\/product\/yoast-seo-wordpress\/ -->\n<title>Decenas de miles de personas marchan por 43 normalistas mexicanos<\/title>\n<meta name=\"description\" content=\"Este 26 de septiembre se cumpli\u00f3 un a\u00f1o de la desaparici\u00f3n de los 43 normalistas de Ayotzinapa. Acompa\u00f1ados de decenas de miles de personas los padres de\" \/>\n<meta name=\"robots\" content=\"index, follow, max-snippet:-1, max-image-preview:large, max-video-preview:-1\" \/>\n<link rel=\"canonical\" href=\"https:\/\/www.pressenza.com\/es\/2015\/09\/decenas-de-miles-de-personas-marchan-por-43-normalistas-mexicanos\/\" \/>\n<meta property=\"og:locale\" content=\"es_ES\" \/>\n<meta property=\"og:type\" content=\"article\" \/>\n<meta property=\"og:title\" content=\"Decenas de miles de personas marchan por 43 normalistas mexicanos\" \/>\n<meta property=\"og:description\" content=\"Este 26 de septiembre se cumpli\u00f3 un a\u00f1o de la desaparici\u00f3n de los 43 normalistas de Ayotzinapa. Acompa\u00f1ados de decenas de miles de personas los padres de\" \/>\n<meta property=\"og:url\" content=\"https:\/\/www.pressenza.com\/es\/2015\/09\/decenas-de-miles-de-personas-marchan-por-43-normalistas-mexicanos\/\" \/>\n<meta property=\"og:site_name\" content=\"Pressenza\" \/>\n<meta property=\"article:publisher\" content=\"https:\/\/www.facebook.com\/PressenzaItalia\" \/>\n<meta property=\"article:author\" content=\"https:\/\/www.facebook.com\/Hispantv\" \/>\n<meta property=\"article:published_time\" content=\"2015-09-27T20:05:31+00:00\" \/>\n<meta property=\"article:modified_time\" content=\"2015-09-27T20:06:22+00:00\" \/>\n<meta name=\"author\" content=\"HispanTV\" \/>\n<meta name=\"twitter:card\" content=\"summary_large_image\" \/>\n<meta name=\"twitter:creator\" content=\"@Hispantv\" \/>\n<meta name=\"twitter:site\" content=\"@PressenzaIPA\" \/>\n<meta name=\"twitter:label1\" content=\"Escrito por\" \/>\n\t<meta name=\"twitter:data1\" content=\"HispanTV\" \/>\n\t<meta name=\"twitter:label2\" content=\"Tiempo de lectura\" \/>\n\t<meta name=\"twitter:data2\" content=\"1 minuto\" \/>\n<script type=\"application\/ld+json\" class=\"yoast-schema-graph\">{\"@context\":\"https:\/\/schema.org\",\"@graph\":[{\"@type\":\"Article\",\"@id\":\"https:\/\/www.pressenza.com\/es\/2015\/09\/decenas-de-miles-de-personas-marchan-por-43-normalistas-mexicanos\/#article\",\"isPartOf\":{\"@id\":\"https:\/\/www.pressenza.com\/es\/2015\/09\/decenas-de-miles-de-personas-marchan-por-43-normalistas-mexicanos\/\"},\"author\":{\"name\":\"HispanTV\",\"@id\":\"https:\/\/www.pressenza.com\/es\/#\/schema\/person\/2e5ffdf0e238fbba512bcf5c97959187\"},\"headline\":\"Decenas de miles de personas marchan por 43 normalistas mexicanos\",\"datePublished\":\"2015-09-27T20:05:31+00:00\",\"dateModified\":\"2015-09-27T20:06:22+00:00\",\"mainEntityOfPage\":{\"@id\":\"https:\/\/www.pressenza.com\/es\/2015\/09\/decenas-de-miles-de-personas-marchan-por-43-normalistas-mexicanos\/\"},\"wordCount\":303,\"publisher\":{\"@id\":\"https:\/\/www.pressenza.com\/es\/#organization\"},\"keywords\":[\"43 Ayotzinapa\",\"Derechos humanos\",\"desapiriciones\",\"manifestaci\u00f3n\",\"M\u00e9xico\",\"normalistas\",\"protestas sociales\",\"Violencia\"],\"articleSection\":[\"Am\u00e9rica Central\",\"Derechos Humanos\",\"Norteam\u00e9rica\"],\"inLanguage\":\"es\"},{\"@type\":\"WebPage\",\"@id\":\"https:\/\/www.pressenza.com\/es\/2015\/09\/decenas-de-miles-de-personas-marchan-por-43-normalistas-mexicanos\/\",\"url\":\"https:\/\/www.pressenza.com\/es\/2015\/09\/decenas-de-miles-de-personas-marchan-por-43-normalistas-mexicanos\/\",\"name\":\"Decenas de miles de personas marchan por 43 normalistas mexicanos\",\"isPartOf\":{\"@id\":\"https:\/\/www.pressenza.com\/es\/#website\"},\"datePublished\":\"2015-09-27T20:05:31+00:00\",\"dateModified\":\"2015-09-27T20:06:22+00:00\",\"description\":\"Este 26 de septiembre se cumpli\u00f3 un a\u00f1o de la desaparici\u00f3n de los 43 normalistas de Ayotzinapa. Acompa\u00f1ados de decenas de miles de personas los padres de\",\"breadcrumb\":{\"@id\":\"https:\/\/www.pressenza.com\/es\/2015\/09\/decenas-de-miles-de-personas-marchan-por-43-normalistas-mexicanos\/#breadcrumb\"},\"inLanguage\":\"es\",\"potentialAction\":[{\"@type\":\"ReadAction\",\"target\":[\"https:\/\/www.pressenza.com\/es\/2015\/09\/decenas-de-miles-de-personas-marchan-por-43-normalistas-mexicanos\/\"]}]},{\"@type\":\"BreadcrumbList\",\"@id\":\"https:\/\/www.pressenza.com\/es\/2015\/09\/decenas-de-miles-de-personas-marchan-por-43-normalistas-mexicanos\/#breadcrumb\",\"itemListElement\":[{\"@type\":\"ListItem\",\"position\":1,\"name\":\"Accueil\",\"item\":\"https:\/\/www.pressenza.com\/es\/\"},{\"@type\":\"ListItem\",\"position\":2,\"name\":\"Decenas de miles de personas marchan por 43 normalistas mexicanos\"}]},{\"@type\":\"WebSite\",\"@id\":\"https:\/\/www.pressenza.com\/es\/#website\",\"url\":\"https:\/\/www.pressenza.com\/es\/\",\"name\":\"Pressenza\",\"description\":\"International Press Agency\",\"publisher\":{\"@id\":\"https:\/\/www.pressenza.com\/es\/#organization\"},\"potentialAction\":[{\"@type\":\"SearchAction\",\"target\":{\"@type\":\"EntryPoint\",\"urlTemplate\":\"https:\/\/www.pressenza.com\/es\/?s={search_term_string}\"},\"query-input\":{\"@type\":\"PropertyValueSpecification\",\"valueRequired\":true,\"valueName\":\"search_term_string\"}}],\"inLanguage\":\"es\"},{\"@type\":\"Organization\",\"@id\":\"https:\/\/www.pressenza.com\/es\/#organization\",\"name\":\"Pressenza\",\"url\":\"https:\/\/www.pressenza.com\/es\/\",\"logo\":{\"@type\":\"ImageObject\",\"inLanguage\":\"es\",\"@id\":\"https:\/\/www.pressenza.com\/es\/#\/schema\/logo\/image\/\",\"url\":\"https:\/\/www.pressenza.com\/wp-content\/uploads\/2022\/10\/pressenza_logo_200x200.jpg\",\"contentUrl\":\"https:\/\/www.pressenza.com\/wp-content\/uploads\/2022\/10\/pressenza_logo_200x200.jpg\",\"width\":200,\"height\":200,\"caption\":\"Pressenza\"},\"image\":{\"@id\":\"https:\/\/www.pressenza.com\/es\/#\/schema\/logo\/image\/\"},\"sameAs\":[\"https:\/\/www.facebook.com\/PressenzaItalia\",\"https:\/\/x.com\/PressenzaIPA\"]},{\"@type\":\"Person\",\"@id\":\"https:\/\/www.pressenza.com\/es\/#\/schema\/person\/2e5ffdf0e238fbba512bcf5c97959187\",\"name\":\"HispanTV\",\"description\":\"Trabajar bajo el f\u00e9rreo compromiso como medio de comunicaci\u00f3n para fomentar el acercamiento entre los pueblos de Ir\u00e1n, el Hispanoamericano y los de Medio Oriente, considerando adem\u00e1s la necesidad de crear una mayor cercan\u00eda entre todos los pueblos de Am\u00e9rica Latina. http:\/\/www.hispantv.com\/\",\"sameAs\":[\"http:\/\/www.hispantv.ir\",\"https:\/\/www.facebook.com\/Hispantv\",\"https:\/\/x.com\/Hispantv\"],\"url\":\"https:\/\/www.pressenza.com\/es\/author\/hispantv\/\"}]}<\/script>\n<!-- \/ Yoast SEO plugin. -->","yoast_head_json":{"title":"Decenas de miles de personas marchan por 43 normalistas mexicanos","description":"Este 26 de septiembre se cumpli\u00f3 un a\u00f1o de la desaparici\u00f3n de los 43 normalistas de Ayotzinapa. Acompa\u00f1ados de decenas de miles de personas los padres de","robots":{"index":"index","follow":"follow","max-snippet":"max-snippet:-1","max-image-preview":"max-image-preview:large","max-video-preview":"max-video-preview:-1"},"canonical":"https:\/\/www.pressenza.com\/es\/2015\/09\/decenas-de-miles-de-personas-marchan-por-43-normalistas-mexicanos\/","og_locale":"es_ES","og_type":"article","og_title":"Decenas de miles de personas marchan por 43 normalistas mexicanos","og_description":"Este 26 de septiembre se cumpli\u00f3 un a\u00f1o de la desaparici\u00f3n de los 43 normalistas de Ayotzinapa. Acompa\u00f1ados de decenas de miles de personas los padres de","og_url":"https:\/\/www.pressenza.com\/es\/2015\/09\/decenas-de-miles-de-personas-marchan-por-43-normalistas-mexicanos\/","og_site_name":"Pressenza","article_publisher":"https:\/\/www.facebook.com\/PressenzaItalia","article_author":"https:\/\/www.facebook.com\/Hispantv","article_published_time":"2015-09-27T20:05:31+00:00","article_modified_time":"2015-09-27T20:06:22+00:00","author":"HispanTV","twitter_card":"summary_large_image","twitter_creator":"@Hispantv","twitter_site":"@PressenzaIPA","twitter_misc":{"Escrito por":"HispanTV","Tiempo de lectura":"1 minuto"},"schema":{"@context":"https:\/\/schema.org","@graph":[{"@type":"Article","@id":"https:\/\/www.pressenza.com\/es\/2015\/09\/decenas-de-miles-de-personas-marchan-por-43-normalistas-mexicanos\/#article","isPartOf":{"@id":"https:\/\/www.pressenza.com\/es\/2015\/09\/decenas-de-miles-de-personas-marchan-por-43-normalistas-mexicanos\/"},"author":{"name":"HispanTV","@id":"https:\/\/www.pressenza.com\/es\/#\/schema\/person\/2e5ffdf0e238fbba512bcf5c97959187"},"headline":"Decenas de miles de personas marchan por 43 normalistas mexicanos","datePublished":"2015-09-27T20:05:31+00:00","dateModified":"2015-09-27T20:06:22+00:00","mainEntityOfPage":{"@id":"https:\/\/www.pressenza.com\/es\/2015\/09\/decenas-de-miles-de-personas-marchan-por-43-normalistas-mexicanos\/"},"wordCount":303,"publisher":{"@id":"https:\/\/www.pressenza.com\/es\/#organization"},"keywords":["43 Ayotzinapa","Derechos humanos","desapiriciones","manifestaci\u00f3n","M\u00e9xico","normalistas","protestas sociales","Violencia"],"articleSection":["Am\u00e9rica Central","Derechos Humanos","Norteam\u00e9rica"],"inLanguage":"es"},{"@type":"WebPage","@id":"https:\/\/www.pressenza.com\/es\/2015\/09\/decenas-de-miles-de-personas-marchan-por-43-normalistas-mexicanos\/","url":"https:\/\/www.pressenza.com\/es\/2015\/09\/decenas-de-miles-de-personas-marchan-por-43-normalistas-mexicanos\/","name":"Decenas de miles de personas marchan por 43 normalistas mexicanos","isPartOf":{"@id":"https:\/\/www.pressenza.com\/es\/#website"},"datePublished":"2015-09-27T20:05:31+00:00","dateModified":"2015-09-27T20:06:22+00:00","description":"Este 26 de septiembre se cumpli\u00f3 un a\u00f1o de la desaparici\u00f3n de los 43 normalistas de Ayotzinapa. Acompa\u00f1ados de decenas de miles de personas los padres de","breadcrumb":{"@id":"https:\/\/www.pressenza.com\/es\/2015\/09\/decenas-de-miles-de-personas-marchan-por-43-normalistas-mexicanos\/#breadcrumb"},"inLanguage":"es","potentialAction":[{"@type":"ReadAction","target":["https:\/\/www.pressenza.com\/es\/2015\/09\/decenas-de-miles-de-personas-marchan-por-43-normalistas-mexicanos\/"]}]},{"@type":"BreadcrumbList","@id":"https:\/\/www.pressenza.com\/es\/2015\/09\/decenas-de-miles-de-personas-marchan-por-43-normalistas-mexicanos\/#breadcrumb","itemListElement":[{"@type":"ListItem","position":1,"name":"Accueil","item":"https:\/\/www.pressenza.com\/es\/"},{"@type":"ListItem","position":2,"name":"Decenas de miles de personas marchan por 43 normalistas mexicanos"}]},{"@type":"WebSite","@id":"https:\/\/www.pressenza.com\/es\/#website","url":"https:\/\/www.pressenza.com\/es\/","name":"Pressenza","description":"International Press Agency","publisher":{"@id":"https:\/\/www.pressenza.com\/es\/#organization"},"potentialAction":[{"@type":"SearchAction","target":{"@type":"EntryPoint","urlTemplate":"https:\/\/www.pressenza.com\/es\/?s={search_term_string}"},"query-input":{"@type":"PropertyValueSpecification","valueRequired":true,"valueName":"search_term_string"}}],"inLanguage":"es"},{"@type":"Organization","@id":"https:\/\/www.pressenza.com\/es\/#organization","name":"Pressenza","url":"https:\/\/www.pressenza.com\/es\/","logo":{"@type":"ImageObject","inLanguage":"es","@id":"https:\/\/www.pressenza.com\/es\/#\/schema\/logo\/image\/","url":"https:\/\/www.pressenza.com\/wp-content\/uploads\/2022\/10\/pressenza_logo_200x200.jpg","contentUrl":"https:\/\/www.pressenza.com\/wp-content\/uploads\/2022\/10\/pressenza_logo_200x200.jpg","width":200,"height":200,"caption":"Pressenza"},"image":{"@id":"https:\/\/www.pressenza.com\/es\/#\/schema\/logo\/image\/"},"sameAs":["https:\/\/www.facebook.com\/PressenzaItalia","https:\/\/x.com\/PressenzaIPA"]},{"@type":"Person","@id":"https:\/\/www.pressenza.com\/es\/#\/schema\/person\/2e5ffdf0e238fbba512bcf5c97959187","name":"HispanTV","description":"Trabajar bajo el f\u00e9rreo compromiso como medio de comunicaci\u00f3n para fomentar el acercamiento entre los pueblos de Ir\u00e1n, el Hispanoamericano y los de Medio Oriente, considerando adem\u00e1s la necesidad de crear una mayor cercan\u00eda entre todos los pueblos de Am\u00e9rica Latina. http:\/\/www.hispantv.com\/","sameAs":["http:\/\/www.hispantv.ir","https:\/\/www.facebook.com\/Hispantv","https:\/\/x.com\/Hispantv"],"url":"https:\/\/www.pressenza.com\/es\/author\/hispantv\/"}]}},"place":"Ciudad de M\u00e9xico","original_article_url":"http:\/\/hispantv.com\/newsdetail\/Mexico\/58718\/miles-personas-marchan-43-normalistas-mexicanos","_links":{"self":[{"href":"https:\/\/www.pressenza.com\/es\/wp-json\/wp\/v2\/posts\/226822","targetHints":{"allow":["GET"]}}],"collection":[{"href":"https:\/\/www.pressenza.com\/es\/wp-json\/wp\/v2\/posts"}],"about":[{"href":"https:\/\/www.pressenza.com\/es\/wp-json\/wp\/v2\/types\/post"}],"author":[{"embeddable":true,"href":"https:\/\/www.pressenza.com\/es\/wp-json\/wp\/v2\/users\/954"}],"replies":[{"embeddable":true,"href":"https:\/\/www.pressenza.com\/es\/wp-json\/wp\/v2\/comments?post=226822"}],"version-history":[{"count":0,"href":"https:\/\/www.pressenza.com\/es\/wp-json\/wp\/v2\/posts\/226822\/revisions"}],"wp:attachment":[{"href":"https:\/\/www.pressenza.com\/es\/wp-json\/wp\/v2\/media?parent=226822"}],"wp:term":[{"taxonomy":"category","embeddable":true,"href":"https:\/\/www.pressenza.com\/es\/wp-json\/wp\/v2\/categories?post=226822"},{"taxonomy":"post_tag","embeddable":true,"href":"https:\/\/www.pressenza.com\/es\/wp-json\/wp\/v2\/tags?post=226822"}],"curies":[{"name":"wp","href":"https:\/\/api.w.org\/{rel}","templated":true}]}}