{"id":226518,"date":"2015-09-26T13:16:26","date_gmt":"2015-09-26T12:16:26","guid":{"rendered":"http:\/\/www.pressenza.com\/es\/?p=226518"},"modified":"2015-09-26T13:16:26","modified_gmt":"2015-09-26T12:16:26","slug":"mano-dura-a-los-que-piden-agua","status":"publish","type":"post","link":"https:\/\/www.pressenza.com\/es\/2015\/09\/mano-dura-a-los-que-piden-agua\/","title":{"rendered":"Mano dura a los que piden agua"},"content":{"rendered":"<p>Un grupo de 36 integrantes de la comunidad qom de Campo Medina y Campo Nuevo, Pampa del Indio, Chaco, fue citado por la fiscal chaque\u00f1a Andrea Langelotti para notificarles imputaciones por una causa de 2014, cuando salieron a reclamar en la Ruta 3 por falta de agua. \u201cEs mucha casualidad que se difunda la noticia de la Mu y, justo, se diera esta citaci\u00f3n\u201d, asocia ante\u00a0lavaca\u00a0la abogada Alejandra G\u00f3mez, de la Red de Salud Popular Dr. Ram\u00f3n Carrillo, que patrocinar\u00e1 a la comunidad.<\/p>\n<p>La doctora G\u00f3mez relaciona la citaci\u00f3n con\u00a0<a href=\"http:\/\/www.lavaca.org\/mu\/mu-92-punto-qom\/\" target=\"_blank\">la publicaci\u00f3n de la investigaci\u00f3n de la\u00a0revista Mu sobre la comunidad qom de la zona de Pampa del Indio<\/a>, que logr\u00f3 un amparo al denunciar las fumigaciones con agrot\u00f3xicos, que los qom y los m\u00e9dicos relacionan con los casos de abortos espont\u00e1neos, beb\u00e9s malformados y adultos con enfermedades cada vez m\u00e1s graves en los lugares cercanos a campos intensivamente fumigados.<\/p>\n<p>La causa activada por la fiscal Langelotti naci\u00f3 a comienzos de 2014 cuando la falta absoluta de agua hizo salir a los qom a la ruta para reclamar ayuda. Adem\u00e1s de la falta de agua, la investigaci\u00f3n de MU revela que la facultad de Ciencias Exactas determin\u00f3 la toxicidad del agua en diversas tomas, inclu\u00eddas la del Centro de Salud.<\/p>\n<p>El reclamo de la comunidad fue brutalmente reprimido, y se detuvo a 8 personas en lo que la Red de Salud defini\u00f3 como \u201cuna caza de brujas\u201d en la que se buscaba encarcelar a los referentes qom.<\/p>\n<p>Napole\u00f3n Tom\u00e1s -47 a\u00f1os, 7 hijos- fue uno de los voceros durante el conflicto con la empresa Unitec (propiedad de Eduardo Eurneki\u00e1n) por las fumigaciones de transg\u00e9nicos que contaminaban el agua, el suelo y el aire de las comunidades. Fue adem\u00e1s uno de los perseguidos y detenidos por el corte de ruta. \u201cNos acusan por entorpecimiento de v\u00eda p\u00fablica, asociaci\u00f3n il\u00edcita y otras causas inventadas\u201d, dice Napole\u00f3n a lavaca. \u201cEst\u00e1bamos reclamando por el agua\u201d. El reclamo result\u00f3 tan razonable que el gobierno provincial cambi\u00f3 la traza del acueducto que iba a pasar por la ruta ignorando a las comunidades, para que un ramal llegue a diversos puntos de Campo Medina y Campo Nuevo con agua potable.<\/p>\n<p>Napole\u00f3n agrega: \u201cHace tres meses hab\u00eda salido una noticia que dec\u00eda que est\u00e1bamos sobrese\u00eddos, pero el tema es que esta citaci\u00f3n recoge denuncias anteriores\u201d. No est\u00e1 claro qu\u00e9 denuncias anteriores. El fiscal titular de General San Mart\u00edn, Jos\u00e9 Sorabella dijo a lavaca: \u201cNo tengo idea de esta citaci\u00f3n, estoy de licencia\u201d lo cual muestra, al menos, que no se trata de un caso digno de ser recordado.<\/p>\n<p>Napole\u00f3n se sorprendi\u00f3 con las notificaciones: \u201cEsto es b\u00e1rbaro. Nos sorprendi\u00f3 a todos. Yo no ten\u00eda citaci\u00f3n pero fui para estar conjuntamente con los compa\u00f1eros. Una vez m\u00e1s vamos a estar m\u00e1s unidos que nunca para ver cu\u00e1l ser\u00eda una salida y manifestarnos ante el gobierno de turno\u201d.<\/p>\n<p>La investigaci\u00f3n completa en la Mu 92:\u00a0<a href=\"http:\/\/www.lavaca.org\/mu\/mu-92-punto-qom\/\" target=\"_blank\">Punto Qom<\/a><\/p>\n","protected":false},"excerpt":{"rendered":"<p>Un grupo de 36 integrantes de la comunidad qom de Campo Medina y Campo Nuevo, Pampa del Indio, Chaco, fue citado por la fiscal chaque\u00f1a Andrea Langelotti para notificarles imputaciones por una causa de 2014, cuando salieron a reclamar en&hellip;<\/p>\n","protected":false},"author":389,"featured_media":226520,"comment_status":"closed","ping_status":"open","sticky":false,"template":"","format":"standard","meta":{"footnotes":""},"categories":[79,78,80,1239,67],"tags":[642,17291,20280,441,398,11815,22210,3058],"class_list":["post-226518","post","type-post","status-publish","format-standard","has-post-thumbnail","hentry","category-derechos-humanos","category-medio-ambiente-ecologia","category-pueblos-originarios","category-salud","category-sudamerica","tag-agua","tag-chaco","tag-comunidad-qom","tag-derechos-humanos","tag-justicia","tag-pueblos-indigenas","tag-pueblos-originarios","tag-qom"],"yoast_head":"<!-- This site is optimized with the Yoast SEO plugin v27.1.1 - https:\/\/yoast.com\/product\/yoast-seo-wordpress\/ -->\n<title>Mano dura a los que piden agua<\/title>\n<meta name=\"description\" content=\"Un grupo de 36 integrantes de la comunidad qom de Campo Medina y Campo Nuevo, Pampa del Indio, Chaco, fue citado por la fiscal chaque\u00f1a Andrea Langelotti\" \/>\n<meta name=\"robots\" content=\"index, follow, max-snippet:-1, max-image-preview:large, max-video-preview:-1\" \/>\n<link rel=\"canonical\" href=\"https:\/\/www.pressenza.com\/es\/2015\/09\/mano-dura-a-los-que-piden-agua\/\" \/>\n<meta property=\"og:locale\" content=\"es_ES\" \/>\n<meta property=\"og:type\" content=\"article\" \/>\n<meta property=\"og:title\" content=\"Mano dura a los que piden agua\" \/>\n<meta property=\"og:description\" content=\"Un grupo de 36 integrantes de la comunidad qom de Campo Medina y Campo Nuevo, Pampa del Indio, Chaco, fue citado por la fiscal chaque\u00f1a Andrea Langelotti\" \/>\n<meta property=\"og:url\" content=\"https:\/\/www.pressenza.com\/es\/2015\/09\/mano-dura-a-los-que-piden-agua\/\" \/>\n<meta property=\"og:site_name\" content=\"Pressenza\" \/>\n<meta property=\"article:publisher\" content=\"https:\/\/www.facebook.com\/PressenzaItalia\" \/>\n<meta property=\"article:author\" content=\"https:\/\/www.facebook.com\/ConvergenceOfCultures?fref=ts\" \/>\n<meta property=\"article:published_time\" content=\"2015-09-26T12:16:26+00:00\" \/>\n<meta property=\"og:image\" content=\"https:\/\/www.pressenza.com\/wp-content\/uploads\/2015\/09\/ni--os-qom-600x400.jpg\" \/>\n\t<meta property=\"og:image:width\" content=\"600\" \/>\n\t<meta property=\"og:image:height\" content=\"400\" \/>\n\t<meta property=\"og:image:type\" content=\"image\/jpeg\" \/>\n<meta name=\"author\" content=\"Convergencia de las Culturas\" \/>\n<meta name=\"twitter:card\" content=\"summary_large_image\" \/>\n<meta name=\"twitter:creator\" content=\"@PressenzaIPA\" \/>\n<meta name=\"twitter:site\" content=\"@PressenzaIPA\" \/>\n<meta name=\"twitter:label1\" content=\"Escrito por\" \/>\n\t<meta name=\"twitter:data1\" content=\"Convergencia de las Culturas\" \/>\n\t<meta name=\"twitter:label2\" content=\"Tiempo de lectura\" \/>\n\t<meta name=\"twitter:data2\" content=\"3 minutos\" \/>\n<script type=\"application\/ld+json\" class=\"yoast-schema-graph\">{\"@context\":\"https:\/\/schema.org\",\"@graph\":[{\"@type\":\"Article\",\"@id\":\"https:\/\/www.pressenza.com\/es\/2015\/09\/mano-dura-a-los-que-piden-agua\/#article\",\"isPartOf\":{\"@id\":\"https:\/\/www.pressenza.com\/es\/2015\/09\/mano-dura-a-los-que-piden-agua\/\"},\"author\":{\"name\":\"Convergencia de las Culturas\",\"@id\":\"https:\/\/www.pressenza.com\/es\/#\/schema\/person\/38598fb70b9162100457e7983ae8b548\"},\"headline\":\"Mano dura a los que piden agua\",\"datePublished\":\"2015-09-26T12:16:26+00:00\",\"mainEntityOfPage\":{\"@id\":\"https:\/\/www.pressenza.com\/es\/2015\/09\/mano-dura-a-los-que-piden-agua\/\"},\"wordCount\":536,\"publisher\":{\"@id\":\"https:\/\/www.pressenza.com\/es\/#organization\"},\"image\":{\"@id\":\"https:\/\/www.pressenza.com\/es\/2015\/09\/mano-dura-a-los-que-piden-agua\/#primaryimage\"},\"thumbnailUrl\":\"https:\/\/www.pressenza.com\/wp-content\/uploads\/2015\/09\/ni--os-qom-600x400.jpg\",\"keywords\":[\"Agua\",\"Chaco\",\"comunidad qom\",\"Derechos humanos\",\"justicia\",\"Pueblos indigenas\",\"Pueblos Originarios\",\"Qom\"],\"articleSection\":[\"Derechos Humanos\",\"Ecolog\u00eda y Medio Ambiente\",\"Pueblos Originarios\",\"Salud\",\"Sudam\u00e9rica\"],\"inLanguage\":\"es\"},{\"@type\":\"WebPage\",\"@id\":\"https:\/\/www.pressenza.com\/es\/2015\/09\/mano-dura-a-los-que-piden-agua\/\",\"url\":\"https:\/\/www.pressenza.com\/es\/2015\/09\/mano-dura-a-los-que-piden-agua\/\",\"name\":\"Mano dura a los que piden agua\",\"isPartOf\":{\"@id\":\"https:\/\/www.pressenza.com\/es\/#website\"},\"primaryImageOfPage\":{\"@id\":\"https:\/\/www.pressenza.com\/es\/2015\/09\/mano-dura-a-los-que-piden-agua\/#primaryimage\"},\"image\":{\"@id\":\"https:\/\/www.pressenza.com\/es\/2015\/09\/mano-dura-a-los-que-piden-agua\/#primaryimage\"},\"thumbnailUrl\":\"https:\/\/www.pressenza.com\/wp-content\/uploads\/2015\/09\/ni--os-qom-600x400.jpg\",\"datePublished\":\"2015-09-26T12:16:26+00:00\",\"description\":\"Un grupo de 36 integrantes de la comunidad qom de Campo Medina y Campo Nuevo, Pampa del Indio, Chaco, fue citado por la fiscal chaque\u00f1a Andrea Langelotti\",\"breadcrumb\":{\"@id\":\"https:\/\/www.pressenza.com\/es\/2015\/09\/mano-dura-a-los-que-piden-agua\/#breadcrumb\"},\"inLanguage\":\"es\",\"potentialAction\":[{\"@type\":\"ReadAction\",\"target\":[\"https:\/\/www.pressenza.com\/es\/2015\/09\/mano-dura-a-los-que-piden-agua\/\"]}]},{\"@type\":\"ImageObject\",\"inLanguage\":\"es\",\"@id\":\"https:\/\/www.pressenza.com\/es\/2015\/09\/mano-dura-a-los-que-piden-agua\/#primaryimage\",\"url\":\"https:\/\/www.pressenza.com\/wp-content\/uploads\/2015\/09\/ni--os-qom-600x400.jpg\",\"contentUrl\":\"https:\/\/www.pressenza.com\/wp-content\/uploads\/2015\/09\/ni--os-qom-600x400.jpg\",\"width\":600,\"height\":400},{\"@type\":\"BreadcrumbList\",\"@id\":\"https:\/\/www.pressenza.com\/es\/2015\/09\/mano-dura-a-los-que-piden-agua\/#breadcrumb\",\"itemListElement\":[{\"@type\":\"ListItem\",\"position\":1,\"name\":\"Accueil\",\"item\":\"https:\/\/www.pressenza.com\/es\/\"},{\"@type\":\"ListItem\",\"position\":2,\"name\":\"Mano dura a los que piden agua\"}]},{\"@type\":\"WebSite\",\"@id\":\"https:\/\/www.pressenza.com\/es\/#website\",\"url\":\"https:\/\/www.pressenza.com\/es\/\",\"name\":\"Pressenza\",\"description\":\"International Press Agency\",\"publisher\":{\"@id\":\"https:\/\/www.pressenza.com\/es\/#organization\"},\"potentialAction\":[{\"@type\":\"SearchAction\",\"target\":{\"@type\":\"EntryPoint\",\"urlTemplate\":\"https:\/\/www.pressenza.com\/es\/?s={search_term_string}\"},\"query-input\":{\"@type\":\"PropertyValueSpecification\",\"valueRequired\":true,\"valueName\":\"search_term_string\"}}],\"inLanguage\":\"es\"},{\"@type\":\"Organization\",\"@id\":\"https:\/\/www.pressenza.com\/es\/#organization\",\"name\":\"Pressenza\",\"url\":\"https:\/\/www.pressenza.com\/es\/\",\"logo\":{\"@type\":\"ImageObject\",\"inLanguage\":\"es\",\"@id\":\"https:\/\/www.pressenza.com\/es\/#\/schema\/logo\/image\/\",\"url\":\"https:\/\/www.pressenza.com\/wp-content\/uploads\/2022\/10\/pressenza_logo_200x200.jpg\",\"contentUrl\":\"https:\/\/www.pressenza.com\/wp-content\/uploads\/2022\/10\/pressenza_logo_200x200.jpg\",\"width\":200,\"height\":200,\"caption\":\"Pressenza\"},\"image\":{\"@id\":\"https:\/\/www.pressenza.com\/es\/#\/schema\/logo\/image\/\"},\"sameAs\":[\"https:\/\/www.facebook.com\/PressenzaItalia\",\"https:\/\/x.com\/PressenzaIPA\"]},{\"@type\":\"Person\",\"@id\":\"https:\/\/www.pressenza.com\/es\/#\/schema\/person\/38598fb70b9162100457e7983ae8b548\",\"name\":\"Convergencia de las Culturas\",\"description\":\"Convergence of Cultures is an organism that is part of the Humanist Movement. Its mission is: 1. To facilitate and stimulate dialogue between cultures. 2. To fight discrimination and violence. 3. To take its proposal to all latitudes. www.convergenceofcultures.org\",\"sameAs\":[\"https:\/\/www.facebook.com\/ConvergenceOfCultures?fref=ts\"],\"url\":\"https:\/\/www.pressenza.com\/es\/author\/convergencia-de-las-culturas\/\"}]}<\/script>\n<!-- \/ Yoast SEO plugin. -->","yoast_head_json":{"title":"Mano dura a los que piden agua","description":"Un grupo de 36 integrantes de la comunidad qom de Campo Medina y Campo Nuevo, Pampa del Indio, Chaco, fue citado por la fiscal chaque\u00f1a Andrea Langelotti","robots":{"index":"index","follow":"follow","max-snippet":"max-snippet:-1","max-image-preview":"max-image-preview:large","max-video-preview":"max-video-preview:-1"},"canonical":"https:\/\/www.pressenza.com\/es\/2015\/09\/mano-dura-a-los-que-piden-agua\/","og_locale":"es_ES","og_type":"article","og_title":"Mano dura a los que piden agua","og_description":"Un grupo de 36 integrantes de la comunidad qom de Campo Medina y Campo Nuevo, Pampa del Indio, Chaco, fue citado por la fiscal chaque\u00f1a Andrea Langelotti","og_url":"https:\/\/www.pressenza.com\/es\/2015\/09\/mano-dura-a-los-que-piden-agua\/","og_site_name":"Pressenza","article_publisher":"https:\/\/www.facebook.com\/PressenzaItalia","article_author":"https:\/\/www.facebook.com\/ConvergenceOfCultures?fref=ts","article_published_time":"2015-09-26T12:16:26+00:00","og_image":[{"width":600,"height":400,"url":"https:\/\/www.pressenza.com\/wp-content\/uploads\/2015\/09\/ni--os-qom-600x400.jpg","type":"image\/jpeg"}],"author":"Convergencia de las Culturas","twitter_card":"summary_large_image","twitter_creator":"@PressenzaIPA","twitter_site":"@PressenzaIPA","twitter_misc":{"Escrito por":"Convergencia de las Culturas","Tiempo de lectura":"3 minutos"},"schema":{"@context":"https:\/\/schema.org","@graph":[{"@type":"Article","@id":"https:\/\/www.pressenza.com\/es\/2015\/09\/mano-dura-a-los-que-piden-agua\/#article","isPartOf":{"@id":"https:\/\/www.pressenza.com\/es\/2015\/09\/mano-dura-a-los-que-piden-agua\/"},"author":{"name":"Convergencia de las Culturas","@id":"https:\/\/www.pressenza.com\/es\/#\/schema\/person\/38598fb70b9162100457e7983ae8b548"},"headline":"Mano dura a los que piden agua","datePublished":"2015-09-26T12:16:26+00:00","mainEntityOfPage":{"@id":"https:\/\/www.pressenza.com\/es\/2015\/09\/mano-dura-a-los-que-piden-agua\/"},"wordCount":536,"publisher":{"@id":"https:\/\/www.pressenza.com\/es\/#organization"},"image":{"@id":"https:\/\/www.pressenza.com\/es\/2015\/09\/mano-dura-a-los-que-piden-agua\/#primaryimage"},"thumbnailUrl":"https:\/\/www.pressenza.com\/wp-content\/uploads\/2015\/09\/ni--os-qom-600x400.jpg","keywords":["Agua","Chaco","comunidad qom","Derechos humanos","justicia","Pueblos indigenas","Pueblos Originarios","Qom"],"articleSection":["Derechos Humanos","Ecolog\u00eda y Medio Ambiente","Pueblos Originarios","Salud","Sudam\u00e9rica"],"inLanguage":"es"},{"@type":"WebPage","@id":"https:\/\/www.pressenza.com\/es\/2015\/09\/mano-dura-a-los-que-piden-agua\/","url":"https:\/\/www.pressenza.com\/es\/2015\/09\/mano-dura-a-los-que-piden-agua\/","name":"Mano dura a los que piden agua","isPartOf":{"@id":"https:\/\/www.pressenza.com\/es\/#website"},"primaryImageOfPage":{"@id":"https:\/\/www.pressenza.com\/es\/2015\/09\/mano-dura-a-los-que-piden-agua\/#primaryimage"},"image":{"@id":"https:\/\/www.pressenza.com\/es\/2015\/09\/mano-dura-a-los-que-piden-agua\/#primaryimage"},"thumbnailUrl":"https:\/\/www.pressenza.com\/wp-content\/uploads\/2015\/09\/ni--os-qom-600x400.jpg","datePublished":"2015-09-26T12:16:26+00:00","description":"Un grupo de 36 integrantes de la comunidad qom de Campo Medina y Campo Nuevo, Pampa del Indio, Chaco, fue citado por la fiscal chaque\u00f1a Andrea Langelotti","breadcrumb":{"@id":"https:\/\/www.pressenza.com\/es\/2015\/09\/mano-dura-a-los-que-piden-agua\/#breadcrumb"},"inLanguage":"es","potentialAction":[{"@type":"ReadAction","target":["https:\/\/www.pressenza.com\/es\/2015\/09\/mano-dura-a-los-que-piden-agua\/"]}]},{"@type":"ImageObject","inLanguage":"es","@id":"https:\/\/www.pressenza.com\/es\/2015\/09\/mano-dura-a-los-que-piden-agua\/#primaryimage","url":"https:\/\/www.pressenza.com\/wp-content\/uploads\/2015\/09\/ni--os-qom-600x400.jpg","contentUrl":"https:\/\/www.pressenza.com\/wp-content\/uploads\/2015\/09\/ni--os-qom-600x400.jpg","width":600,"height":400},{"@type":"BreadcrumbList","@id":"https:\/\/www.pressenza.com\/es\/2015\/09\/mano-dura-a-los-que-piden-agua\/#breadcrumb","itemListElement":[{"@type":"ListItem","position":1,"name":"Accueil","item":"https:\/\/www.pressenza.com\/es\/"},{"@type":"ListItem","position":2,"name":"Mano dura a los que piden agua"}]},{"@type":"WebSite","@id":"https:\/\/www.pressenza.com\/es\/#website","url":"https:\/\/www.pressenza.com\/es\/","name":"Pressenza","description":"International Press Agency","publisher":{"@id":"https:\/\/www.pressenza.com\/es\/#organization"},"potentialAction":[{"@type":"SearchAction","target":{"@type":"EntryPoint","urlTemplate":"https:\/\/www.pressenza.com\/es\/?s={search_term_string}"},"query-input":{"@type":"PropertyValueSpecification","valueRequired":true,"valueName":"search_term_string"}}],"inLanguage":"es"},{"@type":"Organization","@id":"https:\/\/www.pressenza.com\/es\/#organization","name":"Pressenza","url":"https:\/\/www.pressenza.com\/es\/","logo":{"@type":"ImageObject","inLanguage":"es","@id":"https:\/\/www.pressenza.com\/es\/#\/schema\/logo\/image\/","url":"https:\/\/www.pressenza.com\/wp-content\/uploads\/2022\/10\/pressenza_logo_200x200.jpg","contentUrl":"https:\/\/www.pressenza.com\/wp-content\/uploads\/2022\/10\/pressenza_logo_200x200.jpg","width":200,"height":200,"caption":"Pressenza"},"image":{"@id":"https:\/\/www.pressenza.com\/es\/#\/schema\/logo\/image\/"},"sameAs":["https:\/\/www.facebook.com\/PressenzaItalia","https:\/\/x.com\/PressenzaIPA"]},{"@type":"Person","@id":"https:\/\/www.pressenza.com\/es\/#\/schema\/person\/38598fb70b9162100457e7983ae8b548","name":"Convergencia de las Culturas","description":"Convergence of Cultures is an organism that is part of the Humanist Movement. Its mission is: 1. To facilitate and stimulate dialogue between cultures. 2. To fight discrimination and violence. 3. To take its proposal to all latitudes. www.convergenceofcultures.org","sameAs":["https:\/\/www.facebook.com\/ConvergenceOfCultures?fref=ts"],"url":"https:\/\/www.pressenza.com\/es\/author\/convergencia-de-las-culturas\/"}]}},"place":"Chaco, Argentina","original_article_url":"http:\/\/www.lavaca.org\/notas\/mano-dura-a-los-que-piden-agua\/","_links":{"self":[{"href":"https:\/\/www.pressenza.com\/es\/wp-json\/wp\/v2\/posts\/226518","targetHints":{"allow":["GET"]}}],"collection":[{"href":"https:\/\/www.pressenza.com\/es\/wp-json\/wp\/v2\/posts"}],"about":[{"href":"https:\/\/www.pressenza.com\/es\/wp-json\/wp\/v2\/types\/post"}],"author":[{"embeddable":true,"href":"https:\/\/www.pressenza.com\/es\/wp-json\/wp\/v2\/users\/389"}],"replies":[{"embeddable":true,"href":"https:\/\/www.pressenza.com\/es\/wp-json\/wp\/v2\/comments?post=226518"}],"version-history":[{"count":0,"href":"https:\/\/www.pressenza.com\/es\/wp-json\/wp\/v2\/posts\/226518\/revisions"}],"wp:featuredmedia":[{"embeddable":true,"href":"https:\/\/www.pressenza.com\/es\/wp-json\/wp\/v2\/media\/226520"}],"wp:attachment":[{"href":"https:\/\/www.pressenza.com\/es\/wp-json\/wp\/v2\/media?parent=226518"}],"wp:term":[{"taxonomy":"category","embeddable":true,"href":"https:\/\/www.pressenza.com\/es\/wp-json\/wp\/v2\/categories?post=226518"},{"taxonomy":"post_tag","embeddable":true,"href":"https:\/\/www.pressenza.com\/es\/wp-json\/wp\/v2\/tags?post=226518"}],"curies":[{"name":"wp","href":"https:\/\/api.w.org\/{rel}","templated":true}]}}