{"id":2262,"date":"2009-11-16T00:00:00","date_gmt":"2009-11-16T00:00:00","guid":{"rendered":""},"modified":"2009-11-16T18:15:49","modified_gmt":"2009-11-16T18:15:49","slug":"la-bandera-de-la-paz-mas-grande-del-mundo","status":"publish","type":"post","link":"https:\/\/www.pressenza.com\/es\/2009\/11\/la-bandera-de-la-paz-mas-grande-del-mundo\/","title":{"rendered":"La bandera de la paz m\u00e1s grande del mundo"},"content":{"rendered":"<p>500 chicos del movimientos GPace -J\u00f3venes por la Paz- realizaron la bandera de la paz m\u00e1s grande del mundo (21 metros de largo por m\u00e1s de 40 metros de ancho) que revistieron completamente la Plaza Duomo de Lecce.<br \/>\nVestidos con remeras que ellos mismos decoraron con im\u00e1genes y slogans sobre los temas de la paz, los chicos de GPace invitaron a todas las personas que se acercaron a ver la gigantesca bandera, a completar el trabajo dejando una se\u00f1al sobre la bandera misma. As\u00ed cientos de ni\u00f1os, j\u00f3venes y adultos firmaron, dibujaron y escribieron sobre ese tejido de colores que representa la gran esperanza de paz que los j\u00f3venes salentinos quieren dar al mundo.<\/p>\n<p>La iniciativa forma parte de la campa\u00f1a \u00abMore Fun No More War\u00bb (Mas Diversi\u00f3n No M\u00e1s Guerra) que denuncia la terrible situaci\u00f3n de los ni\u00f1os soldados. \u201cLo hicimos para hacer llegar un mensaje claro a los pa\u00edses en conflicto, en \u00c1frica y en otros continentes, donde todavia hay abuso de ni\u00f1os y adolescentes como soldados kamikaze.\u201d<\/p>\n<p>[Galer\u00eda de fotos](http:\/\/picasaweb.google.es\/imagenpressenzaspain\/14NovembreLecceGianfrancoRotondo# \u00abPhoto Gallery\u00bb) <\/p>\n<p>Para m\u00e1s informaci\u00f3n: [www.gpace.net](http:\/\/www.gpace.net\/ \u00abwww.gpace.net\u00bb)<\/p>\n<p>*Traducido por Paula Aiello*<\/p>\n","protected":false},"excerpt":{"rendered":"<p>Casi 100 metros cuadrados de tejido cocido por los chicos de GPace tiene la bandera de la paz m\u00e1s grande del mundo. Una alfombra multicolor que se extendi\u00f3 en Lecce el s\u00e1bado 14 de noviembre en la hermosa Plaza Duomo. El evento forma parte de la campa\u00f1a \u201cM\u00e1s Diversi\u00f3n No M\u00e1s Guerra\u201d que denuncia la terrible situaci\u00f3n de los ni\u00f1os soldados.<\/p>\n","protected":false},"author":19,"featured_media":0,"comment_status":"closed","ping_status":"open","sticky":false,"template":"","format":"standard","meta":{"footnotes":""},"categories":[149,75,66,39],"tags":[],"class_list":["post-2262","post","type-post","status-publish","format-standard","hentry","category-comunicados-de-prensa","category-cultura-es","category-europa-es","category-internacional"],"yoast_head":"<!-- This site is optimized with the Yoast SEO plugin v27.1.1 - https:\/\/yoast.com\/product\/yoast-seo-wordpress\/ -->\n<title>La bandera de la paz m\u00e1s grande del mundo<\/title>\n<meta name=\"description\" content=\"Casi 100 metros cuadrados de tejido cocido por los chicos de GPace tiene la bandera de la paz m\u00e1s grande del mundo. Una alfombra multicolor que se extendi\u00f3 en Lecce el s\u00e1bado 14 de noviembre en la hermosa Plaza Duomo. El evento forma parte de la campa\u00f1a \u201cM\u00e1s Diversi\u00f3n No M\u00e1s Guerra\u201d que denuncia la terrible situaci\u00f3n de los ni\u00f1os soldados.\" \/>\n<meta name=\"robots\" content=\"index, follow, max-snippet:-1, max-image-preview:large, max-video-preview:-1\" \/>\n<link rel=\"canonical\" href=\"https:\/\/www.pressenza.com\/es\/2009\/11\/la-bandera-de-la-paz-mas-grande-del-mundo\/\" \/>\n<meta property=\"og:locale\" content=\"es_ES\" \/>\n<meta property=\"og:type\" content=\"article\" \/>\n<meta property=\"og:title\" content=\"La bandera de la paz m\u00e1s grande del mundo\" \/>\n<meta property=\"og:description\" content=\"Casi 100 metros cuadrados de tejido cocido por los chicos de GPace tiene la bandera de la paz m\u00e1s grande del mundo. Una alfombra multicolor que se extendi\u00f3 en Lecce el s\u00e1bado 14 de noviembre en la hermosa Plaza Duomo. El evento forma parte de la campa\u00f1a \u201cM\u00e1s Diversi\u00f3n No M\u00e1s Guerra\u201d que denuncia la terrible situaci\u00f3n de los ni\u00f1os soldados.\" \/>\n<meta property=\"og:url\" content=\"https:\/\/www.pressenza.com\/es\/2009\/11\/la-bandera-de-la-paz-mas-grande-del-mundo\/\" \/>\n<meta property=\"og:site_name\" content=\"Pressenza\" \/>\n<meta property=\"article:publisher\" content=\"https:\/\/www.facebook.com\/PressenzaItalia\" \/>\n<meta property=\"article:author\" content=\"https:\/\/www.facebook.com\/pressenza\" \/>\n<meta property=\"article:published_time\" content=\"2009-11-16T00:00:00+00:00\" \/>\n<meta property=\"article:modified_time\" content=\"2009-11-16T18:15:49+00:00\" \/>\n<meta name=\"author\" content=\"Pressenza IPA\" \/>\n<meta name=\"twitter:card\" content=\"summary_large_image\" \/>\n<meta name=\"twitter:creator\" content=\"@PressenzaIPA\" \/>\n<meta name=\"twitter:site\" content=\"@PressenzaIPA\" \/>\n<meta name=\"twitter:label1\" content=\"Escrito por\" \/>\n\t<meta name=\"twitter:data1\" content=\"Pressenza IPA\" \/>\n\t<meta name=\"twitter:label2\" content=\"Tiempo de lectura\" \/>\n\t<meta name=\"twitter:data2\" content=\"1 minuto\" \/>\n<script type=\"application\/ld+json\" class=\"yoast-schema-graph\">{\"@context\":\"https:\/\/schema.org\",\"@graph\":[{\"@type\":\"Article\",\"@id\":\"https:\/\/www.pressenza.com\/es\/2009\/11\/la-bandera-de-la-paz-mas-grande-del-mundo\/#article\",\"isPartOf\":{\"@id\":\"https:\/\/www.pressenza.com\/es\/2009\/11\/la-bandera-de-la-paz-mas-grande-del-mundo\/\"},\"author\":{\"name\":\"Pressenza IPA\",\"@id\":\"https:\/\/www.pressenza.com\/es\/#\/schema\/person\/010e5d02bcf40965427a1289a4cc8d75\"},\"headline\":\"La bandera de la paz m\u00e1s grande del mundo\",\"datePublished\":\"2009-11-16T00:00:00+00:00\",\"dateModified\":\"2009-11-16T18:15:49+00:00\",\"mainEntityOfPage\":{\"@id\":\"https:\/\/www.pressenza.com\/es\/2009\/11\/la-bandera-de-la-paz-mas-grande-del-mundo\/\"},\"wordCount\":223,\"publisher\":{\"@id\":\"https:\/\/www.pressenza.com\/es\/#organization\"},\"articleSection\":[\"Comunicados de Prensa\",\"Cultura y Medios\",\"Europa\",\"Internacional\"],\"inLanguage\":\"es\"},{\"@type\":\"WebPage\",\"@id\":\"https:\/\/www.pressenza.com\/es\/2009\/11\/la-bandera-de-la-paz-mas-grande-del-mundo\/\",\"url\":\"https:\/\/www.pressenza.com\/es\/2009\/11\/la-bandera-de-la-paz-mas-grande-del-mundo\/\",\"name\":\"La bandera de la paz m\u00e1s grande del mundo\",\"isPartOf\":{\"@id\":\"https:\/\/www.pressenza.com\/es\/#website\"},\"datePublished\":\"2009-11-16T00:00:00+00:00\",\"dateModified\":\"2009-11-16T18:15:49+00:00\",\"description\":\"Casi 100 metros cuadrados de tejido cocido por los chicos de GPace tiene la bandera de la paz m\u00e1s grande del mundo. Una alfombra multicolor que se extendi\u00f3 en Lecce el s\u00e1bado 14 de noviembre en la hermosa Plaza Duomo. El evento forma parte de la campa\u00f1a \u201cM\u00e1s Diversi\u00f3n No M\u00e1s Guerra\u201d que denuncia la terrible situaci\u00f3n de los ni\u00f1os soldados.\",\"breadcrumb\":{\"@id\":\"https:\/\/www.pressenza.com\/es\/2009\/11\/la-bandera-de-la-paz-mas-grande-del-mundo\/#breadcrumb\"},\"inLanguage\":\"es\",\"potentialAction\":[{\"@type\":\"ReadAction\",\"target\":[\"https:\/\/www.pressenza.com\/es\/2009\/11\/la-bandera-de-la-paz-mas-grande-del-mundo\/\"]}]},{\"@type\":\"BreadcrumbList\",\"@id\":\"https:\/\/www.pressenza.com\/es\/2009\/11\/la-bandera-de-la-paz-mas-grande-del-mundo\/#breadcrumb\",\"itemListElement\":[{\"@type\":\"ListItem\",\"position\":1,\"name\":\"Accueil\",\"item\":\"https:\/\/www.pressenza.com\/es\/\"},{\"@type\":\"ListItem\",\"position\":2,\"name\":\"La bandera de la paz m\u00e1s grande del mundo\"}]},{\"@type\":\"WebSite\",\"@id\":\"https:\/\/www.pressenza.com\/es\/#website\",\"url\":\"https:\/\/www.pressenza.com\/es\/\",\"name\":\"Pressenza\",\"description\":\"International Press Agency\",\"publisher\":{\"@id\":\"https:\/\/www.pressenza.com\/es\/#organization\"},\"potentialAction\":[{\"@type\":\"SearchAction\",\"target\":{\"@type\":\"EntryPoint\",\"urlTemplate\":\"https:\/\/www.pressenza.com\/es\/?s={search_term_string}\"},\"query-input\":{\"@type\":\"PropertyValueSpecification\",\"valueRequired\":true,\"valueName\":\"search_term_string\"}}],\"inLanguage\":\"es\"},{\"@type\":\"Organization\",\"@id\":\"https:\/\/www.pressenza.com\/es\/#organization\",\"name\":\"Pressenza\",\"url\":\"https:\/\/www.pressenza.com\/es\/\",\"logo\":{\"@type\":\"ImageObject\",\"inLanguage\":\"es\",\"@id\":\"https:\/\/www.pressenza.com\/es\/#\/schema\/logo\/image\/\",\"url\":\"https:\/\/www.pressenza.com\/wp-content\/uploads\/2022\/10\/pressenza_logo_200x200.jpg\",\"contentUrl\":\"https:\/\/www.pressenza.com\/wp-content\/uploads\/2022\/10\/pressenza_logo_200x200.jpg\",\"width\":200,\"height\":200,\"caption\":\"Pressenza\"},\"image\":{\"@id\":\"https:\/\/www.pressenza.com\/es\/#\/schema\/logo\/image\/\"},\"sameAs\":[\"https:\/\/www.facebook.com\/PressenzaItalia\",\"https:\/\/x.com\/PressenzaIPA\"]},{\"@type\":\"Person\",\"@id\":\"https:\/\/www.pressenza.com\/es\/#\/schema\/person\/010e5d02bcf40965427a1289a4cc8d75\",\"name\":\"Pressenza IPA\",\"description\":\"News from Pressenza IPA correspondents\",\"sameAs\":[\"https:\/\/www.facebook.com\/pressenza\",\"https:\/\/x.com\/PressenzaIPA\"],\"url\":\"https:\/\/www.pressenza.com\/es\/author\/pressenza-ipa\/\"}]}<\/script>\n<!-- \/ Yoast SEO plugin. -->","yoast_head_json":{"title":"La bandera de la paz m\u00e1s grande del mundo","description":"Casi 100 metros cuadrados de tejido cocido por los chicos de GPace tiene la bandera de la paz m\u00e1s grande del mundo. Una alfombra multicolor que se extendi\u00f3 en Lecce el s\u00e1bado 14 de noviembre en la hermosa Plaza Duomo. El evento forma parte de la campa\u00f1a \u201cM\u00e1s Diversi\u00f3n No M\u00e1s Guerra\u201d que denuncia la terrible situaci\u00f3n de los ni\u00f1os soldados.","robots":{"index":"index","follow":"follow","max-snippet":"max-snippet:-1","max-image-preview":"max-image-preview:large","max-video-preview":"max-video-preview:-1"},"canonical":"https:\/\/www.pressenza.com\/es\/2009\/11\/la-bandera-de-la-paz-mas-grande-del-mundo\/","og_locale":"es_ES","og_type":"article","og_title":"La bandera de la paz m\u00e1s grande del mundo","og_description":"Casi 100 metros cuadrados de tejido cocido por los chicos de GPace tiene la bandera de la paz m\u00e1s grande del mundo. Una alfombra multicolor que se extendi\u00f3 en Lecce el s\u00e1bado 14 de noviembre en la hermosa Plaza Duomo. El evento forma parte de la campa\u00f1a \u201cM\u00e1s Diversi\u00f3n No M\u00e1s Guerra\u201d que denuncia la terrible situaci\u00f3n de los ni\u00f1os soldados.","og_url":"https:\/\/www.pressenza.com\/es\/2009\/11\/la-bandera-de-la-paz-mas-grande-del-mundo\/","og_site_name":"Pressenza","article_publisher":"https:\/\/www.facebook.com\/PressenzaItalia","article_author":"https:\/\/www.facebook.com\/pressenza","article_published_time":"2009-11-16T00:00:00+00:00","article_modified_time":"2009-11-16T18:15:49+00:00","author":"Pressenza IPA","twitter_card":"summary_large_image","twitter_creator":"@PressenzaIPA","twitter_site":"@PressenzaIPA","twitter_misc":{"Escrito por":"Pressenza IPA","Tiempo de lectura":"1 minuto"},"schema":{"@context":"https:\/\/schema.org","@graph":[{"@type":"Article","@id":"https:\/\/www.pressenza.com\/es\/2009\/11\/la-bandera-de-la-paz-mas-grande-del-mundo\/#article","isPartOf":{"@id":"https:\/\/www.pressenza.com\/es\/2009\/11\/la-bandera-de-la-paz-mas-grande-del-mundo\/"},"author":{"name":"Pressenza IPA","@id":"https:\/\/www.pressenza.com\/es\/#\/schema\/person\/010e5d02bcf40965427a1289a4cc8d75"},"headline":"La bandera de la paz m\u00e1s grande del mundo","datePublished":"2009-11-16T00:00:00+00:00","dateModified":"2009-11-16T18:15:49+00:00","mainEntityOfPage":{"@id":"https:\/\/www.pressenza.com\/es\/2009\/11\/la-bandera-de-la-paz-mas-grande-del-mundo\/"},"wordCount":223,"publisher":{"@id":"https:\/\/www.pressenza.com\/es\/#organization"},"articleSection":["Comunicados de Prensa","Cultura y Medios","Europa","Internacional"],"inLanguage":"es"},{"@type":"WebPage","@id":"https:\/\/www.pressenza.com\/es\/2009\/11\/la-bandera-de-la-paz-mas-grande-del-mundo\/","url":"https:\/\/www.pressenza.com\/es\/2009\/11\/la-bandera-de-la-paz-mas-grande-del-mundo\/","name":"La bandera de la paz m\u00e1s grande del mundo","isPartOf":{"@id":"https:\/\/www.pressenza.com\/es\/#website"},"datePublished":"2009-11-16T00:00:00+00:00","dateModified":"2009-11-16T18:15:49+00:00","description":"Casi 100 metros cuadrados de tejido cocido por los chicos de GPace tiene la bandera de la paz m\u00e1s grande del mundo. Una alfombra multicolor que se extendi\u00f3 en Lecce el s\u00e1bado 14 de noviembre en la hermosa Plaza Duomo. El evento forma parte de la campa\u00f1a \u201cM\u00e1s Diversi\u00f3n No M\u00e1s Guerra\u201d que denuncia la terrible situaci\u00f3n de los ni\u00f1os soldados.","breadcrumb":{"@id":"https:\/\/www.pressenza.com\/es\/2009\/11\/la-bandera-de-la-paz-mas-grande-del-mundo\/#breadcrumb"},"inLanguage":"es","potentialAction":[{"@type":"ReadAction","target":["https:\/\/www.pressenza.com\/es\/2009\/11\/la-bandera-de-la-paz-mas-grande-del-mundo\/"]}]},{"@type":"BreadcrumbList","@id":"https:\/\/www.pressenza.com\/es\/2009\/11\/la-bandera-de-la-paz-mas-grande-del-mundo\/#breadcrumb","itemListElement":[{"@type":"ListItem","position":1,"name":"Accueil","item":"https:\/\/www.pressenza.com\/es\/"},{"@type":"ListItem","position":2,"name":"La bandera de la paz m\u00e1s grande del mundo"}]},{"@type":"WebSite","@id":"https:\/\/www.pressenza.com\/es\/#website","url":"https:\/\/www.pressenza.com\/es\/","name":"Pressenza","description":"International Press Agency","publisher":{"@id":"https:\/\/www.pressenza.com\/es\/#organization"},"potentialAction":[{"@type":"SearchAction","target":{"@type":"EntryPoint","urlTemplate":"https:\/\/www.pressenza.com\/es\/?s={search_term_string}"},"query-input":{"@type":"PropertyValueSpecification","valueRequired":true,"valueName":"search_term_string"}}],"inLanguage":"es"},{"@type":"Organization","@id":"https:\/\/www.pressenza.com\/es\/#organization","name":"Pressenza","url":"https:\/\/www.pressenza.com\/es\/","logo":{"@type":"ImageObject","inLanguage":"es","@id":"https:\/\/www.pressenza.com\/es\/#\/schema\/logo\/image\/","url":"https:\/\/www.pressenza.com\/wp-content\/uploads\/2022\/10\/pressenza_logo_200x200.jpg","contentUrl":"https:\/\/www.pressenza.com\/wp-content\/uploads\/2022\/10\/pressenza_logo_200x200.jpg","width":200,"height":200,"caption":"Pressenza"},"image":{"@id":"https:\/\/www.pressenza.com\/es\/#\/schema\/logo\/image\/"},"sameAs":["https:\/\/www.facebook.com\/PressenzaItalia","https:\/\/x.com\/PressenzaIPA"]},{"@type":"Person","@id":"https:\/\/www.pressenza.com\/es\/#\/schema\/person\/010e5d02bcf40965427a1289a4cc8d75","name":"Pressenza IPA","description":"News from Pressenza IPA correspondents","sameAs":["https:\/\/www.facebook.com\/pressenza","https:\/\/x.com\/PressenzaIPA"],"url":"https:\/\/www.pressenza.com\/es\/author\/pressenza-ipa\/"}]}},"place":"Lecce","original_article_url":"","_links":{"self":[{"href":"https:\/\/www.pressenza.com\/es\/wp-json\/wp\/v2\/posts\/2262","targetHints":{"allow":["GET"]}}],"collection":[{"href":"https:\/\/www.pressenza.com\/es\/wp-json\/wp\/v2\/posts"}],"about":[{"href":"https:\/\/www.pressenza.com\/es\/wp-json\/wp\/v2\/types\/post"}],"author":[{"embeddable":true,"href":"https:\/\/www.pressenza.com\/es\/wp-json\/wp\/v2\/users\/19"}],"replies":[{"embeddable":true,"href":"https:\/\/www.pressenza.com\/es\/wp-json\/wp\/v2\/comments?post=2262"}],"version-history":[{"count":0,"href":"https:\/\/www.pressenza.com\/es\/wp-json\/wp\/v2\/posts\/2262\/revisions"}],"wp:attachment":[{"href":"https:\/\/www.pressenza.com\/es\/wp-json\/wp\/v2\/media?parent=2262"}],"wp:term":[{"taxonomy":"category","embeddable":true,"href":"https:\/\/www.pressenza.com\/es\/wp-json\/wp\/v2\/categories?post=2262"},{"taxonomy":"post_tag","embeddable":true,"href":"https:\/\/www.pressenza.com\/es\/wp-json\/wp\/v2\/tags?post=2262"}],"curies":[{"name":"wp","href":"https:\/\/api.w.org\/{rel}","templated":true}]}}