{"id":226153,"date":"2015-09-25T11:33:24","date_gmt":"2015-09-25T10:33:24","guid":{"rendered":"http:\/\/www.pressenza.com\/es\/?p=226153"},"modified":"2015-09-25T11:38:42","modified_gmt":"2015-09-25T10:38:42","slug":"la-justicia-internacional-es-necesaria-para-la-paz-permanente","status":"publish","type":"post","link":"https:\/\/www.pressenza.com\/es\/2015\/09\/la-justicia-internacional-es-necesaria-para-la-paz-permanente\/","title":{"rendered":"La justicia internacional es necesaria para la paz permanente"},"content":{"rendered":"<p><em><span class=\"postauthor\">Este es un art\u00edculo de opini\u00f3n de Jomo Kwame Sundaram, coordinador de Desarrollo Econ\u00f3mico y Social de la Organizaci\u00f3n de las Naciones Unidas para la Alimentaci\u00f3n la Agricultura (FAO).<\/span><\/em><\/p>\n<p>En 2014 hubo mucha reflexi\u00f3n sobre la Primera Guerra Mundial (1914-1918), que en realidad fue en gran medida una guerra europea, aunque con profundas repercusiones para el siglo pasado.<span id=\"more-129443\"><\/span><\/p>\n<p>La Liga de las Naciones del presidente estadounidense Woodrow Wilson (1913-1921) no pudo asegurar las condiciones para la paz duradera. Con la perspectiva del tiempo, el ensayo de John Maynard Keynes sobre las consecuencias econ\u00f3micas de la paz result\u00f3 notablemente premonitorio.<\/p>\n<p>Este 2015, la atenci\u00f3n se fij\u00f3 en el final de la Segunda Guerra Mundial (1939-1945), hace siete d\u00e9cadas. La desaparici\u00f3n gradual de la mayor\u00eda de los imperios coloniales en las tres d\u00e9cadas posteriores al conflicto prometi\u00f3 una nueva era de justicia internacional.<\/p>\n<p>Ahora que la comunidad internacional se esmera por poner en marcha la Agenda de Desarrollo Posterior a 2015 y celebrar en diciembre un nuevo tratado sobre cambio clim\u00e1tico en Par\u00eds, es importante aprender r\u00e1pidamente la lecci\u00f3n del fracaso de la Conferencia sobre la Financiaci\u00f3n para el Desarrollo, celebrada en Addis Abeba en julio, para abordar la justicia fiscal.<\/p>\n<p>Sin avances en materia fiscal o de ayuda, ser\u00e1 casi imposible realizar los 17<a href=\"http:\/\/www.undp.org\/content\/undp\/es\/home\/mdgoverview.html\"> Objetivos de Desarrollo Sostenible<\/a>, que la <a href=\"http:\/\/www.un.org\/es\/index.html\">Organizaci\u00f3n de las Naciones Unidas<\/a> (ONU) deber\u00e1 aprobar este mes, debido a la falta de financiamiento adecuado.<\/p>\n<p>Del mismo modo, seg\u00fan se\u00f1alaron varios l\u00edderes, como el papa Francisco y la expresidenta de Irlanda, Mary Robinson, no habr\u00e1 avances significativos con respecto al cambio clim\u00e1tico si el acuerdo de Par\u00eds no aborda la cuesti\u00f3n fundamental de la justicia fiscal.<\/p>\n<p><strong>El consenso de posguerra<\/strong><\/p>\n<p>El 10 de mayo de 1944, antes de que terminara la Segunda Guerra Mundial, la <a href=\"http:\/\/www.ilo.org\/global\/lang--es\/index.htm\">Organizaci\u00f3n Internacional del Trabajo<\/a> adopt\u00f3 la hist\u00f3rica Declaraci\u00f3n de Filadelfia, que reconoci\u00f3 que \u201d la paz permanente solo puede basarse en la justicia social\u201d.<\/p>\n<p>Una preocupaci\u00f3n similar se expres\u00f3 en la Conferencia de Bretton Woods, celebrada en julio de 1944, que se comprometi\u00f3 a generar las condiciones para la paz permanente mediante la reconstrucci\u00f3n de posguerra y el desarrollo poscolonial, con crecimiento sostenido, pleno empleo y la reducci\u00f3n de la desigualdad.<\/p>\n<p>Bretton Woods cre\u00f3 al<a href=\"http:\/\/www.imf.org\/external\/spanish\/\"> Fondo Monetario Internacional<\/a> (FMI) y el <a href=\"http:\/\/www.bancomundial.org\/es\/about\/what-we-do\/brief\/ibrd\">Banco Internacional de Reconstrucci\u00f3n y Fomento<\/a> (BIRF).<\/p>\n<p>El FMI ayudar\u00eda a los pa\u00edses a superar sus dificultades de balanza de pagos y a \u201cdirigir las pol\u00edticas econ\u00f3micas y financieras hacia el objetivo de fomentar el crecimiento econ\u00f3mico ordenado con una razonable estabilidad de precios\u201d.<\/p>\n<p>El BIRF, m\u00e1s tarde conocido como el<a href=\"http:\/\/www.bancomundial.org\/\"> Banco Mundial<\/a>, fue creado para apoyar la inversi\u00f3n y el desarrollo a largo plazo.<\/p>\n<p>La participaci\u00f3n de la mano de obra en la producci\u00f3n aument\u00f3 a medida que otras desigualdades disminu\u00edan. Esta Edad de Oro tambi\u00e9n tuvo una mayor inversi\u00f3n en salud, educaci\u00f3n y dem\u00e1s servicios p\u00fablicos, como la protecci\u00f3n social. El consenso de posguerra perdur\u00f3 m\u00e1s de 25 a\u00f1os antes de colapsar en la d\u00e9cada de 1970.<\/p>\n<p><strong>El mejor momento de Estados Unidos<\/strong><\/p>\n<p>Al final de la Segunda Guerra Mundial, el secretario de Estado estadounidense, George Marshall, anunci\u00f3 el plan para reindustrializar a la Europa devastada por la guerra. Pol\u00edticamente, el llamado Plan Marshall ten\u00eda la intenci\u00f3n de crear un cord\u00f3n sanitario para contener la propagaci\u00f3n del comunismo en el inicio de la Guerra Fr\u00eda.<\/p>\n<p>Esta generosa infusi\u00f3n de ayuda de Estados Unidos y la aceptaci\u00f3n favorable de las pol\u00edticas nacionales de desarrollo asegur\u00f3 el renacimiento de la Europa moderna. Muchos europeos siguen considerando que este fue el mejor momento de Washington.<\/p>\n<p>En las d\u00e9cadas subsiguientes, el Plan Marshall se convirti\u00f3 en lo que quiz\u00e1 sea el proyecto de asistencia para el desarrollo econ\u00f3mico m\u00e1s exitoso de la historia.<\/p>\n<p>Otras pol\u00edticas de desarrollo econ\u00f3mico similares se aplicaron en Jap\u00f3n, Taiw\u00e1n y Corea del Sur tras la fundaci\u00f3n de la Rep\u00fablica Popular de China y la guerra de Corea.<\/p>\n<p>Esta experiencia ofrece lecciones valiosas hoy en d\u00eda.<\/p>\n<p>Europa y el nordeste de Asia se industrializaron con pol\u00edticas que incluyen intervenciones econ\u00f3micas del Estado, como tasas elevadas, cuotas y otras barreras no arancelarias. El libre comercio solo ser\u00eda justo despu\u00e9s de haberse alcanzado la competitividad internacional.<\/p>\n<p>Marshall sab\u00eda que el desarrollo econ\u00f3mico compartido es el \u00fanico camino hacia la paz permanente. Tambi\u00e9n hizo hincapi\u00e9 en que la ayuda debe ser verdaderamente para el desarrollo, no fragmentada o paliativa. Las capacidades y aptitudes de las naciones en v\u00edas de desarrollo productivos deben sembrarse.<\/p>\n<p><strong>La contrarrevoluci\u00f3n<\/strong><\/p>\n<p>Cada \u00e9poca, no importa su \u00e9xito, siembra las semillas de su propia destrucci\u00f3n.<\/p>\n<p>A principios de la d\u00e9cada de 1980, despu\u00e9s de la mezcla de inflaci\u00f3n y estancamiento econ\u00f3mico de Occidente en los a\u00f1os 70, el neoliberal Consenso de Washington \u2013 la pol\u00edtica econ\u00f3mica que vincula al gobierno estadounidense con las instituciones de Bretton Woods, ubicadas en Washington \u2013 surgi\u00f3 para liderar la contrarrevoluci\u00f3n contra la econom\u00eda del desarrollo, la econom\u00eda keynesiana y las intervenciones estatales progresistas.<\/p>\n<p>As\u00ed avanzaron la desregulaci\u00f3n, la privatizaci\u00f3n y la globalizaci\u00f3n econ\u00f3mica. Se supon\u00eda que esas medidas impulsar\u00edan el crecimiento, que se derramar\u00eda hacia el resto de la poblaci\u00f3n y reducir\u00eda la pobreza, y por lo tanto, no habr\u00eda que preocuparse por la desigualdad.<\/p>\n<p>Las pol\u00edticas macroecon\u00f3micas se enfocaron casi exclusivamente en equilibrar el presupuesto anual y lograr una inflaci\u00f3n de un solo d\u00edgito, en lugar del \u00e9nfasis anterior puesto en el crecimiento sostenido y el pleno empleo con una estabilidad de precios razonable.<\/p>\n<p>Pero las medidas \u201cneoliberales\u201d no lograron generar crecimiento sostenido. En cambio, las crisis financieras y bancarias se hicieron m\u00e1s frecuentes, con consecuencias m\u00e1s devastadoras, exacerbadas por una mayor tolerancia a la desigualdad y la miseria.<\/p>\n<p>La experiencia y los an\u00e1lisis recientes refutaron la presunci\u00f3n anterior de que la redistribuci\u00f3n progresiva retarda el crecimiento. La desigualdad y la exclusi\u00f3n social demostraron que son perjudiciales para la paz civil y social.<\/p>\n<p>Las nuevas prioridades globales al final de la Segunda Guerra Mundial siguen siendo relevantes hoy en d\u00eda.<\/p>\n<p>Tras las \u00faltimas tres d\u00e9cadas de regresi\u00f3n, tenemos que volver a comprometernos con la \u00e9tica m\u00e1s inclusiva e igualitaria de la Declaraci\u00f3n de Filadelfia, la conferencia de Bretton Woods y el Plan Marshall, con un Nuevo Trato Mundial para nuestros tiempos.<\/p>\n<p>Para que el sistema y las instituciones internacionales de la ONU sigan siendo pertinentes, deber\u00e1n demostrarlo al reformarse a s\u00ed mismos a medida que las circunstancias cambian, con el fin de abordar mejor los desaf\u00edos globales contempor\u00e1neos y futuros.<\/p>\n<p><em>Las opiniones expresadas en este art\u00edculo son responsabilidad del autor y no representan necesariamente las de IPS \u2013 Inter Press Service, ni pueden atribu\u00edrsele<\/em>.<\/p>\n<p><em>Traducido por \u00c1lvaro Queiruga<\/em><\/p>\n","protected":false},"excerpt":{"rendered":"<p>Este es un art\u00edculo de opini\u00f3n de Jomo Kwame Sundaram, coordinador de Desarrollo Econ\u00f3mico y Social de la Organizaci\u00f3n de las Naciones Unidas para la Alimentaci\u00f3n la Agricultura (FAO). En 2014 hubo mucha reflexi\u00f3n sobre la Primera Guerra Mundial (1914-1918),&hellip;<\/p>\n","protected":false},"author":347,"featured_media":226154,"comment_status":"closed","ping_status":"open","sticky":false,"template":"","format":"standard","meta":{"footnotes":""},"categories":[76,39,161,1243],"tags":[7991,398,20240,419],"class_list":["post-226153","post","type-post","status-publish","format-standard","has-post-thumbnail","hentry","category-relaciones-exteriores","category-internacional","category-opiniones","category-paz-desarme","tag-fao-es","tag-justicia","tag-justicia-internacional","tag-paz"],"yoast_head":"<!-- This site is optimized with the Yoast SEO plugin v27.1.1 - https:\/\/yoast.com\/product\/yoast-seo-wordpress\/ -->\n<title>La justicia internacional es necesaria para la paz permanente<\/title>\n<meta name=\"description\" content=\"Este es un art\u00edculo de opini\u00f3n de Jomo Kwame Sundaram, coordinador de Desarrollo Econ\u00f3mico y Social de la Organizaci\u00f3n de las Naciones Unidas para la\" \/>\n<meta name=\"robots\" content=\"index, follow, max-snippet:-1, max-image-preview:large, max-video-preview:-1\" \/>\n<link rel=\"canonical\" href=\"https:\/\/www.pressenza.com\/es\/2015\/09\/la-justicia-internacional-es-necesaria-para-la-paz-permanente\/\" \/>\n<meta property=\"og:locale\" content=\"es_ES\" \/>\n<meta property=\"og:type\" content=\"article\" \/>\n<meta property=\"og:title\" content=\"La justicia internacional es necesaria para la paz permanente\" \/>\n<meta property=\"og:description\" content=\"Este es un art\u00edculo de opini\u00f3n de Jomo Kwame Sundaram, coordinador de Desarrollo Econ\u00f3mico y Social de la Organizaci\u00f3n de las Naciones Unidas para la\" \/>\n<meta property=\"og:url\" content=\"https:\/\/www.pressenza.com\/es\/2015\/09\/la-justicia-internacional-es-necesaria-para-la-paz-permanente\/\" \/>\n<meta property=\"og:site_name\" content=\"Pressenza\" \/>\n<meta property=\"article:publisher\" content=\"https:\/\/www.facebook.com\/PressenzaItalia\" \/>\n<meta property=\"article:author\" content=\"http:\/\/www.facebook.com\/ipsnoticias\" \/>\n<meta property=\"article:published_time\" content=\"2015-09-25T10:33:24+00:00\" \/>\n<meta property=\"article:modified_time\" content=\"2015-09-25T10:38:42+00:00\" \/>\n<meta property=\"og:image\" content=\"https:\/\/www.pressenza.com\/wp-content\/uploads\/2015\/09\/Jomo2-629x420-629x420.jpg\" \/>\n\t<meta property=\"og:image:width\" content=\"629\" \/>\n\t<meta property=\"og:image:height\" content=\"420\" \/>\n\t<meta property=\"og:image:type\" content=\"image\/jpeg\" \/>\n<meta name=\"author\" content=\"Inter Press Service\" \/>\n<meta name=\"twitter:card\" content=\"summary_large_image\" \/>\n<meta name=\"twitter:creator\" content=\"@ipsnoticias\" \/>\n<meta name=\"twitter:site\" content=\"@PressenzaIPA\" \/>\n<meta name=\"twitter:label1\" content=\"Escrito por\" \/>\n\t<meta name=\"twitter:data1\" content=\"Inter Press Service\" \/>\n\t<meta name=\"twitter:label2\" content=\"Tiempo de lectura\" \/>\n\t<meta name=\"twitter:data2\" content=\"6 minutos\" \/>\n<script type=\"application\/ld+json\" class=\"yoast-schema-graph\">{\"@context\":\"https:\/\/schema.org\",\"@graph\":[{\"@type\":\"Article\",\"@id\":\"https:\/\/www.pressenza.com\/es\/2015\/09\/la-justicia-internacional-es-necesaria-para-la-paz-permanente\/#article\",\"isPartOf\":{\"@id\":\"https:\/\/www.pressenza.com\/es\/2015\/09\/la-justicia-internacional-es-necesaria-para-la-paz-permanente\/\"},\"author\":{\"name\":\"Inter Press Service\",\"@id\":\"https:\/\/www.pressenza.com\/es\/#\/schema\/person\/7467f88f6765c239bdd52f3c432de81a\"},\"headline\":\"La justicia internacional es necesaria para la paz permanente\",\"datePublished\":\"2015-09-25T10:33:24+00:00\",\"dateModified\":\"2015-09-25T10:38:42+00:00\",\"mainEntityOfPage\":{\"@id\":\"https:\/\/www.pressenza.com\/es\/2015\/09\/la-justicia-internacional-es-necesaria-para-la-paz-permanente\/\"},\"wordCount\":1207,\"publisher\":{\"@id\":\"https:\/\/www.pressenza.com\/es\/#organization\"},\"image\":{\"@id\":\"https:\/\/www.pressenza.com\/es\/2015\/09\/la-justicia-internacional-es-necesaria-para-la-paz-permanente\/#primaryimage\"},\"thumbnailUrl\":\"https:\/\/www.pressenza.com\/wp-content\/uploads\/2015\/09\/Jomo2-629x420-629x420.jpg\",\"keywords\":[\"FAO\",\"justicia\",\"justicia internacional\",\"Paz\"],\"articleSection\":[\"Asuntos internacionales\",\"Internacional\",\"Opiniones\",\"Paz y Desarme\"],\"inLanguage\":\"es\"},{\"@type\":\"WebPage\",\"@id\":\"https:\/\/www.pressenza.com\/es\/2015\/09\/la-justicia-internacional-es-necesaria-para-la-paz-permanente\/\",\"url\":\"https:\/\/www.pressenza.com\/es\/2015\/09\/la-justicia-internacional-es-necesaria-para-la-paz-permanente\/\",\"name\":\"La justicia internacional es necesaria para la paz permanente\",\"isPartOf\":{\"@id\":\"https:\/\/www.pressenza.com\/es\/#website\"},\"primaryImageOfPage\":{\"@id\":\"https:\/\/www.pressenza.com\/es\/2015\/09\/la-justicia-internacional-es-necesaria-para-la-paz-permanente\/#primaryimage\"},\"image\":{\"@id\":\"https:\/\/www.pressenza.com\/es\/2015\/09\/la-justicia-internacional-es-necesaria-para-la-paz-permanente\/#primaryimage\"},\"thumbnailUrl\":\"https:\/\/www.pressenza.com\/wp-content\/uploads\/2015\/09\/Jomo2-629x420-629x420.jpg\",\"datePublished\":\"2015-09-25T10:33:24+00:00\",\"dateModified\":\"2015-09-25T10:38:42+00:00\",\"description\":\"Este es un art\u00edculo de opini\u00f3n de Jomo Kwame Sundaram, coordinador de Desarrollo Econ\u00f3mico y Social de la Organizaci\u00f3n de las Naciones Unidas para la\",\"breadcrumb\":{\"@id\":\"https:\/\/www.pressenza.com\/es\/2015\/09\/la-justicia-internacional-es-necesaria-para-la-paz-permanente\/#breadcrumb\"},\"inLanguage\":\"es\",\"potentialAction\":[{\"@type\":\"ReadAction\",\"target\":[\"https:\/\/www.pressenza.com\/es\/2015\/09\/la-justicia-internacional-es-necesaria-para-la-paz-permanente\/\"]}]},{\"@type\":\"ImageObject\",\"inLanguage\":\"es\",\"@id\":\"https:\/\/www.pressenza.com\/es\/2015\/09\/la-justicia-internacional-es-necesaria-para-la-paz-permanente\/#primaryimage\",\"url\":\"https:\/\/www.pressenza.com\/wp-content\/uploads\/2015\/09\/Jomo2-629x420-629x420.jpg\",\"contentUrl\":\"https:\/\/www.pressenza.com\/wp-content\/uploads\/2015\/09\/Jomo2-629x420-629x420.jpg\",\"width\":629,\"height\":420},{\"@type\":\"BreadcrumbList\",\"@id\":\"https:\/\/www.pressenza.com\/es\/2015\/09\/la-justicia-internacional-es-necesaria-para-la-paz-permanente\/#breadcrumb\",\"itemListElement\":[{\"@type\":\"ListItem\",\"position\":1,\"name\":\"Accueil\",\"item\":\"https:\/\/www.pressenza.com\/es\/\"},{\"@type\":\"ListItem\",\"position\":2,\"name\":\"La justicia internacional es necesaria para la paz permanente\"}]},{\"@type\":\"WebSite\",\"@id\":\"https:\/\/www.pressenza.com\/es\/#website\",\"url\":\"https:\/\/www.pressenza.com\/es\/\",\"name\":\"Pressenza\",\"description\":\"International Press Agency\",\"publisher\":{\"@id\":\"https:\/\/www.pressenza.com\/es\/#organization\"},\"potentialAction\":[{\"@type\":\"SearchAction\",\"target\":{\"@type\":\"EntryPoint\",\"urlTemplate\":\"https:\/\/www.pressenza.com\/es\/?s={search_term_string}\"},\"query-input\":{\"@type\":\"PropertyValueSpecification\",\"valueRequired\":true,\"valueName\":\"search_term_string\"}}],\"inLanguage\":\"es\"},{\"@type\":\"Organization\",\"@id\":\"https:\/\/www.pressenza.com\/es\/#organization\",\"name\":\"Pressenza\",\"url\":\"https:\/\/www.pressenza.com\/es\/\",\"logo\":{\"@type\":\"ImageObject\",\"inLanguage\":\"es\",\"@id\":\"https:\/\/www.pressenza.com\/es\/#\/schema\/logo\/image\/\",\"url\":\"https:\/\/www.pressenza.com\/wp-content\/uploads\/2022\/10\/pressenza_logo_200x200.jpg\",\"contentUrl\":\"https:\/\/www.pressenza.com\/wp-content\/uploads\/2022\/10\/pressenza_logo_200x200.jpg\",\"width\":200,\"height\":200,\"caption\":\"Pressenza\"},\"image\":{\"@id\":\"https:\/\/www.pressenza.com\/es\/#\/schema\/logo\/image\/\"},\"sameAs\":[\"https:\/\/www.facebook.com\/PressenzaItalia\",\"https:\/\/x.com\/PressenzaIPA\"]},{\"@type\":\"Person\",\"@id\":\"https:\/\/www.pressenza.com\/es\/#\/schema\/person\/7467f88f6765c239bdd52f3c432de81a\",\"name\":\"Inter Press Service\",\"description\":\"IPS is an international communications institution at the heart of a global news agency that amplifies the voices of the South and civil society on development, globalisation, human rights and the environment. www.ipsnews.net\",\"sameAs\":[\"http:\/\/www.facebook.com\/ipsnoticias\",\"https:\/\/x.com\/ipsnoticias\"],\"url\":\"https:\/\/www.pressenza.com\/es\/author\/ips-inter-press-service\/\"}]}<\/script>\n<!-- \/ Yoast SEO plugin. -->","yoast_head_json":{"title":"La justicia internacional es necesaria para la paz permanente","description":"Este es un art\u00edculo de opini\u00f3n de Jomo Kwame Sundaram, coordinador de Desarrollo Econ\u00f3mico y Social de la Organizaci\u00f3n de las Naciones Unidas para la","robots":{"index":"index","follow":"follow","max-snippet":"max-snippet:-1","max-image-preview":"max-image-preview:large","max-video-preview":"max-video-preview:-1"},"canonical":"https:\/\/www.pressenza.com\/es\/2015\/09\/la-justicia-internacional-es-necesaria-para-la-paz-permanente\/","og_locale":"es_ES","og_type":"article","og_title":"La justicia internacional es necesaria para la paz permanente","og_description":"Este es un art\u00edculo de opini\u00f3n de Jomo Kwame Sundaram, coordinador de Desarrollo Econ\u00f3mico y Social de la Organizaci\u00f3n de las Naciones Unidas para la","og_url":"https:\/\/www.pressenza.com\/es\/2015\/09\/la-justicia-internacional-es-necesaria-para-la-paz-permanente\/","og_site_name":"Pressenza","article_publisher":"https:\/\/www.facebook.com\/PressenzaItalia","article_author":"http:\/\/www.facebook.com\/ipsnoticias","article_published_time":"2015-09-25T10:33:24+00:00","article_modified_time":"2015-09-25T10:38:42+00:00","og_image":[{"width":629,"height":420,"url":"https:\/\/www.pressenza.com\/wp-content\/uploads\/2015\/09\/Jomo2-629x420-629x420.jpg","type":"image\/jpeg"}],"author":"Inter Press Service","twitter_card":"summary_large_image","twitter_creator":"@ipsnoticias","twitter_site":"@PressenzaIPA","twitter_misc":{"Escrito por":"Inter Press Service","Tiempo de lectura":"6 minutos"},"schema":{"@context":"https:\/\/schema.org","@graph":[{"@type":"Article","@id":"https:\/\/www.pressenza.com\/es\/2015\/09\/la-justicia-internacional-es-necesaria-para-la-paz-permanente\/#article","isPartOf":{"@id":"https:\/\/www.pressenza.com\/es\/2015\/09\/la-justicia-internacional-es-necesaria-para-la-paz-permanente\/"},"author":{"name":"Inter Press Service","@id":"https:\/\/www.pressenza.com\/es\/#\/schema\/person\/7467f88f6765c239bdd52f3c432de81a"},"headline":"La justicia internacional es necesaria para la paz permanente","datePublished":"2015-09-25T10:33:24+00:00","dateModified":"2015-09-25T10:38:42+00:00","mainEntityOfPage":{"@id":"https:\/\/www.pressenza.com\/es\/2015\/09\/la-justicia-internacional-es-necesaria-para-la-paz-permanente\/"},"wordCount":1207,"publisher":{"@id":"https:\/\/www.pressenza.com\/es\/#organization"},"image":{"@id":"https:\/\/www.pressenza.com\/es\/2015\/09\/la-justicia-internacional-es-necesaria-para-la-paz-permanente\/#primaryimage"},"thumbnailUrl":"https:\/\/www.pressenza.com\/wp-content\/uploads\/2015\/09\/Jomo2-629x420-629x420.jpg","keywords":["FAO","justicia","justicia internacional","Paz"],"articleSection":["Asuntos internacionales","Internacional","Opiniones","Paz y Desarme"],"inLanguage":"es"},{"@type":"WebPage","@id":"https:\/\/www.pressenza.com\/es\/2015\/09\/la-justicia-internacional-es-necesaria-para-la-paz-permanente\/","url":"https:\/\/www.pressenza.com\/es\/2015\/09\/la-justicia-internacional-es-necesaria-para-la-paz-permanente\/","name":"La justicia internacional es necesaria para la paz permanente","isPartOf":{"@id":"https:\/\/www.pressenza.com\/es\/#website"},"primaryImageOfPage":{"@id":"https:\/\/www.pressenza.com\/es\/2015\/09\/la-justicia-internacional-es-necesaria-para-la-paz-permanente\/#primaryimage"},"image":{"@id":"https:\/\/www.pressenza.com\/es\/2015\/09\/la-justicia-internacional-es-necesaria-para-la-paz-permanente\/#primaryimage"},"thumbnailUrl":"https:\/\/www.pressenza.com\/wp-content\/uploads\/2015\/09\/Jomo2-629x420-629x420.jpg","datePublished":"2015-09-25T10:33:24+00:00","dateModified":"2015-09-25T10:38:42+00:00","description":"Este es un art\u00edculo de opini\u00f3n de Jomo Kwame Sundaram, coordinador de Desarrollo Econ\u00f3mico y Social de la Organizaci\u00f3n de las Naciones Unidas para la","breadcrumb":{"@id":"https:\/\/www.pressenza.com\/es\/2015\/09\/la-justicia-internacional-es-necesaria-para-la-paz-permanente\/#breadcrumb"},"inLanguage":"es","potentialAction":[{"@type":"ReadAction","target":["https:\/\/www.pressenza.com\/es\/2015\/09\/la-justicia-internacional-es-necesaria-para-la-paz-permanente\/"]}]},{"@type":"ImageObject","inLanguage":"es","@id":"https:\/\/www.pressenza.com\/es\/2015\/09\/la-justicia-internacional-es-necesaria-para-la-paz-permanente\/#primaryimage","url":"https:\/\/www.pressenza.com\/wp-content\/uploads\/2015\/09\/Jomo2-629x420-629x420.jpg","contentUrl":"https:\/\/www.pressenza.com\/wp-content\/uploads\/2015\/09\/Jomo2-629x420-629x420.jpg","width":629,"height":420},{"@type":"BreadcrumbList","@id":"https:\/\/www.pressenza.com\/es\/2015\/09\/la-justicia-internacional-es-necesaria-para-la-paz-permanente\/#breadcrumb","itemListElement":[{"@type":"ListItem","position":1,"name":"Accueil","item":"https:\/\/www.pressenza.com\/es\/"},{"@type":"ListItem","position":2,"name":"La justicia internacional es necesaria para la paz permanente"}]},{"@type":"WebSite","@id":"https:\/\/www.pressenza.com\/es\/#website","url":"https:\/\/www.pressenza.com\/es\/","name":"Pressenza","description":"International Press Agency","publisher":{"@id":"https:\/\/www.pressenza.com\/es\/#organization"},"potentialAction":[{"@type":"SearchAction","target":{"@type":"EntryPoint","urlTemplate":"https:\/\/www.pressenza.com\/es\/?s={search_term_string}"},"query-input":{"@type":"PropertyValueSpecification","valueRequired":true,"valueName":"search_term_string"}}],"inLanguage":"es"},{"@type":"Organization","@id":"https:\/\/www.pressenza.com\/es\/#organization","name":"Pressenza","url":"https:\/\/www.pressenza.com\/es\/","logo":{"@type":"ImageObject","inLanguage":"es","@id":"https:\/\/www.pressenza.com\/es\/#\/schema\/logo\/image\/","url":"https:\/\/www.pressenza.com\/wp-content\/uploads\/2022\/10\/pressenza_logo_200x200.jpg","contentUrl":"https:\/\/www.pressenza.com\/wp-content\/uploads\/2022\/10\/pressenza_logo_200x200.jpg","width":200,"height":200,"caption":"Pressenza"},"image":{"@id":"https:\/\/www.pressenza.com\/es\/#\/schema\/logo\/image\/"},"sameAs":["https:\/\/www.facebook.com\/PressenzaItalia","https:\/\/x.com\/PressenzaIPA"]},{"@type":"Person","@id":"https:\/\/www.pressenza.com\/es\/#\/schema\/person\/7467f88f6765c239bdd52f3c432de81a","name":"Inter Press Service","description":"IPS is an international communications institution at the heart of a global news agency that amplifies the voices of the South and civil society on development, globalisation, human rights and the environment. www.ipsnews.net","sameAs":["http:\/\/www.facebook.com\/ipsnoticias","https:\/\/x.com\/ipsnoticias"],"url":"https:\/\/www.pressenza.com\/es\/author\/ips-inter-press-service\/"}]}},"place":"Roma","original_article_url":"http:\/\/www.ipsnoticias.net\/2015\/09\/la-justicia-internacional-es-necesaria-para-la-paz-permanente\/","_links":{"self":[{"href":"https:\/\/www.pressenza.com\/es\/wp-json\/wp\/v2\/posts\/226153","targetHints":{"allow":["GET"]}}],"collection":[{"href":"https:\/\/www.pressenza.com\/es\/wp-json\/wp\/v2\/posts"}],"about":[{"href":"https:\/\/www.pressenza.com\/es\/wp-json\/wp\/v2\/types\/post"}],"author":[{"embeddable":true,"href":"https:\/\/www.pressenza.com\/es\/wp-json\/wp\/v2\/users\/347"}],"replies":[{"embeddable":true,"href":"https:\/\/www.pressenza.com\/es\/wp-json\/wp\/v2\/comments?post=226153"}],"version-history":[{"count":0,"href":"https:\/\/www.pressenza.com\/es\/wp-json\/wp\/v2\/posts\/226153\/revisions"}],"wp:featuredmedia":[{"embeddable":true,"href":"https:\/\/www.pressenza.com\/es\/wp-json\/wp\/v2\/media\/226154"}],"wp:attachment":[{"href":"https:\/\/www.pressenza.com\/es\/wp-json\/wp\/v2\/media?parent=226153"}],"wp:term":[{"taxonomy":"category","embeddable":true,"href":"https:\/\/www.pressenza.com\/es\/wp-json\/wp\/v2\/categories?post=226153"},{"taxonomy":"post_tag","embeddable":true,"href":"https:\/\/www.pressenza.com\/es\/wp-json\/wp\/v2\/tags?post=226153"}],"curies":[{"name":"wp","href":"https:\/\/api.w.org\/{rel}","templated":true}]}}