{"id":226008,"date":"2015-09-24T23:56:49","date_gmt":"2015-09-24T22:56:49","guid":{"rendered":"http:\/\/www.pressenza.com\/es\/?p=226008"},"modified":"2015-09-25T21:53:34","modified_gmt":"2015-09-25T20:53:34","slug":"226008","status":"publish","type":"post","link":"https:\/\/www.pressenza.com\/es\/2015\/09\/226008\/","title":{"rendered":"Encierro en Fuenlabrada por la Renta B\u00e1sica Incondicional"},"content":{"rendered":"<p>Vecinos precarios de Fuenlabrada que defienden la Renta B\u00e1sica de Fuenlabrada se han encerrado esta ma\u00f1ana en la Parroquia de Nuestra Se\u00f1ora del Bel\u00e9n de dicha localidad madrile\u00f1a para denunciar p\u00fablicamente la situaci\u00f3n de desigualdad extrema que se est\u00e1 sufriendo en este pa\u00eds.<\/p>\n<p>Entre los encerrados, se encuentra Juanjo Huerta, que mantuvo una huelga de hambre meses atr\u00e1s y de la cual dimos cuenta en Pressenza, y que ha sido quien ha le\u00eddo esta ma\u00f1ana el comunicado.<\/p>\n<p><iframe loading=\"lazy\" title=\"Fuenlabrada, 24 septiembre 2015\" width=\"500\" height=\"281\" src=\"https:\/\/www.youtube.com\/embed\/T2Mcy9uihmE?feature=oembed\" frameborder=\"0\" allow=\"accelerometer; autoplay; clipboard-write; encrypted-media; gyroscope; picture-in-picture; web-share\" referrerpolicy=\"strict-origin-when-cross-origin\" allowfullscreen><\/iframe><\/p>\n<p>El comunicado dec\u00eda:<\/p>\n<p><em>\u00abPorque no hemos salido de la crisis ni vamos a hacerlo mientras tengamos trece millones de ciudadanos en riesgo pobreza o de exclusi\u00f3n social, m\u00e1s de cinco millones de desempleados; mientras nueve de cada diez contratos laborales sean temporales, o seamos el segundo pa\u00eds de la Uni\u00f3n Europea con mayor pobreza infantil.<\/em><\/p>\n<p><em>Porque las rentas m\u00ednimas condicionadas no s\u00f3lo no sirven para acabar con la pobreza sino que la perpet\u00faan.<\/em><\/p>\n<p><em>Exigimos la Renta B\u00e1sica Incondicional como un derecho ciudadano, para erradicar la pobreza, disminuir la desigualdad social, hacer posible la reducci\u00f3n de la jornada laboral, mejorar las condiciones de trabajo y aumentar la libertad de los ciudadanos.<\/em><\/p>\n<p><em>Es urgente poner fin a esta situaci\u00f3n de pobreza y precariedad que padecemos, debido a la codicia miserable que fomenta un sistema que comienza a resquebrajarse\u00bb<\/em>.<\/p>\n","protected":false},"excerpt":{"rendered":"<p>Vecinos precarios de Fuenlabrada que defienden la Renta B\u00e1sica de Fuenlabrada se han encerrado esta ma\u00f1ana en la Parroquia de Nuestra Se\u00f1ora del Bel\u00e9n de dicha localidad madrile\u00f1a para denunciar p\u00fablicamente la situaci\u00f3n de desigualdad extrema que se est\u00e1 sufriendo&hellip;<\/p>\n","protected":false},"author":94,"featured_media":226010,"comment_status":"closed","ping_status":"open","sticky":false,"template":"","format":"standard","meta":{"footnotes":""},"categories":[149,79,1241,81,66,74,63],"tags":[441,1065,17674,816,9401,394,11928],"class_list":["post-226008","post","type-post","status-publish","format-standard","has-post-thumbnail","hentry","category-comunicados-de-prensa","category-derechos-humanos","category-diversidad","category-economia-es","category-europa-es","category-politica-es","category-region-es","tag-derechos-humanos","tag-espana","tag-juanjo-huerta","tag-pobreza-es","tag-precariado","tag-protestas-sociales","tag-renta-basica-incondicional"],"yoast_head":"<!-- This site is optimized with the Yoast SEO plugin v27.1.1 - https:\/\/yoast.com\/product\/yoast-seo-wordpress\/ -->\n<title>Encierro en Fuenlabrada por la Renta B\u00e1sica Incondicional<\/title>\n<meta name=\"description\" content=\"Vecinos precarios de Fuenlabrada que defienden la Renta B\u00e1sica de Fuenlabrada se han encerrado esta ma\u00f1ana en la Parroquia de Nuestra Se\u00f1ora del Bel\u00e9n de\" \/>\n<meta name=\"robots\" content=\"index, follow, max-snippet:-1, max-image-preview:large, max-video-preview:-1\" \/>\n<link rel=\"canonical\" href=\"https:\/\/www.pressenza.com\/es\/2015\/09\/226008\/\" \/>\n<meta property=\"og:locale\" content=\"es_ES\" \/>\n<meta property=\"og:type\" content=\"article\" \/>\n<meta property=\"og:title\" content=\"Encierro en Fuenlabrada por la Renta B\u00e1sica Incondicional\" \/>\n<meta property=\"og:description\" content=\"Vecinos precarios de Fuenlabrada que defienden la Renta B\u00e1sica de Fuenlabrada se han encerrado esta ma\u00f1ana en la Parroquia de Nuestra Se\u00f1ora del Bel\u00e9n de\" \/>\n<meta property=\"og:url\" content=\"https:\/\/www.pressenza.com\/es\/2015\/09\/226008\/\" \/>\n<meta property=\"og:site_name\" content=\"Pressenza\" \/>\n<meta property=\"article:publisher\" content=\"https:\/\/www.facebook.com\/PressenzaItalia\" \/>\n<meta property=\"article:author\" content=\"https:\/\/www.facebook.com\/pressenza\" \/>\n<meta property=\"article:published_time\" content=\"2015-09-24T22:56:49+00:00\" \/>\n<meta property=\"article:modified_time\" content=\"2015-09-25T20:53:34+00:00\" \/>\n<meta property=\"og:image\" content=\"https:\/\/www.pressenza.com\/wp-content\/uploads\/2015\/09\/RBU-encierro-fuenlabrada-parroquia.jpg\" \/>\n\t<meta property=\"og:image:width\" content=\"875\" \/>\n\t<meta property=\"og:image:height\" content=\"656\" \/>\n\t<meta property=\"og:image:type\" content=\"image\/jpeg\" \/>\n<meta name=\"author\" content=\"Redacci\u00f3n Madrid\" \/>\n<meta name=\"twitter:card\" content=\"summary_large_image\" \/>\n<meta name=\"twitter:creator\" content=\"@pressenza\" \/>\n<meta name=\"twitter:site\" content=\"@PressenzaIPA\" \/>\n<meta name=\"twitter:label1\" content=\"Escrito por\" \/>\n\t<meta name=\"twitter:data1\" content=\"Redacci\u00f3n Madrid\" \/>\n\t<meta name=\"twitter:label2\" content=\"Tiempo de lectura\" \/>\n\t<meta name=\"twitter:data2\" content=\"1 minuto\" \/>\n<script type=\"application\/ld+json\" class=\"yoast-schema-graph\">{\"@context\":\"https:\/\/schema.org\",\"@graph\":[{\"@type\":\"Article\",\"@id\":\"https:\/\/www.pressenza.com\/es\/2015\/09\/226008\/#article\",\"isPartOf\":{\"@id\":\"https:\/\/www.pressenza.com\/es\/2015\/09\/226008\/\"},\"author\":{\"name\":\"Redacci\u00f3n Madrid\",\"@id\":\"https:\/\/www.pressenza.com\/es\/#\/schema\/person\/828fc40eeca2ad7be3630e5a46adba94\"},\"headline\":\"Encierro en Fuenlabrada por la Renta B\u00e1sica Incondicional\",\"datePublished\":\"2015-09-24T22:56:49+00:00\",\"dateModified\":\"2015-09-25T20:53:34+00:00\",\"mainEntityOfPage\":{\"@id\":\"https:\/\/www.pressenza.com\/es\/2015\/09\/226008\/\"},\"wordCount\":252,\"publisher\":{\"@id\":\"https:\/\/www.pressenza.com\/es\/#organization\"},\"image\":{\"@id\":\"https:\/\/www.pressenza.com\/es\/2015\/09\/226008\/#primaryimage\"},\"thumbnailUrl\":\"https:\/\/www.pressenza.com\/wp-content\/uploads\/2015\/09\/RBU-encierro-fuenlabrada-parroquia.jpg\",\"keywords\":[\"Derechos humanos\",\"Espa\u00f1a\",\"Juanjo Huerta\",\"Pobreza\",\"precariado\",\"protestas sociales\",\"renta basica incondicional\"],\"articleSection\":[\"Comunicados de Prensa\",\"Derechos Humanos\",\"Diversidad\",\"Econom\u00eda\",\"Europa\",\"Pol\u00edtica\",\"Regi\u00f3n\"],\"inLanguage\":\"es\"},{\"@type\":\"WebPage\",\"@id\":\"https:\/\/www.pressenza.com\/es\/2015\/09\/226008\/\",\"url\":\"https:\/\/www.pressenza.com\/es\/2015\/09\/226008\/\",\"name\":\"Encierro en Fuenlabrada por la Renta B\u00e1sica Incondicional\",\"isPartOf\":{\"@id\":\"https:\/\/www.pressenza.com\/es\/#website\"},\"primaryImageOfPage\":{\"@id\":\"https:\/\/www.pressenza.com\/es\/2015\/09\/226008\/#primaryimage\"},\"image\":{\"@id\":\"https:\/\/www.pressenza.com\/es\/2015\/09\/226008\/#primaryimage\"},\"thumbnailUrl\":\"https:\/\/www.pressenza.com\/wp-content\/uploads\/2015\/09\/RBU-encierro-fuenlabrada-parroquia.jpg\",\"datePublished\":\"2015-09-24T22:56:49+00:00\",\"dateModified\":\"2015-09-25T20:53:34+00:00\",\"description\":\"Vecinos precarios de Fuenlabrada que defienden la Renta B\u00e1sica de Fuenlabrada se han encerrado esta ma\u00f1ana en la Parroquia de Nuestra Se\u00f1ora del Bel\u00e9n de\",\"breadcrumb\":{\"@id\":\"https:\/\/www.pressenza.com\/es\/2015\/09\/226008\/#breadcrumb\"},\"inLanguage\":\"es\",\"potentialAction\":[{\"@type\":\"ReadAction\",\"target\":[\"https:\/\/www.pressenza.com\/es\/2015\/09\/226008\/\"]}]},{\"@type\":\"ImageObject\",\"inLanguage\":\"es\",\"@id\":\"https:\/\/www.pressenza.com\/es\/2015\/09\/226008\/#primaryimage\",\"url\":\"https:\/\/www.pressenza.com\/wp-content\/uploads\/2015\/09\/RBU-encierro-fuenlabrada-parroquia.jpg\",\"contentUrl\":\"https:\/\/www.pressenza.com\/wp-content\/uploads\/2015\/09\/RBU-encierro-fuenlabrada-parroquia.jpg\",\"width\":875,\"height\":656},{\"@type\":\"BreadcrumbList\",\"@id\":\"https:\/\/www.pressenza.com\/es\/2015\/09\/226008\/#breadcrumb\",\"itemListElement\":[{\"@type\":\"ListItem\",\"position\":1,\"name\":\"Accueil\",\"item\":\"https:\/\/www.pressenza.com\/es\/\"},{\"@type\":\"ListItem\",\"position\":2,\"name\":\"Encierro en Fuenlabrada por la Renta B\u00e1sica Incondicional\"}]},{\"@type\":\"WebSite\",\"@id\":\"https:\/\/www.pressenza.com\/es\/#website\",\"url\":\"https:\/\/www.pressenza.com\/es\/\",\"name\":\"Pressenza\",\"description\":\"International Press Agency\",\"publisher\":{\"@id\":\"https:\/\/www.pressenza.com\/es\/#organization\"},\"potentialAction\":[{\"@type\":\"SearchAction\",\"target\":{\"@type\":\"EntryPoint\",\"urlTemplate\":\"https:\/\/www.pressenza.com\/es\/?s={search_term_string}\"},\"query-input\":{\"@type\":\"PropertyValueSpecification\",\"valueRequired\":true,\"valueName\":\"search_term_string\"}}],\"inLanguage\":\"es\"},{\"@type\":\"Organization\",\"@id\":\"https:\/\/www.pressenza.com\/es\/#organization\",\"name\":\"Pressenza\",\"url\":\"https:\/\/www.pressenza.com\/es\/\",\"logo\":{\"@type\":\"ImageObject\",\"inLanguage\":\"es\",\"@id\":\"https:\/\/www.pressenza.com\/es\/#\/schema\/logo\/image\/\",\"url\":\"https:\/\/www.pressenza.com\/wp-content\/uploads\/2022\/10\/pressenza_logo_200x200.jpg\",\"contentUrl\":\"https:\/\/www.pressenza.com\/wp-content\/uploads\/2022\/10\/pressenza_logo_200x200.jpg\",\"width\":200,\"height\":200,\"caption\":\"Pressenza\"},\"image\":{\"@id\":\"https:\/\/www.pressenza.com\/es\/#\/schema\/logo\/image\/\"},\"sameAs\":[\"https:\/\/www.facebook.com\/PressenzaItalia\",\"https:\/\/x.com\/PressenzaIPA\"]},{\"@type\":\"Person\",\"@id\":\"https:\/\/www.pressenza.com\/es\/#\/schema\/person\/828fc40eeca2ad7be3630e5a46adba94\",\"name\":\"Redacci\u00f3n Madrid\",\"description\":\"News from the Pressenza Bureau in Madrid, Spain\",\"sameAs\":[\"https:\/\/www.facebook.com\/pressenza\",\"https:\/\/x.com\/pressenza\"],\"url\":\"https:\/\/www.pressenza.com\/es\/author\/redaccion-madrid\/\"}]}<\/script>\n<!-- \/ Yoast SEO plugin. -->","yoast_head_json":{"title":"Encierro en Fuenlabrada por la Renta B\u00e1sica Incondicional","description":"Vecinos precarios de Fuenlabrada que defienden la Renta B\u00e1sica de Fuenlabrada se han encerrado esta ma\u00f1ana en la Parroquia de Nuestra Se\u00f1ora del Bel\u00e9n de","robots":{"index":"index","follow":"follow","max-snippet":"max-snippet:-1","max-image-preview":"max-image-preview:large","max-video-preview":"max-video-preview:-1"},"canonical":"https:\/\/www.pressenza.com\/es\/2015\/09\/226008\/","og_locale":"es_ES","og_type":"article","og_title":"Encierro en Fuenlabrada por la Renta B\u00e1sica Incondicional","og_description":"Vecinos precarios de Fuenlabrada que defienden la Renta B\u00e1sica de Fuenlabrada se han encerrado esta ma\u00f1ana en la Parroquia de Nuestra Se\u00f1ora del Bel\u00e9n de","og_url":"https:\/\/www.pressenza.com\/es\/2015\/09\/226008\/","og_site_name":"Pressenza","article_publisher":"https:\/\/www.facebook.com\/PressenzaItalia","article_author":"https:\/\/www.facebook.com\/pressenza","article_published_time":"2015-09-24T22:56:49+00:00","article_modified_time":"2015-09-25T20:53:34+00:00","og_image":[{"width":875,"height":656,"url":"https:\/\/www.pressenza.com\/wp-content\/uploads\/2015\/09\/RBU-encierro-fuenlabrada-parroquia.jpg","type":"image\/jpeg"}],"author":"Redacci\u00f3n Madrid","twitter_card":"summary_large_image","twitter_creator":"@pressenza","twitter_site":"@PressenzaIPA","twitter_misc":{"Escrito por":"Redacci\u00f3n Madrid","Tiempo de lectura":"1 minuto"},"schema":{"@context":"https:\/\/schema.org","@graph":[{"@type":"Article","@id":"https:\/\/www.pressenza.com\/es\/2015\/09\/226008\/#article","isPartOf":{"@id":"https:\/\/www.pressenza.com\/es\/2015\/09\/226008\/"},"author":{"name":"Redacci\u00f3n Madrid","@id":"https:\/\/www.pressenza.com\/es\/#\/schema\/person\/828fc40eeca2ad7be3630e5a46adba94"},"headline":"Encierro en Fuenlabrada por la Renta B\u00e1sica Incondicional","datePublished":"2015-09-24T22:56:49+00:00","dateModified":"2015-09-25T20:53:34+00:00","mainEntityOfPage":{"@id":"https:\/\/www.pressenza.com\/es\/2015\/09\/226008\/"},"wordCount":252,"publisher":{"@id":"https:\/\/www.pressenza.com\/es\/#organization"},"image":{"@id":"https:\/\/www.pressenza.com\/es\/2015\/09\/226008\/#primaryimage"},"thumbnailUrl":"https:\/\/www.pressenza.com\/wp-content\/uploads\/2015\/09\/RBU-encierro-fuenlabrada-parroquia.jpg","keywords":["Derechos humanos","Espa\u00f1a","Juanjo Huerta","Pobreza","precariado","protestas sociales","renta basica incondicional"],"articleSection":["Comunicados de Prensa","Derechos Humanos","Diversidad","Econom\u00eda","Europa","Pol\u00edtica","Regi\u00f3n"],"inLanguage":"es"},{"@type":"WebPage","@id":"https:\/\/www.pressenza.com\/es\/2015\/09\/226008\/","url":"https:\/\/www.pressenza.com\/es\/2015\/09\/226008\/","name":"Encierro en Fuenlabrada por la Renta B\u00e1sica Incondicional","isPartOf":{"@id":"https:\/\/www.pressenza.com\/es\/#website"},"primaryImageOfPage":{"@id":"https:\/\/www.pressenza.com\/es\/2015\/09\/226008\/#primaryimage"},"image":{"@id":"https:\/\/www.pressenza.com\/es\/2015\/09\/226008\/#primaryimage"},"thumbnailUrl":"https:\/\/www.pressenza.com\/wp-content\/uploads\/2015\/09\/RBU-encierro-fuenlabrada-parroquia.jpg","datePublished":"2015-09-24T22:56:49+00:00","dateModified":"2015-09-25T20:53:34+00:00","description":"Vecinos precarios de Fuenlabrada que defienden la Renta B\u00e1sica de Fuenlabrada se han encerrado esta ma\u00f1ana en la Parroquia de Nuestra Se\u00f1ora del Bel\u00e9n de","breadcrumb":{"@id":"https:\/\/www.pressenza.com\/es\/2015\/09\/226008\/#breadcrumb"},"inLanguage":"es","potentialAction":[{"@type":"ReadAction","target":["https:\/\/www.pressenza.com\/es\/2015\/09\/226008\/"]}]},{"@type":"ImageObject","inLanguage":"es","@id":"https:\/\/www.pressenza.com\/es\/2015\/09\/226008\/#primaryimage","url":"https:\/\/www.pressenza.com\/wp-content\/uploads\/2015\/09\/RBU-encierro-fuenlabrada-parroquia.jpg","contentUrl":"https:\/\/www.pressenza.com\/wp-content\/uploads\/2015\/09\/RBU-encierro-fuenlabrada-parroquia.jpg","width":875,"height":656},{"@type":"BreadcrumbList","@id":"https:\/\/www.pressenza.com\/es\/2015\/09\/226008\/#breadcrumb","itemListElement":[{"@type":"ListItem","position":1,"name":"Accueil","item":"https:\/\/www.pressenza.com\/es\/"},{"@type":"ListItem","position":2,"name":"Encierro en Fuenlabrada por la Renta B\u00e1sica Incondicional"}]},{"@type":"WebSite","@id":"https:\/\/www.pressenza.com\/es\/#website","url":"https:\/\/www.pressenza.com\/es\/","name":"Pressenza","description":"International Press Agency","publisher":{"@id":"https:\/\/www.pressenza.com\/es\/#organization"},"potentialAction":[{"@type":"SearchAction","target":{"@type":"EntryPoint","urlTemplate":"https:\/\/www.pressenza.com\/es\/?s={search_term_string}"},"query-input":{"@type":"PropertyValueSpecification","valueRequired":true,"valueName":"search_term_string"}}],"inLanguage":"es"},{"@type":"Organization","@id":"https:\/\/www.pressenza.com\/es\/#organization","name":"Pressenza","url":"https:\/\/www.pressenza.com\/es\/","logo":{"@type":"ImageObject","inLanguage":"es","@id":"https:\/\/www.pressenza.com\/es\/#\/schema\/logo\/image\/","url":"https:\/\/www.pressenza.com\/wp-content\/uploads\/2022\/10\/pressenza_logo_200x200.jpg","contentUrl":"https:\/\/www.pressenza.com\/wp-content\/uploads\/2022\/10\/pressenza_logo_200x200.jpg","width":200,"height":200,"caption":"Pressenza"},"image":{"@id":"https:\/\/www.pressenza.com\/es\/#\/schema\/logo\/image\/"},"sameAs":["https:\/\/www.facebook.com\/PressenzaItalia","https:\/\/x.com\/PressenzaIPA"]},{"@type":"Person","@id":"https:\/\/www.pressenza.com\/es\/#\/schema\/person\/828fc40eeca2ad7be3630e5a46adba94","name":"Redacci\u00f3n Madrid","description":"News from the Pressenza Bureau in Madrid, Spain","sameAs":["https:\/\/www.facebook.com\/pressenza","https:\/\/x.com\/pressenza"],"url":"https:\/\/www.pressenza.com\/es\/author\/redaccion-madrid\/"}]}},"place":"Fuenlabrada","original_article_url":"","_links":{"self":[{"href":"https:\/\/www.pressenza.com\/es\/wp-json\/wp\/v2\/posts\/226008","targetHints":{"allow":["GET"]}}],"collection":[{"href":"https:\/\/www.pressenza.com\/es\/wp-json\/wp\/v2\/posts"}],"about":[{"href":"https:\/\/www.pressenza.com\/es\/wp-json\/wp\/v2\/types\/post"}],"author":[{"embeddable":true,"href":"https:\/\/www.pressenza.com\/es\/wp-json\/wp\/v2\/users\/94"}],"replies":[{"embeddable":true,"href":"https:\/\/www.pressenza.com\/es\/wp-json\/wp\/v2\/comments?post=226008"}],"version-history":[{"count":0,"href":"https:\/\/www.pressenza.com\/es\/wp-json\/wp\/v2\/posts\/226008\/revisions"}],"wp:featuredmedia":[{"embeddable":true,"href":"https:\/\/www.pressenza.com\/es\/wp-json\/wp\/v2\/media\/226010"}],"wp:attachment":[{"href":"https:\/\/www.pressenza.com\/es\/wp-json\/wp\/v2\/media?parent=226008"}],"wp:term":[{"taxonomy":"category","embeddable":true,"href":"https:\/\/www.pressenza.com\/es\/wp-json\/wp\/v2\/categories?post=226008"},{"taxonomy":"post_tag","embeddable":true,"href":"https:\/\/www.pressenza.com\/es\/wp-json\/wp\/v2\/tags?post=226008"}],"curies":[{"name":"wp","href":"https:\/\/api.w.org\/{rel}","templated":true}]}}