{"id":2253,"date":"2009-11-16T00:00:00","date_gmt":"2009-11-16T00:00:00","guid":{"rendered":""},"modified":"2009-11-16T09:32:06","modified_gmt":"2009-11-16T09:32:06","slug":"un-compromiso-renovado-contra-el-hambre","status":"publish","type":"post","link":"https:\/\/www.pressenza.com\/es\/2009\/11\/un-compromiso-renovado-contra-el-hambre\/","title":{"rendered":"Un compromiso renovado contra el hambre"},"content":{"rendered":"<p>Los pa\u00edses acordaron tambi\u00e9n trabajar para invertir la tendencia a la baja de los fondos nacionales e internacionales para la agricultura y promover nuevas inversiones en el sector, mejorar la gobernanza de las cuestiones alimentarias a nivel mundial en asociaci\u00f3n con las partes interesadas relevantes del sector p\u00fablico y privado, y a enfrentarse de forma proactiva a los desaf\u00edos del cambio clim\u00e1tico y a la seguridad alimentaria.<\/p>\n<p>**Voz de alarma**<\/p>\n<p>En su intervenci\u00f3n ante la Cumbre, el Secretario General de la ONU, Ban Ki Moon denomin\u00f3 a la actual crisis alimentaria *\u00bbuna voz de alarma para el ma\u00f1ana\u00bb*.<\/p>\n<p>*\u00bbNo puede haber seguridad alimentaria sin seguridad del clima\u00bb*, asegur\u00f3 Ban.<\/p>\n<p>*\u00bbSi los glaciares del Himalaya se derriten -advirti\u00f3-, se ver\u00e1n afectados los medios de vida y la supervivencia de trescientos millones de personas en China, y cerca de mil millones en toda Asia\u00bb*<\/p>\n<p>*\u00bbLos peque\u00f1os campesinos de \u00c1frica, que producen la mayor parte de los alimentos del continente y dependen sobre todo de la lluvia, podr\u00edan ver sus cosechas mermarse un 50 por ciento en 2020. Tenemos que realizar cambios de envergadura para alimentarnos, y muy especialmente, para proteger a los m\u00e1s pobres y vulnerables\u00bb*, subray\u00f3 Ban.<\/p>\n<p>**\u00bbConquista tr\u00e1gica\u00bb**<\/p>\n<p>Tras denominar a los m\u00e1s de mil millones de personas que sufren hambre en el mundo *\u00bbnuestra tr\u00e1gica conquista de la era moderna\u00bb*, el Director General de la FAO, Jacques Diouf, subrayo la necesidad de producir alimentos en el lugar donde residen los pobres y hambrientos e impulsar las inversiones agr\u00edcolas en estas regiones.<\/p>\n<p>*\u00bbEn algunos pa\u00edses desarrollados, entre el dos y el cuatro por ciento de la poblaci\u00f3n pueden producir suficientes alimentos para toda una naci\u00f3n y adem\u00e1s exportar, mientras que en la mayor\u00eda de los pa\u00edses en desarrollo, entre el 60 y el 80 por ciento de la poblaci\u00f3n no logra cubrir las necesidades nacionales de alimentos\u00bb*, explic\u00f3 Diouf.<\/p>\n<p>*\u00bbEl planeta puede alimentarse a s\u00ed mismo, siempre que se cumplan las decisiones tomadas y se movilicen los recursos necesarios de forma efectiva\u00bb*, a\u00f1adi\u00f3 Diouf al pedir un incremento de la ayuda oficial al desarrollo, un mayor porcentaje del presupuesto de los pa\u00edses en desarrollo dedicado a la agricultura e incentivos para fomentar las inversiones privadas.<\/p>\n<p>*\u00bbEliminar el hambre de la faz de la Tierra requiere 44 000 millones de d\u00f3lares EE.UU. anuales de ayuda oficial al desarrollo en inversiones en infraestructura, tecnolog\u00eda e insumos modernos. Se trata de una cantidad peque\u00f1a si se compara con los 365 000 millones en subvenciones a los productores agr\u00edcolas en los pa\u00edses de la OCDE en 2007, o los 1,3 billones de d\u00f3lares que el mundo gast\u00f3 en armamento ese mismo a\u00f1o\u00bb*, seg\u00fan Diouf.<\/p>\n<p>El m\u00e1ximo responsable de la FAO record\u00f3 que *\u00bben los \u00faltimos cinco a\u00f1os, diversos pa\u00edses de \u00c1frica, Latinoam\u00e9rica y Asia han logrado reducir de forma sustancial el n\u00famero de v\u00edctimas del hambre en su territorio\u00bb. \u00abEllo significa -a\u00f1adi\u00f3- que sabemos qu\u00e9 hay que hacer y c\u00f3mo se debe hacer para derrotar al hambre\u00bb*.<\/p>\n<p>*\u00bbEn los pa\u00edses de bajos ingresos y d\u00e9ficit de alimentos, los programas y planes de seguridad alimentaria existen y est\u00e1n a la espera de fondos y voluntad pol\u00edtica para hacerse operativos\u00bb*, explic\u00f3.<\/p>\n<p>Diouf subray\u00f3 igualmente el hecho de que la seguridad alimentaria va m\u00e1s all\u00e1 de la producci\u00f3n de alimentos. *\u00bbNecesitamos protecci\u00f3n contra las plagas y enfermedades de plantas y animales que a menudo afectan directamente a la salud humana. Tenemos asimismo que hacer frente a situaciones de emergencia a causa de desastres naturales y conservar la base de recursos nacionales de la producci\u00f3n alimentaria para garantizar su sostenibilidad\u00bb*, a\u00f1adi\u00f3.<\/p>\n","protected":false},"excerpt":{"rendered":"<p>Los l\u00edderes mundiales convocados en la sede de la FAO para la Cumbre Mundial sobre la Seguridad Alimentaria, adoptaron hoy por unanimidad una declaraci\u00f3n prometiendo un renovado compromiso para erradicar el hambre de la faz de la tierra, de forma sostenible y a la mayor brevedad posible.<br \/>\nSe pide mejor gobernanza, mayores inversiones y estrategias frente al cambio clim\u00e1tico.<\/p>\n","protected":false},"author":19,"featured_media":0,"comment_status":"closed","ping_status":"open","sticky":false,"template":"","format":"standard","meta":{"footnotes":""},"categories":[149,66,39,74],"tags":[],"class_list":["post-2253","post","type-post","status-publish","format-standard","hentry","category-comunicados-de-prensa","category-europa-es","category-internacional","category-politica-es"],"yoast_head":"<!-- This site is optimized with the Yoast SEO plugin v27.1.1 - https:\/\/yoast.com\/product\/yoast-seo-wordpress\/ -->\n<title>Un compromiso renovado contra el hambre<\/title>\n<meta name=\"description\" content=\"Los l\u00edderes mundiales convocados en la sede de la FAO para la Cumbre Mundial sobre la Seguridad Alimentaria, adoptaron hoy por unanimidad una declaraci\u00f3n prometiendo un renovado compromiso para erradicar el hambre de la faz de la tierra, de forma sostenible y a la mayor brevedad posible. Se pide mejor gobernanza, mayores inversiones y estrategias frente al cambio clim\u00e1tico.\" \/>\n<meta name=\"robots\" content=\"index, follow, max-snippet:-1, max-image-preview:large, max-video-preview:-1\" \/>\n<link rel=\"canonical\" href=\"https:\/\/www.pressenza.com\/es\/2009\/11\/un-compromiso-renovado-contra-el-hambre\/\" \/>\n<meta property=\"og:locale\" content=\"es_ES\" \/>\n<meta property=\"og:type\" content=\"article\" \/>\n<meta property=\"og:title\" content=\"Un compromiso renovado contra el hambre\" \/>\n<meta property=\"og:description\" content=\"Los l\u00edderes mundiales convocados en la sede de la FAO para la Cumbre Mundial sobre la Seguridad Alimentaria, adoptaron hoy por unanimidad una declaraci\u00f3n prometiendo un renovado compromiso para erradicar el hambre de la faz de la tierra, de forma sostenible y a la mayor brevedad posible. Se pide mejor gobernanza, mayores inversiones y estrategias frente al cambio clim\u00e1tico.\" \/>\n<meta property=\"og:url\" content=\"https:\/\/www.pressenza.com\/es\/2009\/11\/un-compromiso-renovado-contra-el-hambre\/\" \/>\n<meta property=\"og:site_name\" content=\"Pressenza\" \/>\n<meta property=\"article:publisher\" content=\"https:\/\/www.facebook.com\/PressenzaItalia\" \/>\n<meta property=\"article:author\" content=\"https:\/\/www.facebook.com\/pressenza\" \/>\n<meta property=\"article:published_time\" content=\"2009-11-16T00:00:00+00:00\" \/>\n<meta property=\"article:modified_time\" content=\"2009-11-16T09:32:06+00:00\" \/>\n<meta name=\"author\" content=\"Pressenza IPA\" \/>\n<meta name=\"twitter:card\" content=\"summary_large_image\" \/>\n<meta name=\"twitter:creator\" content=\"@PressenzaIPA\" \/>\n<meta name=\"twitter:site\" content=\"@PressenzaIPA\" \/>\n<meta name=\"twitter:label1\" content=\"Escrito por\" \/>\n\t<meta name=\"twitter:data1\" content=\"Pressenza IPA\" \/>\n\t<meta name=\"twitter:label2\" content=\"Tiempo de lectura\" \/>\n\t<meta name=\"twitter:data2\" content=\"3 minutos\" \/>\n<script type=\"application\/ld+json\" class=\"yoast-schema-graph\">{\"@context\":\"https:\/\/schema.org\",\"@graph\":[{\"@type\":\"Article\",\"@id\":\"https:\/\/www.pressenza.com\/es\/2009\/11\/un-compromiso-renovado-contra-el-hambre\/#article\",\"isPartOf\":{\"@id\":\"https:\/\/www.pressenza.com\/es\/2009\/11\/un-compromiso-renovado-contra-el-hambre\/\"},\"author\":{\"name\":\"Pressenza IPA\",\"@id\":\"https:\/\/www.pressenza.com\/es\/#\/schema\/person\/010e5d02bcf40965427a1289a4cc8d75\"},\"headline\":\"Un compromiso renovado contra el hambre\",\"datePublished\":\"2009-11-16T00:00:00+00:00\",\"dateModified\":\"2009-11-16T09:32:06+00:00\",\"mainEntityOfPage\":{\"@id\":\"https:\/\/www.pressenza.com\/es\/2009\/11\/un-compromiso-renovado-contra-el-hambre\/\"},\"wordCount\":642,\"publisher\":{\"@id\":\"https:\/\/www.pressenza.com\/es\/#organization\"},\"articleSection\":[\"Comunicados de Prensa\",\"Europa\",\"Internacional\",\"Pol\u00edtica\"],\"inLanguage\":\"es\"},{\"@type\":\"WebPage\",\"@id\":\"https:\/\/www.pressenza.com\/es\/2009\/11\/un-compromiso-renovado-contra-el-hambre\/\",\"url\":\"https:\/\/www.pressenza.com\/es\/2009\/11\/un-compromiso-renovado-contra-el-hambre\/\",\"name\":\"Un compromiso renovado contra el hambre\",\"isPartOf\":{\"@id\":\"https:\/\/www.pressenza.com\/es\/#website\"},\"datePublished\":\"2009-11-16T00:00:00+00:00\",\"dateModified\":\"2009-11-16T09:32:06+00:00\",\"description\":\"Los l\u00edderes mundiales convocados en la sede de la FAO para la Cumbre Mundial sobre la Seguridad Alimentaria, adoptaron hoy por unanimidad una declaraci\u00f3n prometiendo un renovado compromiso para erradicar el hambre de la faz de la tierra, de forma sostenible y a la mayor brevedad posible. Se pide mejor gobernanza, mayores inversiones y estrategias frente al cambio clim\u00e1tico.\",\"breadcrumb\":{\"@id\":\"https:\/\/www.pressenza.com\/es\/2009\/11\/un-compromiso-renovado-contra-el-hambre\/#breadcrumb\"},\"inLanguage\":\"es\",\"potentialAction\":[{\"@type\":\"ReadAction\",\"target\":[\"https:\/\/www.pressenza.com\/es\/2009\/11\/un-compromiso-renovado-contra-el-hambre\/\"]}]},{\"@type\":\"BreadcrumbList\",\"@id\":\"https:\/\/www.pressenza.com\/es\/2009\/11\/un-compromiso-renovado-contra-el-hambre\/#breadcrumb\",\"itemListElement\":[{\"@type\":\"ListItem\",\"position\":1,\"name\":\"Accueil\",\"item\":\"https:\/\/www.pressenza.com\/es\/\"},{\"@type\":\"ListItem\",\"position\":2,\"name\":\"Un compromiso renovado contra el hambre\"}]},{\"@type\":\"WebSite\",\"@id\":\"https:\/\/www.pressenza.com\/es\/#website\",\"url\":\"https:\/\/www.pressenza.com\/es\/\",\"name\":\"Pressenza\",\"description\":\"International Press Agency\",\"publisher\":{\"@id\":\"https:\/\/www.pressenza.com\/es\/#organization\"},\"potentialAction\":[{\"@type\":\"SearchAction\",\"target\":{\"@type\":\"EntryPoint\",\"urlTemplate\":\"https:\/\/www.pressenza.com\/es\/?s={search_term_string}\"},\"query-input\":{\"@type\":\"PropertyValueSpecification\",\"valueRequired\":true,\"valueName\":\"search_term_string\"}}],\"inLanguage\":\"es\"},{\"@type\":\"Organization\",\"@id\":\"https:\/\/www.pressenza.com\/es\/#organization\",\"name\":\"Pressenza\",\"url\":\"https:\/\/www.pressenza.com\/es\/\",\"logo\":{\"@type\":\"ImageObject\",\"inLanguage\":\"es\",\"@id\":\"https:\/\/www.pressenza.com\/es\/#\/schema\/logo\/image\/\",\"url\":\"https:\/\/www.pressenza.com\/wp-content\/uploads\/2022\/10\/pressenza_logo_200x200.jpg\",\"contentUrl\":\"https:\/\/www.pressenza.com\/wp-content\/uploads\/2022\/10\/pressenza_logo_200x200.jpg\",\"width\":200,\"height\":200,\"caption\":\"Pressenza\"},\"image\":{\"@id\":\"https:\/\/www.pressenza.com\/es\/#\/schema\/logo\/image\/\"},\"sameAs\":[\"https:\/\/www.facebook.com\/PressenzaItalia\",\"https:\/\/x.com\/PressenzaIPA\"]},{\"@type\":\"Person\",\"@id\":\"https:\/\/www.pressenza.com\/es\/#\/schema\/person\/010e5d02bcf40965427a1289a4cc8d75\",\"name\":\"Pressenza IPA\",\"description\":\"News from Pressenza IPA correspondents\",\"sameAs\":[\"https:\/\/www.facebook.com\/pressenza\",\"https:\/\/x.com\/PressenzaIPA\"],\"url\":\"https:\/\/www.pressenza.com\/es\/author\/pressenza-ipa\/\"}]}<\/script>\n<!-- \/ Yoast SEO plugin. -->","yoast_head_json":{"title":"Un compromiso renovado contra el hambre","description":"Los l\u00edderes mundiales convocados en la sede de la FAO para la Cumbre Mundial sobre la Seguridad Alimentaria, adoptaron hoy por unanimidad una declaraci\u00f3n prometiendo un renovado compromiso para erradicar el hambre de la faz de la tierra, de forma sostenible y a la mayor brevedad posible. Se pide mejor gobernanza, mayores inversiones y estrategias frente al cambio clim\u00e1tico.","robots":{"index":"index","follow":"follow","max-snippet":"max-snippet:-1","max-image-preview":"max-image-preview:large","max-video-preview":"max-video-preview:-1"},"canonical":"https:\/\/www.pressenza.com\/es\/2009\/11\/un-compromiso-renovado-contra-el-hambre\/","og_locale":"es_ES","og_type":"article","og_title":"Un compromiso renovado contra el hambre","og_description":"Los l\u00edderes mundiales convocados en la sede de la FAO para la Cumbre Mundial sobre la Seguridad Alimentaria, adoptaron hoy por unanimidad una declaraci\u00f3n prometiendo un renovado compromiso para erradicar el hambre de la faz de la tierra, de forma sostenible y a la mayor brevedad posible. Se pide mejor gobernanza, mayores inversiones y estrategias frente al cambio clim\u00e1tico.","og_url":"https:\/\/www.pressenza.com\/es\/2009\/11\/un-compromiso-renovado-contra-el-hambre\/","og_site_name":"Pressenza","article_publisher":"https:\/\/www.facebook.com\/PressenzaItalia","article_author":"https:\/\/www.facebook.com\/pressenza","article_published_time":"2009-11-16T00:00:00+00:00","article_modified_time":"2009-11-16T09:32:06+00:00","author":"Pressenza IPA","twitter_card":"summary_large_image","twitter_creator":"@PressenzaIPA","twitter_site":"@PressenzaIPA","twitter_misc":{"Escrito por":"Pressenza IPA","Tiempo de lectura":"3 minutos"},"schema":{"@context":"https:\/\/schema.org","@graph":[{"@type":"Article","@id":"https:\/\/www.pressenza.com\/es\/2009\/11\/un-compromiso-renovado-contra-el-hambre\/#article","isPartOf":{"@id":"https:\/\/www.pressenza.com\/es\/2009\/11\/un-compromiso-renovado-contra-el-hambre\/"},"author":{"name":"Pressenza IPA","@id":"https:\/\/www.pressenza.com\/es\/#\/schema\/person\/010e5d02bcf40965427a1289a4cc8d75"},"headline":"Un compromiso renovado contra el hambre","datePublished":"2009-11-16T00:00:00+00:00","dateModified":"2009-11-16T09:32:06+00:00","mainEntityOfPage":{"@id":"https:\/\/www.pressenza.com\/es\/2009\/11\/un-compromiso-renovado-contra-el-hambre\/"},"wordCount":642,"publisher":{"@id":"https:\/\/www.pressenza.com\/es\/#organization"},"articleSection":["Comunicados de Prensa","Europa","Internacional","Pol\u00edtica"],"inLanguage":"es"},{"@type":"WebPage","@id":"https:\/\/www.pressenza.com\/es\/2009\/11\/un-compromiso-renovado-contra-el-hambre\/","url":"https:\/\/www.pressenza.com\/es\/2009\/11\/un-compromiso-renovado-contra-el-hambre\/","name":"Un compromiso renovado contra el hambre","isPartOf":{"@id":"https:\/\/www.pressenza.com\/es\/#website"},"datePublished":"2009-11-16T00:00:00+00:00","dateModified":"2009-11-16T09:32:06+00:00","description":"Los l\u00edderes mundiales convocados en la sede de la FAO para la Cumbre Mundial sobre la Seguridad Alimentaria, adoptaron hoy por unanimidad una declaraci\u00f3n prometiendo un renovado compromiso para erradicar el hambre de la faz de la tierra, de forma sostenible y a la mayor brevedad posible. Se pide mejor gobernanza, mayores inversiones y estrategias frente al cambio clim\u00e1tico.","breadcrumb":{"@id":"https:\/\/www.pressenza.com\/es\/2009\/11\/un-compromiso-renovado-contra-el-hambre\/#breadcrumb"},"inLanguage":"es","potentialAction":[{"@type":"ReadAction","target":["https:\/\/www.pressenza.com\/es\/2009\/11\/un-compromiso-renovado-contra-el-hambre\/"]}]},{"@type":"BreadcrumbList","@id":"https:\/\/www.pressenza.com\/es\/2009\/11\/un-compromiso-renovado-contra-el-hambre\/#breadcrumb","itemListElement":[{"@type":"ListItem","position":1,"name":"Accueil","item":"https:\/\/www.pressenza.com\/es\/"},{"@type":"ListItem","position":2,"name":"Un compromiso renovado contra el hambre"}]},{"@type":"WebSite","@id":"https:\/\/www.pressenza.com\/es\/#website","url":"https:\/\/www.pressenza.com\/es\/","name":"Pressenza","description":"International Press Agency","publisher":{"@id":"https:\/\/www.pressenza.com\/es\/#organization"},"potentialAction":[{"@type":"SearchAction","target":{"@type":"EntryPoint","urlTemplate":"https:\/\/www.pressenza.com\/es\/?s={search_term_string}"},"query-input":{"@type":"PropertyValueSpecification","valueRequired":true,"valueName":"search_term_string"}}],"inLanguage":"es"},{"@type":"Organization","@id":"https:\/\/www.pressenza.com\/es\/#organization","name":"Pressenza","url":"https:\/\/www.pressenza.com\/es\/","logo":{"@type":"ImageObject","inLanguage":"es","@id":"https:\/\/www.pressenza.com\/es\/#\/schema\/logo\/image\/","url":"https:\/\/www.pressenza.com\/wp-content\/uploads\/2022\/10\/pressenza_logo_200x200.jpg","contentUrl":"https:\/\/www.pressenza.com\/wp-content\/uploads\/2022\/10\/pressenza_logo_200x200.jpg","width":200,"height":200,"caption":"Pressenza"},"image":{"@id":"https:\/\/www.pressenza.com\/es\/#\/schema\/logo\/image\/"},"sameAs":["https:\/\/www.facebook.com\/PressenzaItalia","https:\/\/x.com\/PressenzaIPA"]},{"@type":"Person","@id":"https:\/\/www.pressenza.com\/es\/#\/schema\/person\/010e5d02bcf40965427a1289a4cc8d75","name":"Pressenza IPA","description":"News from Pressenza IPA correspondents","sameAs":["https:\/\/www.facebook.com\/pressenza","https:\/\/x.com\/PressenzaIPA"],"url":"https:\/\/www.pressenza.com\/es\/author\/pressenza-ipa\/"}]}},"place":"Roma","original_article_url":"","_links":{"self":[{"href":"https:\/\/www.pressenza.com\/es\/wp-json\/wp\/v2\/posts\/2253","targetHints":{"allow":["GET"]}}],"collection":[{"href":"https:\/\/www.pressenza.com\/es\/wp-json\/wp\/v2\/posts"}],"about":[{"href":"https:\/\/www.pressenza.com\/es\/wp-json\/wp\/v2\/types\/post"}],"author":[{"embeddable":true,"href":"https:\/\/www.pressenza.com\/es\/wp-json\/wp\/v2\/users\/19"}],"replies":[{"embeddable":true,"href":"https:\/\/www.pressenza.com\/es\/wp-json\/wp\/v2\/comments?post=2253"}],"version-history":[{"count":0,"href":"https:\/\/www.pressenza.com\/es\/wp-json\/wp\/v2\/posts\/2253\/revisions"}],"wp:attachment":[{"href":"https:\/\/www.pressenza.com\/es\/wp-json\/wp\/v2\/media?parent=2253"}],"wp:term":[{"taxonomy":"category","embeddable":true,"href":"https:\/\/www.pressenza.com\/es\/wp-json\/wp\/v2\/categories?post=2253"},{"taxonomy":"post_tag","embeddable":true,"href":"https:\/\/www.pressenza.com\/es\/wp-json\/wp\/v2\/tags?post=2253"}],"curies":[{"name":"wp","href":"https:\/\/api.w.org\/{rel}","templated":true}]}}