{"id":2234,"date":"2009-11-15T00:00:00","date_gmt":"2009-11-15T00:00:00","guid":{"rendered":""},"modified":"2009-11-17T19:19:32","modified_gmt":"2009-11-17T19:19:32","slug":"manifiesto-sentimiento-de-esperanza-en-el-foro-armamento-nuclear-cero","status":"publish","type":"post","link":"https:\/\/www.pressenza.com\/es\/2009\/11\/manifiesto-sentimiento-de-esperanza-en-el-foro-armamento-nuclear-cero\/","title":{"rendered":"Manifiesto sentimiento de esperanza en el foro Armamento Nuclear Cero"},"content":{"rendered":"<p>El alcalde David Miller inaugur\u00f3 el Foro con una c\u00e1lida bienvenida a todos los invitados y participantes y con el relato de la  experiencia de su propia familia durante la Segunda Guerra Mundial.<br \/>\nEl alcalde Miller es miembro de Alcaldes por la Paz y tambi\u00e9n ha respaldado la Marcha Mundial por la Paz y la No Violencia.<\/p>\n<p>Tadatoshi Akiba, Presidente de Alcaldes por la Paz y alcalde de Hiroshima fue el primer orador a trav\u00e9s de una video conferencia en vivo. El alcalde Akiba habl\u00f3 acerca del momento actual de esperanza que provoc\u00f3 la administraci\u00f3n del presidente Obama y dijo que aunque \u00e9ste se mueve con prudencia hacia el desarme, lo hace m\u00e1s r\u00e1pidamente de lo que se hubiera podido imaginar hace s\u00f3lo unos pocos a\u00f1os. Efectivamente, dijo que la declaraci\u00f3n de Obama acerca del objetivo de reducir el arsenal incluso parece superar la propia visi\u00f3n de abolici\u00f3n de armamento nuclear para el a\u00f1o 2020 que tiene Alcaldes por la Paz y con sensatez Akiba observ\u00f3 que *\u201cDeber\u00edamos prestar atenci\u00f3n a la velocidad con la que el mundo est\u00e1 cambiando o podr\u00edamos llegar a ser obsoletos\u201d*.<\/p>\n<p>Anthony Cary, Comisionado Superior Brit\u00e1nico en Canad\u00e1, tambi\u00e9n se hizo eco de esta sensaci\u00f3n de optimismo, al hablar de c\u00f3mo *\u201cluego de una d\u00e9cada de estancamiento, ahora existe realmente esperanza de desarme nuclear\u201d*. Cary recibi\u00f3 una cantidad de preguntas de la audiencia acerca de los submarinos Trident brit\u00e1nicos y acerca de la necesidad de relacionar el asunto de la energ\u00eda nuclear con el de la proliferaci\u00f3n del armamento nuclear.<\/p>\n<p>Jonathan Schell, escritor de renombre, finaliz\u00f3 la primera noche con una cautivante conferencia que se\u00f1alaba d\u00f3nde estamos ahora \u201cen esta s\u00e9ptima d\u00e9cada de era nuclear\u201d. Advirti\u00f3 el surgimiento sorprendente de un componente de derecha que se expresa por el desarme al comentar que cuando gente como Kissinger comienza a realizar comentarios en p\u00fablico acerca de la necesidad de desarme *\u201ces como que el clero se oponga a su propio dogma\u201d*. Naturalmente Schell dio la bienvenida a este avance al explicar que tal respaldo *\u201cnos libera del gueto pol\u00edtico en el que este tema sol\u00eda estar inmerso\u201d*.<br \/>\nLa conferencia de Schell continu\u00f3 con una mirada a la distancia que existe entre la visi\u00f3n sin armamento de Obama y las decisiones concretas de negociaci\u00f3n que de hecho se est\u00e1n tomando. Explic\u00f3 adem\u00e1s que era el resultado de la persistencia de una \u201cmentalidad de disuasi\u00f3n\u201d, en realidad \u201clos arsenales nucleares crean proliferaci\u00f3n, no disuaden\u201d. Para finalizar, Schell enfatiz\u00f3 que el tema del desarme nuclear debe relacionarse al del cambio clim\u00e1tico y ser visto como \u201cparte de una mayor planificaci\u00f3n para la Tierra\u201d, dado que ambos temas afectan a la supervivencia total de nuestras especies y de toda la vida en el planeta.<br \/>\n*\u201cUn mundo sin guerras fue un sue\u00f1o alguna vez, ahora es una necesidad\u201d*, concluy\u00f3 con el aplauso animado de los presentes.<\/p>\n<p>Durante el s\u00e1bado, la mesa de debate \u201cSuperando los obst\u00e1culos\u201d se refiri\u00f3 a la verificaci\u00f3n del cumplimiento de los tratados y a la situaci\u00f3n paralizada entre Estados Unidos y Rusia; en la de \u201cZona \u00e1rtica libre de armamento nuclear\u201d se trat\u00f3 c\u00f3mo podr\u00eda ser posible establecer tal zona y en la de \u201cElevaci\u00f3n y sustentaci\u00f3n de la voluntad pol\u00edtica\u201d se destac\u00f3 la disertaci\u00f3n de Douglas Roche, activista, acad\u00e9mico y anterior Embajador canadiense por el desarme.<\/p>\n<p>El Foro Armamento Nuclear Cero fue organizado por Metta Spencer de Ciencia para la Paz y co-patrocinado por el Grupo Canadiense Pugwash, por M\u00e9dicos para la Supervivencia Global y por la Voz de las Mujeres Canadienses por la Paz.<\/p>\n<p>Traducci\u00f3n: Sandra Cravero<\/p>\n","protected":false},"excerpt":{"rendered":"<p>Toronto, escenario del Foro Armamento Nuclear Cero, reuni\u00f3 a expertos y activistas para debatir sobre el tema. Asistieron al consejo del Ayuntamiento de la Ciudad m\u00e1s de 250 personas y lo m\u00e1s notorio a trav\u00e9s de todas las charlas, fue la clara manifestaci\u00f3n del optimismo y la esperanza de que al fin se est\u00e1 consiguiendo un mundo libre de armas nucleares<\/p>\n","protected":false},"author":19,"featured_media":0,"comment_status":"closed","ping_status":"open","sticky":false,"template":"","format":"standard","meta":{"footnotes":""},"categories":[39,68,74],"tags":[],"class_list":["post-2234","post","type-post","status-publish","format-standard","hentry","category-internacional","category-norteamerica","category-politica-es"],"yoast_head":"<!-- This site is optimized with the Yoast SEO plugin v27.1.1 - https:\/\/yoast.com\/product\/yoast-seo-wordpress\/ -->\n<title>Manifiesto sentimiento de esperanza en el foro Armamento Nuclear Cero<\/title>\n<meta name=\"description\" content=\"Toronto, escenario del Foro Armamento Nuclear Cero, reuni\u00f3 a expertos y activistas para debatir sobre el tema. Asistieron al consejo del Ayuntamiento de la Ciudad m\u00e1s de 250 personas y lo m\u00e1s notorio a trav\u00e9s de todas las charlas, fue la clara manifestaci\u00f3n del optimismo y la esperanza de que al fin se est\u00e1 consiguiendo un mundo libre de armas nucleares\" \/>\n<meta name=\"robots\" content=\"index, follow, max-snippet:-1, max-image-preview:large, max-video-preview:-1\" \/>\n<link rel=\"canonical\" href=\"https:\/\/www.pressenza.com\/es\/2009\/11\/manifiesto-sentimiento-de-esperanza-en-el-foro-armamento-nuclear-cero\/\" \/>\n<meta property=\"og:locale\" content=\"es_ES\" \/>\n<meta property=\"og:type\" content=\"article\" \/>\n<meta property=\"og:title\" content=\"Manifiesto sentimiento de esperanza en el foro Armamento Nuclear Cero\" \/>\n<meta property=\"og:description\" content=\"Toronto, escenario del Foro Armamento Nuclear Cero, reuni\u00f3 a expertos y activistas para debatir sobre el tema. Asistieron al consejo del Ayuntamiento de la Ciudad m\u00e1s de 250 personas y lo m\u00e1s notorio a trav\u00e9s de todas las charlas, fue la clara manifestaci\u00f3n del optimismo y la esperanza de que al fin se est\u00e1 consiguiendo un mundo libre de armas nucleares\" \/>\n<meta property=\"og:url\" content=\"https:\/\/www.pressenza.com\/es\/2009\/11\/manifiesto-sentimiento-de-esperanza-en-el-foro-armamento-nuclear-cero\/\" \/>\n<meta property=\"og:site_name\" content=\"Pressenza\" \/>\n<meta property=\"article:publisher\" content=\"https:\/\/www.facebook.com\/PressenzaItalia\" \/>\n<meta property=\"article:author\" content=\"https:\/\/www.facebook.com\/pressenza\" \/>\n<meta property=\"article:published_time\" content=\"2009-11-15T00:00:00+00:00\" \/>\n<meta property=\"article:modified_time\" content=\"2009-11-17T19:19:32+00:00\" \/>\n<meta name=\"author\" content=\"Pressenza IPA\" \/>\n<meta name=\"twitter:card\" content=\"summary_large_image\" \/>\n<meta name=\"twitter:creator\" content=\"@PressenzaIPA\" \/>\n<meta name=\"twitter:site\" content=\"@PressenzaIPA\" \/>\n<meta name=\"twitter:label1\" content=\"Escrito por\" \/>\n\t<meta name=\"twitter:data1\" content=\"Pressenza IPA\" \/>\n\t<meta name=\"twitter:label2\" content=\"Tiempo de lectura\" \/>\n\t<meta name=\"twitter:data2\" content=\"3 minutos\" \/>\n<script type=\"application\/ld+json\" class=\"yoast-schema-graph\">{\"@context\":\"https:\/\/schema.org\",\"@graph\":[{\"@type\":\"Article\",\"@id\":\"https:\/\/www.pressenza.com\/es\/2009\/11\/manifiesto-sentimiento-de-esperanza-en-el-foro-armamento-nuclear-cero\/#article\",\"isPartOf\":{\"@id\":\"https:\/\/www.pressenza.com\/es\/2009\/11\/manifiesto-sentimiento-de-esperanza-en-el-foro-armamento-nuclear-cero\/\"},\"author\":{\"name\":\"Pressenza IPA\",\"@id\":\"https:\/\/www.pressenza.com\/es\/#\/schema\/person\/010e5d02bcf40965427a1289a4cc8d75\"},\"headline\":\"Manifiesto sentimiento de esperanza en el foro Armamento Nuclear Cero\",\"datePublished\":\"2009-11-15T00:00:00+00:00\",\"dateModified\":\"2009-11-17T19:19:32+00:00\",\"mainEntityOfPage\":{\"@id\":\"https:\/\/www.pressenza.com\/es\/2009\/11\/manifiesto-sentimiento-de-esperanza-en-el-foro-armamento-nuclear-cero\/\"},\"wordCount\":653,\"publisher\":{\"@id\":\"https:\/\/www.pressenza.com\/es\/#organization\"},\"articleSection\":[\"Internacional\",\"Norteam\u00e9rica\",\"Pol\u00edtica\"],\"inLanguage\":\"es\"},{\"@type\":\"WebPage\",\"@id\":\"https:\/\/www.pressenza.com\/es\/2009\/11\/manifiesto-sentimiento-de-esperanza-en-el-foro-armamento-nuclear-cero\/\",\"url\":\"https:\/\/www.pressenza.com\/es\/2009\/11\/manifiesto-sentimiento-de-esperanza-en-el-foro-armamento-nuclear-cero\/\",\"name\":\"Manifiesto sentimiento de esperanza en el foro Armamento Nuclear Cero\",\"isPartOf\":{\"@id\":\"https:\/\/www.pressenza.com\/es\/#website\"},\"datePublished\":\"2009-11-15T00:00:00+00:00\",\"dateModified\":\"2009-11-17T19:19:32+00:00\",\"description\":\"Toronto, escenario del Foro Armamento Nuclear Cero, reuni\u00f3 a expertos y activistas para debatir sobre el tema. Asistieron al consejo del Ayuntamiento de la Ciudad m\u00e1s de 250 personas y lo m\u00e1s notorio a trav\u00e9s de todas las charlas, fue la clara manifestaci\u00f3n del optimismo y la esperanza de que al fin se est\u00e1 consiguiendo un mundo libre de armas nucleares\",\"breadcrumb\":{\"@id\":\"https:\/\/www.pressenza.com\/es\/2009\/11\/manifiesto-sentimiento-de-esperanza-en-el-foro-armamento-nuclear-cero\/#breadcrumb\"},\"inLanguage\":\"es\",\"potentialAction\":[{\"@type\":\"ReadAction\",\"target\":[\"https:\/\/www.pressenza.com\/es\/2009\/11\/manifiesto-sentimiento-de-esperanza-en-el-foro-armamento-nuclear-cero\/\"]}]},{\"@type\":\"BreadcrumbList\",\"@id\":\"https:\/\/www.pressenza.com\/es\/2009\/11\/manifiesto-sentimiento-de-esperanza-en-el-foro-armamento-nuclear-cero\/#breadcrumb\",\"itemListElement\":[{\"@type\":\"ListItem\",\"position\":1,\"name\":\"Accueil\",\"item\":\"https:\/\/www.pressenza.com\/es\/\"},{\"@type\":\"ListItem\",\"position\":2,\"name\":\"Manifiesto sentimiento de esperanza en el foro Armamento Nuclear Cero\"}]},{\"@type\":\"WebSite\",\"@id\":\"https:\/\/www.pressenza.com\/es\/#website\",\"url\":\"https:\/\/www.pressenza.com\/es\/\",\"name\":\"Pressenza\",\"description\":\"International Press Agency\",\"publisher\":{\"@id\":\"https:\/\/www.pressenza.com\/es\/#organization\"},\"potentialAction\":[{\"@type\":\"SearchAction\",\"target\":{\"@type\":\"EntryPoint\",\"urlTemplate\":\"https:\/\/www.pressenza.com\/es\/?s={search_term_string}\"},\"query-input\":{\"@type\":\"PropertyValueSpecification\",\"valueRequired\":true,\"valueName\":\"search_term_string\"}}],\"inLanguage\":\"es\"},{\"@type\":\"Organization\",\"@id\":\"https:\/\/www.pressenza.com\/es\/#organization\",\"name\":\"Pressenza\",\"url\":\"https:\/\/www.pressenza.com\/es\/\",\"logo\":{\"@type\":\"ImageObject\",\"inLanguage\":\"es\",\"@id\":\"https:\/\/www.pressenza.com\/es\/#\/schema\/logo\/image\/\",\"url\":\"https:\/\/www.pressenza.com\/wp-content\/uploads\/2022\/10\/pressenza_logo_200x200.jpg\",\"contentUrl\":\"https:\/\/www.pressenza.com\/wp-content\/uploads\/2022\/10\/pressenza_logo_200x200.jpg\",\"width\":200,\"height\":200,\"caption\":\"Pressenza\"},\"image\":{\"@id\":\"https:\/\/www.pressenza.com\/es\/#\/schema\/logo\/image\/\"},\"sameAs\":[\"https:\/\/www.facebook.com\/PressenzaItalia\",\"https:\/\/x.com\/PressenzaIPA\"]},{\"@type\":\"Person\",\"@id\":\"https:\/\/www.pressenza.com\/es\/#\/schema\/person\/010e5d02bcf40965427a1289a4cc8d75\",\"name\":\"Pressenza IPA\",\"description\":\"News from Pressenza IPA correspondents\",\"sameAs\":[\"https:\/\/www.facebook.com\/pressenza\",\"https:\/\/x.com\/PressenzaIPA\"],\"url\":\"https:\/\/www.pressenza.com\/es\/author\/pressenza-ipa\/\"}]}<\/script>\n<!-- \/ Yoast SEO plugin. -->","yoast_head_json":{"title":"Manifiesto sentimiento de esperanza en el foro Armamento Nuclear Cero","description":"Toronto, escenario del Foro Armamento Nuclear Cero, reuni\u00f3 a expertos y activistas para debatir sobre el tema. Asistieron al consejo del Ayuntamiento de la Ciudad m\u00e1s de 250 personas y lo m\u00e1s notorio a trav\u00e9s de todas las charlas, fue la clara manifestaci\u00f3n del optimismo y la esperanza de que al fin se est\u00e1 consiguiendo un mundo libre de armas nucleares","robots":{"index":"index","follow":"follow","max-snippet":"max-snippet:-1","max-image-preview":"max-image-preview:large","max-video-preview":"max-video-preview:-1"},"canonical":"https:\/\/www.pressenza.com\/es\/2009\/11\/manifiesto-sentimiento-de-esperanza-en-el-foro-armamento-nuclear-cero\/","og_locale":"es_ES","og_type":"article","og_title":"Manifiesto sentimiento de esperanza en el foro Armamento Nuclear Cero","og_description":"Toronto, escenario del Foro Armamento Nuclear Cero, reuni\u00f3 a expertos y activistas para debatir sobre el tema. Asistieron al consejo del Ayuntamiento de la Ciudad m\u00e1s de 250 personas y lo m\u00e1s notorio a trav\u00e9s de todas las charlas, fue la clara manifestaci\u00f3n del optimismo y la esperanza de que al fin se est\u00e1 consiguiendo un mundo libre de armas nucleares","og_url":"https:\/\/www.pressenza.com\/es\/2009\/11\/manifiesto-sentimiento-de-esperanza-en-el-foro-armamento-nuclear-cero\/","og_site_name":"Pressenza","article_publisher":"https:\/\/www.facebook.com\/PressenzaItalia","article_author":"https:\/\/www.facebook.com\/pressenza","article_published_time":"2009-11-15T00:00:00+00:00","article_modified_time":"2009-11-17T19:19:32+00:00","author":"Pressenza IPA","twitter_card":"summary_large_image","twitter_creator":"@PressenzaIPA","twitter_site":"@PressenzaIPA","twitter_misc":{"Escrito por":"Pressenza IPA","Tiempo de lectura":"3 minutos"},"schema":{"@context":"https:\/\/schema.org","@graph":[{"@type":"Article","@id":"https:\/\/www.pressenza.com\/es\/2009\/11\/manifiesto-sentimiento-de-esperanza-en-el-foro-armamento-nuclear-cero\/#article","isPartOf":{"@id":"https:\/\/www.pressenza.com\/es\/2009\/11\/manifiesto-sentimiento-de-esperanza-en-el-foro-armamento-nuclear-cero\/"},"author":{"name":"Pressenza IPA","@id":"https:\/\/www.pressenza.com\/es\/#\/schema\/person\/010e5d02bcf40965427a1289a4cc8d75"},"headline":"Manifiesto sentimiento de esperanza en el foro Armamento Nuclear Cero","datePublished":"2009-11-15T00:00:00+00:00","dateModified":"2009-11-17T19:19:32+00:00","mainEntityOfPage":{"@id":"https:\/\/www.pressenza.com\/es\/2009\/11\/manifiesto-sentimiento-de-esperanza-en-el-foro-armamento-nuclear-cero\/"},"wordCount":653,"publisher":{"@id":"https:\/\/www.pressenza.com\/es\/#organization"},"articleSection":["Internacional","Norteam\u00e9rica","Pol\u00edtica"],"inLanguage":"es"},{"@type":"WebPage","@id":"https:\/\/www.pressenza.com\/es\/2009\/11\/manifiesto-sentimiento-de-esperanza-en-el-foro-armamento-nuclear-cero\/","url":"https:\/\/www.pressenza.com\/es\/2009\/11\/manifiesto-sentimiento-de-esperanza-en-el-foro-armamento-nuclear-cero\/","name":"Manifiesto sentimiento de esperanza en el foro Armamento Nuclear Cero","isPartOf":{"@id":"https:\/\/www.pressenza.com\/es\/#website"},"datePublished":"2009-11-15T00:00:00+00:00","dateModified":"2009-11-17T19:19:32+00:00","description":"Toronto, escenario del Foro Armamento Nuclear Cero, reuni\u00f3 a expertos y activistas para debatir sobre el tema. Asistieron al consejo del Ayuntamiento de la Ciudad m\u00e1s de 250 personas y lo m\u00e1s notorio a trav\u00e9s de todas las charlas, fue la clara manifestaci\u00f3n del optimismo y la esperanza de que al fin se est\u00e1 consiguiendo un mundo libre de armas nucleares","breadcrumb":{"@id":"https:\/\/www.pressenza.com\/es\/2009\/11\/manifiesto-sentimiento-de-esperanza-en-el-foro-armamento-nuclear-cero\/#breadcrumb"},"inLanguage":"es","potentialAction":[{"@type":"ReadAction","target":["https:\/\/www.pressenza.com\/es\/2009\/11\/manifiesto-sentimiento-de-esperanza-en-el-foro-armamento-nuclear-cero\/"]}]},{"@type":"BreadcrumbList","@id":"https:\/\/www.pressenza.com\/es\/2009\/11\/manifiesto-sentimiento-de-esperanza-en-el-foro-armamento-nuclear-cero\/#breadcrumb","itemListElement":[{"@type":"ListItem","position":1,"name":"Accueil","item":"https:\/\/www.pressenza.com\/es\/"},{"@type":"ListItem","position":2,"name":"Manifiesto sentimiento de esperanza en el foro Armamento Nuclear Cero"}]},{"@type":"WebSite","@id":"https:\/\/www.pressenza.com\/es\/#website","url":"https:\/\/www.pressenza.com\/es\/","name":"Pressenza","description":"International Press Agency","publisher":{"@id":"https:\/\/www.pressenza.com\/es\/#organization"},"potentialAction":[{"@type":"SearchAction","target":{"@type":"EntryPoint","urlTemplate":"https:\/\/www.pressenza.com\/es\/?s={search_term_string}"},"query-input":{"@type":"PropertyValueSpecification","valueRequired":true,"valueName":"search_term_string"}}],"inLanguage":"es"},{"@type":"Organization","@id":"https:\/\/www.pressenza.com\/es\/#organization","name":"Pressenza","url":"https:\/\/www.pressenza.com\/es\/","logo":{"@type":"ImageObject","inLanguage":"es","@id":"https:\/\/www.pressenza.com\/es\/#\/schema\/logo\/image\/","url":"https:\/\/www.pressenza.com\/wp-content\/uploads\/2022\/10\/pressenza_logo_200x200.jpg","contentUrl":"https:\/\/www.pressenza.com\/wp-content\/uploads\/2022\/10\/pressenza_logo_200x200.jpg","width":200,"height":200,"caption":"Pressenza"},"image":{"@id":"https:\/\/www.pressenza.com\/es\/#\/schema\/logo\/image\/"},"sameAs":["https:\/\/www.facebook.com\/PressenzaItalia","https:\/\/x.com\/PressenzaIPA"]},{"@type":"Person","@id":"https:\/\/www.pressenza.com\/es\/#\/schema\/person\/010e5d02bcf40965427a1289a4cc8d75","name":"Pressenza IPA","description":"News from Pressenza IPA correspondents","sameAs":["https:\/\/www.facebook.com\/pressenza","https:\/\/x.com\/PressenzaIPA"],"url":"https:\/\/www.pressenza.com\/es\/author\/pressenza-ipa\/"}]}},"place":"Toronto","original_article_url":"","_links":{"self":[{"href":"https:\/\/www.pressenza.com\/es\/wp-json\/wp\/v2\/posts\/2234","targetHints":{"allow":["GET"]}}],"collection":[{"href":"https:\/\/www.pressenza.com\/es\/wp-json\/wp\/v2\/posts"}],"about":[{"href":"https:\/\/www.pressenza.com\/es\/wp-json\/wp\/v2\/types\/post"}],"author":[{"embeddable":true,"href":"https:\/\/www.pressenza.com\/es\/wp-json\/wp\/v2\/users\/19"}],"replies":[{"embeddable":true,"href":"https:\/\/www.pressenza.com\/es\/wp-json\/wp\/v2\/comments?post=2234"}],"version-history":[{"count":0,"href":"https:\/\/www.pressenza.com\/es\/wp-json\/wp\/v2\/posts\/2234\/revisions"}],"wp:attachment":[{"href":"https:\/\/www.pressenza.com\/es\/wp-json\/wp\/v2\/media?parent=2234"}],"wp:term":[{"taxonomy":"category","embeddable":true,"href":"https:\/\/www.pressenza.com\/es\/wp-json\/wp\/v2\/categories?post=2234"},{"taxonomy":"post_tag","embeddable":true,"href":"https:\/\/www.pressenza.com\/es\/wp-json\/wp\/v2\/tags?post=2234"}],"curies":[{"name":"wp","href":"https:\/\/api.w.org\/{rel}","templated":true}]}}