{"id":222641,"date":"2015-09-16T04:10:13","date_gmt":"2015-09-16T03:10:13","guid":{"rendered":"http:\/\/www.pressenza.com\/es\/?p=222641"},"modified":"2015-09-17T14:48:54","modified_gmt":"2015-09-17T13:48:54","slug":"la-revolucionaria-obra-de-silo","status":"publish","type":"post","link":"https:\/\/www.pressenza.com\/es\/2015\/09\/la-revolucionaria-obra-de-silo\/","title":{"rendered":"La revolucionaria obra de Silo"},"content":{"rendered":"<p>Consultado por un periodista, all\u00e1 por 1994, sobre \u00ab\u00bfQu\u00e9 le gustar\u00eda que figurara en su epitafio?\u201d , Silo respondi\u00f3: \u201cFue una buena persona, pero un mal escritor.\u201d<\/p>\n<p>Tal definici\u00f3n, que al par que puntualiza lo esencial, contiene la cuota habitual de iron\u00eda y humor con la que sol\u00eda deleitar a todos sus interlocutores, no deja de parecernos demasiado humilde. Ensayando definiciones, podr\u00edamos agregar: Un gu\u00eda sabio, pero tambi\u00e9n un pensador profundo o un maestro bondadoso, pero tambi\u00e9n un estratega formidable; un activista como pocos, pero tambi\u00e9n un m\u00edstico apasionado; un rebelde indomable, pero tambi\u00e9n un analista agudo; un Iniciado pero tambi\u00e9n un revolucionario social.<\/p>\n<p>Y por supuesto, a juzgar por la belleza literaria y la plasticidad po\u00e9tica que destilan sus textos, destacar\u00edamos que Silo ha sido un magn\u00edfico escritor, por lo dem\u00e1s concentrado mucho m\u00e1s en la utilidad y justeza de sus apreciaciones que en su forma externa. Tal como \u00e9l mismo lo comenta en un pasaje de su obra: \u201cNo argumentes tampoco que te desagrada mi modo de presentar las cosas porque eso no dices de la c\u00e1scara cuando te agrada el fruto. Expongo del modo que me parece conveniente, no del que fuera deseable para los que aspiran a cosas alejadas de la verdad interior.\u201d<\/p>\n<p>As\u00ed, podr\u00edamos continuar agregando definiciones, y ninguna, por si sola, dar\u00eda cuenta cabalmente de la extraordinaria personalidad de quien fundara la corriente conocida como Nuevo Humanismo o Humanismo Universalista y de cuyo Mensaje espiritual y existencial emanar\u00eda una profunda posibilidad de liberaci\u00f3n para el Ser Humano.<br \/>\n\u201cSi te hablo de aquello que hace feliz y libre al Ser Humano, vale la pena que intentes comprender\u201d \u2013 explica en una de las primeras p\u00e1ginas de La Mirada Interna, texto central de la doctrina de Silo. Y no hay duda que lo hemos intentado y lo seguiremos intentando\u2026<\/p>\n<p>Para quien escribe, la ense\u00f1anza de Silo es esencialmente revolucionaria. Revolucionaria porque propugna la profunda modificaci\u00f3n de estructuras sicosociales que dificultan el pleno despliegue de un ser humano libre de dolor y sufrimiento.<\/p>\n<p>Silo pone en discusi\u00f3n dichas estructuras anquilosadas, proponiendo adem\u00e1s experiencias que permitan a cada Ser humano saltar por sobre el abismo del sin sentido vital.<\/p>\n<p>\u201cTe dir\u00e9 cu\u00e1l es el sentido de tu vida aqu\u00ed: \u00a1humanizar la tierra! \u00bfQu\u00e9 es humanizar la tierra? Es superar el dolor y el sufrimiento, es aprender sin l\u00edmites, es amar la realidad que construyes.\u201d<\/p>\n<p>Aunque esencialmente existencial, la ense\u00f1anza de Silo es necesariamente trascendente. As\u00ed, invita a rebelarse contra la aparente fatalidad de la muerte, afirmando la posibilidad de un destino trascendente para el Ser Humano, sugiriendo una vida coherente entre lo que se piensa, siente y hace, superando la indiferencia hacia los dem\u00e1s, yendo activamente y en actitud solidaria hacia todos.<\/p>\n<p>Revolucionarias son sus proclamas en el campo social y pol\u00edtico, expresadas en aquel lema que anima la acci\u00f3n humanista en m\u00e1s de cien pa\u00edses del planeta: \u201cNada por encima del Ser Humano y ning\u00fan Ser Humano por debajo de otro\u201d<\/p>\n<p>Revolucionaria (y libertaria) es su concepci\u00f3n de \u201clo humano\u201d, alejada de todo naturalismo y zoologismo, definiendo Silo al Ser Humano como un \u201cser hist\u00f3rico cuyo modo de acci\u00f3n social transforma su propia naturaleza\u201d.<br \/>\nRevolucionarias sus ideas en el \u00e1rea de la psicolog\u00eda, fundamentando las capacidades transformadoras humanas en base a la actividad propia de su conciencia, la espacialidad de su representaci\u00f3n y la ampliaci\u00f3n del horizonte temporal que le es caracter\u00edstica.<\/p>\n<p>Revolucionaria su propuesta epistemol\u00f3gica, habiendo desarrollado un M\u00e9todo que enfatiza en la estructuralidad din\u00e1mica de todo fen\u00f3meno y en la esencial significaci\u00f3n de incluir la propia mirada para una cabal comprensi\u00f3n de lo estudiado.<\/p>\n<p>Revolucionario es su mensaje espiritual, que rechaza la imposici\u00f3n dogm\u00e1tica y la intolerancia religiosa para abrirse a la experiencia luminosa presente en la profundidad de todo ser humano. Espiritualidad que impulsa la libertad del pensamiento, la b\u00fasqueda del buen conocimiento y, por tanto, alienta la libertad y diversidad de interpretaciones acerca de lo sagrado y la inmortalidad.<\/p>\n<p>Revolucionarios tambi\u00e9n sus aportes en el campo de la m\u00edstica, poniendo a disposici\u00f3n de cualquier ser humano cuatro disciplinas inici\u00e1ticas en las que sintetiza experiencias inspiradoras de las diversas tradiciones hist\u00f3ricas.<\/p>\n<p>Revolucionaria es la imagen de futuro que propone Silo, colocando a las diversas culturas no s\u00f3lo en un escenario de tolerancia mutua, sino de convergencia hacia una Naci\u00f3n Humana Universal, en la que cada una pueda aportar desde sus mejores acumulaciones hist\u00f3ricas.<\/p>\n<p>Alguien podr\u00eda preguntarse acerca de la oportunidad y vigencia de tal ideario y deber\u00edamos responder a ello de manera parad\u00f3jica. Atendiendo a las necesidades, no habr\u00e1 nada m\u00e1s oportuno que abordar de inmediato un di\u00e1logo centrado en las propuestas de Silo. Sin embargo, enfoc\u00e1ndonos en su impronta revolucionaria, es posible que los cambios a los que se aspira en ellas no puedan ser solamente ponderados desde la inmediatez. Mucho menos, al comprender la relevancia universal que contienen.<\/p>\n<p>\u00a1Salud, querido Silo! Seguimos juntos en este elevado prop\u00f3sito de liberaci\u00f3n, abrazando la mejor de las causas, la que nos lleva a superar la violencia y el sufrimiento en nosotros y en el mundo social, la que nos mueve a emprender acciones con otros y por otros, aquella que nos conmueve cuando celebramos el avance humano compartido.<br \/>\n\u00a1Gracias, Maestro querido!, no habr\u00e1 fracaso que nos derrote, ya que la rebeld\u00eda y la b\u00fasqueda de libertad son el alimento de todos los humanistas del mundo.<\/p>\n","protected":false},"excerpt":{"rendered":"<p>Consultado por un periodista, all\u00e1 por 1994, sobre \u00ab\u00bfQu\u00e9 le gustar\u00eda que figurara en su epitafio?\u201d , Silo respondi\u00f3: \u201cFue una buena persona, pero un mal escritor.\u201d Tal definici\u00f3n, que al par que puntualiza lo esencial, contiene la cuota habitual&hellip;<\/p>\n","protected":false},"author":970,"featured_media":114605,"comment_status":"closed","ping_status":"open","sticky":false,"template":"","format":"standard","meta":{"footnotes":""},"categories":[11389,1240,39,161,67],"tags":[546,7337,19987,543],"class_list":["post-222641","post","type-post","status-publish","format-standard","has-post-thumbnail","hentry","category-contenido-original","category-humanismo-espiritualidad","category-internacional","category-opiniones","category-sudamerica","tag-el-mensaje-de-silo","tag-humanismo-universalista","tag-nuevo-humanismo","tag-silo-es"],"yoast_head":"<!-- This site is optimized with the Yoast SEO plugin v27.1.1 - https:\/\/yoast.com\/product\/yoast-seo-wordpress\/ -->\n<title>La revolucionaria obra de Silo<\/title>\n<meta name=\"description\" content=\"Consultado por un periodista, all\u00e1 por 1994, sobre &quot;\u00bfQu\u00e9 le gustar\u00eda que figurara en su epitafio?\u201d , Silo respondi\u00f3: \u201cFue una buena persona, pero un mal\" \/>\n<meta name=\"robots\" content=\"index, follow, max-snippet:-1, max-image-preview:large, max-video-preview:-1\" \/>\n<link rel=\"canonical\" href=\"https:\/\/www.pressenza.com\/es\/2015\/09\/la-revolucionaria-obra-de-silo\/\" \/>\n<meta property=\"og:locale\" content=\"es_ES\" \/>\n<meta property=\"og:type\" content=\"article\" \/>\n<meta property=\"og:title\" content=\"La revolucionaria obra de Silo\" \/>\n<meta property=\"og:description\" content=\"Consultado por un periodista, all\u00e1 por 1994, sobre &quot;\u00bfQu\u00e9 le gustar\u00eda que figurara en su epitafio?\u201d , Silo respondi\u00f3: \u201cFue una buena persona, pero un mal\" \/>\n<meta property=\"og:url\" content=\"https:\/\/www.pressenza.com\/es\/2015\/09\/la-revolucionaria-obra-de-silo\/\" \/>\n<meta property=\"og:site_name\" content=\"Pressenza\" \/>\n<meta property=\"article:publisher\" content=\"https:\/\/www.facebook.com\/PressenzaItalia\" \/>\n<meta property=\"article:author\" content=\"https:\/\/www.facebook.com\/javier.tolcachier?fref=ts\" \/>\n<meta property=\"article:published_time\" content=\"2015-09-16T03:10:13+00:00\" \/>\n<meta property=\"article:modified_time\" content=\"2015-09-17T13:48:54+00:00\" \/>\n<meta property=\"og:image\" content=\"https:\/\/www.pressenza.com\/wp-content\/uploads\/2014\/06\/SiloJornadas.jpg\" \/>\n\t<meta property=\"og:image:width\" content=\"531\" \/>\n\t<meta property=\"og:image:height\" content=\"555\" \/>\n\t<meta property=\"og:image:type\" content=\"image\/jpeg\" \/>\n<meta name=\"author\" content=\"Javier Tolcachier\" \/>\n<meta name=\"twitter:card\" content=\"summary_large_image\" \/>\n<meta name=\"twitter:creator\" content=\"@jtolcachier\" \/>\n<meta name=\"twitter:site\" content=\"@PressenzaIPA\" \/>\n<meta name=\"twitter:label1\" content=\"Escrito por\" \/>\n\t<meta name=\"twitter:data1\" content=\"Javier Tolcachier\" \/>\n\t<meta name=\"twitter:label2\" content=\"Tiempo de lectura\" \/>\n\t<meta name=\"twitter:data2\" content=\"5 minutos\" \/>\n<script type=\"application\/ld+json\" class=\"yoast-schema-graph\">{\"@context\":\"https:\/\/schema.org\",\"@graph\":[{\"@type\":\"Article\",\"@id\":\"https:\/\/www.pressenza.com\/es\/2015\/09\/la-revolucionaria-obra-de-silo\/#article\",\"isPartOf\":{\"@id\":\"https:\/\/www.pressenza.com\/es\/2015\/09\/la-revolucionaria-obra-de-silo\/\"},\"author\":{\"name\":\"Javier Tolcachier\",\"@id\":\"https:\/\/www.pressenza.com\/es\/#\/schema\/person\/f353f6d4eed144101dedba60e6227564\"},\"headline\":\"La revolucionaria obra de Silo\",\"datePublished\":\"2015-09-16T03:10:13+00:00\",\"dateModified\":\"2015-09-17T13:48:54+00:00\",\"mainEntityOfPage\":{\"@id\":\"https:\/\/www.pressenza.com\/es\/2015\/09\/la-revolucionaria-obra-de-silo\/\"},\"wordCount\":962,\"publisher\":{\"@id\":\"https:\/\/www.pressenza.com\/es\/#organization\"},\"image\":{\"@id\":\"https:\/\/www.pressenza.com\/es\/2015\/09\/la-revolucionaria-obra-de-silo\/#primaryimage\"},\"thumbnailUrl\":\"https:\/\/www.pressenza.com\/wp-content\/uploads\/2014\/06\/SiloJornadas.jpg\",\"keywords\":[\"El Mensaje de Silo\",\"Humanismo Universalista\",\"Nuevo Humanismo\",\"Silo\"],\"articleSection\":[\"Contenido Original\",\"Humanismo y Espiritualidad\",\"Internacional\",\"Opiniones\",\"Sudam\u00e9rica\"],\"inLanguage\":\"es\"},{\"@type\":\"WebPage\",\"@id\":\"https:\/\/www.pressenza.com\/es\/2015\/09\/la-revolucionaria-obra-de-silo\/\",\"url\":\"https:\/\/www.pressenza.com\/es\/2015\/09\/la-revolucionaria-obra-de-silo\/\",\"name\":\"La revolucionaria obra de Silo\",\"isPartOf\":{\"@id\":\"https:\/\/www.pressenza.com\/es\/#website\"},\"primaryImageOfPage\":{\"@id\":\"https:\/\/www.pressenza.com\/es\/2015\/09\/la-revolucionaria-obra-de-silo\/#primaryimage\"},\"image\":{\"@id\":\"https:\/\/www.pressenza.com\/es\/2015\/09\/la-revolucionaria-obra-de-silo\/#primaryimage\"},\"thumbnailUrl\":\"https:\/\/www.pressenza.com\/wp-content\/uploads\/2014\/06\/SiloJornadas.jpg\",\"datePublished\":\"2015-09-16T03:10:13+00:00\",\"dateModified\":\"2015-09-17T13:48:54+00:00\",\"description\":\"Consultado por un periodista, all\u00e1 por 1994, sobre \\\"\u00bfQu\u00e9 le gustar\u00eda que figurara en su epitafio?\u201d , Silo respondi\u00f3: \u201cFue una buena persona, pero un mal\",\"breadcrumb\":{\"@id\":\"https:\/\/www.pressenza.com\/es\/2015\/09\/la-revolucionaria-obra-de-silo\/#breadcrumb\"},\"inLanguage\":\"es\",\"potentialAction\":[{\"@type\":\"ReadAction\",\"target\":[\"https:\/\/www.pressenza.com\/es\/2015\/09\/la-revolucionaria-obra-de-silo\/\"]}]},{\"@type\":\"ImageObject\",\"inLanguage\":\"es\",\"@id\":\"https:\/\/www.pressenza.com\/es\/2015\/09\/la-revolucionaria-obra-de-silo\/#primaryimage\",\"url\":\"https:\/\/www.pressenza.com\/wp-content\/uploads\/2014\/06\/SiloJornadas.jpg\",\"contentUrl\":\"https:\/\/www.pressenza.com\/wp-content\/uploads\/2014\/06\/SiloJornadas.jpg\",\"width\":531,\"height\":555},{\"@type\":\"BreadcrumbList\",\"@id\":\"https:\/\/www.pressenza.com\/es\/2015\/09\/la-revolucionaria-obra-de-silo\/#breadcrumb\",\"itemListElement\":[{\"@type\":\"ListItem\",\"position\":1,\"name\":\"Accueil\",\"item\":\"https:\/\/www.pressenza.com\/es\/\"},{\"@type\":\"ListItem\",\"position\":2,\"name\":\"La revolucionaria obra de Silo\"}]},{\"@type\":\"WebSite\",\"@id\":\"https:\/\/www.pressenza.com\/es\/#website\",\"url\":\"https:\/\/www.pressenza.com\/es\/\",\"name\":\"Pressenza\",\"description\":\"International Press Agency\",\"publisher\":{\"@id\":\"https:\/\/www.pressenza.com\/es\/#organization\"},\"potentialAction\":[{\"@type\":\"SearchAction\",\"target\":{\"@type\":\"EntryPoint\",\"urlTemplate\":\"https:\/\/www.pressenza.com\/es\/?s={search_term_string}\"},\"query-input\":{\"@type\":\"PropertyValueSpecification\",\"valueRequired\":true,\"valueName\":\"search_term_string\"}}],\"inLanguage\":\"es\"},{\"@type\":\"Organization\",\"@id\":\"https:\/\/www.pressenza.com\/es\/#organization\",\"name\":\"Pressenza\",\"url\":\"https:\/\/www.pressenza.com\/es\/\",\"logo\":{\"@type\":\"ImageObject\",\"inLanguage\":\"es\",\"@id\":\"https:\/\/www.pressenza.com\/es\/#\/schema\/logo\/image\/\",\"url\":\"https:\/\/www.pressenza.com\/wp-content\/uploads\/2022\/10\/pressenza_logo_200x200.jpg\",\"contentUrl\":\"https:\/\/www.pressenza.com\/wp-content\/uploads\/2022\/10\/pressenza_logo_200x200.jpg\",\"width\":200,\"height\":200,\"caption\":\"Pressenza\"},\"image\":{\"@id\":\"https:\/\/www.pressenza.com\/es\/#\/schema\/logo\/image\/\"},\"sameAs\":[\"https:\/\/www.facebook.com\/PressenzaItalia\",\"https:\/\/x.com\/PressenzaIPA\"]},{\"@type\":\"Person\",\"@id\":\"https:\/\/www.pressenza.com\/es\/#\/schema\/person\/f353f6d4eed144101dedba60e6227564\",\"name\":\"Javier Tolcachier\",\"description\":\"Javier Tolcachier is a researcher from the World Centre of Humanist Studies, an organism of the Humanist Movement. Mail: javiertolcachier@disroot.org Twitter: @jtolcachier\",\"sameAs\":[\"https:\/\/www.facebook.com\/javier.tolcachier?fref=ts\",\"https:\/\/x.com\/jtolcachier\"],\"url\":\"https:\/\/www.pressenza.com\/es\/author\/javier-tolcachier\/\"}]}<\/script>\n<!-- \/ Yoast SEO plugin. -->","yoast_head_json":{"title":"La revolucionaria obra de Silo","description":"Consultado por un periodista, all\u00e1 por 1994, sobre \"\u00bfQu\u00e9 le gustar\u00eda que figurara en su epitafio?\u201d , Silo respondi\u00f3: \u201cFue una buena persona, pero un mal","robots":{"index":"index","follow":"follow","max-snippet":"max-snippet:-1","max-image-preview":"max-image-preview:large","max-video-preview":"max-video-preview:-1"},"canonical":"https:\/\/www.pressenza.com\/es\/2015\/09\/la-revolucionaria-obra-de-silo\/","og_locale":"es_ES","og_type":"article","og_title":"La revolucionaria obra de Silo","og_description":"Consultado por un periodista, all\u00e1 por 1994, sobre \"\u00bfQu\u00e9 le gustar\u00eda que figurara en su epitafio?\u201d , Silo respondi\u00f3: \u201cFue una buena persona, pero un mal","og_url":"https:\/\/www.pressenza.com\/es\/2015\/09\/la-revolucionaria-obra-de-silo\/","og_site_name":"Pressenza","article_publisher":"https:\/\/www.facebook.com\/PressenzaItalia","article_author":"https:\/\/www.facebook.com\/javier.tolcachier?fref=ts","article_published_time":"2015-09-16T03:10:13+00:00","article_modified_time":"2015-09-17T13:48:54+00:00","og_image":[{"width":531,"height":555,"url":"https:\/\/www.pressenza.com\/wp-content\/uploads\/2014\/06\/SiloJornadas.jpg","type":"image\/jpeg"}],"author":"Javier Tolcachier","twitter_card":"summary_large_image","twitter_creator":"@jtolcachier","twitter_site":"@PressenzaIPA","twitter_misc":{"Escrito por":"Javier Tolcachier","Tiempo de lectura":"5 minutos"},"schema":{"@context":"https:\/\/schema.org","@graph":[{"@type":"Article","@id":"https:\/\/www.pressenza.com\/es\/2015\/09\/la-revolucionaria-obra-de-silo\/#article","isPartOf":{"@id":"https:\/\/www.pressenza.com\/es\/2015\/09\/la-revolucionaria-obra-de-silo\/"},"author":{"name":"Javier Tolcachier","@id":"https:\/\/www.pressenza.com\/es\/#\/schema\/person\/f353f6d4eed144101dedba60e6227564"},"headline":"La revolucionaria obra de Silo","datePublished":"2015-09-16T03:10:13+00:00","dateModified":"2015-09-17T13:48:54+00:00","mainEntityOfPage":{"@id":"https:\/\/www.pressenza.com\/es\/2015\/09\/la-revolucionaria-obra-de-silo\/"},"wordCount":962,"publisher":{"@id":"https:\/\/www.pressenza.com\/es\/#organization"},"image":{"@id":"https:\/\/www.pressenza.com\/es\/2015\/09\/la-revolucionaria-obra-de-silo\/#primaryimage"},"thumbnailUrl":"https:\/\/www.pressenza.com\/wp-content\/uploads\/2014\/06\/SiloJornadas.jpg","keywords":["El Mensaje de Silo","Humanismo Universalista","Nuevo Humanismo","Silo"],"articleSection":["Contenido Original","Humanismo y Espiritualidad","Internacional","Opiniones","Sudam\u00e9rica"],"inLanguage":"es"},{"@type":"WebPage","@id":"https:\/\/www.pressenza.com\/es\/2015\/09\/la-revolucionaria-obra-de-silo\/","url":"https:\/\/www.pressenza.com\/es\/2015\/09\/la-revolucionaria-obra-de-silo\/","name":"La revolucionaria obra de Silo","isPartOf":{"@id":"https:\/\/www.pressenza.com\/es\/#website"},"primaryImageOfPage":{"@id":"https:\/\/www.pressenza.com\/es\/2015\/09\/la-revolucionaria-obra-de-silo\/#primaryimage"},"image":{"@id":"https:\/\/www.pressenza.com\/es\/2015\/09\/la-revolucionaria-obra-de-silo\/#primaryimage"},"thumbnailUrl":"https:\/\/www.pressenza.com\/wp-content\/uploads\/2014\/06\/SiloJornadas.jpg","datePublished":"2015-09-16T03:10:13+00:00","dateModified":"2015-09-17T13:48:54+00:00","description":"Consultado por un periodista, all\u00e1 por 1994, sobre \"\u00bfQu\u00e9 le gustar\u00eda que figurara en su epitafio?\u201d , Silo respondi\u00f3: \u201cFue una buena persona, pero un mal","breadcrumb":{"@id":"https:\/\/www.pressenza.com\/es\/2015\/09\/la-revolucionaria-obra-de-silo\/#breadcrumb"},"inLanguage":"es","potentialAction":[{"@type":"ReadAction","target":["https:\/\/www.pressenza.com\/es\/2015\/09\/la-revolucionaria-obra-de-silo\/"]}]},{"@type":"ImageObject","inLanguage":"es","@id":"https:\/\/www.pressenza.com\/es\/2015\/09\/la-revolucionaria-obra-de-silo\/#primaryimage","url":"https:\/\/www.pressenza.com\/wp-content\/uploads\/2014\/06\/SiloJornadas.jpg","contentUrl":"https:\/\/www.pressenza.com\/wp-content\/uploads\/2014\/06\/SiloJornadas.jpg","width":531,"height":555},{"@type":"BreadcrumbList","@id":"https:\/\/www.pressenza.com\/es\/2015\/09\/la-revolucionaria-obra-de-silo\/#breadcrumb","itemListElement":[{"@type":"ListItem","position":1,"name":"Accueil","item":"https:\/\/www.pressenza.com\/es\/"},{"@type":"ListItem","position":2,"name":"La revolucionaria obra de Silo"}]},{"@type":"WebSite","@id":"https:\/\/www.pressenza.com\/es\/#website","url":"https:\/\/www.pressenza.com\/es\/","name":"Pressenza","description":"International Press Agency","publisher":{"@id":"https:\/\/www.pressenza.com\/es\/#organization"},"potentialAction":[{"@type":"SearchAction","target":{"@type":"EntryPoint","urlTemplate":"https:\/\/www.pressenza.com\/es\/?s={search_term_string}"},"query-input":{"@type":"PropertyValueSpecification","valueRequired":true,"valueName":"search_term_string"}}],"inLanguage":"es"},{"@type":"Organization","@id":"https:\/\/www.pressenza.com\/es\/#organization","name":"Pressenza","url":"https:\/\/www.pressenza.com\/es\/","logo":{"@type":"ImageObject","inLanguage":"es","@id":"https:\/\/www.pressenza.com\/es\/#\/schema\/logo\/image\/","url":"https:\/\/www.pressenza.com\/wp-content\/uploads\/2022\/10\/pressenza_logo_200x200.jpg","contentUrl":"https:\/\/www.pressenza.com\/wp-content\/uploads\/2022\/10\/pressenza_logo_200x200.jpg","width":200,"height":200,"caption":"Pressenza"},"image":{"@id":"https:\/\/www.pressenza.com\/es\/#\/schema\/logo\/image\/"},"sameAs":["https:\/\/www.facebook.com\/PressenzaItalia","https:\/\/x.com\/PressenzaIPA"]},{"@type":"Person","@id":"https:\/\/www.pressenza.com\/es\/#\/schema\/person\/f353f6d4eed144101dedba60e6227564","name":"Javier Tolcachier","description":"Javier Tolcachier is a researcher from the World Centre of Humanist Studies, an organism of the Humanist Movement. Mail: javiertolcachier@disroot.org Twitter: @jtolcachier","sameAs":["https:\/\/www.facebook.com\/javier.tolcachier?fref=ts","https:\/\/x.com\/jtolcachier"],"url":"https:\/\/www.pressenza.com\/es\/author\/javier-tolcachier\/"}]}},"place":"C\u00f3rdoba, Argentina","original_article_url":"","_links":{"self":[{"href":"https:\/\/www.pressenza.com\/es\/wp-json\/wp\/v2\/posts\/222641","targetHints":{"allow":["GET"]}}],"collection":[{"href":"https:\/\/www.pressenza.com\/es\/wp-json\/wp\/v2\/posts"}],"about":[{"href":"https:\/\/www.pressenza.com\/es\/wp-json\/wp\/v2\/types\/post"}],"author":[{"embeddable":true,"href":"https:\/\/www.pressenza.com\/es\/wp-json\/wp\/v2\/users\/970"}],"replies":[{"embeddable":true,"href":"https:\/\/www.pressenza.com\/es\/wp-json\/wp\/v2\/comments?post=222641"}],"version-history":[{"count":0,"href":"https:\/\/www.pressenza.com\/es\/wp-json\/wp\/v2\/posts\/222641\/revisions"}],"wp:featuredmedia":[{"embeddable":true,"href":"https:\/\/www.pressenza.com\/es\/wp-json\/wp\/v2\/media\/114605"}],"wp:attachment":[{"href":"https:\/\/www.pressenza.com\/es\/wp-json\/wp\/v2\/media?parent=222641"}],"wp:term":[{"taxonomy":"category","embeddable":true,"href":"https:\/\/www.pressenza.com\/es\/wp-json\/wp\/v2\/categories?post=222641"},{"taxonomy":"post_tag","embeddable":true,"href":"https:\/\/www.pressenza.com\/es\/wp-json\/wp\/v2\/tags?post=222641"}],"curies":[{"name":"wp","href":"https:\/\/api.w.org\/{rel}","templated":true}]}}