{"id":222459,"date":"2015-09-16T03:41:07","date_gmt":"2015-09-16T02:41:07","guid":{"rendered":"http:\/\/www.pressenza.com\/es\/?p=222459"},"modified":"2019-02-06T19:59:34","modified_gmt":"2019-02-06T19:59:34","slug":"50000-mujeres-se-reuniran-en-su-encuentro-nacional-n-30","status":"publish","type":"post","link":"https:\/\/www.pressenza.com\/es\/2015\/09\/50000-mujeres-se-reuniran-en-su-encuentro-nacional-n-30\/","title":{"rendered":"50000 mujeres se reunir\u00e1n en su Encuentro Nacional N\u00b0 30"},"content":{"rendered":"<p>Del 10 al 12 de octubre Mar del Plata ser\u00e1 sede de esta experiencia \u00fanica en el mundo, que desde 1985 se reitera cada a\u00f1o en distintos puntos del pa\u00eds.<\/p>\n<p>Mujeres de todas las edades y sectores llegar\u00e1n de las 24 provincias para intercambiar experiencias y fortalecerse en la acci\u00f3n que despu\u00e9s seguir\u00e1n sosteniendo, hasta el pr\u00f3ximo encuentro, cada cual en su lugar y con su modo particular.<\/p>\n<p>La actividad central ser\u00e1 el trabajo en talleres sobre violencia, sexualidad, salud, anticoncepci\u00f3n y aborto, trata, trabajo, familia, recursos naturales y otros much\u00edsimos temas. Luego, una vez compartidas las conclusiones, una marcha a pura diversidad invadir\u00e1 las calles de la ciudad como ha venido sucediendo los \u00faltimos 30 a\u00f1os en cada sede circunstancial.<\/p>\n<p>Mientras la organizaci\u00f3n avanza, las paredes de la ciudad se van contagiando del esp\u00edritu del Encuentro. Un grupo de artistas locales boceta los murales que luego se pintan de manera colectiva, hombres solidarios incluidos. Las im\u00e1genes que siguen ilustran esta particular producci\u00f3n con que las anfitrionas siguen estrechando lazos y se divierten, mientras esperan que lleguen \u201csus visitas\u201d para hacer mucho m\u00e1s que tomar el t\u00e9.<\/p>\n<div id=\"attachment_222530\" class=\"wp-caption alignnone\"><a href=\"http:\/\/www.pressenza.com\/wp-content\/uploads\/2015\/09\/encuentro.jpg\"><img loading=\"lazy\" decoding=\"async\" aria-describedby=\"caption-attachment-222530\" class=\"size-large wp-image-222530\" src=\"http:\/\/www.pressenza.com\/wp-content\/uploads\/2015\/09\/encuentro-720x540.jpg\" alt=\"Foto: 30 Encuentro Nacional de Mujeres, MDP.\" width=\"720\" height=\"540\" srcset=\"https:\/\/www.pressenza.com\/wp-content\/uploads\/2015\/09\/encuentro-720x540.jpg 720w, https:\/\/www.pressenza.com\/wp-content\/uploads\/2015\/09\/encuentro-300x225.jpg 300w, https:\/\/www.pressenza.com\/wp-content\/uploads\/2015\/09\/encuentro.jpg 960w\" sizes=\"auto, (max-width: 720px) 100vw, 720px\" \/><\/a><p id=\"caption-attachment-222530\" class=\"wp-caption-text\">Foto: 30 Encuentro Nacional de Mujeres, MDP.<\/p><\/div>\n<div id=\"attachment_222509\" class=\"wp-caption alignnone\"><a href=\"http:\/\/www.pressenza.com\/wp-content\/uploads\/2015\/09\/colores2.jpg\"><img loading=\"lazy\" decoding=\"async\" aria-describedby=\"caption-attachment-222509\" class=\"size-large wp-image-222509\" src=\"http:\/\/www.pressenza.com\/wp-content\/uploads\/2015\/09\/colores2-720x540.jpg\" alt=\"Foto: 30 Encuentro Nacional de Mujeres, MDP.\" width=\"720\" height=\"540\" srcset=\"https:\/\/www.pressenza.com\/wp-content\/uploads\/2015\/09\/colores2-720x540.jpg 720w, https:\/\/www.pressenza.com\/wp-content\/uploads\/2015\/09\/colores2-300x225.jpg 300w, https:\/\/www.pressenza.com\/wp-content\/uploads\/2015\/09\/colores2.jpg 960w\" sizes=\"auto, (max-width: 720px) 100vw, 720px\" \/><\/a><p id=\"caption-attachment-222509\" class=\"wp-caption-text\">Foto: 30 Encuentro Nacional de Mujeres, MDP.<\/p><\/div>\n<div id=\"attachment_222460\" class=\"wp-caption alignnone\"><a href=\"http:\/\/www.pressenza.com\/wp-content\/uploads\/2015\/09\/1-1.jpg\"><img loading=\"lazy\" decoding=\"async\" aria-describedby=\"caption-attachment-222460\" class=\"size-large wp-image-222460\" src=\"http:\/\/www.pressenza.com\/wp-content\/uploads\/2015\/09\/1-1-720x432.jpg\" alt=\"Foto florCita.\" width=\"720\" height=\"432\" srcset=\"https:\/\/www.pressenza.com\/wp-content\/uploads\/2015\/09\/1-1-720x432.jpg 720w, https:\/\/www.pressenza.com\/wp-content\/uploads\/2015\/09\/1-1-300x180.jpg 300w, https:\/\/www.pressenza.com\/wp-content\/uploads\/2015\/09\/1-1.jpg 960w\" sizes=\"auto, (max-width: 720px) 100vw, 720px\" \/><\/a><p id=\"caption-attachment-222460\" class=\"wp-caption-text\">Foto florCita.<\/p><\/div>\n<div id=\"attachment_222586\" class=\"wp-caption alignnone\"><a href=\"http:\/\/www.pressenza.com\/wp-content\/uploads\/2015\/09\/preparando2.jpg\"><img loading=\"lazy\" decoding=\"async\" aria-describedby=\"caption-attachment-222586\" class=\"size-large wp-image-222586\" src=\"http:\/\/www.pressenza.com\/wp-content\/uploads\/2015\/09\/preparando2-720x540.jpg\" alt=\"Foto: 30 Encuentro Nacional de Mujeres, MDP.\" width=\"720\" height=\"540\" srcset=\"https:\/\/www.pressenza.com\/wp-content\/uploads\/2015\/09\/preparando2-720x540.jpg 720w, https:\/\/www.pressenza.com\/wp-content\/uploads\/2015\/09\/preparando2-300x225.jpg 300w, https:\/\/www.pressenza.com\/wp-content\/uploads\/2015\/09\/preparando2.jpg 960w\" sizes=\"auto, (max-width: 720px) 100vw, 720px\" \/><\/a><p id=\"caption-attachment-222586\" class=\"wp-caption-text\">Foto: 30 Encuentro Nacional de Mujeres, MDP.<\/p><\/div>\n<div id=\"attachment_222474\" class=\"wp-caption alignnone\"><a href=\"http:\/\/www.pressenza.com\/wp-content\/uploads\/2015\/09\/3-1.jpg\"><img loading=\"lazy\" decoding=\"async\" aria-describedby=\"caption-attachment-222474\" class=\"size-large wp-image-222474\" src=\"http:\/\/www.pressenza.com\/wp-content\/uploads\/2015\/09\/3-1-720x432.jpg\" alt=\"Foto florCita\" width=\"720\" height=\"432\" srcset=\"https:\/\/www.pressenza.com\/wp-content\/uploads\/2015\/09\/3-1-720x432.jpg 720w, https:\/\/www.pressenza.com\/wp-content\/uploads\/2015\/09\/3-1-300x180.jpg 300w, https:\/\/www.pressenza.com\/wp-content\/uploads\/2015\/09\/3-1.jpg 960w\" sizes=\"auto, (max-width: 720px) 100vw, 720px\" \/><\/a><p id=\"caption-attachment-222474\" class=\"wp-caption-text\">Foto florCita<\/p><\/div>\n<div id=\"attachment_222572\" class=\"wp-caption alignnone\"><a href=\"http:\/\/www.pressenza.com\/wp-content\/uploads\/2015\/09\/pintora.jpg\"><img loading=\"lazy\" decoding=\"async\" aria-describedby=\"caption-attachment-222572\" class=\"size-large wp-image-222572\" src=\"http:\/\/www.pressenza.com\/wp-content\/uploads\/2015\/09\/pintora-720x540.jpg\" alt=\"Foto: 30 Encuentro Nacional de Mujeres, MDP.\" width=\"720\" height=\"540\" srcset=\"https:\/\/www.pressenza.com\/wp-content\/uploads\/2015\/09\/pintora-720x540.jpg 720w, https:\/\/www.pressenza.com\/wp-content\/uploads\/2015\/09\/pintora-300x225.jpg 300w, https:\/\/www.pressenza.com\/wp-content\/uploads\/2015\/09\/pintora.jpg 960w\" sizes=\"auto, (max-width: 720px) 100vw, 720px\" \/><\/a><p id=\"caption-attachment-222572\" class=\"wp-caption-text\">Foto: 30 Encuentro Nacional de Mujeres, MDP.<\/p><\/div>\n<div id=\"attachment_222516\" class=\"wp-caption alignnone\"><a href=\"http:\/\/www.pressenza.com\/wp-content\/uploads\/2015\/09\/coyitas.jpg\"><img loading=\"lazy\" decoding=\"async\" aria-describedby=\"caption-attachment-222516\" class=\"size-large wp-image-222516\" src=\"http:\/\/www.pressenza.com\/wp-content\/uploads\/2015\/09\/coyitas-720x540.jpg\" alt=\"Foto: 30 Encuentro Nacional de Mujeres, MDP.\" width=\"720\" height=\"540\" srcset=\"https:\/\/www.pressenza.com\/wp-content\/uploads\/2015\/09\/coyitas-720x540.jpg 720w, https:\/\/www.pressenza.com\/wp-content\/uploads\/2015\/09\/coyitas-300x225.jpg 300w, https:\/\/www.pressenza.com\/wp-content\/uploads\/2015\/09\/coyitas.jpg 960w\" sizes=\"auto, (max-width: 720px) 100vw, 720px\" \/><\/a><p id=\"caption-attachment-222516\" class=\"wp-caption-text\">Foto: 30 Encuentro Nacional de Mujeres, MDP.<\/p><\/div>\n<div id=\"attachment_222551\" class=\"wp-caption alignnone\"><a href=\"http:\/\/www.pressenza.com\/wp-content\/uploads\/2015\/09\/mateando.jpg\"><img loading=\"lazy\" decoding=\"async\" aria-describedby=\"caption-attachment-222551\" class=\"size-large wp-image-222551\" src=\"http:\/\/www.pressenza.com\/wp-content\/uploads\/2015\/09\/mateando-720x540.jpg\" alt=\"Foto: 30 Encuentro Nacional de Mujeres, MDP.\" width=\"720\" height=\"540\" srcset=\"https:\/\/www.pressenza.com\/wp-content\/uploads\/2015\/09\/mateando-720x540.jpg 720w, https:\/\/www.pressenza.com\/wp-content\/uploads\/2015\/09\/mateando-300x225.jpg 300w, https:\/\/www.pressenza.com\/wp-content\/uploads\/2015\/09\/mateando.jpg 960w\" sizes=\"auto, (max-width: 720px) 100vw, 720px\" \/><\/a><p id=\"caption-attachment-222551\" class=\"wp-caption-text\">Foto: 30 Encuentro Nacional de Mujeres, MDP.<\/p><\/div>\n<div id=\"attachment_222544\" class=\"wp-caption alignnone\"><a href=\"http:\/\/www.pressenza.com\/wp-content\/uploads\/2015\/09\/manos.jpg\"><img loading=\"lazy\" decoding=\"async\" aria-describedby=\"caption-attachment-222544\" class=\"size-large wp-image-222544\" src=\"http:\/\/www.pressenza.com\/wp-content\/uploads\/2015\/09\/manos-720x540.jpg\" alt=\"Foto: 30 Encuentro Nacional de Mujeres, MDP.\" width=\"720\" height=\"540\" srcset=\"https:\/\/www.pressenza.com\/wp-content\/uploads\/2015\/09\/manos-720x540.jpg 720w, https:\/\/www.pressenza.com\/wp-content\/uploads\/2015\/09\/manos-300x225.jpg 300w, https:\/\/www.pressenza.com\/wp-content\/uploads\/2015\/09\/manos.jpg 960w\" sizes=\"auto, (max-width: 720px) 100vw, 720px\" \/><\/a><p id=\"caption-attachment-222544\" class=\"wp-caption-text\">Foto: 30 Encuentro Nacional de Mujeres, MDP.<\/p><\/div>\n<div id=\"attachment_222467\" class=\"wp-caption alignnone\"><a href=\"http:\/\/www.pressenza.com\/wp-content\/uploads\/2015\/09\/2-1.jpg\"><img loading=\"lazy\" decoding=\"async\" aria-describedby=\"caption-attachment-222467\" class=\"size-large wp-image-222467\" src=\"http:\/\/www.pressenza.com\/wp-content\/uploads\/2015\/09\/2-1-720x432.jpg\" alt=\"Foto florCita\" width=\"720\" height=\"432\" srcset=\"https:\/\/www.pressenza.com\/wp-content\/uploads\/2015\/09\/2-1-720x432.jpg 720w, https:\/\/www.pressenza.com\/wp-content\/uploads\/2015\/09\/2-1-300x180.jpg 300w, https:\/\/www.pressenza.com\/wp-content\/uploads\/2015\/09\/2-1.jpg 960w\" sizes=\"auto, (max-width: 720px) 100vw, 720px\" \/><\/a><p id=\"caption-attachment-222467\" class=\"wp-caption-text\">Foto florCita<\/p><\/div>\n<div id=\"attachment_222579\" class=\"wp-caption alignnone\"><a href=\"http:\/\/www.pressenza.com\/wp-content\/uploads\/2015\/09\/pinturas.jpg\"><img loading=\"lazy\" decoding=\"async\" aria-describedby=\"caption-attachment-222579\" class=\"size-large wp-image-222579\" src=\"http:\/\/www.pressenza.com\/wp-content\/uploads\/2015\/09\/pinturas-720x960.jpg\" alt=\"Foto: 30 Encuentro Nacional de Mujeres, MDP.\" width=\"720\" height=\"960\" srcset=\"https:\/\/www.pressenza.com\/wp-content\/uploads\/2015\/09\/pinturas.jpg 720w, https:\/\/www.pressenza.com\/wp-content\/uploads\/2015\/09\/pinturas-225x300.jpg 225w\" sizes=\"auto, (max-width: 720px) 100vw, 720px\" \/><\/a><p id=\"caption-attachment-222579\" class=\"wp-caption-text\">Foto: 30 Encuentro Nacional de Mujeres, MDP.<\/p><\/div>\n<div id=\"attachment_222502\" class=\"wp-caption alignnone\"><a href=\"http:\/\/www.pressenza.com\/wp-content\/uploads\/2015\/09\/bocetan2.jpg\"><img loading=\"lazy\" decoding=\"async\" aria-describedby=\"caption-attachment-222502\" class=\"size-large wp-image-222502\" src=\"http:\/\/www.pressenza.com\/wp-content\/uploads\/2015\/09\/bocetan2-720x540.jpg\" alt=\"Foto: 30 Encuentro Nacional de Mujeres, MDP.\" width=\"720\" height=\"540\" srcset=\"https:\/\/www.pressenza.com\/wp-content\/uploads\/2015\/09\/bocetan2-720x540.jpg 720w, https:\/\/www.pressenza.com\/wp-content\/uploads\/2015\/09\/bocetan2-300x225.jpg 300w, https:\/\/www.pressenza.com\/wp-content\/uploads\/2015\/09\/bocetan2.jpg 960w\" sizes=\"auto, (max-width: 720px) 100vw, 720px\" \/><\/a><p id=\"caption-attachment-222502\" class=\"wp-caption-text\">Foto: 30 Encuentro Nacional de Mujeres, MDP.<\/p><\/div>\n<div id=\"attachment_222481\" class=\"wp-caption alignnone\"><a href=\"http:\/\/www.pressenza.com\/wp-content\/uploads\/2015\/09\/4-1.jpg\"><img loading=\"lazy\" decoding=\"async\" aria-describedby=\"caption-attachment-222481\" class=\"size-large wp-image-222481\" src=\"http:\/\/www.pressenza.com\/wp-content\/uploads\/2015\/09\/4-1-720x432.jpg\" alt=\"Foto florCita\" width=\"720\" height=\"432\" srcset=\"https:\/\/www.pressenza.com\/wp-content\/uploads\/2015\/09\/4-1-720x432.jpg 720w, https:\/\/www.pressenza.com\/wp-content\/uploads\/2015\/09\/4-1-300x180.jpg 300w, https:\/\/www.pressenza.com\/wp-content\/uploads\/2015\/09\/4-1.jpg 960w\" sizes=\"auto, (max-width: 720px) 100vw, 720px\" \/><\/a><p id=\"caption-attachment-222481\" class=\"wp-caption-text\">Foto florCita<\/p><\/div>\n<div id=\"attachment_222523\" class=\"wp-caption alignnone\"><a href=\"http:\/\/www.pressenza.com\/wp-content\/uploads\/2015\/09\/encuentro-30.jpg\"><img loading=\"lazy\" decoding=\"async\" aria-describedby=\"caption-attachment-222523\" class=\"size-large wp-image-222523\" src=\"http:\/\/www.pressenza.com\/wp-content\/uploads\/2015\/09\/encuentro-30-720x540.jpg\" alt=\"Foto: 30 Encuentro Nacional de Mujeres, MDP.\" width=\"720\" height=\"540\" srcset=\"https:\/\/www.pressenza.com\/wp-content\/uploads\/2015\/09\/encuentro-30-720x540.jpg 720w, https:\/\/www.pressenza.com\/wp-content\/uploads\/2015\/09\/encuentro-30-300x225.jpg 300w, https:\/\/www.pressenza.com\/wp-content\/uploads\/2015\/09\/encuentro-30.jpg 960w\" sizes=\"auto, (max-width: 720px) 100vw, 720px\" \/><\/a><p id=\"caption-attachment-222523\" class=\"wp-caption-text\">Foto: 30 Encuentro Nacional de Mujeres, MDP.<\/p><\/div>\n<div id=\"attachment_222495\" class=\"wp-caption alignnone\"><a href=\"http:\/\/www.pressenza.com\/wp-content\/uploads\/2015\/09\/bocetan.jpg\"><img loading=\"lazy\" decoding=\"async\" aria-describedby=\"caption-attachment-222495\" class=\"size-large wp-image-222495\" src=\"http:\/\/www.pressenza.com\/wp-content\/uploads\/2015\/09\/bocetan-720x540.jpg\" alt=\"Foto: 30 Encuentro Nacional de Mujeres, MDP.\" width=\"720\" height=\"540\" srcset=\"https:\/\/www.pressenza.com\/wp-content\/uploads\/2015\/09\/bocetan-720x540.jpg 720w, https:\/\/www.pressenza.com\/wp-content\/uploads\/2015\/09\/bocetan-300x225.jpg 300w, https:\/\/www.pressenza.com\/wp-content\/uploads\/2015\/09\/bocetan.jpg 960w\" sizes=\"auto, (max-width: 720px) 100vw, 720px\" \/><\/a><p id=\"caption-attachment-222495\" class=\"wp-caption-text\">Foto: 30 Encuentro Nacional de Mujeres, MDP.<\/p><\/div>\n<div id=\"attachment_222488\" class=\"wp-caption alignnone\"><a href=\"http:\/\/www.pressenza.com\/wp-content\/uploads\/2015\/09\/5-1.jpg\"><img loading=\"lazy\" decoding=\"async\" aria-describedby=\"caption-attachment-222488\" class=\"size-large wp-image-222488\" src=\"http:\/\/www.pressenza.com\/wp-content\/uploads\/2015\/09\/5-1-720x432.jpg\" alt=\"Foto florCita\" width=\"720\" height=\"432\" srcset=\"https:\/\/www.pressenza.com\/wp-content\/uploads\/2015\/09\/5-1-720x432.jpg 720w, https:\/\/www.pressenza.com\/wp-content\/uploads\/2015\/09\/5-1-300x180.jpg 300w, https:\/\/www.pressenza.com\/wp-content\/uploads\/2015\/09\/5-1.jpg 960w\" sizes=\"auto, (max-width: 720px) 100vw, 720px\" \/><\/a><p id=\"caption-attachment-222488\" class=\"wp-caption-text\">Foto florCita<\/p><\/div>\n<div id=\"attachment_222565\" class=\"wp-caption alignnone\"><a href=\"http:\/\/www.pressenza.com\/wp-content\/uploads\/2015\/09\/pintando.jpg\"><img loading=\"lazy\" decoding=\"async\" aria-describedby=\"caption-attachment-222565\" class=\"size-large wp-image-222565\" src=\"http:\/\/www.pressenza.com\/wp-content\/uploads\/2015\/09\/pintando-720x540.jpg\" alt=\"Foto: 30 Encuentro Nacional de Mujeres, MDP.\" width=\"720\" height=\"540\" srcset=\"https:\/\/www.pressenza.com\/wp-content\/uploads\/2015\/09\/pintando-720x540.jpg 720w, https:\/\/www.pressenza.com\/wp-content\/uploads\/2015\/09\/pintando-300x225.jpg 300w, https:\/\/www.pressenza.com\/wp-content\/uploads\/2015\/09\/pintando.jpg 960w\" sizes=\"auto, (max-width: 720px) 100vw, 720px\" \/><\/a><p id=\"caption-attachment-222565\" class=\"wp-caption-text\">Foto: 30 Encuentro Nacional de Mujeres, MDP.<\/p><\/div>\n<p>Web:\u00a0<a href=\"http:\/\/30encuentromdp.wix.com\/30encuentromdp\" target=\"_blank\">30encuentromdp.wix.com\/30encuentromdp<\/a><\/p>\n<p>Fb:\u00a0<a href=\"https:\/\/www.facebook.com\/30-Encuentro-Nacional-de-Mujeres-Mar-del-Plata-298783410310404\/timeline\/\" target=\"_blank\">30 Encuentro Nacional de Mujeres Mar del Plata<\/a><\/p>\n","protected":false},"excerpt":{"rendered":"<p>Del 10 al 12 de octubre Mar del Plata ser\u00e1 sede de esta experiencia \u00fanica en el mundo, que desde 1985 se reitera cada a\u00f1o en distintos puntos del pa\u00eds. Mujeres de todas las edades y sectores llegar\u00e1n de las&hellip;<\/p>\n","protected":false},"author":1187,"featured_media":222558,"comment_status":"closed","ping_status":"open","sticky":false,"template":"","format":"standard","meta":{"footnotes":""},"categories":[11389,1241,5667,54515,67],"tags":[19986,503,1497,1025],"class_list":["post-222459","post","type-post","status-publish","format-standard","has-post-thumbnail","hentry","category-contenido-original","category-diversidad","category-foto-reportajes","category-genero-y-feminismos","category-sudamerica","tag-encuentro-nacional-de-mujeres","tag-genero","tag-movimientos-sociales","tag-mujeres"],"yoast_head":"<!-- This site is optimized with the Yoast SEO plugin v27.1.1 - https:\/\/yoast.com\/product\/yoast-seo-wordpress\/ -->\n<title>50000 mujeres se reunir\u00e1n en su Encuentro Nacional N\u00b0 30<\/title>\n<meta name=\"description\" content=\"Del 10 al 12 de octubre Mar del Plata ser\u00e1 sede de esta experiencia \u00fanica en el mundo, que desde 1985 se reitera cada a\u00f1o en distintos puntos del pa\u00eds.\" \/>\n<meta name=\"robots\" content=\"index, follow, max-snippet:-1, max-image-preview:large, max-video-preview:-1\" \/>\n<link rel=\"canonical\" href=\"https:\/\/www.pressenza.com\/es\/2015\/09\/50000-mujeres-se-reuniran-en-su-encuentro-nacional-n-30\/\" \/>\n<meta property=\"og:locale\" content=\"es_ES\" \/>\n<meta property=\"og:type\" content=\"article\" \/>\n<meta property=\"og:title\" content=\"50000 mujeres se reunir\u00e1n en su Encuentro Nacional N\u00b0 30\" \/>\n<meta property=\"og:description\" content=\"Del 10 al 12 de octubre Mar del Plata ser\u00e1 sede de esta experiencia \u00fanica en el mundo, que desde 1985 se reitera cada a\u00f1o en distintos puntos del pa\u00eds.\" \/>\n<meta property=\"og:url\" content=\"https:\/\/www.pressenza.com\/es\/2015\/09\/50000-mujeres-se-reuniran-en-su-encuentro-nacional-n-30\/\" \/>\n<meta property=\"og:site_name\" content=\"Pressenza\" \/>\n<meta property=\"article:publisher\" content=\"https:\/\/www.facebook.com\/PressenzaItalia\" \/>\n<meta property=\"article:author\" content=\"Alicia Blanco\" \/>\n<meta property=\"article:published_time\" content=\"2015-09-16T02:41:07+00:00\" \/>\n<meta property=\"article:modified_time\" content=\"2019-02-06T19:59:34+00:00\" \/>\n<meta property=\"og:image\" content=\"https:\/\/www.pressenza.com\/wp-content\/uploads\/2015\/09\/nombre-de-mujer.jpg\" \/>\n\t<meta property=\"og:image:width\" content=\"960\" \/>\n\t<meta property=\"og:image:height\" content=\"640\" \/>\n\t<meta property=\"og:image:type\" content=\"image\/jpeg\" \/>\n<meta name=\"author\" content=\"Alicia Blanco\" \/>\n<meta name=\"twitter:card\" content=\"summary_large_image\" \/>\n<meta name=\"twitter:creator\" content=\"@aliciablancoar\" \/>\n<meta name=\"twitter:site\" content=\"@PressenzaIPA\" \/>\n<meta name=\"twitter:label1\" content=\"Escrito por\" \/>\n\t<meta name=\"twitter:data1\" content=\"Alicia Blanco\" \/>\n\t<meta name=\"twitter:label2\" content=\"Tiempo de lectura\" \/>\n\t<meta name=\"twitter:data2\" content=\"2 minutos\" \/>\n<script type=\"application\/ld+json\" class=\"yoast-schema-graph\">{\"@context\":\"https:\/\/schema.org\",\"@graph\":[{\"@type\":\"Article\",\"@id\":\"https:\/\/www.pressenza.com\/es\/2015\/09\/50000-mujeres-se-reuniran-en-su-encuentro-nacional-n-30\/#article\",\"isPartOf\":{\"@id\":\"https:\/\/www.pressenza.com\/es\/2015\/09\/50000-mujeres-se-reuniran-en-su-encuentro-nacional-n-30\/\"},\"author\":{\"name\":\"Alicia Blanco\",\"@id\":\"https:\/\/www.pressenza.com\/es\/#\/schema\/person\/cd1c733ed7825bc0f36b165c74e256a3\"},\"headline\":\"50000 mujeres se reunir\u00e1n en su Encuentro Nacional N\u00b0 30\",\"datePublished\":\"2015-09-16T02:41:07+00:00\",\"dateModified\":\"2019-02-06T19:59:34+00:00\",\"mainEntityOfPage\":{\"@id\":\"https:\/\/www.pressenza.com\/es\/2015\/09\/50000-mujeres-se-reuniran-en-su-encuentro-nacional-n-30\/\"},\"wordCount\":420,\"publisher\":{\"@id\":\"https:\/\/www.pressenza.com\/es\/#organization\"},\"image\":{\"@id\":\"https:\/\/www.pressenza.com\/es\/2015\/09\/50000-mujeres-se-reuniran-en-su-encuentro-nacional-n-30\/#primaryimage\"},\"thumbnailUrl\":\"https:\/\/www.pressenza.com\/wp-content\/uploads\/2015\/09\/nombre-de-mujer.jpg\",\"keywords\":[\"Encuentro nacional de mujeres\",\"G\u00e9nero\",\"movimientos sociales\",\"Mujeres\"],\"articleSection\":[\"Contenido Original\",\"Diversidad\",\"Fotorreportajes\",\"G\u00e9nero y Feminismos\",\"Sudam\u00e9rica\"],\"inLanguage\":\"es\"},{\"@type\":\"WebPage\",\"@id\":\"https:\/\/www.pressenza.com\/es\/2015\/09\/50000-mujeres-se-reuniran-en-su-encuentro-nacional-n-30\/\",\"url\":\"https:\/\/www.pressenza.com\/es\/2015\/09\/50000-mujeres-se-reuniran-en-su-encuentro-nacional-n-30\/\",\"name\":\"50000 mujeres se reunir\u00e1n en su Encuentro Nacional N\u00b0 30\",\"isPartOf\":{\"@id\":\"https:\/\/www.pressenza.com\/es\/#website\"},\"primaryImageOfPage\":{\"@id\":\"https:\/\/www.pressenza.com\/es\/2015\/09\/50000-mujeres-se-reuniran-en-su-encuentro-nacional-n-30\/#primaryimage\"},\"image\":{\"@id\":\"https:\/\/www.pressenza.com\/es\/2015\/09\/50000-mujeres-se-reuniran-en-su-encuentro-nacional-n-30\/#primaryimage\"},\"thumbnailUrl\":\"https:\/\/www.pressenza.com\/wp-content\/uploads\/2015\/09\/nombre-de-mujer.jpg\",\"datePublished\":\"2015-09-16T02:41:07+00:00\",\"dateModified\":\"2019-02-06T19:59:34+00:00\",\"description\":\"Del 10 al 12 de octubre Mar del Plata ser\u00e1 sede de esta experiencia \u00fanica en el mundo, que desde 1985 se reitera cada a\u00f1o en distintos puntos del pa\u00eds.\",\"breadcrumb\":{\"@id\":\"https:\/\/www.pressenza.com\/es\/2015\/09\/50000-mujeres-se-reuniran-en-su-encuentro-nacional-n-30\/#breadcrumb\"},\"inLanguage\":\"es\",\"potentialAction\":[{\"@type\":\"ReadAction\",\"target\":[\"https:\/\/www.pressenza.com\/es\/2015\/09\/50000-mujeres-se-reuniran-en-su-encuentro-nacional-n-30\/\"]}]},{\"@type\":\"ImageObject\",\"inLanguage\":\"es\",\"@id\":\"https:\/\/www.pressenza.com\/es\/2015\/09\/50000-mujeres-se-reuniran-en-su-encuentro-nacional-n-30\/#primaryimage\",\"url\":\"https:\/\/www.pressenza.com\/wp-content\/uploads\/2015\/09\/nombre-de-mujer.jpg\",\"contentUrl\":\"https:\/\/www.pressenza.com\/wp-content\/uploads\/2015\/09\/nombre-de-mujer.jpg\",\"width\":960,\"height\":640},{\"@type\":\"BreadcrumbList\",\"@id\":\"https:\/\/www.pressenza.com\/es\/2015\/09\/50000-mujeres-se-reuniran-en-su-encuentro-nacional-n-30\/#breadcrumb\",\"itemListElement\":[{\"@type\":\"ListItem\",\"position\":1,\"name\":\"Accueil\",\"item\":\"https:\/\/www.pressenza.com\/es\/\"},{\"@type\":\"ListItem\",\"position\":2,\"name\":\"50000 mujeres se reunir\u00e1n en su Encuentro Nacional N\u00b0 30\"}]},{\"@type\":\"WebSite\",\"@id\":\"https:\/\/www.pressenza.com\/es\/#website\",\"url\":\"https:\/\/www.pressenza.com\/es\/\",\"name\":\"Pressenza\",\"description\":\"International Press Agency\",\"publisher\":{\"@id\":\"https:\/\/www.pressenza.com\/es\/#organization\"},\"potentialAction\":[{\"@type\":\"SearchAction\",\"target\":{\"@type\":\"EntryPoint\",\"urlTemplate\":\"https:\/\/www.pressenza.com\/es\/?s={search_term_string}\"},\"query-input\":{\"@type\":\"PropertyValueSpecification\",\"valueRequired\":true,\"valueName\":\"search_term_string\"}}],\"inLanguage\":\"es\"},{\"@type\":\"Organization\",\"@id\":\"https:\/\/www.pressenza.com\/es\/#organization\",\"name\":\"Pressenza\",\"url\":\"https:\/\/www.pressenza.com\/es\/\",\"logo\":{\"@type\":\"ImageObject\",\"inLanguage\":\"es\",\"@id\":\"https:\/\/www.pressenza.com\/es\/#\/schema\/logo\/image\/\",\"url\":\"https:\/\/www.pressenza.com\/wp-content\/uploads\/2022\/10\/pressenza_logo_200x200.jpg\",\"contentUrl\":\"https:\/\/www.pressenza.com\/wp-content\/uploads\/2022\/10\/pressenza_logo_200x200.jpg\",\"width\":200,\"height\":200,\"caption\":\"Pressenza\"},\"image\":{\"@id\":\"https:\/\/www.pressenza.com\/es\/#\/schema\/logo\/image\/\"},\"sameAs\":[\"https:\/\/www.facebook.com\/PressenzaItalia\",\"https:\/\/x.com\/PressenzaIPA\"]},{\"@type\":\"Person\",\"@id\":\"https:\/\/www.pressenza.com\/es\/#\/schema\/person\/cd1c733ed7825bc0f36b165c74e256a3\",\"name\":\"Alicia Blanco\",\"description\":\"Humanista, co-directora de Pressenza.\",\"sameAs\":[\"Alicia Blanco\",\"https:\/\/x.com\/aliciablancoar\"],\"url\":\"https:\/\/www.pressenza.com\/es\/author\/alicia-blanco\/\"}]}<\/script>\n<!-- \/ Yoast SEO plugin. -->","yoast_head_json":{"title":"50000 mujeres se reunir\u00e1n en su Encuentro Nacional N\u00b0 30","description":"Del 10 al 12 de octubre Mar del Plata ser\u00e1 sede de esta experiencia \u00fanica en el mundo, que desde 1985 se reitera cada a\u00f1o en distintos puntos del pa\u00eds.","robots":{"index":"index","follow":"follow","max-snippet":"max-snippet:-1","max-image-preview":"max-image-preview:large","max-video-preview":"max-video-preview:-1"},"canonical":"https:\/\/www.pressenza.com\/es\/2015\/09\/50000-mujeres-se-reuniran-en-su-encuentro-nacional-n-30\/","og_locale":"es_ES","og_type":"article","og_title":"50000 mujeres se reunir\u00e1n en su Encuentro Nacional N\u00b0 30","og_description":"Del 10 al 12 de octubre Mar del Plata ser\u00e1 sede de esta experiencia \u00fanica en el mundo, que desde 1985 se reitera cada a\u00f1o en distintos puntos del pa\u00eds.","og_url":"https:\/\/www.pressenza.com\/es\/2015\/09\/50000-mujeres-se-reuniran-en-su-encuentro-nacional-n-30\/","og_site_name":"Pressenza","article_publisher":"https:\/\/www.facebook.com\/PressenzaItalia","article_author":"Alicia Blanco","article_published_time":"2015-09-16T02:41:07+00:00","article_modified_time":"2019-02-06T19:59:34+00:00","og_image":[{"width":960,"height":640,"url":"https:\/\/www.pressenza.com\/wp-content\/uploads\/2015\/09\/nombre-de-mujer.jpg","type":"image\/jpeg"}],"author":"Alicia Blanco","twitter_card":"summary_large_image","twitter_creator":"@aliciablancoar","twitter_site":"@PressenzaIPA","twitter_misc":{"Escrito por":"Alicia Blanco","Tiempo de lectura":"2 minutos"},"schema":{"@context":"https:\/\/schema.org","@graph":[{"@type":"Article","@id":"https:\/\/www.pressenza.com\/es\/2015\/09\/50000-mujeres-se-reuniran-en-su-encuentro-nacional-n-30\/#article","isPartOf":{"@id":"https:\/\/www.pressenza.com\/es\/2015\/09\/50000-mujeres-se-reuniran-en-su-encuentro-nacional-n-30\/"},"author":{"name":"Alicia Blanco","@id":"https:\/\/www.pressenza.com\/es\/#\/schema\/person\/cd1c733ed7825bc0f36b165c74e256a3"},"headline":"50000 mujeres se reunir\u00e1n en su Encuentro Nacional N\u00b0 30","datePublished":"2015-09-16T02:41:07+00:00","dateModified":"2019-02-06T19:59:34+00:00","mainEntityOfPage":{"@id":"https:\/\/www.pressenza.com\/es\/2015\/09\/50000-mujeres-se-reuniran-en-su-encuentro-nacional-n-30\/"},"wordCount":420,"publisher":{"@id":"https:\/\/www.pressenza.com\/es\/#organization"},"image":{"@id":"https:\/\/www.pressenza.com\/es\/2015\/09\/50000-mujeres-se-reuniran-en-su-encuentro-nacional-n-30\/#primaryimage"},"thumbnailUrl":"https:\/\/www.pressenza.com\/wp-content\/uploads\/2015\/09\/nombre-de-mujer.jpg","keywords":["Encuentro nacional de mujeres","G\u00e9nero","movimientos sociales","Mujeres"],"articleSection":["Contenido Original","Diversidad","Fotorreportajes","G\u00e9nero y Feminismos","Sudam\u00e9rica"],"inLanguage":"es"},{"@type":"WebPage","@id":"https:\/\/www.pressenza.com\/es\/2015\/09\/50000-mujeres-se-reuniran-en-su-encuentro-nacional-n-30\/","url":"https:\/\/www.pressenza.com\/es\/2015\/09\/50000-mujeres-se-reuniran-en-su-encuentro-nacional-n-30\/","name":"50000 mujeres se reunir\u00e1n en su Encuentro Nacional N\u00b0 30","isPartOf":{"@id":"https:\/\/www.pressenza.com\/es\/#website"},"primaryImageOfPage":{"@id":"https:\/\/www.pressenza.com\/es\/2015\/09\/50000-mujeres-se-reuniran-en-su-encuentro-nacional-n-30\/#primaryimage"},"image":{"@id":"https:\/\/www.pressenza.com\/es\/2015\/09\/50000-mujeres-se-reuniran-en-su-encuentro-nacional-n-30\/#primaryimage"},"thumbnailUrl":"https:\/\/www.pressenza.com\/wp-content\/uploads\/2015\/09\/nombre-de-mujer.jpg","datePublished":"2015-09-16T02:41:07+00:00","dateModified":"2019-02-06T19:59:34+00:00","description":"Del 10 al 12 de octubre Mar del Plata ser\u00e1 sede de esta experiencia \u00fanica en el mundo, que desde 1985 se reitera cada a\u00f1o en distintos puntos del pa\u00eds.","breadcrumb":{"@id":"https:\/\/www.pressenza.com\/es\/2015\/09\/50000-mujeres-se-reuniran-en-su-encuentro-nacional-n-30\/#breadcrumb"},"inLanguage":"es","potentialAction":[{"@type":"ReadAction","target":["https:\/\/www.pressenza.com\/es\/2015\/09\/50000-mujeres-se-reuniran-en-su-encuentro-nacional-n-30\/"]}]},{"@type":"ImageObject","inLanguage":"es","@id":"https:\/\/www.pressenza.com\/es\/2015\/09\/50000-mujeres-se-reuniran-en-su-encuentro-nacional-n-30\/#primaryimage","url":"https:\/\/www.pressenza.com\/wp-content\/uploads\/2015\/09\/nombre-de-mujer.jpg","contentUrl":"https:\/\/www.pressenza.com\/wp-content\/uploads\/2015\/09\/nombre-de-mujer.jpg","width":960,"height":640},{"@type":"BreadcrumbList","@id":"https:\/\/www.pressenza.com\/es\/2015\/09\/50000-mujeres-se-reuniran-en-su-encuentro-nacional-n-30\/#breadcrumb","itemListElement":[{"@type":"ListItem","position":1,"name":"Accueil","item":"https:\/\/www.pressenza.com\/es\/"},{"@type":"ListItem","position":2,"name":"50000 mujeres se reunir\u00e1n en su Encuentro Nacional N\u00b0 30"}]},{"@type":"WebSite","@id":"https:\/\/www.pressenza.com\/es\/#website","url":"https:\/\/www.pressenza.com\/es\/","name":"Pressenza","description":"International Press Agency","publisher":{"@id":"https:\/\/www.pressenza.com\/es\/#organization"},"potentialAction":[{"@type":"SearchAction","target":{"@type":"EntryPoint","urlTemplate":"https:\/\/www.pressenza.com\/es\/?s={search_term_string}"},"query-input":{"@type":"PropertyValueSpecification","valueRequired":true,"valueName":"search_term_string"}}],"inLanguage":"es"},{"@type":"Organization","@id":"https:\/\/www.pressenza.com\/es\/#organization","name":"Pressenza","url":"https:\/\/www.pressenza.com\/es\/","logo":{"@type":"ImageObject","inLanguage":"es","@id":"https:\/\/www.pressenza.com\/es\/#\/schema\/logo\/image\/","url":"https:\/\/www.pressenza.com\/wp-content\/uploads\/2022\/10\/pressenza_logo_200x200.jpg","contentUrl":"https:\/\/www.pressenza.com\/wp-content\/uploads\/2022\/10\/pressenza_logo_200x200.jpg","width":200,"height":200,"caption":"Pressenza"},"image":{"@id":"https:\/\/www.pressenza.com\/es\/#\/schema\/logo\/image\/"},"sameAs":["https:\/\/www.facebook.com\/PressenzaItalia","https:\/\/x.com\/PressenzaIPA"]},{"@type":"Person","@id":"https:\/\/www.pressenza.com\/es\/#\/schema\/person\/cd1c733ed7825bc0f36b165c74e256a3","name":"Alicia Blanco","description":"Humanista, co-directora de Pressenza.","sameAs":["Alicia Blanco","https:\/\/x.com\/aliciablancoar"],"url":"https:\/\/www.pressenza.com\/es\/author\/alicia-blanco\/"}]}},"place":"Mar del Plata, Argentina","original_article_url":"","_links":{"self":[{"href":"https:\/\/www.pressenza.com\/es\/wp-json\/wp\/v2\/posts\/222459","targetHints":{"allow":["GET"]}}],"collection":[{"href":"https:\/\/www.pressenza.com\/es\/wp-json\/wp\/v2\/posts"}],"about":[{"href":"https:\/\/www.pressenza.com\/es\/wp-json\/wp\/v2\/types\/post"}],"author":[{"embeddable":true,"href":"https:\/\/www.pressenza.com\/es\/wp-json\/wp\/v2\/users\/1187"}],"replies":[{"embeddable":true,"href":"https:\/\/www.pressenza.com\/es\/wp-json\/wp\/v2\/comments?post=222459"}],"version-history":[{"count":0,"href":"https:\/\/www.pressenza.com\/es\/wp-json\/wp\/v2\/posts\/222459\/revisions"}],"wp:featuredmedia":[{"embeddable":true,"href":"https:\/\/www.pressenza.com\/es\/wp-json\/wp\/v2\/media\/222558"}],"wp:attachment":[{"href":"https:\/\/www.pressenza.com\/es\/wp-json\/wp\/v2\/media?parent=222459"}],"wp:term":[{"taxonomy":"category","embeddable":true,"href":"https:\/\/www.pressenza.com\/es\/wp-json\/wp\/v2\/categories?post=222459"},{"taxonomy":"post_tag","embeddable":true,"href":"https:\/\/www.pressenza.com\/es\/wp-json\/wp\/v2\/tags?post=222459"}],"curies":[{"name":"wp","href":"https:\/\/api.w.org\/{rel}","templated":true}]}}