{"id":22103,"date":"2012-10-30T15:12:57","date_gmt":"2012-10-30T15:12:57","guid":{"rendered":"http:\/\/www.pressenza.com\/?p=22103"},"modified":"2012-10-30T15:12:57","modified_gmt":"2012-10-30T15:12:57","slug":"los-5-ejes-tematicos-del-iii-simposio-mundial-un-nuevo-humanismo-para-una-nueva-civilizacion","status":"publish","type":"post","link":"https:\/\/www.pressenza.com\/es\/2012\/10\/los-5-ejes-tematicos-del-iii-simposio-mundial-un-nuevo-humanismo-para-una-nueva-civilizacion\/","title":{"rendered":"Los 5 ejes tem\u00e1ticos del III Simposio Mundial \u201cun Nuevo Humanismo para una Nueva Civilizaci\u00f3n\u201d"},"content":{"rendered":"<p>Entre los d\u00edas 01 y 04 de noviembre se realizar\u00e1 el III Simposio Mundial en diversos puntos del planeta con actividades que incluyen variadas expresiones: charlas, talleres, presentaci\u00f3n de libros, expresiones art\u00edsticas, etc. El Simposio est\u00e1 organizado em base a cinco Ejes Tem\u00e1ticos, a saber:<strong><\/strong><\/p>\n<p><strong>La No Violencia: condici\u00f3n y camino para la nueva civilizaci\u00f3n. <\/strong>Estamos en un momento de la historia donde podr\u00edan estar solucionadas las necesidades b\u00e1sicas de toda la poblaci\u00f3n mundial. Sin embargo, crecen las desigualdades, los malos tratos, la intolerancia y la violencia en diferentes formas. La No Violencia es una condici\u00f3n para los cambios. Porque hoy est\u00e1 claro que un cambio, genu\u00edno, duradero y esencialmente transformador, debe darse en el ser humano y en la sociedad de modo simult\u00e1neo, y que no es posible lograr uno sin el otro.<strong><\/strong><\/p>\n<p><strong>Los Nuevos Modelos: preludio de un nuevo momento hist\u00f3rico.<\/strong> La humanidad se encuentra en una encrucijada para el cambio, los modelos pol\u00edticos, sociales, econ\u00f3micos y personales est\u00e1n hoy en crisis y se desestructuran de manera evidente, mientras surgen nuevas expresiones de modelos que son el cimiento de una nueva civilizaci\u00f3n. Somos todos responsables de la creaci\u00f3n de nuevas formas pol\u00edtico-organizativas para mejorar las condiciones de vida de las poblaciones, que pueden expresarse de diversas maneras, en todo el mundo, con car\u00e1cter participativo, inclusivo y rec\u00edproco y que, en muchos casos, son protagonizados por las nuevas generaciones.<strong><\/strong><\/p>\n<p><strong>Paridad y Diversidad: par\u00e1metros de una Nueva Civilizaci\u00f3n.<\/strong> Que surge con nuevos protagonistas y nuevas formas de relaci\u00f3n y organizaci\u00f3n buscando la superaci\u00f3n de las viejas formas de relaci\u00f3n organizativa centralizadas, homog\u00e9neas y verticales. Se vislumbra una nueva \u00e9tica basada en un principio moral por excelencia: Trata a los dem\u00e1s como quieres que te traten a t\u00ed. Hoy se ve claramente como los j\u00f3venes, mujeres, pueblos originarios hacen su aparici\u00f3n con fuerza en el escenario social, colocandose a la vanguardia de las transformaciones. <strong><\/strong><\/p>\n<p><strong>La Nueva Sensibilidad: embri\u00f3n de nueva civilizaci\u00f3n. <\/strong>Una nueva consciencia comienza a expandirse por el mundo y puede ser percibida tanto en la protesta social que se multiplica por todas partes como en las formas de relaci\u00f3n m\u00e1s profundas que las personas est\u00e1n buscando. Dejando de lado el individualismo extremo que tanto ha te\u00f1ido de violencia las relaciones humanas, la horizontalidad, la no discriminaci\u00f3n, la diversidad, un en\u00e9rgico rechazo a la manipulaci\u00f3n, la creatividad y el sentido del humor son algunas de las caracter\u00edsticas cada vez m\u00e1s presentes. Por otra parte las propias personas toman los diversos medios de comunicaci\u00f3n sin limitarse a consumirlos, sino que volvi\u00e9ndose productoras activas de su contenido.<strong><\/strong><\/p>\n<p><strong>La Nueva Espiritualidad: fundamento de una Nueva Civilizaci\u00f3n. <\/strong>Los grandes cambios<strong> <\/strong>de civilizaci\u00f3n se corresponden con profundas transformaciones de la espiritualidad humana.<strong> <\/strong>Creencias y concepciones anteriores caen a tierra, dando lugar a nuevas expresiones de lo Sagrado. A partir de esas experiencias conmocionantes surgen las convicciones que dan sustento a la civilizaci\u00f3n naciente.<\/p>\n<p>(Fuente: sitio oficial del III Simposio Mundial Un Nuevo Humanismo para una Nueva Civilizaci\u00f3n)<\/p>\n<p>Sitio del III Simposio: <a href=\"http:\/\/www.worldsymposium.org\/\">http:\/\/www.worldsymposium.org<\/a><\/p>\n","protected":false},"excerpt":{"rendered":"<p>Entre los d\u00edas 01 y 04 de noviembre se realizar\u00e1 el III Simposio Mundial en diversos puntos del planeta con actividades que incluyen variadas expresiones: charlas, talleres, presentaci\u00f3n de libros, expresiones art\u00edsticas, etc. El Simposio est\u00e1 organizado em base a&hellip;<\/p>\n","protected":false},"author":823,"featured_media":21985,"comment_status":"closed","ping_status":"open","sticky":false,"template":"","format":"standard","meta":{"footnotes":""},"categories":[75,79,39],"tags":[],"class_list":["post-22103","post","type-post","status-publish","format-standard","has-post-thumbnail","hentry","category-cultura-es","category-derechos-humanos","category-internacional"],"yoast_head":"<!-- This site is optimized with the Yoast SEO plugin v27.1.1 - https:\/\/yoast.com\/product\/yoast-seo-wordpress\/ -->\n<title>Los 5 ejes tem\u00e1ticos del III Simposio Mundial \u201cun Nuevo Humanismo para una Nueva Civilizaci\u00f3n\u201d<\/title>\n<meta name=\"description\" content=\"Entre los d\u00edas 01 y 04 de noviembre se realizar\u00e1 el III Simposio Mundial en diversos puntos del planeta con actividades que incluyen variadas expresiones:\" \/>\n<meta name=\"robots\" content=\"index, follow, max-snippet:-1, max-image-preview:large, max-video-preview:-1\" \/>\n<link rel=\"canonical\" href=\"https:\/\/www.pressenza.com\/es\/2012\/10\/los-5-ejes-tematicos-del-iii-simposio-mundial-un-nuevo-humanismo-para-una-nueva-civilizacion\/\" \/>\n<meta property=\"og:locale\" content=\"es_ES\" \/>\n<meta property=\"og:type\" content=\"article\" \/>\n<meta property=\"og:title\" content=\"Los 5 ejes tem\u00e1ticos del III Simposio Mundial \u201cun Nuevo Humanismo para una Nueva Civilizaci\u00f3n\u201d\" \/>\n<meta property=\"og:description\" content=\"Entre los d\u00edas 01 y 04 de noviembre se realizar\u00e1 el III Simposio Mundial en diversos puntos del planeta con actividades que incluyen variadas expresiones:\" \/>\n<meta property=\"og:url\" content=\"https:\/\/www.pressenza.com\/es\/2012\/10\/los-5-ejes-tematicos-del-iii-simposio-mundial-un-nuevo-humanismo-para-una-nueva-civilizacion\/\" \/>\n<meta property=\"og:site_name\" content=\"Pressenza\" \/>\n<meta property=\"article:publisher\" content=\"https:\/\/www.facebook.com\/PressenzaItalia\" \/>\n<meta property=\"article:author\" content=\"http:\/\/facebook.com\/paulogenovese\" \/>\n<meta property=\"article:published_time\" content=\"2012-10-30T15:12:57+00:00\" \/>\n<meta property=\"og:image\" content=\"https:\/\/www.pressenza.com\/wp-content\/uploads\/2012\/10\/eixo-1-e-2.jpg\" \/>\n\t<meta property=\"og:image:width\" content=\"480\" \/>\n\t<meta property=\"og:image:height\" content=\"311\" \/>\n\t<meta property=\"og:image:type\" content=\"image\/jpeg\" \/>\n<meta name=\"author\" content=\"Paulo Genovese\" \/>\n<meta name=\"twitter:card\" content=\"summary_large_image\" \/>\n<meta name=\"twitter:creator\" content=\"@PauloGenovese\" \/>\n<meta name=\"twitter:site\" content=\"@PressenzaIPA\" \/>\n<meta name=\"twitter:label1\" content=\"Escrito por\" \/>\n\t<meta name=\"twitter:data1\" content=\"Paulo Genovese\" \/>\n\t<meta name=\"twitter:label2\" content=\"Tiempo de lectura\" \/>\n\t<meta name=\"twitter:data2\" content=\"3 minutos\" \/>\n<script type=\"application\/ld+json\" class=\"yoast-schema-graph\">{\"@context\":\"https:\/\/schema.org\",\"@graph\":[{\"@type\":\"Article\",\"@id\":\"https:\/\/www.pressenza.com\/es\/2012\/10\/los-5-ejes-tematicos-del-iii-simposio-mundial-un-nuevo-humanismo-para-una-nueva-civilizacion\/#article\",\"isPartOf\":{\"@id\":\"https:\/\/www.pressenza.com\/es\/2012\/10\/los-5-ejes-tematicos-del-iii-simposio-mundial-un-nuevo-humanismo-para-una-nueva-civilizacion\/\"},\"author\":{\"name\":\"Paulo Genovese\",\"@id\":\"https:\/\/www.pressenza.com\/es\/#\/schema\/person\/9b1b30d75e1ac5659f00987d946356b3\"},\"headline\":\"Los 5 ejes tem\u00e1ticos del III Simposio Mundial \u201cun Nuevo Humanismo para una Nueva Civilizaci\u00f3n\u201d\",\"datePublished\":\"2012-10-30T15:12:57+00:00\",\"mainEntityOfPage\":{\"@id\":\"https:\/\/www.pressenza.com\/es\/2012\/10\/los-5-ejes-tematicos-del-iii-simposio-mundial-un-nuevo-humanismo-para-una-nueva-civilizacion\/\"},\"wordCount\":562,\"publisher\":{\"@id\":\"https:\/\/www.pressenza.com\/es\/#organization\"},\"image\":{\"@id\":\"https:\/\/www.pressenza.com\/es\/2012\/10\/los-5-ejes-tematicos-del-iii-simposio-mundial-un-nuevo-humanismo-para-una-nueva-civilizacion\/#primaryimage\"},\"thumbnailUrl\":\"https:\/\/www.pressenza.com\/wp-content\/uploads\/2012\/10\/eixo-1-e-2.jpg\",\"articleSection\":[\"Cultura y Medios\",\"Derechos Humanos\",\"Internacional\"],\"inLanguage\":\"es\"},{\"@type\":\"WebPage\",\"@id\":\"https:\/\/www.pressenza.com\/es\/2012\/10\/los-5-ejes-tematicos-del-iii-simposio-mundial-un-nuevo-humanismo-para-una-nueva-civilizacion\/\",\"url\":\"https:\/\/www.pressenza.com\/es\/2012\/10\/los-5-ejes-tematicos-del-iii-simposio-mundial-un-nuevo-humanismo-para-una-nueva-civilizacion\/\",\"name\":\"Los 5 ejes tem\u00e1ticos del III Simposio Mundial \u201cun Nuevo Humanismo para una Nueva Civilizaci\u00f3n\u201d\",\"isPartOf\":{\"@id\":\"https:\/\/www.pressenza.com\/es\/#website\"},\"primaryImageOfPage\":{\"@id\":\"https:\/\/www.pressenza.com\/es\/2012\/10\/los-5-ejes-tematicos-del-iii-simposio-mundial-un-nuevo-humanismo-para-una-nueva-civilizacion\/#primaryimage\"},\"image\":{\"@id\":\"https:\/\/www.pressenza.com\/es\/2012\/10\/los-5-ejes-tematicos-del-iii-simposio-mundial-un-nuevo-humanismo-para-una-nueva-civilizacion\/#primaryimage\"},\"thumbnailUrl\":\"https:\/\/www.pressenza.com\/wp-content\/uploads\/2012\/10\/eixo-1-e-2.jpg\",\"datePublished\":\"2012-10-30T15:12:57+00:00\",\"description\":\"Entre los d\u00edas 01 y 04 de noviembre se realizar\u00e1 el III Simposio Mundial en diversos puntos del planeta con actividades que incluyen variadas expresiones:\",\"breadcrumb\":{\"@id\":\"https:\/\/www.pressenza.com\/es\/2012\/10\/los-5-ejes-tematicos-del-iii-simposio-mundial-un-nuevo-humanismo-para-una-nueva-civilizacion\/#breadcrumb\"},\"inLanguage\":\"es\",\"potentialAction\":[{\"@type\":\"ReadAction\",\"target\":[\"https:\/\/www.pressenza.com\/es\/2012\/10\/los-5-ejes-tematicos-del-iii-simposio-mundial-un-nuevo-humanismo-para-una-nueva-civilizacion\/\"]}]},{\"@type\":\"ImageObject\",\"inLanguage\":\"es\",\"@id\":\"https:\/\/www.pressenza.com\/es\/2012\/10\/los-5-ejes-tematicos-del-iii-simposio-mundial-un-nuevo-humanismo-para-una-nueva-civilizacion\/#primaryimage\",\"url\":\"https:\/\/www.pressenza.com\/wp-content\/uploads\/2012\/10\/eixo-1-e-2.jpg\",\"contentUrl\":\"https:\/\/www.pressenza.com\/wp-content\/uploads\/2012\/10\/eixo-1-e-2.jpg\",\"width\":\"480\",\"height\":\"311\",\"caption\":\"Eixos do III Simp\u00f3sio Internacional 1 e 2\"},{\"@type\":\"BreadcrumbList\",\"@id\":\"https:\/\/www.pressenza.com\/es\/2012\/10\/los-5-ejes-tematicos-del-iii-simposio-mundial-un-nuevo-humanismo-para-una-nueva-civilizacion\/#breadcrumb\",\"itemListElement\":[{\"@type\":\"ListItem\",\"position\":1,\"name\":\"Accueil\",\"item\":\"https:\/\/www.pressenza.com\/es\/\"},{\"@type\":\"ListItem\",\"position\":2,\"name\":\"Los 5 ejes tem\u00e1ticos del III Simposio Mundial \u201cun Nuevo Humanismo para una Nueva Civilizaci\u00f3n\u201d\"}]},{\"@type\":\"WebSite\",\"@id\":\"https:\/\/www.pressenza.com\/es\/#website\",\"url\":\"https:\/\/www.pressenza.com\/es\/\",\"name\":\"Pressenza\",\"description\":\"International Press Agency\",\"publisher\":{\"@id\":\"https:\/\/www.pressenza.com\/es\/#organization\"},\"potentialAction\":[{\"@type\":\"SearchAction\",\"target\":{\"@type\":\"EntryPoint\",\"urlTemplate\":\"https:\/\/www.pressenza.com\/es\/?s={search_term_string}\"},\"query-input\":{\"@type\":\"PropertyValueSpecification\",\"valueRequired\":true,\"valueName\":\"search_term_string\"}}],\"inLanguage\":\"es\"},{\"@type\":\"Organization\",\"@id\":\"https:\/\/www.pressenza.com\/es\/#organization\",\"name\":\"Pressenza\",\"url\":\"https:\/\/www.pressenza.com\/es\/\",\"logo\":{\"@type\":\"ImageObject\",\"inLanguage\":\"es\",\"@id\":\"https:\/\/www.pressenza.com\/es\/#\/schema\/logo\/image\/\",\"url\":\"https:\/\/www.pressenza.com\/wp-content\/uploads\/2022\/10\/pressenza_logo_200x200.jpg\",\"contentUrl\":\"https:\/\/www.pressenza.com\/wp-content\/uploads\/2022\/10\/pressenza_logo_200x200.jpg\",\"width\":200,\"height\":200,\"caption\":\"Pressenza\"},\"image\":{\"@id\":\"https:\/\/www.pressenza.com\/es\/#\/schema\/logo\/image\/\"},\"sameAs\":[\"https:\/\/www.facebook.com\/PressenzaItalia\",\"https:\/\/x.com\/PressenzaIPA\"]},{\"@type\":\"Person\",\"@id\":\"https:\/\/www.pressenza.com\/es\/#\/schema\/person\/9b1b30d75e1ac5659f00987d946356b3\",\"name\":\"Paulo Genovese\",\"description\":\"Pressenza editor in Portuguese. Member of the Humanist Movement and the Centre of Studies of the Park of Study and Reflection, Caucaia, Brazil\",\"sameAs\":[\"http:\/\/facebook.com\/paulogenovese\",\"https:\/\/x.com\/PauloGenovese\"],\"url\":\"https:\/\/www.pressenza.com\/es\/author\/paulo-genovese\/\"}]}<\/script>\n<!-- \/ Yoast SEO plugin. -->","yoast_head_json":{"title":"Los 5 ejes tem\u00e1ticos del III Simposio Mundial \u201cun Nuevo Humanismo para una Nueva Civilizaci\u00f3n\u201d","description":"Entre los d\u00edas 01 y 04 de noviembre se realizar\u00e1 el III Simposio Mundial en diversos puntos del planeta con actividades que incluyen variadas expresiones:","robots":{"index":"index","follow":"follow","max-snippet":"max-snippet:-1","max-image-preview":"max-image-preview:large","max-video-preview":"max-video-preview:-1"},"canonical":"https:\/\/www.pressenza.com\/es\/2012\/10\/los-5-ejes-tematicos-del-iii-simposio-mundial-un-nuevo-humanismo-para-una-nueva-civilizacion\/","og_locale":"es_ES","og_type":"article","og_title":"Los 5 ejes tem\u00e1ticos del III Simposio Mundial \u201cun Nuevo Humanismo para una Nueva Civilizaci\u00f3n\u201d","og_description":"Entre los d\u00edas 01 y 04 de noviembre se realizar\u00e1 el III Simposio Mundial en diversos puntos del planeta con actividades que incluyen variadas expresiones:","og_url":"https:\/\/www.pressenza.com\/es\/2012\/10\/los-5-ejes-tematicos-del-iii-simposio-mundial-un-nuevo-humanismo-para-una-nueva-civilizacion\/","og_site_name":"Pressenza","article_publisher":"https:\/\/www.facebook.com\/PressenzaItalia","article_author":"http:\/\/facebook.com\/paulogenovese","article_published_time":"2012-10-30T15:12:57+00:00","og_image":[{"width":480,"height":311,"url":"https:\/\/www.pressenza.com\/wp-content\/uploads\/2012\/10\/eixo-1-e-2.jpg","type":"image\/jpeg"}],"author":"Paulo Genovese","twitter_card":"summary_large_image","twitter_creator":"@PauloGenovese","twitter_site":"@PressenzaIPA","twitter_misc":{"Escrito por":"Paulo Genovese","Tiempo de lectura":"3 minutos"},"schema":{"@context":"https:\/\/schema.org","@graph":[{"@type":"Article","@id":"https:\/\/www.pressenza.com\/es\/2012\/10\/los-5-ejes-tematicos-del-iii-simposio-mundial-un-nuevo-humanismo-para-una-nueva-civilizacion\/#article","isPartOf":{"@id":"https:\/\/www.pressenza.com\/es\/2012\/10\/los-5-ejes-tematicos-del-iii-simposio-mundial-un-nuevo-humanismo-para-una-nueva-civilizacion\/"},"author":{"name":"Paulo Genovese","@id":"https:\/\/www.pressenza.com\/es\/#\/schema\/person\/9b1b30d75e1ac5659f00987d946356b3"},"headline":"Los 5 ejes tem\u00e1ticos del III Simposio Mundial \u201cun Nuevo Humanismo para una Nueva Civilizaci\u00f3n\u201d","datePublished":"2012-10-30T15:12:57+00:00","mainEntityOfPage":{"@id":"https:\/\/www.pressenza.com\/es\/2012\/10\/los-5-ejes-tematicos-del-iii-simposio-mundial-un-nuevo-humanismo-para-una-nueva-civilizacion\/"},"wordCount":562,"publisher":{"@id":"https:\/\/www.pressenza.com\/es\/#organization"},"image":{"@id":"https:\/\/www.pressenza.com\/es\/2012\/10\/los-5-ejes-tematicos-del-iii-simposio-mundial-un-nuevo-humanismo-para-una-nueva-civilizacion\/#primaryimage"},"thumbnailUrl":"https:\/\/www.pressenza.com\/wp-content\/uploads\/2012\/10\/eixo-1-e-2.jpg","articleSection":["Cultura y Medios","Derechos Humanos","Internacional"],"inLanguage":"es"},{"@type":"WebPage","@id":"https:\/\/www.pressenza.com\/es\/2012\/10\/los-5-ejes-tematicos-del-iii-simposio-mundial-un-nuevo-humanismo-para-una-nueva-civilizacion\/","url":"https:\/\/www.pressenza.com\/es\/2012\/10\/los-5-ejes-tematicos-del-iii-simposio-mundial-un-nuevo-humanismo-para-una-nueva-civilizacion\/","name":"Los 5 ejes tem\u00e1ticos del III Simposio Mundial \u201cun Nuevo Humanismo para una Nueva Civilizaci\u00f3n\u201d","isPartOf":{"@id":"https:\/\/www.pressenza.com\/es\/#website"},"primaryImageOfPage":{"@id":"https:\/\/www.pressenza.com\/es\/2012\/10\/los-5-ejes-tematicos-del-iii-simposio-mundial-un-nuevo-humanismo-para-una-nueva-civilizacion\/#primaryimage"},"image":{"@id":"https:\/\/www.pressenza.com\/es\/2012\/10\/los-5-ejes-tematicos-del-iii-simposio-mundial-un-nuevo-humanismo-para-una-nueva-civilizacion\/#primaryimage"},"thumbnailUrl":"https:\/\/www.pressenza.com\/wp-content\/uploads\/2012\/10\/eixo-1-e-2.jpg","datePublished":"2012-10-30T15:12:57+00:00","description":"Entre los d\u00edas 01 y 04 de noviembre se realizar\u00e1 el III Simposio Mundial en diversos puntos del planeta con actividades que incluyen variadas expresiones:","breadcrumb":{"@id":"https:\/\/www.pressenza.com\/es\/2012\/10\/los-5-ejes-tematicos-del-iii-simposio-mundial-un-nuevo-humanismo-para-una-nueva-civilizacion\/#breadcrumb"},"inLanguage":"es","potentialAction":[{"@type":"ReadAction","target":["https:\/\/www.pressenza.com\/es\/2012\/10\/los-5-ejes-tematicos-del-iii-simposio-mundial-un-nuevo-humanismo-para-una-nueva-civilizacion\/"]}]},{"@type":"ImageObject","inLanguage":"es","@id":"https:\/\/www.pressenza.com\/es\/2012\/10\/los-5-ejes-tematicos-del-iii-simposio-mundial-un-nuevo-humanismo-para-una-nueva-civilizacion\/#primaryimage","url":"https:\/\/www.pressenza.com\/wp-content\/uploads\/2012\/10\/eixo-1-e-2.jpg","contentUrl":"https:\/\/www.pressenza.com\/wp-content\/uploads\/2012\/10\/eixo-1-e-2.jpg","width":"480","height":"311","caption":"Eixos do III Simp\u00f3sio Internacional 1 e 2"},{"@type":"BreadcrumbList","@id":"https:\/\/www.pressenza.com\/es\/2012\/10\/los-5-ejes-tematicos-del-iii-simposio-mundial-un-nuevo-humanismo-para-una-nueva-civilizacion\/#breadcrumb","itemListElement":[{"@type":"ListItem","position":1,"name":"Accueil","item":"https:\/\/www.pressenza.com\/es\/"},{"@type":"ListItem","position":2,"name":"Los 5 ejes tem\u00e1ticos del III Simposio Mundial \u201cun Nuevo Humanismo para una Nueva Civilizaci\u00f3n\u201d"}]},{"@type":"WebSite","@id":"https:\/\/www.pressenza.com\/es\/#website","url":"https:\/\/www.pressenza.com\/es\/","name":"Pressenza","description":"International Press Agency","publisher":{"@id":"https:\/\/www.pressenza.com\/es\/#organization"},"potentialAction":[{"@type":"SearchAction","target":{"@type":"EntryPoint","urlTemplate":"https:\/\/www.pressenza.com\/es\/?s={search_term_string}"},"query-input":{"@type":"PropertyValueSpecification","valueRequired":true,"valueName":"search_term_string"}}],"inLanguage":"es"},{"@type":"Organization","@id":"https:\/\/www.pressenza.com\/es\/#organization","name":"Pressenza","url":"https:\/\/www.pressenza.com\/es\/","logo":{"@type":"ImageObject","inLanguage":"es","@id":"https:\/\/www.pressenza.com\/es\/#\/schema\/logo\/image\/","url":"https:\/\/www.pressenza.com\/wp-content\/uploads\/2022\/10\/pressenza_logo_200x200.jpg","contentUrl":"https:\/\/www.pressenza.com\/wp-content\/uploads\/2022\/10\/pressenza_logo_200x200.jpg","width":200,"height":200,"caption":"Pressenza"},"image":{"@id":"https:\/\/www.pressenza.com\/es\/#\/schema\/logo\/image\/"},"sameAs":["https:\/\/www.facebook.com\/PressenzaItalia","https:\/\/x.com\/PressenzaIPA"]},{"@type":"Person","@id":"https:\/\/www.pressenza.com\/es\/#\/schema\/person\/9b1b30d75e1ac5659f00987d946356b3","name":"Paulo Genovese","description":"Pressenza editor in Portuguese. Member of the Humanist Movement and the Centre of Studies of the Park of Study and Reflection, Caucaia, Brazil","sameAs":["http:\/\/facebook.com\/paulogenovese","https:\/\/x.com\/PauloGenovese"],"url":"https:\/\/www.pressenza.com\/es\/author\/paulo-genovese\/"}]}},"place":"","original_article_url":"","_links":{"self":[{"href":"https:\/\/www.pressenza.com\/es\/wp-json\/wp\/v2\/posts\/22103","targetHints":{"allow":["GET"]}}],"collection":[{"href":"https:\/\/www.pressenza.com\/es\/wp-json\/wp\/v2\/posts"}],"about":[{"href":"https:\/\/www.pressenza.com\/es\/wp-json\/wp\/v2\/types\/post"}],"author":[{"embeddable":true,"href":"https:\/\/www.pressenza.com\/es\/wp-json\/wp\/v2\/users\/823"}],"replies":[{"embeddable":true,"href":"https:\/\/www.pressenza.com\/es\/wp-json\/wp\/v2\/comments?post=22103"}],"version-history":[{"count":0,"href":"https:\/\/www.pressenza.com\/es\/wp-json\/wp\/v2\/posts\/22103\/revisions"}],"wp:featuredmedia":[{"embeddable":true,"href":"https:\/\/www.pressenza.com\/es\/wp-json\/wp\/v2\/media\/21985"}],"wp:attachment":[{"href":"https:\/\/www.pressenza.com\/es\/wp-json\/wp\/v2\/media?parent=22103"}],"wp:term":[{"taxonomy":"category","embeddable":true,"href":"https:\/\/www.pressenza.com\/es\/wp-json\/wp\/v2\/categories?post=22103"},{"taxonomy":"post_tag","embeddable":true,"href":"https:\/\/www.pressenza.com\/es\/wp-json\/wp\/v2\/tags?post=22103"}],"curies":[{"name":"wp","href":"https:\/\/api.w.org\/{rel}","templated":true}]}}