{"id":2208,"date":"2009-11-13T00:00:00","date_gmt":"2009-11-13T00:00:00","guid":{"rendered":""},"modified":"2009-11-15T20:21:42","modified_gmt":"2009-11-15T20:21:42","slug":"declaracion-final-de-la-decima-cumbre-mundial-de-premios-nobel-por-la-paz","status":"publish","type":"post","link":"https:\/\/www.pressenza.com\/es\/2009\/11\/declaracion-final-de-la-decima-cumbre-mundial-de-premios-nobel-por-la-paz\/","title":{"rendered":"Declaraci\u00f3n Final de la D\u00e9cima Cumbre Mundial de Premios N\u00f3bel por la Paz"},"content":{"rendered":"<p>DERRIBAR LOS MUROS POR LA PAZ Y LA JUSTICIA EN EL MUNDO<\/p>\n<p>Declaraci\u00f3n Final de la Cumbre<\/p>\n<p>*Los muros que son los obst\u00e1culos para un mundo sin armas nucleares se derriban:*<\/p>\n<p>\u25e6  logrando un cambio paradigm\u00e1tico de una excesiva y contraproducente militarizaci\u00f3n hacia una seguridad colectiva basada en iniciativas de conjunto para tratar con las amenazas globales,<\/p>\n<p>\u25e6 haciendo que todos los pa\u00edses miembros de la comunidad internacional implementen de manera total las obligaciones de desarme y la no proliferaci\u00f3n nuclear respetando los NPT y cualquier otro acuerdo internacional acerca de las armas,<\/p>\n<p>\u25e6 acordando una nueva convenci\u00f3n para la eliminaci\u00f3n universal y verificable de los armamentos nucleares,<\/p>\n<p>\u25e6 apoyando la iniciativa del presidente de los Estados Unidos, Barack Obama, y del presidente de Rusia, Dimitri Medv\u00e9dev, de adoptar un nuevo acuerdo acerca del desarme nuclear e implementarlo,<\/p>\n<p>\u25e6 respaldando los cinco puntos del plan de desarme nuclear propuesto por el secretario general de las Naciones Unidas,<\/p>\n<p>\u25e6 resolviendo los conflictos regionales y globales desde su ra\u00edz para asegurar que la seguridad de todos los estados est\u00e9 garantizada sin armas nucleares;<\/p>\n<p>*Los muros entre los pobres y los ricos se derriban mediante:*<\/p>\n<p>\u25e6 la movilizaci\u00f3n de todos los recursos nacionales e internacionales necesarios para lograr la implementaci\u00f3n total de los Objetivos de Desarrollo del Milenio, y<\/p>\n<p>\u25e6 el aprovechamiento de la crisis financiera actual para crear un nuevo sistema econ\u00f3mico global que sea justo para todos los seres humanos;<\/p>\n<p>*Los muros entre las comunidades culturales, \u00e9tnicas y religiosas se derriban:*<\/p>\n<p>\u25e6 exhortando a la Asamblea General de las Naciones Unidas a que  convoque una cumbre internacional sobre los derechos de las minor\u00edas, con el objetivo de fortalecer la protecci\u00f3n de los derechos de las minor\u00edas, tanto religiosas como culturales y ling\u00fc\u00edsticas;<\/p>\n<p>*Derribar los muros que son los obst\u00e1culos para combatir el cambio clim\u00e1tico implica:*<\/p>\n<p>\u25e6 garantizar el triunfo de la pr\u00f3xima cumbre en Copenhague en que las empresas internacionales se comprometan para con las acciones efectivas y globales,<\/p>\n<p>\u25e6 asegurar el desarrollo sustentable, que le permitir\u00e1 a la humanidad vivir en armon\u00eda con el fr\u00e1gil medio ambiente del planeta y en armon\u00eda entre s\u00ed;<\/p>\n<p>*Derribar los muros generacionales implica:*<\/p>\n<p>\u25e6 hacer efectiva la participaci\u00f3n de la juventud y de sus organizaciones en las decisiones concernientes a su propio futuro, y<\/p>\n<p>\u25e6 asegurar un di\u00e1logo y una comunicaci\u00f3n permanente entre las generaciones para alcanzar la justicia intergeneracional.<\/p>\n<p>La Cumbre tambi\u00e9n exhorta a la comunidad internacional a construir puentes basados en nuestros valores compartidos, en nuestras distintas visiones y en la humanidad. Asimismo, pide a las personas que demuestren su amor, compasi\u00f3n y tolerancia en sus relaciones con el pr\u00f3jimo. Con este esp\u00edritu, renovamos nuestro compromiso con los estatutos para un Mundo Sin Violencia, los cuales articulan nuestra visi\u00f3n de paz y justicia mundiales.<\/p>\n<p>Traducci\u00f3n: leandrosantosb@gmail.com<\/p>\n","protected":false},"excerpt":{"rendered":"<p>Premiados con el N\u00f3bel de la Paz y representantes de organizaciones no gubernamentales y juveniles reunidos en Berl\u00edn, el 10 y 11 de noviembre, evaluaron las implicancias hist\u00f3ricas de la ca\u00edda del Muro de Berl\u00edn y el desarrollo global desde entonces, y exhortaron a la comunidad internacional a derribar los muros personales, nacionales, internacionales e institucionales<\/p>\n","protected":false},"author":19,"featured_media":0,"comment_status":"closed","ping_status":"open","sticky":false,"template":"","format":"standard","meta":{"footnotes":""},"categories":[149,66,39,74],"tags":[],"class_list":["post-2208","post","type-post","status-publish","format-standard","hentry","category-comunicados-de-prensa","category-europa-es","category-internacional","category-politica-es"],"yoast_head":"<!-- This site is optimized with the Yoast SEO plugin v27.1.1 - https:\/\/yoast.com\/product\/yoast-seo-wordpress\/ -->\n<title>Declaraci\u00f3n Final de la D\u00e9cima Cumbre Mundial de Premios N\u00f3bel por la Paz<\/title>\n<meta name=\"description\" content=\"Premiados con el N\u00f3bel de la Paz y representantes de organizaciones no gubernamentales y juveniles reunidos en Berl\u00edn, el 10 y 11 de noviembre, evaluaron las implicancias hist\u00f3ricas de la ca\u00edda del Muro de Berl\u00edn y el desarrollo global desde entonces, y exhortaron a la comunidad internacional a derribar los muros personales, nacionales, internacionales e institucionales\" \/>\n<meta name=\"robots\" content=\"index, follow, max-snippet:-1, max-image-preview:large, max-video-preview:-1\" \/>\n<link rel=\"canonical\" href=\"https:\/\/www.pressenza.com\/es\/2009\/11\/declaracion-final-de-la-decima-cumbre-mundial-de-premios-nobel-por-la-paz\/\" \/>\n<meta property=\"og:locale\" content=\"es_ES\" \/>\n<meta property=\"og:type\" content=\"article\" \/>\n<meta property=\"og:title\" content=\"Declaraci\u00f3n Final de la D\u00e9cima Cumbre Mundial de Premios N\u00f3bel por la Paz\" \/>\n<meta property=\"og:description\" content=\"Premiados con el N\u00f3bel de la Paz y representantes de organizaciones no gubernamentales y juveniles reunidos en Berl\u00edn, el 10 y 11 de noviembre, evaluaron las implicancias hist\u00f3ricas de la ca\u00edda del Muro de Berl\u00edn y el desarrollo global desde entonces, y exhortaron a la comunidad internacional a derribar los muros personales, nacionales, internacionales e institucionales\" \/>\n<meta property=\"og:url\" content=\"https:\/\/www.pressenza.com\/es\/2009\/11\/declaracion-final-de-la-decima-cumbre-mundial-de-premios-nobel-por-la-paz\/\" \/>\n<meta property=\"og:site_name\" content=\"Pressenza\" \/>\n<meta property=\"article:publisher\" content=\"https:\/\/www.facebook.com\/PressenzaItalia\" \/>\n<meta property=\"article:author\" content=\"https:\/\/www.facebook.com\/pressenza\" \/>\n<meta property=\"article:published_time\" content=\"2009-11-13T00:00:00+00:00\" \/>\n<meta property=\"article:modified_time\" content=\"2009-11-15T20:21:42+00:00\" \/>\n<meta name=\"author\" content=\"Pressenza IPA\" \/>\n<meta name=\"twitter:card\" content=\"summary_large_image\" \/>\n<meta name=\"twitter:creator\" content=\"@PressenzaIPA\" \/>\n<meta name=\"twitter:site\" content=\"@PressenzaIPA\" \/>\n<meta name=\"twitter:label1\" content=\"Escrito por\" \/>\n\t<meta name=\"twitter:data1\" content=\"Pressenza IPA\" \/>\n\t<meta name=\"twitter:label2\" content=\"Tiempo de lectura\" \/>\n\t<meta name=\"twitter:data2\" content=\"2 minutos\" \/>\n<script type=\"application\/ld+json\" class=\"yoast-schema-graph\">{\"@context\":\"https:\/\/schema.org\",\"@graph\":[{\"@type\":\"Article\",\"@id\":\"https:\/\/www.pressenza.com\/es\/2009\/11\/declaracion-final-de-la-decima-cumbre-mundial-de-premios-nobel-por-la-paz\/#article\",\"isPartOf\":{\"@id\":\"https:\/\/www.pressenza.com\/es\/2009\/11\/declaracion-final-de-la-decima-cumbre-mundial-de-premios-nobel-por-la-paz\/\"},\"author\":{\"name\":\"Pressenza IPA\",\"@id\":\"https:\/\/www.pressenza.com\/es\/#\/schema\/person\/010e5d02bcf40965427a1289a4cc8d75\"},\"headline\":\"Declaraci\u00f3n Final de la D\u00e9cima Cumbre Mundial de Premios N\u00f3bel por la Paz\",\"datePublished\":\"2009-11-13T00:00:00+00:00\",\"dateModified\":\"2009-11-15T20:21:42+00:00\",\"mainEntityOfPage\":{\"@id\":\"https:\/\/www.pressenza.com\/es\/2009\/11\/declaracion-final-de-la-decima-cumbre-mundial-de-premios-nobel-por-la-paz\/\"},\"wordCount\":501,\"publisher\":{\"@id\":\"https:\/\/www.pressenza.com\/es\/#organization\"},\"articleSection\":[\"Comunicados de Prensa\",\"Europa\",\"Internacional\",\"Pol\u00edtica\"],\"inLanguage\":\"es\"},{\"@type\":\"WebPage\",\"@id\":\"https:\/\/www.pressenza.com\/es\/2009\/11\/declaracion-final-de-la-decima-cumbre-mundial-de-premios-nobel-por-la-paz\/\",\"url\":\"https:\/\/www.pressenza.com\/es\/2009\/11\/declaracion-final-de-la-decima-cumbre-mundial-de-premios-nobel-por-la-paz\/\",\"name\":\"Declaraci\u00f3n Final de la D\u00e9cima Cumbre Mundial de Premios N\u00f3bel por la Paz\",\"isPartOf\":{\"@id\":\"https:\/\/www.pressenza.com\/es\/#website\"},\"datePublished\":\"2009-11-13T00:00:00+00:00\",\"dateModified\":\"2009-11-15T20:21:42+00:00\",\"description\":\"Premiados con el N\u00f3bel de la Paz y representantes de organizaciones no gubernamentales y juveniles reunidos en Berl\u00edn, el 10 y 11 de noviembre, evaluaron las implicancias hist\u00f3ricas de la ca\u00edda del Muro de Berl\u00edn y el desarrollo global desde entonces, y exhortaron a la comunidad internacional a derribar los muros personales, nacionales, internacionales e institucionales\",\"breadcrumb\":{\"@id\":\"https:\/\/www.pressenza.com\/es\/2009\/11\/declaracion-final-de-la-decima-cumbre-mundial-de-premios-nobel-por-la-paz\/#breadcrumb\"},\"inLanguage\":\"es\",\"potentialAction\":[{\"@type\":\"ReadAction\",\"target\":[\"https:\/\/www.pressenza.com\/es\/2009\/11\/declaracion-final-de-la-decima-cumbre-mundial-de-premios-nobel-por-la-paz\/\"]}]},{\"@type\":\"BreadcrumbList\",\"@id\":\"https:\/\/www.pressenza.com\/es\/2009\/11\/declaracion-final-de-la-decima-cumbre-mundial-de-premios-nobel-por-la-paz\/#breadcrumb\",\"itemListElement\":[{\"@type\":\"ListItem\",\"position\":1,\"name\":\"Accueil\",\"item\":\"https:\/\/www.pressenza.com\/es\/\"},{\"@type\":\"ListItem\",\"position\":2,\"name\":\"Declaraci\u00f3n Final de la D\u00e9cima Cumbre Mundial de Premios N\u00f3bel por la Paz\"}]},{\"@type\":\"WebSite\",\"@id\":\"https:\/\/www.pressenza.com\/es\/#website\",\"url\":\"https:\/\/www.pressenza.com\/es\/\",\"name\":\"Pressenza\",\"description\":\"International Press Agency\",\"publisher\":{\"@id\":\"https:\/\/www.pressenza.com\/es\/#organization\"},\"potentialAction\":[{\"@type\":\"SearchAction\",\"target\":{\"@type\":\"EntryPoint\",\"urlTemplate\":\"https:\/\/www.pressenza.com\/es\/?s={search_term_string}\"},\"query-input\":{\"@type\":\"PropertyValueSpecification\",\"valueRequired\":true,\"valueName\":\"search_term_string\"}}],\"inLanguage\":\"es\"},{\"@type\":\"Organization\",\"@id\":\"https:\/\/www.pressenza.com\/es\/#organization\",\"name\":\"Pressenza\",\"url\":\"https:\/\/www.pressenza.com\/es\/\",\"logo\":{\"@type\":\"ImageObject\",\"inLanguage\":\"es\",\"@id\":\"https:\/\/www.pressenza.com\/es\/#\/schema\/logo\/image\/\",\"url\":\"https:\/\/www.pressenza.com\/wp-content\/uploads\/2022\/10\/pressenza_logo_200x200.jpg\",\"contentUrl\":\"https:\/\/www.pressenza.com\/wp-content\/uploads\/2022\/10\/pressenza_logo_200x200.jpg\",\"width\":200,\"height\":200,\"caption\":\"Pressenza\"},\"image\":{\"@id\":\"https:\/\/www.pressenza.com\/es\/#\/schema\/logo\/image\/\"},\"sameAs\":[\"https:\/\/www.facebook.com\/PressenzaItalia\",\"https:\/\/x.com\/PressenzaIPA\"]},{\"@type\":\"Person\",\"@id\":\"https:\/\/www.pressenza.com\/es\/#\/schema\/person\/010e5d02bcf40965427a1289a4cc8d75\",\"name\":\"Pressenza IPA\",\"description\":\"News from Pressenza IPA correspondents\",\"sameAs\":[\"https:\/\/www.facebook.com\/pressenza\",\"https:\/\/x.com\/PressenzaIPA\"],\"url\":\"https:\/\/www.pressenza.com\/es\/author\/pressenza-ipa\/\"}]}<\/script>\n<!-- \/ Yoast SEO plugin. -->","yoast_head_json":{"title":"Declaraci\u00f3n Final de la D\u00e9cima Cumbre Mundial de Premios N\u00f3bel por la Paz","description":"Premiados con el N\u00f3bel de la Paz y representantes de organizaciones no gubernamentales y juveniles reunidos en Berl\u00edn, el 10 y 11 de noviembre, evaluaron las implicancias hist\u00f3ricas de la ca\u00edda del Muro de Berl\u00edn y el desarrollo global desde entonces, y exhortaron a la comunidad internacional a derribar los muros personales, nacionales, internacionales e institucionales","robots":{"index":"index","follow":"follow","max-snippet":"max-snippet:-1","max-image-preview":"max-image-preview:large","max-video-preview":"max-video-preview:-1"},"canonical":"https:\/\/www.pressenza.com\/es\/2009\/11\/declaracion-final-de-la-decima-cumbre-mundial-de-premios-nobel-por-la-paz\/","og_locale":"es_ES","og_type":"article","og_title":"Declaraci\u00f3n Final de la D\u00e9cima Cumbre Mundial de Premios N\u00f3bel por la Paz","og_description":"Premiados con el N\u00f3bel de la Paz y representantes de organizaciones no gubernamentales y juveniles reunidos en Berl\u00edn, el 10 y 11 de noviembre, evaluaron las implicancias hist\u00f3ricas de la ca\u00edda del Muro de Berl\u00edn y el desarrollo global desde entonces, y exhortaron a la comunidad internacional a derribar los muros personales, nacionales, internacionales e institucionales","og_url":"https:\/\/www.pressenza.com\/es\/2009\/11\/declaracion-final-de-la-decima-cumbre-mundial-de-premios-nobel-por-la-paz\/","og_site_name":"Pressenza","article_publisher":"https:\/\/www.facebook.com\/PressenzaItalia","article_author":"https:\/\/www.facebook.com\/pressenza","article_published_time":"2009-11-13T00:00:00+00:00","article_modified_time":"2009-11-15T20:21:42+00:00","author":"Pressenza IPA","twitter_card":"summary_large_image","twitter_creator":"@PressenzaIPA","twitter_site":"@PressenzaIPA","twitter_misc":{"Escrito por":"Pressenza IPA","Tiempo de lectura":"2 minutos"},"schema":{"@context":"https:\/\/schema.org","@graph":[{"@type":"Article","@id":"https:\/\/www.pressenza.com\/es\/2009\/11\/declaracion-final-de-la-decima-cumbre-mundial-de-premios-nobel-por-la-paz\/#article","isPartOf":{"@id":"https:\/\/www.pressenza.com\/es\/2009\/11\/declaracion-final-de-la-decima-cumbre-mundial-de-premios-nobel-por-la-paz\/"},"author":{"name":"Pressenza IPA","@id":"https:\/\/www.pressenza.com\/es\/#\/schema\/person\/010e5d02bcf40965427a1289a4cc8d75"},"headline":"Declaraci\u00f3n Final de la D\u00e9cima Cumbre Mundial de Premios N\u00f3bel por la Paz","datePublished":"2009-11-13T00:00:00+00:00","dateModified":"2009-11-15T20:21:42+00:00","mainEntityOfPage":{"@id":"https:\/\/www.pressenza.com\/es\/2009\/11\/declaracion-final-de-la-decima-cumbre-mundial-de-premios-nobel-por-la-paz\/"},"wordCount":501,"publisher":{"@id":"https:\/\/www.pressenza.com\/es\/#organization"},"articleSection":["Comunicados de Prensa","Europa","Internacional","Pol\u00edtica"],"inLanguage":"es"},{"@type":"WebPage","@id":"https:\/\/www.pressenza.com\/es\/2009\/11\/declaracion-final-de-la-decima-cumbre-mundial-de-premios-nobel-por-la-paz\/","url":"https:\/\/www.pressenza.com\/es\/2009\/11\/declaracion-final-de-la-decima-cumbre-mundial-de-premios-nobel-por-la-paz\/","name":"Declaraci\u00f3n Final de la D\u00e9cima Cumbre Mundial de Premios N\u00f3bel por la Paz","isPartOf":{"@id":"https:\/\/www.pressenza.com\/es\/#website"},"datePublished":"2009-11-13T00:00:00+00:00","dateModified":"2009-11-15T20:21:42+00:00","description":"Premiados con el N\u00f3bel de la Paz y representantes de organizaciones no gubernamentales y juveniles reunidos en Berl\u00edn, el 10 y 11 de noviembre, evaluaron las implicancias hist\u00f3ricas de la ca\u00edda del Muro de Berl\u00edn y el desarrollo global desde entonces, y exhortaron a la comunidad internacional a derribar los muros personales, nacionales, internacionales e institucionales","breadcrumb":{"@id":"https:\/\/www.pressenza.com\/es\/2009\/11\/declaracion-final-de-la-decima-cumbre-mundial-de-premios-nobel-por-la-paz\/#breadcrumb"},"inLanguage":"es","potentialAction":[{"@type":"ReadAction","target":["https:\/\/www.pressenza.com\/es\/2009\/11\/declaracion-final-de-la-decima-cumbre-mundial-de-premios-nobel-por-la-paz\/"]}]},{"@type":"BreadcrumbList","@id":"https:\/\/www.pressenza.com\/es\/2009\/11\/declaracion-final-de-la-decima-cumbre-mundial-de-premios-nobel-por-la-paz\/#breadcrumb","itemListElement":[{"@type":"ListItem","position":1,"name":"Accueil","item":"https:\/\/www.pressenza.com\/es\/"},{"@type":"ListItem","position":2,"name":"Declaraci\u00f3n Final de la D\u00e9cima Cumbre Mundial de Premios N\u00f3bel por la Paz"}]},{"@type":"WebSite","@id":"https:\/\/www.pressenza.com\/es\/#website","url":"https:\/\/www.pressenza.com\/es\/","name":"Pressenza","description":"International Press Agency","publisher":{"@id":"https:\/\/www.pressenza.com\/es\/#organization"},"potentialAction":[{"@type":"SearchAction","target":{"@type":"EntryPoint","urlTemplate":"https:\/\/www.pressenza.com\/es\/?s={search_term_string}"},"query-input":{"@type":"PropertyValueSpecification","valueRequired":true,"valueName":"search_term_string"}}],"inLanguage":"es"},{"@type":"Organization","@id":"https:\/\/www.pressenza.com\/es\/#organization","name":"Pressenza","url":"https:\/\/www.pressenza.com\/es\/","logo":{"@type":"ImageObject","inLanguage":"es","@id":"https:\/\/www.pressenza.com\/es\/#\/schema\/logo\/image\/","url":"https:\/\/www.pressenza.com\/wp-content\/uploads\/2022\/10\/pressenza_logo_200x200.jpg","contentUrl":"https:\/\/www.pressenza.com\/wp-content\/uploads\/2022\/10\/pressenza_logo_200x200.jpg","width":200,"height":200,"caption":"Pressenza"},"image":{"@id":"https:\/\/www.pressenza.com\/es\/#\/schema\/logo\/image\/"},"sameAs":["https:\/\/www.facebook.com\/PressenzaItalia","https:\/\/x.com\/PressenzaIPA"]},{"@type":"Person","@id":"https:\/\/www.pressenza.com\/es\/#\/schema\/person\/010e5d02bcf40965427a1289a4cc8d75","name":"Pressenza IPA","description":"News from Pressenza IPA correspondents","sameAs":["https:\/\/www.facebook.com\/pressenza","https:\/\/x.com\/PressenzaIPA"],"url":"https:\/\/www.pressenza.com\/es\/author\/pressenza-ipa\/"}]}},"place":"Berl\u00edn","original_article_url":"","_links":{"self":[{"href":"https:\/\/www.pressenza.com\/es\/wp-json\/wp\/v2\/posts\/2208","targetHints":{"allow":["GET"]}}],"collection":[{"href":"https:\/\/www.pressenza.com\/es\/wp-json\/wp\/v2\/posts"}],"about":[{"href":"https:\/\/www.pressenza.com\/es\/wp-json\/wp\/v2\/types\/post"}],"author":[{"embeddable":true,"href":"https:\/\/www.pressenza.com\/es\/wp-json\/wp\/v2\/users\/19"}],"replies":[{"embeddable":true,"href":"https:\/\/www.pressenza.com\/es\/wp-json\/wp\/v2\/comments?post=2208"}],"version-history":[{"count":0,"href":"https:\/\/www.pressenza.com\/es\/wp-json\/wp\/v2\/posts\/2208\/revisions"}],"wp:attachment":[{"href":"https:\/\/www.pressenza.com\/es\/wp-json\/wp\/v2\/media?parent=2208"}],"wp:term":[{"taxonomy":"category","embeddable":true,"href":"https:\/\/www.pressenza.com\/es\/wp-json\/wp\/v2\/categories?post=2208"},{"taxonomy":"post_tag","embeddable":true,"href":"https:\/\/www.pressenza.com\/es\/wp-json\/wp\/v2\/tags?post=2208"}],"curies":[{"name":"wp","href":"https:\/\/api.w.org\/{rel}","templated":true}]}}