{"id":2207,"date":"2009-11-12T00:00:00","date_gmt":"2009-11-12T00:00:00","guid":{"rendered":""},"modified":"2009-11-13T19:10:47","modified_gmt":"2009-11-13T19:10:47","slug":"una-isla-de-paz-multicolor-cerca-del-aeropuerto-de-shannon","status":"publish","type":"post","link":"https:\/\/www.pressenza.com\/es\/2009\/11\/una-isla-de-paz-multicolor-cerca-del-aeropuerto-de-shannon\/","title":{"rendered":"Una isla de paz multicolor cerca del aeropuerto de Shannon"},"content":{"rendered":"<p>Desde 1991, a\u00f1o de la primera guerra de Irak, el aeropuerto Shannon es famoso por alojar y dar la bienvenida a las aeronaves militares de los Estados Unidos para que hagan escala y llenen sus tanques.<br \/>\nLos pacifistas se congregaron desde el mediod\u00eda y caminaron desde Shannon hasta una rotonda central de la ruta que lleva al aeropuerto, donde crearon una colorida \u201cIsla de paz multicolor\u201d para desplegar las pancartas de paz y de la Marcha Mundial.<br \/>\nEn el encuentro, se celebraron los esfuerzos mundiales por la paz y la no violencia con palabras y canciones. Krisztina Dragoman, Coordinadora irlandesa por la Marcha Mundial en Irlanda, reflexion\u00f3 sobre su significado y su valor.<\/p>\n<p>En representaci\u00f3n de Shannonwatch, John Lannon dijo que \u201cComo activistas locales por los derechos humanos y por la paz nos complaci\u00f3 unirnos a la Marcha Mundial por la Paz y la No Violencia en Shannon. Una crisis de moralidad existe en lugares como Irak, Afganist\u00e1n, Gaza y muchas otras partes del mundo donde fuerzas externas e intereses propios despiadados manipulan la guerra. Desgraciadamente, esta crisis de moralidad se extiende hasta el Aeropuerto de Shannon, ya que contin\u00faa favoreciendo y respaldando estas guerras. La polic\u00eda irlandesa y las autoridades del aeropuerto protegen a los aviones y suministros de guerra, torturas y posiblemente armas letales mientras circulan por el aeropuerto. Por lo tanto fue apropiado que las pancartas de la paz se elevaran y se entonaran canciones en Shannon para proporcionar pruebas manifiestas de que el negocio de la guerra jam\u00e1s podr\u00e1 ser aceptable aqu\u00ed o de hecho en ninguna parte. A menudo las v\u00edctimas de la guerra y de la violencia no pueden proclamar su dignidad y sus derechos, pero por medio de este peque\u00f1o acto podemos ayudar a construir la conciencia global que conducir\u00e1 a la justicia y a la paz\u201d.<\/p>\n<p>Tambi\u00e9n habl\u00f3 desde una perspectiva cristiana pacifista, Mairtin MacMaolain de Dubl\u00edn, seguidor de la Marcha Mundial y promotor de la no violencia a trav\u00e9s de la religi\u00f3n. <\/p>\n<p>Luego, los 14 miembros caminaron hasta el vallado met\u00e1lico y la fuerza policial irlandesa, Garda S\u00edoch\u00e1na, evit\u00f3 que siguieran hacia el aeropuerto. Los representantes de la Marcha Mundial por la Paz y la No violencia y de Shannonwatch pudieron cruzar el vallado y estrecharon las manos con los miembros de la polic\u00eda. Mientras los pacifistas cantaron canciones de paz como \u201cImagina\u201d y \u201cVenceremos\u201d. <\/p>\n<p>El Dr. Edward Horgan, miembro retirado de las fuerzas de pacificaci\u00f3n de la ONU, activista por los derechos humanos y la paz y miembro de Shannonwatch ley\u00f3 en voz alta a los oficiales el \u201cjuramento Garda\u201d que todo Gardai asume cuando es nombrado:<br \/>\n\u201cPor la presente declaro de manera solemne y honesta ante Dios que fielmente cumplir\u00e9 con mi deber como miembro de la Garda S\u00edoch\u00e1na con justicia, integridad, consideraci\u00f3n por los derechos humanos, diligencia e imparcialidad, al tiempo que defender\u00e9 la Constituci\u00f3n y las leyes y con igualdad de respeto por todas las personas; que mientras sea miembro cumplir\u00e9 con mi deber lo mejor que pueda de acuerdo a la ley; que no pertenezco y que mientras sea miembro activo no pertenecer\u00e9 o formar\u00e9 parte de absolutamente ning\u00fan partido pol\u00edtico o sociedad secreta\u201d.<br \/>\nTambi\u00e9n les record\u00f3 que no han estado cumpliendo con este juramento en el aeropuerto de Shannon debido a su negativa a investigar y procesar a aquellas tropas estadounidenses y a agentes de la CIA que pasaron por el aeropuerto de Shannon y que han sido culpables de delitos contra la humanidad, incluso de tortura. Recit\u00f3 la Convenci\u00f3n contra la Tortura de la ONU y la Ley de Justicia Criminal de Irlanda que en el a\u00f1o 2000 incluy\u00f3 esta convenci\u00f3n en la ley irlandesa.<\/p>\n<p>Krisztina Dragoman, representante de la Marcha Mundial por la Paz en Irlanda destac\u00f3 que \u201cAdem\u00e1s de demandar que las fuerzas militares estadounidenses abandonen el aeropuerto de Shannon y el desarme en Irlanda y en el mundo, la Marcha Mundial por la Paz tambi\u00e9n trata de evitar la violencia de persona a persona, de construir puentes entre la gente y de ver la humanidad en el otro\u201d.<\/p>\n<p>Algunos de los polic\u00edas claramente se emocionaron por los discursos, las canciones y por una no violencia activa honesta. Fue un momento importante durante la reflexi\u00f3n de diez a\u00f1os de manifestaciones de paz incansables llevadas a cabo por Shannonwatch y otras organizaciones irlandesas que se oponen a la guerra y a la presencia militar estadounidense en Shannon.<\/p>\n<p>La marcha por la paz en el aeropuerto de Shannon finaliz\u00f3 al plantar de manera simb\u00f3lica el \u201c\u00c1rbol de la Paz\u201d en la zona verde cercana a la rotonda y con el respaldo personal del Dr. Edward Horgan, activista por la paz y representante de la Marcha Mundial y de John Lannon, vocero de Shannonwatch.<\/p>\n<p>[Galer\u00eda de Fotos](http:\/\/picasaweb.google.com\/lh\/sredir?uname=worldmarchie&#038;target=ALBUM&#038;id=5402311321001578353&#038;authkey=Gv1sRgCPX_5vverq6HzQE&#038;feat=email)<\/p>\n<p>Traducci\u00f3n: Sandra Cravero<\/p>\n","protected":false},"excerpt":{"rendered":"<p>El domingo 8 de noviembre se reunieron para marchar por la paz y la no violencia el Equipo Promotor Irland\u00e9s de la Marcha Mundial, de Kilkenny, Dubl\u00edn y Cork y los guardianes de Shannon (Shannonwatch), un grupo de activistas de derechos humanos y de paz de Irlanda occidental. Dicho d\u00eda coincidi\u00f3 con la vigilia habitual de Shannonwatch durante el segundo domingo de cada mes<\/p>\n","protected":false},"author":19,"featured_media":0,"comment_status":"closed","ping_status":"open","sticky":false,"template":"","format":"standard","meta":{"footnotes":""},"categories":[149,66,74],"tags":[],"class_list":["post-2207","post","type-post","status-publish","format-standard","hentry","category-comunicados-de-prensa","category-europa-es","category-politica-es"],"yoast_head":"<!-- This site is optimized with the Yoast SEO plugin v27.1.1 - https:\/\/yoast.com\/product\/yoast-seo-wordpress\/ -->\n<title>Una isla de paz multicolor cerca del aeropuerto de Shannon<\/title>\n<meta name=\"description\" content=\"El domingo 8 de noviembre se reunieron para marchar por la paz y la no violencia el Equipo Promotor Irland\u00e9s de la Marcha Mundial, de Kilkenny, Dubl\u00edn y Cork y los guardianes de Shannon (Shannonwatch), un grupo de activistas de derechos humanos y de paz de Irlanda occidental. Dicho d\u00eda coincidi\u00f3 con la vigilia habitual de Shannonwatch durante el segundo domingo de cada mes\" \/>\n<meta name=\"robots\" content=\"index, follow, max-snippet:-1, max-image-preview:large, max-video-preview:-1\" \/>\n<link rel=\"canonical\" href=\"https:\/\/www.pressenza.com\/es\/2009\/11\/una-isla-de-paz-multicolor-cerca-del-aeropuerto-de-shannon\/\" \/>\n<meta property=\"og:locale\" content=\"es_ES\" \/>\n<meta property=\"og:type\" content=\"article\" \/>\n<meta property=\"og:title\" content=\"Una isla de paz multicolor cerca del aeropuerto de Shannon\" \/>\n<meta property=\"og:description\" content=\"El domingo 8 de noviembre se reunieron para marchar por la paz y la no violencia el Equipo Promotor Irland\u00e9s de la Marcha Mundial, de Kilkenny, Dubl\u00edn y Cork y los guardianes de Shannon (Shannonwatch), un grupo de activistas de derechos humanos y de paz de Irlanda occidental. Dicho d\u00eda coincidi\u00f3 con la vigilia habitual de Shannonwatch durante el segundo domingo de cada mes\" \/>\n<meta property=\"og:url\" content=\"https:\/\/www.pressenza.com\/es\/2009\/11\/una-isla-de-paz-multicolor-cerca-del-aeropuerto-de-shannon\/\" \/>\n<meta property=\"og:site_name\" content=\"Pressenza\" \/>\n<meta property=\"article:publisher\" content=\"https:\/\/www.facebook.com\/PressenzaItalia\" \/>\n<meta property=\"article:author\" content=\"https:\/\/www.facebook.com\/pressenza\" \/>\n<meta property=\"article:published_time\" content=\"2009-11-12T00:00:00+00:00\" \/>\n<meta property=\"article:modified_time\" content=\"2009-11-13T19:10:47+00:00\" \/>\n<meta name=\"author\" content=\"Pressenza IPA\" \/>\n<meta name=\"twitter:card\" content=\"summary_large_image\" \/>\n<meta name=\"twitter:creator\" content=\"@PressenzaIPA\" \/>\n<meta name=\"twitter:site\" content=\"@PressenzaIPA\" \/>\n<meta name=\"twitter:label1\" content=\"Escrito por\" \/>\n\t<meta name=\"twitter:data1\" content=\"Pressenza IPA\" \/>\n\t<meta name=\"twitter:label2\" content=\"Tiempo de lectura\" \/>\n\t<meta name=\"twitter:data2\" content=\"4 minutos\" \/>\n<script type=\"application\/ld+json\" class=\"yoast-schema-graph\">{\"@context\":\"https:\/\/schema.org\",\"@graph\":[{\"@type\":\"Article\",\"@id\":\"https:\/\/www.pressenza.com\/es\/2009\/11\/una-isla-de-paz-multicolor-cerca-del-aeropuerto-de-shannon\/#article\",\"isPartOf\":{\"@id\":\"https:\/\/www.pressenza.com\/es\/2009\/11\/una-isla-de-paz-multicolor-cerca-del-aeropuerto-de-shannon\/\"},\"author\":{\"name\":\"Pressenza IPA\",\"@id\":\"https:\/\/www.pressenza.com\/es\/#\/schema\/person\/010e5d02bcf40965427a1289a4cc8d75\"},\"headline\":\"Una isla de paz multicolor cerca del aeropuerto de Shannon\",\"datePublished\":\"2009-11-12T00:00:00+00:00\",\"dateModified\":\"2009-11-13T19:10:47+00:00\",\"mainEntityOfPage\":{\"@id\":\"https:\/\/www.pressenza.com\/es\/2009\/11\/una-isla-de-paz-multicolor-cerca-del-aeropuerto-de-shannon\/\"},\"wordCount\":856,\"publisher\":{\"@id\":\"https:\/\/www.pressenza.com\/es\/#organization\"},\"articleSection\":[\"Comunicados de Prensa\",\"Europa\",\"Pol\u00edtica\"],\"inLanguage\":\"es\"},{\"@type\":\"WebPage\",\"@id\":\"https:\/\/www.pressenza.com\/es\/2009\/11\/una-isla-de-paz-multicolor-cerca-del-aeropuerto-de-shannon\/\",\"url\":\"https:\/\/www.pressenza.com\/es\/2009\/11\/una-isla-de-paz-multicolor-cerca-del-aeropuerto-de-shannon\/\",\"name\":\"Una isla de paz multicolor cerca del aeropuerto de Shannon\",\"isPartOf\":{\"@id\":\"https:\/\/www.pressenza.com\/es\/#website\"},\"datePublished\":\"2009-11-12T00:00:00+00:00\",\"dateModified\":\"2009-11-13T19:10:47+00:00\",\"description\":\"El domingo 8 de noviembre se reunieron para marchar por la paz y la no violencia el Equipo Promotor Irland\u00e9s de la Marcha Mundial, de Kilkenny, Dubl\u00edn y Cork y los guardianes de Shannon (Shannonwatch), un grupo de activistas de derechos humanos y de paz de Irlanda occidental. Dicho d\u00eda coincidi\u00f3 con la vigilia habitual de Shannonwatch durante el segundo domingo de cada mes\",\"breadcrumb\":{\"@id\":\"https:\/\/www.pressenza.com\/es\/2009\/11\/una-isla-de-paz-multicolor-cerca-del-aeropuerto-de-shannon\/#breadcrumb\"},\"inLanguage\":\"es\",\"potentialAction\":[{\"@type\":\"ReadAction\",\"target\":[\"https:\/\/www.pressenza.com\/es\/2009\/11\/una-isla-de-paz-multicolor-cerca-del-aeropuerto-de-shannon\/\"]}]},{\"@type\":\"BreadcrumbList\",\"@id\":\"https:\/\/www.pressenza.com\/es\/2009\/11\/una-isla-de-paz-multicolor-cerca-del-aeropuerto-de-shannon\/#breadcrumb\",\"itemListElement\":[{\"@type\":\"ListItem\",\"position\":1,\"name\":\"Accueil\",\"item\":\"https:\/\/www.pressenza.com\/es\/\"},{\"@type\":\"ListItem\",\"position\":2,\"name\":\"Una isla de paz multicolor cerca del aeropuerto de Shannon\"}]},{\"@type\":\"WebSite\",\"@id\":\"https:\/\/www.pressenza.com\/es\/#website\",\"url\":\"https:\/\/www.pressenza.com\/es\/\",\"name\":\"Pressenza\",\"description\":\"International Press Agency\",\"publisher\":{\"@id\":\"https:\/\/www.pressenza.com\/es\/#organization\"},\"potentialAction\":[{\"@type\":\"SearchAction\",\"target\":{\"@type\":\"EntryPoint\",\"urlTemplate\":\"https:\/\/www.pressenza.com\/es\/?s={search_term_string}\"},\"query-input\":{\"@type\":\"PropertyValueSpecification\",\"valueRequired\":true,\"valueName\":\"search_term_string\"}}],\"inLanguage\":\"es\"},{\"@type\":\"Organization\",\"@id\":\"https:\/\/www.pressenza.com\/es\/#organization\",\"name\":\"Pressenza\",\"url\":\"https:\/\/www.pressenza.com\/es\/\",\"logo\":{\"@type\":\"ImageObject\",\"inLanguage\":\"es\",\"@id\":\"https:\/\/www.pressenza.com\/es\/#\/schema\/logo\/image\/\",\"url\":\"https:\/\/www.pressenza.com\/wp-content\/uploads\/2022\/10\/pressenza_logo_200x200.jpg\",\"contentUrl\":\"https:\/\/www.pressenza.com\/wp-content\/uploads\/2022\/10\/pressenza_logo_200x200.jpg\",\"width\":200,\"height\":200,\"caption\":\"Pressenza\"},\"image\":{\"@id\":\"https:\/\/www.pressenza.com\/es\/#\/schema\/logo\/image\/\"},\"sameAs\":[\"https:\/\/www.facebook.com\/PressenzaItalia\",\"https:\/\/x.com\/PressenzaIPA\"]},{\"@type\":\"Person\",\"@id\":\"https:\/\/www.pressenza.com\/es\/#\/schema\/person\/010e5d02bcf40965427a1289a4cc8d75\",\"name\":\"Pressenza IPA\",\"description\":\"News from Pressenza IPA correspondents\",\"sameAs\":[\"https:\/\/www.facebook.com\/pressenza\",\"https:\/\/x.com\/PressenzaIPA\"],\"url\":\"https:\/\/www.pressenza.com\/es\/author\/pressenza-ipa\/\"}]}<\/script>\n<!-- \/ Yoast SEO plugin. -->","yoast_head_json":{"title":"Una isla de paz multicolor cerca del aeropuerto de Shannon","description":"El domingo 8 de noviembre se reunieron para marchar por la paz y la no violencia el Equipo Promotor Irland\u00e9s de la Marcha Mundial, de Kilkenny, Dubl\u00edn y Cork y los guardianes de Shannon (Shannonwatch), un grupo de activistas de derechos humanos y de paz de Irlanda occidental. Dicho d\u00eda coincidi\u00f3 con la vigilia habitual de Shannonwatch durante el segundo domingo de cada mes","robots":{"index":"index","follow":"follow","max-snippet":"max-snippet:-1","max-image-preview":"max-image-preview:large","max-video-preview":"max-video-preview:-1"},"canonical":"https:\/\/www.pressenza.com\/es\/2009\/11\/una-isla-de-paz-multicolor-cerca-del-aeropuerto-de-shannon\/","og_locale":"es_ES","og_type":"article","og_title":"Una isla de paz multicolor cerca del aeropuerto de Shannon","og_description":"El domingo 8 de noviembre se reunieron para marchar por la paz y la no violencia el Equipo Promotor Irland\u00e9s de la Marcha Mundial, de Kilkenny, Dubl\u00edn y Cork y los guardianes de Shannon (Shannonwatch), un grupo de activistas de derechos humanos y de paz de Irlanda occidental. Dicho d\u00eda coincidi\u00f3 con la vigilia habitual de Shannonwatch durante el segundo domingo de cada mes","og_url":"https:\/\/www.pressenza.com\/es\/2009\/11\/una-isla-de-paz-multicolor-cerca-del-aeropuerto-de-shannon\/","og_site_name":"Pressenza","article_publisher":"https:\/\/www.facebook.com\/PressenzaItalia","article_author":"https:\/\/www.facebook.com\/pressenza","article_published_time":"2009-11-12T00:00:00+00:00","article_modified_time":"2009-11-13T19:10:47+00:00","author":"Pressenza IPA","twitter_card":"summary_large_image","twitter_creator":"@PressenzaIPA","twitter_site":"@PressenzaIPA","twitter_misc":{"Escrito por":"Pressenza IPA","Tiempo de lectura":"4 minutos"},"schema":{"@context":"https:\/\/schema.org","@graph":[{"@type":"Article","@id":"https:\/\/www.pressenza.com\/es\/2009\/11\/una-isla-de-paz-multicolor-cerca-del-aeropuerto-de-shannon\/#article","isPartOf":{"@id":"https:\/\/www.pressenza.com\/es\/2009\/11\/una-isla-de-paz-multicolor-cerca-del-aeropuerto-de-shannon\/"},"author":{"name":"Pressenza IPA","@id":"https:\/\/www.pressenza.com\/es\/#\/schema\/person\/010e5d02bcf40965427a1289a4cc8d75"},"headline":"Una isla de paz multicolor cerca del aeropuerto de Shannon","datePublished":"2009-11-12T00:00:00+00:00","dateModified":"2009-11-13T19:10:47+00:00","mainEntityOfPage":{"@id":"https:\/\/www.pressenza.com\/es\/2009\/11\/una-isla-de-paz-multicolor-cerca-del-aeropuerto-de-shannon\/"},"wordCount":856,"publisher":{"@id":"https:\/\/www.pressenza.com\/es\/#organization"},"articleSection":["Comunicados de Prensa","Europa","Pol\u00edtica"],"inLanguage":"es"},{"@type":"WebPage","@id":"https:\/\/www.pressenza.com\/es\/2009\/11\/una-isla-de-paz-multicolor-cerca-del-aeropuerto-de-shannon\/","url":"https:\/\/www.pressenza.com\/es\/2009\/11\/una-isla-de-paz-multicolor-cerca-del-aeropuerto-de-shannon\/","name":"Una isla de paz multicolor cerca del aeropuerto de Shannon","isPartOf":{"@id":"https:\/\/www.pressenza.com\/es\/#website"},"datePublished":"2009-11-12T00:00:00+00:00","dateModified":"2009-11-13T19:10:47+00:00","description":"El domingo 8 de noviembre se reunieron para marchar por la paz y la no violencia el Equipo Promotor Irland\u00e9s de la Marcha Mundial, de Kilkenny, Dubl\u00edn y Cork y los guardianes de Shannon (Shannonwatch), un grupo de activistas de derechos humanos y de paz de Irlanda occidental. Dicho d\u00eda coincidi\u00f3 con la vigilia habitual de Shannonwatch durante el segundo domingo de cada mes","breadcrumb":{"@id":"https:\/\/www.pressenza.com\/es\/2009\/11\/una-isla-de-paz-multicolor-cerca-del-aeropuerto-de-shannon\/#breadcrumb"},"inLanguage":"es","potentialAction":[{"@type":"ReadAction","target":["https:\/\/www.pressenza.com\/es\/2009\/11\/una-isla-de-paz-multicolor-cerca-del-aeropuerto-de-shannon\/"]}]},{"@type":"BreadcrumbList","@id":"https:\/\/www.pressenza.com\/es\/2009\/11\/una-isla-de-paz-multicolor-cerca-del-aeropuerto-de-shannon\/#breadcrumb","itemListElement":[{"@type":"ListItem","position":1,"name":"Accueil","item":"https:\/\/www.pressenza.com\/es\/"},{"@type":"ListItem","position":2,"name":"Una isla de paz multicolor cerca del aeropuerto de Shannon"}]},{"@type":"WebSite","@id":"https:\/\/www.pressenza.com\/es\/#website","url":"https:\/\/www.pressenza.com\/es\/","name":"Pressenza","description":"International Press Agency","publisher":{"@id":"https:\/\/www.pressenza.com\/es\/#organization"},"potentialAction":[{"@type":"SearchAction","target":{"@type":"EntryPoint","urlTemplate":"https:\/\/www.pressenza.com\/es\/?s={search_term_string}"},"query-input":{"@type":"PropertyValueSpecification","valueRequired":true,"valueName":"search_term_string"}}],"inLanguage":"es"},{"@type":"Organization","@id":"https:\/\/www.pressenza.com\/es\/#organization","name":"Pressenza","url":"https:\/\/www.pressenza.com\/es\/","logo":{"@type":"ImageObject","inLanguage":"es","@id":"https:\/\/www.pressenza.com\/es\/#\/schema\/logo\/image\/","url":"https:\/\/www.pressenza.com\/wp-content\/uploads\/2022\/10\/pressenza_logo_200x200.jpg","contentUrl":"https:\/\/www.pressenza.com\/wp-content\/uploads\/2022\/10\/pressenza_logo_200x200.jpg","width":200,"height":200,"caption":"Pressenza"},"image":{"@id":"https:\/\/www.pressenza.com\/es\/#\/schema\/logo\/image\/"},"sameAs":["https:\/\/www.facebook.com\/PressenzaItalia","https:\/\/x.com\/PressenzaIPA"]},{"@type":"Person","@id":"https:\/\/www.pressenza.com\/es\/#\/schema\/person\/010e5d02bcf40965427a1289a4cc8d75","name":"Pressenza IPA","description":"News from Pressenza IPA correspondents","sameAs":["https:\/\/www.facebook.com\/pressenza","https:\/\/x.com\/PressenzaIPA"],"url":"https:\/\/www.pressenza.com\/es\/author\/pressenza-ipa\/"}]}},"place":"Shannon Airport","original_article_url":"","_links":{"self":[{"href":"https:\/\/www.pressenza.com\/es\/wp-json\/wp\/v2\/posts\/2207","targetHints":{"allow":["GET"]}}],"collection":[{"href":"https:\/\/www.pressenza.com\/es\/wp-json\/wp\/v2\/posts"}],"about":[{"href":"https:\/\/www.pressenza.com\/es\/wp-json\/wp\/v2\/types\/post"}],"author":[{"embeddable":true,"href":"https:\/\/www.pressenza.com\/es\/wp-json\/wp\/v2\/users\/19"}],"replies":[{"embeddable":true,"href":"https:\/\/www.pressenza.com\/es\/wp-json\/wp\/v2\/comments?post=2207"}],"version-history":[{"count":0,"href":"https:\/\/www.pressenza.com\/es\/wp-json\/wp\/v2\/posts\/2207\/revisions"}],"wp:attachment":[{"href":"https:\/\/www.pressenza.com\/es\/wp-json\/wp\/v2\/media?parent=2207"}],"wp:term":[{"taxonomy":"category","embeddable":true,"href":"https:\/\/www.pressenza.com\/es\/wp-json\/wp\/v2\/categories?post=2207"},{"taxonomy":"post_tag","embeddable":true,"href":"https:\/\/www.pressenza.com\/es\/wp-json\/wp\/v2\/tags?post=2207"}],"curies":[{"name":"wp","href":"https:\/\/api.w.org\/{rel}","templated":true}]}}