{"id":219237,"date":"2015-09-09T10:50:54","date_gmt":"2015-09-09T09:50:54","guid":{"rendered":"http:\/\/www.pressenza.com\/es\/?p=219237"},"modified":"2015-09-09T10:51:19","modified_gmt":"2015-09-09T09:51:19","slug":"el-encuentro-de-las-arquitecturas-colectivas","status":"publish","type":"post","link":"https:\/\/www.pressenza.com\/es\/2015\/09\/el-encuentro-de-las-arquitecturas-colectivas\/","title":{"rendered":"El encuentro de las arquitecturas colectivas"},"content":{"rendered":"<div class=\"mce-body mce\">\n<p class=\"mce\"><strong><em>Por Mar\u00eda Mu\u00f1oz para Inspira<\/em><\/strong><\/p>\n<p class=\"mce\">Lo que empez\u00f3 con una cesi\u00f3n de contenedores mar\u00edtimos tras el desmantelamiento de un poblado chabolista, sigui\u00f3 con una invitaci\u00f3n a diferentes colectivos que necesitaran esos espacios y continu\u00f3 con unas primeras jornadas para intercambiar experiencias. As\u00ed naci\u00f3\u00a0<a class=\"mce\" href=\"http:\/\/arquitecturascolectivas.net\/la-red\" target=\"_blank\"> Arquitecturas Colectivas<\/a>, una red de personas y colectivos que promueve la construcci\u00f3n participativa del entorno y que desde hace ocho a\u00f1os organizan sus encuentros anuales para conocerse, mostrar y coordinarse.\u00a0<em class=\"mce\"> <a class=\"mce\" href=\"http:\/\/arquitecturascolectivas.net\/ext2015\" target=\"_blank\"> Porkinprogress<\/a><\/em> es la octava edici\u00f3n de estas jornadas internacionales que comienzan el mi\u00e9rcoles en la localidad extreme\u00f1a de Los Santos de Maimona.<\/p>\n<p class=\"mce\">Los encuentros, gratuitos y abiertos a todo el mundo, pertenezcan o no a Arquitecturas Colectivas, se celebran cada a\u00f1o en un lugar distinto y tras pasar por C\u00f3rdoba, Sevilla, San Sebasti\u00e1n o Barcelona llegan en esta nueva edici\u00f3n a una localidad de apenas 8.000 habitantes en la provincia de Badajoz. Est\u00e1 prevista la participaci\u00f3n de unas 200 personas tanto de Espa\u00f1a, como del resto de Europa o Latinoam\u00e9rica.<\/p>\n<p class=\"mce\">\u201cA diferencia de otros a\u00f1os, que igual quedaba m\u00e1s diluido, en esta edici\u00f3n queremos centrarnos en nuestra red, trabajar la internacionalizaci\u00f3n y la colaboraci\u00f3n entre unos y otros y ahondar en el intercambio de experiencias\u201d, explica Carlos Mu\u00f1oz, miembro de Arquitecturas Colectivas y de\u00a0<a class=\"mce\" href=\"http:\/\/lafabrikadetodalavida.org\/lafabrika-lfdtv\/\" target=\"_blank\"> LaFafrika deTodalavida<\/a>, una asociaci\u00f3n que busca la dinamizaci\u00f3n social del territorio y el ocio rural, y en cuya sede se celebran los encuentros. \u201cA lo mejor alguien est\u00e1 haciendo una obra en Valencia y sabe que en nuestra red encontrar\u00e1 a los profesionales que necesita porque entiende la intervenci\u00f3n del espacio p\u00fablico como nosotros lo entendemos\u201d, explica el arquitecto, como ejemplo del impulso sobre la colaboraci\u00f3n entre proyectos concretos.<\/p>\n<h4>Incorporaci\u00f3n de nuevas iniciativas<\/h4>\n<p class=\"mce\">La idea es tambi\u00e9n dar a conocer todo lo que hace el colectivo e impulsar la incorporaci\u00f3n de nuevas iniciativas y personas. Arquitecturas Colectivas est\u00e1 formada por m\u00e1s de 100 colectivos y cerca de 1.000 personas individuales entre arquitectos, urbanistas, paisajistas, antrop\u00f3logos, soci\u00f3logos o inform\u00e1ticos. Y precisamente su punto de uni\u00f3n es entender la construcci\u00f3n participativa del entorno, es decir, \u201cdesde las personas y para las personas\u201d.<\/p>\n<p class=\"mce\">La octava edici\u00f3n de los encuentros, que se celebra desde el mi\u00e9rcoles 9 al domingo 13 de septiembre, tambi\u00e9n busca visibilizar el territorio en el que se celebra y dar a conocer iniciativas colaborativas ya en marcha tanto locales como regionales.<\/p>\n<p class=\"mce\">Desde el pasado viernes est\u00e1 en marcha el taller de autoconstrucci\u00f3n <em class=\"mce\"> Manos a LaF\u00e1brika<\/em>, donde los participantes aprenden todo tipo de t\u00e9cnicas mientras crean las infraestructuras necesarias para el encuentro. \u201cEl mi\u00e9rcoles tendremos la <em class=\"mce\"> fiesta bisagra<\/em> para despedir a los que se van y dar la bienvenida a los que llegan\u201d, explica Mu\u00f1oz. Entre charla, debate y jornada tampoco faltar\u00e1 el espacio para la m\u00fasica \u201cpara el que solo quiera participar del ocio\u201d.<\/p>\n<p class=\"mce\">El eslogan de esta edici\u00f3n <em class=\"mce\"> PorkinProgress<\/em> sali\u00f3 casi por casualidad hace un a\u00f1o cuando comenzaron a perge\u00f1ar las nueva jornadas. \u201cEra un juego de palabras entre el trabajo en proceso -work in progress, en ingl\u00e9s- que es Arquitecturas Colectivas y el cerdo -pork, en ingl\u00e9s- que es uno de los s\u00edmbolos representativos y reconocibles de las dehesas extreme\u00f1as\u201d, cuenta el arquitecto. Seg\u00fan fueron desarrollando los encuentros e investigando las diferentes iniciativas locales descubrieron procesos de cr\u00eda del cerdo que se dan en la regi\u00f3n desde hace siglos y que suponen un ejemplo \u201cde oposici\u00f3n a los sistemas intensivos de producci\u00f3n\u201d, como la montanera, o la existencia de las dehesas comunales, gestionadas por los propios habitantes del territorio. \u201c Un concepto que surgi\u00f3 por casualidad al final ha cobrado un sentido completo\u201d, subraya Mu\u00f1oz.<\/p>\n<\/div>\n","protected":false},"excerpt":{"rendered":"<p>Por Mar\u00eda Mu\u00f1oz para Inspira Lo que empez\u00f3 con una cesi\u00f3n de contenedores mar\u00edtimos tras el desmantelamiento de un poblado chabolista, sigui\u00f3 con una invitaci\u00f3n a diferentes colectivos que necesitaran esos espacios y continu\u00f3 con unas primeras jornadas para intercambiar&hellip;<\/p>\n","protected":false},"author":1170,"featured_media":219238,"comment_status":"closed","ping_status":"open","sticky":false,"template":"","format":"standard","meta":{"footnotes":""},"categories":[497,66],"tags":[19791,17460],"class_list":["post-219237","post","type-post","status-publish","format-standard","has-post-thumbnail","hentry","category-ciencia-tecnologia","category-europa-es","tag-arquitectura","tag-economia-colaborativa"],"yoast_head":"<!-- This site is optimized with the Yoast SEO plugin v27.1.1 - https:\/\/yoast.com\/product\/yoast-seo-wordpress\/ -->\n<title>El encuentro de las arquitecturas colectivas<\/title>\n<meta name=\"description\" content=\"Por Mar\u00eda Mu\u00f1oz para Inspira Lo que empez\u00f3 con una cesi\u00f3n de contenedores mar\u00edtimos tras el desmantelamiento de un poblado chabolista, sigui\u00f3 con una\" \/>\n<meta name=\"robots\" content=\"index, follow, max-snippet:-1, max-image-preview:large, max-video-preview:-1\" \/>\n<link rel=\"canonical\" href=\"https:\/\/www.pressenza.com\/es\/2015\/09\/el-encuentro-de-las-arquitecturas-colectivas\/\" \/>\n<meta property=\"og:locale\" content=\"es_ES\" \/>\n<meta property=\"og:type\" content=\"article\" \/>\n<meta property=\"og:title\" content=\"El encuentro de las arquitecturas colectivas\" \/>\n<meta property=\"og:description\" content=\"Por Mar\u00eda Mu\u00f1oz para Inspira Lo que empez\u00f3 con una cesi\u00f3n de contenedores mar\u00edtimos tras el desmantelamiento de un poblado chabolista, sigui\u00f3 con una\" \/>\n<meta property=\"og:url\" content=\"https:\/\/www.pressenza.com\/es\/2015\/09\/el-encuentro-de-las-arquitecturas-colectivas\/\" \/>\n<meta property=\"og:site_name\" content=\"Pressenza\" \/>\n<meta property=\"article:publisher\" content=\"https:\/\/www.facebook.com\/PressenzaItalia\" \/>\n<meta property=\"article:published_time\" content=\"2015-09-09T09:50:54+00:00\" \/>\n<meta property=\"article:modified_time\" content=\"2015-09-09T09:51:19+00:00\" \/>\n<meta property=\"og:image\" content=\"https:\/\/www.pressenza.com\/wp-content\/uploads\/2015\/09\/Participantes-taller-autoconstruccion-Arquitecturas-Colectivas_EDIIMA20150907_0844_4.jpg\" \/>\n\t<meta property=\"og:image:width\" content=\"643\" \/>\n\t<meta property=\"og:image:height\" content=\"362\" \/>\n\t<meta property=\"og:image:type\" content=\"image\/jpeg\" \/>\n<meta name=\"author\" content=\"eldiario.es\" \/>\n<meta name=\"twitter:card\" content=\"summary_large_image\" \/>\n<meta name=\"twitter:creator\" content=\"@PressenzaIPA\" \/>\n<meta name=\"twitter:site\" content=\"@PressenzaIPA\" \/>\n<meta name=\"twitter:label1\" content=\"Escrito por\" \/>\n\t<meta name=\"twitter:data1\" content=\"eldiario.es\" \/>\n\t<meta name=\"twitter:label2\" content=\"Tiempo de lectura\" \/>\n\t<meta name=\"twitter:data2\" content=\"3 minutos\" \/>\n<script type=\"application\/ld+json\" class=\"yoast-schema-graph\">{\"@context\":\"https:\/\/schema.org\",\"@graph\":[{\"@type\":\"Article\",\"@id\":\"https:\/\/www.pressenza.com\/es\/2015\/09\/el-encuentro-de-las-arquitecturas-colectivas\/#article\",\"isPartOf\":{\"@id\":\"https:\/\/www.pressenza.com\/es\/2015\/09\/el-encuentro-de-las-arquitecturas-colectivas\/\"},\"author\":{\"name\":\"eldiario.es\",\"@id\":\"https:\/\/www.pressenza.com\/es\/#\/schema\/person\/35221cfd7eeca947b184bfc91172e541\"},\"headline\":\"El encuentro de las arquitecturas colectivas\",\"datePublished\":\"2015-09-09T09:50:54+00:00\",\"dateModified\":\"2015-09-09T09:51:19+00:00\",\"mainEntityOfPage\":{\"@id\":\"https:\/\/www.pressenza.com\/es\/2015\/09\/el-encuentro-de-las-arquitecturas-colectivas\/\"},\"wordCount\":652,\"publisher\":{\"@id\":\"https:\/\/www.pressenza.com\/es\/#organization\"},\"image\":{\"@id\":\"https:\/\/www.pressenza.com\/es\/2015\/09\/el-encuentro-de-las-arquitecturas-colectivas\/#primaryimage\"},\"thumbnailUrl\":\"https:\/\/www.pressenza.com\/wp-content\/uploads\/2015\/09\/Participantes-taller-autoconstruccion-Arquitecturas-Colectivas_EDIIMA20150907_0844_4.jpg\",\"keywords\":[\"Arquitectura\",\"Econom\u00eda colaborativa\"],\"articleSection\":[\"Ciencia y Tecnolog\u00eda\",\"Europa\"],\"inLanguage\":\"es\"},{\"@type\":\"WebPage\",\"@id\":\"https:\/\/www.pressenza.com\/es\/2015\/09\/el-encuentro-de-las-arquitecturas-colectivas\/\",\"url\":\"https:\/\/www.pressenza.com\/es\/2015\/09\/el-encuentro-de-las-arquitecturas-colectivas\/\",\"name\":\"El encuentro de las arquitecturas colectivas\",\"isPartOf\":{\"@id\":\"https:\/\/www.pressenza.com\/es\/#website\"},\"primaryImageOfPage\":{\"@id\":\"https:\/\/www.pressenza.com\/es\/2015\/09\/el-encuentro-de-las-arquitecturas-colectivas\/#primaryimage\"},\"image\":{\"@id\":\"https:\/\/www.pressenza.com\/es\/2015\/09\/el-encuentro-de-las-arquitecturas-colectivas\/#primaryimage\"},\"thumbnailUrl\":\"https:\/\/www.pressenza.com\/wp-content\/uploads\/2015\/09\/Participantes-taller-autoconstruccion-Arquitecturas-Colectivas_EDIIMA20150907_0844_4.jpg\",\"datePublished\":\"2015-09-09T09:50:54+00:00\",\"dateModified\":\"2015-09-09T09:51:19+00:00\",\"description\":\"Por Mar\u00eda Mu\u00f1oz para Inspira Lo que empez\u00f3 con una cesi\u00f3n de contenedores mar\u00edtimos tras el desmantelamiento de un poblado chabolista, sigui\u00f3 con una\",\"breadcrumb\":{\"@id\":\"https:\/\/www.pressenza.com\/es\/2015\/09\/el-encuentro-de-las-arquitecturas-colectivas\/#breadcrumb\"},\"inLanguage\":\"es\",\"potentialAction\":[{\"@type\":\"ReadAction\",\"target\":[\"https:\/\/www.pressenza.com\/es\/2015\/09\/el-encuentro-de-las-arquitecturas-colectivas\/\"]}]},{\"@type\":\"ImageObject\",\"inLanguage\":\"es\",\"@id\":\"https:\/\/www.pressenza.com\/es\/2015\/09\/el-encuentro-de-las-arquitecturas-colectivas\/#primaryimage\",\"url\":\"https:\/\/www.pressenza.com\/wp-content\/uploads\/2015\/09\/Participantes-taller-autoconstruccion-Arquitecturas-Colectivas_EDIIMA20150907_0844_4.jpg\",\"contentUrl\":\"https:\/\/www.pressenza.com\/wp-content\/uploads\/2015\/09\/Participantes-taller-autoconstruccion-Arquitecturas-Colectivas_EDIIMA20150907_0844_4.jpg\",\"width\":643,\"height\":362},{\"@type\":\"BreadcrumbList\",\"@id\":\"https:\/\/www.pressenza.com\/es\/2015\/09\/el-encuentro-de-las-arquitecturas-colectivas\/#breadcrumb\",\"itemListElement\":[{\"@type\":\"ListItem\",\"position\":1,\"name\":\"Accueil\",\"item\":\"https:\/\/www.pressenza.com\/es\/\"},{\"@type\":\"ListItem\",\"position\":2,\"name\":\"El encuentro de las arquitecturas colectivas\"}]},{\"@type\":\"WebSite\",\"@id\":\"https:\/\/www.pressenza.com\/es\/#website\",\"url\":\"https:\/\/www.pressenza.com\/es\/\",\"name\":\"Pressenza\",\"description\":\"International Press Agency\",\"publisher\":{\"@id\":\"https:\/\/www.pressenza.com\/es\/#organization\"},\"potentialAction\":[{\"@type\":\"SearchAction\",\"target\":{\"@type\":\"EntryPoint\",\"urlTemplate\":\"https:\/\/www.pressenza.com\/es\/?s={search_term_string}\"},\"query-input\":{\"@type\":\"PropertyValueSpecification\",\"valueRequired\":true,\"valueName\":\"search_term_string\"}}],\"inLanguage\":\"es\"},{\"@type\":\"Organization\",\"@id\":\"https:\/\/www.pressenza.com\/es\/#organization\",\"name\":\"Pressenza\",\"url\":\"https:\/\/www.pressenza.com\/es\/\",\"logo\":{\"@type\":\"ImageObject\",\"inLanguage\":\"es\",\"@id\":\"https:\/\/www.pressenza.com\/es\/#\/schema\/logo\/image\/\",\"url\":\"https:\/\/www.pressenza.com\/wp-content\/uploads\/2022\/10\/pressenza_logo_200x200.jpg\",\"contentUrl\":\"https:\/\/www.pressenza.com\/wp-content\/uploads\/2022\/10\/pressenza_logo_200x200.jpg\",\"width\":200,\"height\":200,\"caption\":\"Pressenza\"},\"image\":{\"@id\":\"https:\/\/www.pressenza.com\/es\/#\/schema\/logo\/image\/\"},\"sameAs\":[\"https:\/\/www.facebook.com\/PressenzaItalia\",\"https:\/\/x.com\/PressenzaIPA\"]},{\"@type\":\"Person\",\"@id\":\"https:\/\/www.pressenza.com\/es\/#\/schema\/person\/35221cfd7eeca947b184bfc91172e541\",\"name\":\"eldiario.es\",\"description\":\"eldiario.es is a new digital media with information and analysis focussing on politics and economics in its broadest sense: what affects people more than parties or markets. eldiario.es\",\"url\":\"https:\/\/www.pressenza.com\/es\/author\/eldiario-es\/\"}]}<\/script>\n<!-- \/ Yoast SEO plugin. -->","yoast_head_json":{"title":"El encuentro de las arquitecturas colectivas","description":"Por Mar\u00eda Mu\u00f1oz para Inspira Lo que empez\u00f3 con una cesi\u00f3n de contenedores mar\u00edtimos tras el desmantelamiento de un poblado chabolista, sigui\u00f3 con una","robots":{"index":"index","follow":"follow","max-snippet":"max-snippet:-1","max-image-preview":"max-image-preview:large","max-video-preview":"max-video-preview:-1"},"canonical":"https:\/\/www.pressenza.com\/es\/2015\/09\/el-encuentro-de-las-arquitecturas-colectivas\/","og_locale":"es_ES","og_type":"article","og_title":"El encuentro de las arquitecturas colectivas","og_description":"Por Mar\u00eda Mu\u00f1oz para Inspira Lo que empez\u00f3 con una cesi\u00f3n de contenedores mar\u00edtimos tras el desmantelamiento de un poblado chabolista, sigui\u00f3 con una","og_url":"https:\/\/www.pressenza.com\/es\/2015\/09\/el-encuentro-de-las-arquitecturas-colectivas\/","og_site_name":"Pressenza","article_publisher":"https:\/\/www.facebook.com\/PressenzaItalia","article_published_time":"2015-09-09T09:50:54+00:00","article_modified_time":"2015-09-09T09:51:19+00:00","og_image":[{"width":643,"height":362,"url":"https:\/\/www.pressenza.com\/wp-content\/uploads\/2015\/09\/Participantes-taller-autoconstruccion-Arquitecturas-Colectivas_EDIIMA20150907_0844_4.jpg","type":"image\/jpeg"}],"author":"eldiario.es","twitter_card":"summary_large_image","twitter_creator":"@PressenzaIPA","twitter_site":"@PressenzaIPA","twitter_misc":{"Escrito por":"eldiario.es","Tiempo de lectura":"3 minutos"},"schema":{"@context":"https:\/\/schema.org","@graph":[{"@type":"Article","@id":"https:\/\/www.pressenza.com\/es\/2015\/09\/el-encuentro-de-las-arquitecturas-colectivas\/#article","isPartOf":{"@id":"https:\/\/www.pressenza.com\/es\/2015\/09\/el-encuentro-de-las-arquitecturas-colectivas\/"},"author":{"name":"eldiario.es","@id":"https:\/\/www.pressenza.com\/es\/#\/schema\/person\/35221cfd7eeca947b184bfc91172e541"},"headline":"El encuentro de las arquitecturas colectivas","datePublished":"2015-09-09T09:50:54+00:00","dateModified":"2015-09-09T09:51:19+00:00","mainEntityOfPage":{"@id":"https:\/\/www.pressenza.com\/es\/2015\/09\/el-encuentro-de-las-arquitecturas-colectivas\/"},"wordCount":652,"publisher":{"@id":"https:\/\/www.pressenza.com\/es\/#organization"},"image":{"@id":"https:\/\/www.pressenza.com\/es\/2015\/09\/el-encuentro-de-las-arquitecturas-colectivas\/#primaryimage"},"thumbnailUrl":"https:\/\/www.pressenza.com\/wp-content\/uploads\/2015\/09\/Participantes-taller-autoconstruccion-Arquitecturas-Colectivas_EDIIMA20150907_0844_4.jpg","keywords":["Arquitectura","Econom\u00eda colaborativa"],"articleSection":["Ciencia y Tecnolog\u00eda","Europa"],"inLanguage":"es"},{"@type":"WebPage","@id":"https:\/\/www.pressenza.com\/es\/2015\/09\/el-encuentro-de-las-arquitecturas-colectivas\/","url":"https:\/\/www.pressenza.com\/es\/2015\/09\/el-encuentro-de-las-arquitecturas-colectivas\/","name":"El encuentro de las arquitecturas colectivas","isPartOf":{"@id":"https:\/\/www.pressenza.com\/es\/#website"},"primaryImageOfPage":{"@id":"https:\/\/www.pressenza.com\/es\/2015\/09\/el-encuentro-de-las-arquitecturas-colectivas\/#primaryimage"},"image":{"@id":"https:\/\/www.pressenza.com\/es\/2015\/09\/el-encuentro-de-las-arquitecturas-colectivas\/#primaryimage"},"thumbnailUrl":"https:\/\/www.pressenza.com\/wp-content\/uploads\/2015\/09\/Participantes-taller-autoconstruccion-Arquitecturas-Colectivas_EDIIMA20150907_0844_4.jpg","datePublished":"2015-09-09T09:50:54+00:00","dateModified":"2015-09-09T09:51:19+00:00","description":"Por Mar\u00eda Mu\u00f1oz para Inspira Lo que empez\u00f3 con una cesi\u00f3n de contenedores mar\u00edtimos tras el desmantelamiento de un poblado chabolista, sigui\u00f3 con una","breadcrumb":{"@id":"https:\/\/www.pressenza.com\/es\/2015\/09\/el-encuentro-de-las-arquitecturas-colectivas\/#breadcrumb"},"inLanguage":"es","potentialAction":[{"@type":"ReadAction","target":["https:\/\/www.pressenza.com\/es\/2015\/09\/el-encuentro-de-las-arquitecturas-colectivas\/"]}]},{"@type":"ImageObject","inLanguage":"es","@id":"https:\/\/www.pressenza.com\/es\/2015\/09\/el-encuentro-de-las-arquitecturas-colectivas\/#primaryimage","url":"https:\/\/www.pressenza.com\/wp-content\/uploads\/2015\/09\/Participantes-taller-autoconstruccion-Arquitecturas-Colectivas_EDIIMA20150907_0844_4.jpg","contentUrl":"https:\/\/www.pressenza.com\/wp-content\/uploads\/2015\/09\/Participantes-taller-autoconstruccion-Arquitecturas-Colectivas_EDIIMA20150907_0844_4.jpg","width":643,"height":362},{"@type":"BreadcrumbList","@id":"https:\/\/www.pressenza.com\/es\/2015\/09\/el-encuentro-de-las-arquitecturas-colectivas\/#breadcrumb","itemListElement":[{"@type":"ListItem","position":1,"name":"Accueil","item":"https:\/\/www.pressenza.com\/es\/"},{"@type":"ListItem","position":2,"name":"El encuentro de las arquitecturas colectivas"}]},{"@type":"WebSite","@id":"https:\/\/www.pressenza.com\/es\/#website","url":"https:\/\/www.pressenza.com\/es\/","name":"Pressenza","description":"International Press Agency","publisher":{"@id":"https:\/\/www.pressenza.com\/es\/#organization"},"potentialAction":[{"@type":"SearchAction","target":{"@type":"EntryPoint","urlTemplate":"https:\/\/www.pressenza.com\/es\/?s={search_term_string}"},"query-input":{"@type":"PropertyValueSpecification","valueRequired":true,"valueName":"search_term_string"}}],"inLanguage":"es"},{"@type":"Organization","@id":"https:\/\/www.pressenza.com\/es\/#organization","name":"Pressenza","url":"https:\/\/www.pressenza.com\/es\/","logo":{"@type":"ImageObject","inLanguage":"es","@id":"https:\/\/www.pressenza.com\/es\/#\/schema\/logo\/image\/","url":"https:\/\/www.pressenza.com\/wp-content\/uploads\/2022\/10\/pressenza_logo_200x200.jpg","contentUrl":"https:\/\/www.pressenza.com\/wp-content\/uploads\/2022\/10\/pressenza_logo_200x200.jpg","width":200,"height":200,"caption":"Pressenza"},"image":{"@id":"https:\/\/www.pressenza.com\/es\/#\/schema\/logo\/image\/"},"sameAs":["https:\/\/www.facebook.com\/PressenzaItalia","https:\/\/x.com\/PressenzaIPA"]},{"@type":"Person","@id":"https:\/\/www.pressenza.com\/es\/#\/schema\/person\/35221cfd7eeca947b184bfc91172e541","name":"eldiario.es","description":"eldiario.es is a new digital media with information and analysis focussing on politics and economics in its broadest sense: what affects people more than parties or markets. eldiario.es","url":"https:\/\/www.pressenza.com\/es\/author\/eldiario-es\/"}]}},"place":"Los santos de Maimona, Estado Espa\u00f1ol","original_article_url":"http:\/\/www.eldiario.es\/inspira\/encuentro-arquitecturas-colectivas_6_428417186.html","_links":{"self":[{"href":"https:\/\/www.pressenza.com\/es\/wp-json\/wp\/v2\/posts\/219237","targetHints":{"allow":["GET"]}}],"collection":[{"href":"https:\/\/www.pressenza.com\/es\/wp-json\/wp\/v2\/posts"}],"about":[{"href":"https:\/\/www.pressenza.com\/es\/wp-json\/wp\/v2\/types\/post"}],"author":[{"embeddable":true,"href":"https:\/\/www.pressenza.com\/es\/wp-json\/wp\/v2\/users\/1170"}],"replies":[{"embeddable":true,"href":"https:\/\/www.pressenza.com\/es\/wp-json\/wp\/v2\/comments?post=219237"}],"version-history":[{"count":0,"href":"https:\/\/www.pressenza.com\/es\/wp-json\/wp\/v2\/posts\/219237\/revisions"}],"wp:featuredmedia":[{"embeddable":true,"href":"https:\/\/www.pressenza.com\/es\/wp-json\/wp\/v2\/media\/219238"}],"wp:attachment":[{"href":"https:\/\/www.pressenza.com\/es\/wp-json\/wp\/v2\/media?parent=219237"}],"wp:term":[{"taxonomy":"category","embeddable":true,"href":"https:\/\/www.pressenza.com\/es\/wp-json\/wp\/v2\/categories?post=219237"},{"taxonomy":"post_tag","embeddable":true,"href":"https:\/\/www.pressenza.com\/es\/wp-json\/wp\/v2\/tags?post=219237"}],"curies":[{"name":"wp","href":"https:\/\/api.w.org\/{rel}","templated":true}]}}