{"id":2190,"date":"2009-11-12T00:00:00","date_gmt":"2009-11-12T00:00:00","guid":{"rendered":""},"modified":"2009-11-12T13:16:11","modified_gmt":"2009-11-12T13:16:11","slug":"resistencia-juvenil-al-servicio-militar-obligatorio-en-colombiax-un-camino-para-contribuir-a-la-paz","status":"publish","type":"post","link":"https:\/\/www.pressenza.com\/es\/2009\/11\/resistencia-juvenil-al-servicio-militar-obligatorio-en-colombiax-un-camino-para-contribuir-a-la-paz\/","title":{"rendered":"Resistencia juvenil al Servicio Militar obligatorio en Colombia: un camino para contribuir a la Paz"},"content":{"rendered":"<p>El pasado 15 de octubre la Corte Constitucional de Colombia ratific\u00f3 el art\u00edculo 27 de la Ley 48 de 1993, en el que se establece la objeci\u00f3n de conciencia por razones \u00e9tnicas y de limitaciones f\u00edsicas al servicio militar obligatorio. Adem\u00e1s la Corte hizo \u00e9nfasis en la ambig\u00fcedad de la Ley, al decir que este tipo de objeci\u00f3n tambi\u00e9n podr\u00eda llegar a ser por cuestiones religiosas, filos\u00f3ficas o pol\u00edticas, aunque est\u00e1s no se encuentren establecidas en el art\u00edculo 27. Pues ya en diferentes ocasiones muchos j\u00f3venes por medio de la tutela han podido hacer uso de este legitimo derecho (la objeci\u00f3n) para negarse a prestar el servicio militar. <\/p>\n<p>Durante estos \u00faltimos a\u00f1os, algunos j\u00f3venes han venido organiz\u00e1ndose en torno a este tema, ya que para muchos de ellos: \u201cel papel de todos los objetores y objetoras de consciencia en Colombia es poner frente a la militarizaci\u00f3n, a la opresi\u00f3n, a la violencia, pero no de una manera individual, pasiva y ego\u00edsta sino activa y colectiva.\u201d, dice Cristian Henao, objetor por conciencia, a quien el ej\u00e9rcito hace un mes desacuartel\u00f3, debido a la presi\u00f3n generada por organizaciones juveniles y de derechos humanos, entre ellas la Red Juvenil de Medell\u00edn (RJ) y la Fundaci\u00f3n Periodistas por la Paz (FUPERPAZ). <\/p>\n<p>Esta organizaci\u00f3n juvenil lleva trabajando 17 a\u00f1os en la promoci\u00f3n de una cultura de no violencia, la defensa de los derechos humanos y el empoderamiento juvenil, en una sociedad en la que son constantemente  estigmatizados y se\u00f1alados por ser participes de proyectos dirigidos a la transformaci\u00f3n social. Por su parte, la Fundaci\u00f3n Periodistas por la Paz es una reciente organizaci\u00f3n de derechos humanos, que lleva trabajando poco menos de ocho meses, y que se ha fortalecido durante los \u00faltimos dos meses, debido al compromiso que ha asumido frente a los problemas del movimiento estudiantil y de los j\u00f3venes objetores de conciencia.<\/p>\n","protected":false},"excerpt":{"rendered":"<p>Organizaciones juveniles y de derechos humanos, entre ellas la Red Juvenil de Medell\u00edn (RJ) y la Fundaci\u00f3n Periodistas por la Paz (FUPERPAZ),  realizan acciones para resaltar el papel de todos los objetores de consciencia al servicio militar obligatorio en Colombia. De ese modo buscan hacer frente a la militarizaci\u00f3n y a la violencia que sufren j\u00f3venes de ese pa\u00eds.<\/p>\n","protected":false},"author":19,"featured_media":0,"comment_status":"closed","ping_status":"open","sticky":false,"template":"","format":"standard","meta":{"footnotes":""},"categories":[74,67],"tags":[],"class_list":["post-2190","post","type-post","status-publish","format-standard","hentry","category-politica-es","category-sudamerica"],"yoast_head":"<!-- This site is optimized with the Yoast SEO plugin v27.1.1 - https:\/\/yoast.com\/product\/yoast-seo-wordpress\/ -->\n<title>Resistencia juvenil al Servicio Militar obligatorio en Colombia: un camino para contribuir a la Paz<\/title>\n<meta name=\"description\" content=\"Organizaciones juveniles y de derechos humanos, entre ellas la Red Juvenil de Medell\u00edn (RJ) y la Fundaci\u00f3n Periodistas por la Paz (FUPERPAZ), realizan acciones para resaltar el papel de todos los objetores de consciencia al servicio militar obligatorio en Colombia. De ese modo buscan hacer frente a la militarizaci\u00f3n y a la violencia que sufren j\u00f3venes de ese pa\u00eds.\" \/>\n<meta name=\"robots\" content=\"index, follow, max-snippet:-1, max-image-preview:large, max-video-preview:-1\" \/>\n<link rel=\"canonical\" href=\"https:\/\/www.pressenza.com\/es\/2009\/11\/resistencia-juvenil-al-servicio-militar-obligatorio-en-colombiax-un-camino-para-contribuir-a-la-paz\/\" \/>\n<meta property=\"og:locale\" content=\"es_ES\" \/>\n<meta property=\"og:type\" content=\"article\" \/>\n<meta property=\"og:title\" content=\"Resistencia juvenil al Servicio Militar obligatorio en Colombia: un camino para contribuir a la Paz\" \/>\n<meta property=\"og:description\" content=\"Organizaciones juveniles y de derechos humanos, entre ellas la Red Juvenil de Medell\u00edn (RJ) y la Fundaci\u00f3n Periodistas por la Paz (FUPERPAZ), realizan acciones para resaltar el papel de todos los objetores de consciencia al servicio militar obligatorio en Colombia. De ese modo buscan hacer frente a la militarizaci\u00f3n y a la violencia que sufren j\u00f3venes de ese pa\u00eds.\" \/>\n<meta property=\"og:url\" content=\"https:\/\/www.pressenza.com\/es\/2009\/11\/resistencia-juvenil-al-servicio-militar-obligatorio-en-colombiax-un-camino-para-contribuir-a-la-paz\/\" \/>\n<meta property=\"og:site_name\" content=\"Pressenza\" \/>\n<meta property=\"article:publisher\" content=\"https:\/\/www.facebook.com\/PressenzaItalia\" \/>\n<meta property=\"article:author\" content=\"https:\/\/www.facebook.com\/pressenza\" \/>\n<meta property=\"article:published_time\" content=\"2009-11-12T00:00:00+00:00\" \/>\n<meta property=\"article:modified_time\" content=\"2009-11-12T13:16:11+00:00\" \/>\n<meta name=\"author\" content=\"Pressenza IPA\" \/>\n<meta name=\"twitter:card\" content=\"summary_large_image\" \/>\n<meta name=\"twitter:creator\" content=\"@PressenzaIPA\" \/>\n<meta name=\"twitter:site\" content=\"@PressenzaIPA\" \/>\n<meta name=\"twitter:label1\" content=\"Escrito por\" \/>\n\t<meta name=\"twitter:data1\" content=\"Pressenza IPA\" \/>\n\t<meta name=\"twitter:label2\" content=\"Tiempo de lectura\" \/>\n\t<meta name=\"twitter:data2\" content=\"2 minutos\" \/>\n<script type=\"application\/ld+json\" class=\"yoast-schema-graph\">{\"@context\":\"https:\/\/schema.org\",\"@graph\":[{\"@type\":\"Article\",\"@id\":\"https:\/\/www.pressenza.com\/es\/2009\/11\/resistencia-juvenil-al-servicio-militar-obligatorio-en-colombiax-un-camino-para-contribuir-a-la-paz\/#article\",\"isPartOf\":{\"@id\":\"https:\/\/www.pressenza.com\/es\/2009\/11\/resistencia-juvenil-al-servicio-militar-obligatorio-en-colombiax-un-camino-para-contribuir-a-la-paz\/\"},\"author\":{\"name\":\"Pressenza IPA\",\"@id\":\"https:\/\/www.pressenza.com\/es\/#\/schema\/person\/010e5d02bcf40965427a1289a4cc8d75\"},\"headline\":\"Resistencia juvenil al Servicio Militar obligatorio en Colombia: un camino para contribuir a la Paz\",\"datePublished\":\"2009-11-12T00:00:00+00:00\",\"dateModified\":\"2009-11-12T13:16:11+00:00\",\"mainEntityOfPage\":{\"@id\":\"https:\/\/www.pressenza.com\/es\/2009\/11\/resistencia-juvenil-al-servicio-militar-obligatorio-en-colombiax-un-camino-para-contribuir-a-la-paz\/\"},\"wordCount\":349,\"publisher\":{\"@id\":\"https:\/\/www.pressenza.com\/es\/#organization\"},\"articleSection\":[\"Pol\u00edtica\",\"Sudam\u00e9rica\"],\"inLanguage\":\"es\"},{\"@type\":\"WebPage\",\"@id\":\"https:\/\/www.pressenza.com\/es\/2009\/11\/resistencia-juvenil-al-servicio-militar-obligatorio-en-colombiax-un-camino-para-contribuir-a-la-paz\/\",\"url\":\"https:\/\/www.pressenza.com\/es\/2009\/11\/resistencia-juvenil-al-servicio-militar-obligatorio-en-colombiax-un-camino-para-contribuir-a-la-paz\/\",\"name\":\"Resistencia juvenil al Servicio Militar obligatorio en Colombia: un camino para contribuir a la Paz\",\"isPartOf\":{\"@id\":\"https:\/\/www.pressenza.com\/es\/#website\"},\"datePublished\":\"2009-11-12T00:00:00+00:00\",\"dateModified\":\"2009-11-12T13:16:11+00:00\",\"description\":\"Organizaciones juveniles y de derechos humanos, entre ellas la Red Juvenil de Medell\u00edn (RJ) y la Fundaci\u00f3n Periodistas por la Paz (FUPERPAZ), realizan acciones para resaltar el papel de todos los objetores de consciencia al servicio militar obligatorio en Colombia. De ese modo buscan hacer frente a la militarizaci\u00f3n y a la violencia que sufren j\u00f3venes de ese pa\u00eds.\",\"breadcrumb\":{\"@id\":\"https:\/\/www.pressenza.com\/es\/2009\/11\/resistencia-juvenil-al-servicio-militar-obligatorio-en-colombiax-un-camino-para-contribuir-a-la-paz\/#breadcrumb\"},\"inLanguage\":\"es\",\"potentialAction\":[{\"@type\":\"ReadAction\",\"target\":[\"https:\/\/www.pressenza.com\/es\/2009\/11\/resistencia-juvenil-al-servicio-militar-obligatorio-en-colombiax-un-camino-para-contribuir-a-la-paz\/\"]}]},{\"@type\":\"BreadcrumbList\",\"@id\":\"https:\/\/www.pressenza.com\/es\/2009\/11\/resistencia-juvenil-al-servicio-militar-obligatorio-en-colombiax-un-camino-para-contribuir-a-la-paz\/#breadcrumb\",\"itemListElement\":[{\"@type\":\"ListItem\",\"position\":1,\"name\":\"Accueil\",\"item\":\"https:\/\/www.pressenza.com\/es\/\"},{\"@type\":\"ListItem\",\"position\":2,\"name\":\"Resistencia juvenil al Servicio Militar obligatorio en Colombia: un camino para contribuir a la Paz\"}]},{\"@type\":\"WebSite\",\"@id\":\"https:\/\/www.pressenza.com\/es\/#website\",\"url\":\"https:\/\/www.pressenza.com\/es\/\",\"name\":\"Pressenza\",\"description\":\"International Press Agency\",\"publisher\":{\"@id\":\"https:\/\/www.pressenza.com\/es\/#organization\"},\"potentialAction\":[{\"@type\":\"SearchAction\",\"target\":{\"@type\":\"EntryPoint\",\"urlTemplate\":\"https:\/\/www.pressenza.com\/es\/?s={search_term_string}\"},\"query-input\":{\"@type\":\"PropertyValueSpecification\",\"valueRequired\":true,\"valueName\":\"search_term_string\"}}],\"inLanguage\":\"es\"},{\"@type\":\"Organization\",\"@id\":\"https:\/\/www.pressenza.com\/es\/#organization\",\"name\":\"Pressenza\",\"url\":\"https:\/\/www.pressenza.com\/es\/\",\"logo\":{\"@type\":\"ImageObject\",\"inLanguage\":\"es\",\"@id\":\"https:\/\/www.pressenza.com\/es\/#\/schema\/logo\/image\/\",\"url\":\"https:\/\/www.pressenza.com\/wp-content\/uploads\/2022\/10\/pressenza_logo_200x200.jpg\",\"contentUrl\":\"https:\/\/www.pressenza.com\/wp-content\/uploads\/2022\/10\/pressenza_logo_200x200.jpg\",\"width\":200,\"height\":200,\"caption\":\"Pressenza\"},\"image\":{\"@id\":\"https:\/\/www.pressenza.com\/es\/#\/schema\/logo\/image\/\"},\"sameAs\":[\"https:\/\/www.facebook.com\/PressenzaItalia\",\"https:\/\/x.com\/PressenzaIPA\"]},{\"@type\":\"Person\",\"@id\":\"https:\/\/www.pressenza.com\/es\/#\/schema\/person\/010e5d02bcf40965427a1289a4cc8d75\",\"name\":\"Pressenza IPA\",\"description\":\"News from Pressenza IPA correspondents\",\"sameAs\":[\"https:\/\/www.facebook.com\/pressenza\",\"https:\/\/x.com\/PressenzaIPA\"],\"url\":\"https:\/\/www.pressenza.com\/es\/author\/pressenza-ipa\/\"}]}<\/script>\n<!-- \/ Yoast SEO plugin. -->","yoast_head_json":{"title":"Resistencia juvenil al Servicio Militar obligatorio en Colombia: un camino para contribuir a la Paz","description":"Organizaciones juveniles y de derechos humanos, entre ellas la Red Juvenil de Medell\u00edn (RJ) y la Fundaci\u00f3n Periodistas por la Paz (FUPERPAZ), realizan acciones para resaltar el papel de todos los objetores de consciencia al servicio militar obligatorio en Colombia. De ese modo buscan hacer frente a la militarizaci\u00f3n y a la violencia que sufren j\u00f3venes de ese pa\u00eds.","robots":{"index":"index","follow":"follow","max-snippet":"max-snippet:-1","max-image-preview":"max-image-preview:large","max-video-preview":"max-video-preview:-1"},"canonical":"https:\/\/www.pressenza.com\/es\/2009\/11\/resistencia-juvenil-al-servicio-militar-obligatorio-en-colombiax-un-camino-para-contribuir-a-la-paz\/","og_locale":"es_ES","og_type":"article","og_title":"Resistencia juvenil al Servicio Militar obligatorio en Colombia: un camino para contribuir a la Paz","og_description":"Organizaciones juveniles y de derechos humanos, entre ellas la Red Juvenil de Medell\u00edn (RJ) y la Fundaci\u00f3n Periodistas por la Paz (FUPERPAZ), realizan acciones para resaltar el papel de todos los objetores de consciencia al servicio militar obligatorio en Colombia. De ese modo buscan hacer frente a la militarizaci\u00f3n y a la violencia que sufren j\u00f3venes de ese pa\u00eds.","og_url":"https:\/\/www.pressenza.com\/es\/2009\/11\/resistencia-juvenil-al-servicio-militar-obligatorio-en-colombiax-un-camino-para-contribuir-a-la-paz\/","og_site_name":"Pressenza","article_publisher":"https:\/\/www.facebook.com\/PressenzaItalia","article_author":"https:\/\/www.facebook.com\/pressenza","article_published_time":"2009-11-12T00:00:00+00:00","article_modified_time":"2009-11-12T13:16:11+00:00","author":"Pressenza IPA","twitter_card":"summary_large_image","twitter_creator":"@PressenzaIPA","twitter_site":"@PressenzaIPA","twitter_misc":{"Escrito por":"Pressenza IPA","Tiempo de lectura":"2 minutos"},"schema":{"@context":"https:\/\/schema.org","@graph":[{"@type":"Article","@id":"https:\/\/www.pressenza.com\/es\/2009\/11\/resistencia-juvenil-al-servicio-militar-obligatorio-en-colombiax-un-camino-para-contribuir-a-la-paz\/#article","isPartOf":{"@id":"https:\/\/www.pressenza.com\/es\/2009\/11\/resistencia-juvenil-al-servicio-militar-obligatorio-en-colombiax-un-camino-para-contribuir-a-la-paz\/"},"author":{"name":"Pressenza IPA","@id":"https:\/\/www.pressenza.com\/es\/#\/schema\/person\/010e5d02bcf40965427a1289a4cc8d75"},"headline":"Resistencia juvenil al Servicio Militar obligatorio en Colombia: un camino para contribuir a la Paz","datePublished":"2009-11-12T00:00:00+00:00","dateModified":"2009-11-12T13:16:11+00:00","mainEntityOfPage":{"@id":"https:\/\/www.pressenza.com\/es\/2009\/11\/resistencia-juvenil-al-servicio-militar-obligatorio-en-colombiax-un-camino-para-contribuir-a-la-paz\/"},"wordCount":349,"publisher":{"@id":"https:\/\/www.pressenza.com\/es\/#organization"},"articleSection":["Pol\u00edtica","Sudam\u00e9rica"],"inLanguage":"es"},{"@type":"WebPage","@id":"https:\/\/www.pressenza.com\/es\/2009\/11\/resistencia-juvenil-al-servicio-militar-obligatorio-en-colombiax-un-camino-para-contribuir-a-la-paz\/","url":"https:\/\/www.pressenza.com\/es\/2009\/11\/resistencia-juvenil-al-servicio-militar-obligatorio-en-colombiax-un-camino-para-contribuir-a-la-paz\/","name":"Resistencia juvenil al Servicio Militar obligatorio en Colombia: un camino para contribuir a la Paz","isPartOf":{"@id":"https:\/\/www.pressenza.com\/es\/#website"},"datePublished":"2009-11-12T00:00:00+00:00","dateModified":"2009-11-12T13:16:11+00:00","description":"Organizaciones juveniles y de derechos humanos, entre ellas la Red Juvenil de Medell\u00edn (RJ) y la Fundaci\u00f3n Periodistas por la Paz (FUPERPAZ), realizan acciones para resaltar el papel de todos los objetores de consciencia al servicio militar obligatorio en Colombia. De ese modo buscan hacer frente a la militarizaci\u00f3n y a la violencia que sufren j\u00f3venes de ese pa\u00eds.","breadcrumb":{"@id":"https:\/\/www.pressenza.com\/es\/2009\/11\/resistencia-juvenil-al-servicio-militar-obligatorio-en-colombiax-un-camino-para-contribuir-a-la-paz\/#breadcrumb"},"inLanguage":"es","potentialAction":[{"@type":"ReadAction","target":["https:\/\/www.pressenza.com\/es\/2009\/11\/resistencia-juvenil-al-servicio-militar-obligatorio-en-colombiax-un-camino-para-contribuir-a-la-paz\/"]}]},{"@type":"BreadcrumbList","@id":"https:\/\/www.pressenza.com\/es\/2009\/11\/resistencia-juvenil-al-servicio-militar-obligatorio-en-colombiax-un-camino-para-contribuir-a-la-paz\/#breadcrumb","itemListElement":[{"@type":"ListItem","position":1,"name":"Accueil","item":"https:\/\/www.pressenza.com\/es\/"},{"@type":"ListItem","position":2,"name":"Resistencia juvenil al Servicio Militar obligatorio en Colombia: un camino para contribuir a la Paz"}]},{"@type":"WebSite","@id":"https:\/\/www.pressenza.com\/es\/#website","url":"https:\/\/www.pressenza.com\/es\/","name":"Pressenza","description":"International Press Agency","publisher":{"@id":"https:\/\/www.pressenza.com\/es\/#organization"},"potentialAction":[{"@type":"SearchAction","target":{"@type":"EntryPoint","urlTemplate":"https:\/\/www.pressenza.com\/es\/?s={search_term_string}"},"query-input":{"@type":"PropertyValueSpecification","valueRequired":true,"valueName":"search_term_string"}}],"inLanguage":"es"},{"@type":"Organization","@id":"https:\/\/www.pressenza.com\/es\/#organization","name":"Pressenza","url":"https:\/\/www.pressenza.com\/es\/","logo":{"@type":"ImageObject","inLanguage":"es","@id":"https:\/\/www.pressenza.com\/es\/#\/schema\/logo\/image\/","url":"https:\/\/www.pressenza.com\/wp-content\/uploads\/2022\/10\/pressenza_logo_200x200.jpg","contentUrl":"https:\/\/www.pressenza.com\/wp-content\/uploads\/2022\/10\/pressenza_logo_200x200.jpg","width":200,"height":200,"caption":"Pressenza"},"image":{"@id":"https:\/\/www.pressenza.com\/es\/#\/schema\/logo\/image\/"},"sameAs":["https:\/\/www.facebook.com\/PressenzaItalia","https:\/\/x.com\/PressenzaIPA"]},{"@type":"Person","@id":"https:\/\/www.pressenza.com\/es\/#\/schema\/person\/010e5d02bcf40965427a1289a4cc8d75","name":"Pressenza IPA","description":"News from Pressenza IPA correspondents","sameAs":["https:\/\/www.facebook.com\/pressenza","https:\/\/x.com\/PressenzaIPA"],"url":"https:\/\/www.pressenza.com\/es\/author\/pressenza-ipa\/"}]}},"place":"Medell\u00edn","original_article_url":"","_links":{"self":[{"href":"https:\/\/www.pressenza.com\/es\/wp-json\/wp\/v2\/posts\/2190","targetHints":{"allow":["GET"]}}],"collection":[{"href":"https:\/\/www.pressenza.com\/es\/wp-json\/wp\/v2\/posts"}],"about":[{"href":"https:\/\/www.pressenza.com\/es\/wp-json\/wp\/v2\/types\/post"}],"author":[{"embeddable":true,"href":"https:\/\/www.pressenza.com\/es\/wp-json\/wp\/v2\/users\/19"}],"replies":[{"embeddable":true,"href":"https:\/\/www.pressenza.com\/es\/wp-json\/wp\/v2\/comments?post=2190"}],"version-history":[{"count":0,"href":"https:\/\/www.pressenza.com\/es\/wp-json\/wp\/v2\/posts\/2190\/revisions"}],"wp:attachment":[{"href":"https:\/\/www.pressenza.com\/es\/wp-json\/wp\/v2\/media?parent=2190"}],"wp:term":[{"taxonomy":"category","embeddable":true,"href":"https:\/\/www.pressenza.com\/es\/wp-json\/wp\/v2\/categories?post=2190"},{"taxonomy":"post_tag","embeddable":true,"href":"https:\/\/www.pressenza.com\/es\/wp-json\/wp\/v2\/tags?post=2190"}],"curies":[{"name":"wp","href":"https:\/\/api.w.org\/{rel}","templated":true}]}}