{"id":218908,"date":"2015-09-08T11:57:52","date_gmt":"2015-09-08T10:57:52","guid":{"rendered":"http:\/\/www.pressenza.com\/es\/?p=218908"},"modified":"2015-09-08T11:58:07","modified_gmt":"2015-09-08T10:58:07","slug":"conferencia-de-raji-sourani-en-la-embajada-de-palestina-en-argentina","status":"publish","type":"post","link":"https:\/\/www.pressenza.com\/es\/2015\/09\/conferencia-de-raji-sourani-en-la-embajada-de-palestina-en-argentina\/","title":{"rendered":"Conferencia de Raji Sourani en la Embajada de Palestina en Argentina"},"content":{"rendered":"<p>La Embajada del Estado de Palestina en Argentina y el Comit\u00e9 Argentino de Solidaridad con el Pueblo palestino, organizan hoy martes 8 de septiembre a las 18 hs, un encuentro con el Dr. Raji Sourani, director del Centro Palestino para los derechos Humanos.<\/p>\n<p>El encuentro abierto al p\u00fablico se llevar\u00e1 a cabo en la sede de la embajada ubicada en Riobamba 981, ciudad de Buenos Aires.<\/p>\n<p>Raji Sourani defensor y promovedor los derechos humanos en Palestina y el mundo \u00e1rabe durante 35 a\u00f1os. Fundador del Centro Palestino para los Derechos Humanos (Palestinian Centre for Human Rights, PCHR ).<\/p>\n<p>Sourani, es Presidente de la Organizaci\u00f3n \u00c1rabe para los Derechos Humanos (Arab Organisation for Human Rights, AOHR) desde abril de 2012. Bajo el liderazgo de Sourani, la AOHR incidi\u00f3 en la Liga \u00c1rabe en 2004 a fin de hacer enmiendas a la Carta \u00c1rabe para los Derechos Humanos para que est\u00e9 en consonancia con las normas internacionales de derechos humanos.<\/p>\n<p>Innovador en el uso del concepto de jurisdicci\u00f3n universal; un principio legal que habilita a los Estados o los tribunales internacionales para reclamar jurisdicci\u00f3n penal contra una persona acusada de graves delitos fuera de su territorio.<\/p>\n<p>Durante los \u00faltimos 25 a\u00f1os, Raji Sourani ha trabajado activamente con las Naciones Unidas y sus diversos relatores especiales, la Uni\u00f3n Europea, el Cuarteto para Oriente Medio, el Comit\u00e9 Internacional de la Cruz Roja (ICRC) y la Corte Penal Internacional (ICC), haciendo presentaciones orales y escritas sobre la situaci\u00f3n de los derechos humanos en Palestina.<\/p>\n<p>Raji Sourani naci\u00f3 en Gaza el 28 de diciembre de 1953. Estudi\u00f3 Derecho en las universidades de Beirut y Alejandr\u00eda, recibiendo de \u00e9sta su t\u00edtulo en 1977. Despu\u00e9s de estudiar, fund\u00f3 su propio bufete de abogados y muy pronto se vio casi totalmente dedicado a trabajar en casos de derechos humanos.<\/p>\n","protected":false},"excerpt":{"rendered":"<p>La Embajada del Estado de Palestina en Argentina y el Comit\u00e9 Argentino de Solidaridad con el Pueblo palestino, organizan hoy martes 8 de septiembre a las 18 hs, un encuentro con el Dr. Raji Sourani, director del Centro Palestino para&hellip;<\/p>\n","protected":false},"author":521,"featured_media":218909,"comment_status":"closed","ping_status":"open","sticky":false,"template":"","format":"standard","meta":{"footnotes":""},"categories":[76,149,71,67],"tags":[26,814],"class_list":["post-218908","post","type-post","status-publish","format-standard","has-post-thumbnail","hentry","category-relaciones-exteriores","category-comunicados-de-prensa","category-medio-oriente-es","category-sudamerica","tag-argentina","tag-palestina-es"],"yoast_head":"<!-- This site is optimized with the Yoast SEO plugin v27.1.1 - https:\/\/yoast.com\/product\/yoast-seo-wordpress\/ -->\n<title>Conferencia de Raji Sourani en la Embajada de Palestina en Argentina<\/title>\n<meta name=\"description\" content=\"La Embajada del Estado de Palestina en Argentina y el Comit\u00e9 Argentino de Solidaridad con el Pueblo palestino, organizan hoy martes 8 de septiembre a las\" \/>\n<meta name=\"robots\" content=\"index, follow, max-snippet:-1, max-image-preview:large, max-video-preview:-1\" \/>\n<link rel=\"canonical\" href=\"https:\/\/www.pressenza.com\/es\/2015\/09\/conferencia-de-raji-sourani-en-la-embajada-de-palestina-en-argentina\/\" \/>\n<meta property=\"og:locale\" content=\"es_ES\" \/>\n<meta property=\"og:type\" content=\"article\" \/>\n<meta property=\"og:title\" content=\"Conferencia de Raji Sourani en la Embajada de Palestina en Argentina\" \/>\n<meta property=\"og:description\" content=\"La Embajada del Estado de Palestina en Argentina y el Comit\u00e9 Argentino de Solidaridad con el Pueblo palestino, organizan hoy martes 8 de septiembre a las\" \/>\n<meta property=\"og:url\" content=\"https:\/\/www.pressenza.com\/es\/2015\/09\/conferencia-de-raji-sourani-en-la-embajada-de-palestina-en-argentina\/\" \/>\n<meta property=\"og:site_name\" content=\"Pressenza\" \/>\n<meta property=\"article:publisher\" content=\"https:\/\/www.facebook.com\/PressenzaItalia\" \/>\n<meta property=\"article:published_time\" content=\"2015-09-08T10:57:52+00:00\" \/>\n<meta property=\"article:modified_time\" content=\"2015-09-08T10:58:07+00:00\" \/>\n<meta property=\"og:image\" content=\"https:\/\/www.pressenza.com\/wp-content\/uploads\/2015\/09\/sourani.jpg\" \/>\n\t<meta property=\"og:image:width\" content=\"344\" \/>\n\t<meta property=\"og:image:height\" content=\"228\" \/>\n\t<meta property=\"og:image:type\" content=\"image\/jpeg\" \/>\n<meta name=\"author\" content=\"Agencia Isl\u00e1mica de Noticias AIN\" \/>\n<meta name=\"twitter:card\" content=\"summary_large_image\" \/>\n<meta name=\"twitter:creator\" content=\"@PressenzaIPA\" \/>\n<meta name=\"twitter:site\" content=\"@PressenzaIPA\" \/>\n<meta name=\"twitter:label1\" content=\"Escrito por\" \/>\n\t<meta name=\"twitter:data1\" content=\"Agencia Isl\u00e1mica de Noticias AIN\" \/>\n\t<meta name=\"twitter:label2\" content=\"Tiempo de lectura\" \/>\n\t<meta name=\"twitter:data2\" content=\"2 minutos\" \/>\n<script type=\"application\/ld+json\" class=\"yoast-schema-graph\">{\"@context\":\"https:\/\/schema.org\",\"@graph\":[{\"@type\":\"Article\",\"@id\":\"https:\/\/www.pressenza.com\/es\/2015\/09\/conferencia-de-raji-sourani-en-la-embajada-de-palestina-en-argentina\/#article\",\"isPartOf\":{\"@id\":\"https:\/\/www.pressenza.com\/es\/2015\/09\/conferencia-de-raji-sourani-en-la-embajada-de-palestina-en-argentina\/\"},\"author\":{\"name\":\"Agencia Isl\u00e1mica de Noticias AIN\",\"@id\":\"https:\/\/www.pressenza.com\/es\/#\/schema\/person\/b8087a9cc5d0ddddea28146bdac21c70\"},\"headline\":\"Conferencia de Raji Sourani en la Embajada de Palestina en Argentina\",\"datePublished\":\"2015-09-08T10:57:52+00:00\",\"dateModified\":\"2015-09-08T10:58:07+00:00\",\"mainEntityOfPage\":{\"@id\":\"https:\/\/www.pressenza.com\/es\/2015\/09\/conferencia-de-raji-sourani-en-la-embajada-de-palestina-en-argentina\/\"},\"wordCount\":311,\"publisher\":{\"@id\":\"https:\/\/www.pressenza.com\/es\/#organization\"},\"image\":{\"@id\":\"https:\/\/www.pressenza.com\/es\/2015\/09\/conferencia-de-raji-sourani-en-la-embajada-de-palestina-en-argentina\/#primaryimage\"},\"thumbnailUrl\":\"https:\/\/www.pressenza.com\/wp-content\/uploads\/2015\/09\/sourani.jpg\",\"keywords\":[\"Argentina\",\"Palestina\"],\"articleSection\":[\"Asuntos internacionales\",\"Comunicados de Prensa\",\"Medio Oriente\",\"Sudam\u00e9rica\"],\"inLanguage\":\"es\"},{\"@type\":\"WebPage\",\"@id\":\"https:\/\/www.pressenza.com\/es\/2015\/09\/conferencia-de-raji-sourani-en-la-embajada-de-palestina-en-argentina\/\",\"url\":\"https:\/\/www.pressenza.com\/es\/2015\/09\/conferencia-de-raji-sourani-en-la-embajada-de-palestina-en-argentina\/\",\"name\":\"Conferencia de Raji Sourani en la Embajada de Palestina en Argentina\",\"isPartOf\":{\"@id\":\"https:\/\/www.pressenza.com\/es\/#website\"},\"primaryImageOfPage\":{\"@id\":\"https:\/\/www.pressenza.com\/es\/2015\/09\/conferencia-de-raji-sourani-en-la-embajada-de-palestina-en-argentina\/#primaryimage\"},\"image\":{\"@id\":\"https:\/\/www.pressenza.com\/es\/2015\/09\/conferencia-de-raji-sourani-en-la-embajada-de-palestina-en-argentina\/#primaryimage\"},\"thumbnailUrl\":\"https:\/\/www.pressenza.com\/wp-content\/uploads\/2015\/09\/sourani.jpg\",\"datePublished\":\"2015-09-08T10:57:52+00:00\",\"dateModified\":\"2015-09-08T10:58:07+00:00\",\"description\":\"La Embajada del Estado de Palestina en Argentina y el Comit\u00e9 Argentino de Solidaridad con el Pueblo palestino, organizan hoy martes 8 de septiembre a las\",\"breadcrumb\":{\"@id\":\"https:\/\/www.pressenza.com\/es\/2015\/09\/conferencia-de-raji-sourani-en-la-embajada-de-palestina-en-argentina\/#breadcrumb\"},\"inLanguage\":\"es\",\"potentialAction\":[{\"@type\":\"ReadAction\",\"target\":[\"https:\/\/www.pressenza.com\/es\/2015\/09\/conferencia-de-raji-sourani-en-la-embajada-de-palestina-en-argentina\/\"]}]},{\"@type\":\"ImageObject\",\"inLanguage\":\"es\",\"@id\":\"https:\/\/www.pressenza.com\/es\/2015\/09\/conferencia-de-raji-sourani-en-la-embajada-de-palestina-en-argentina\/#primaryimage\",\"url\":\"https:\/\/www.pressenza.com\/wp-content\/uploads\/2015\/09\/sourani.jpg\",\"contentUrl\":\"https:\/\/www.pressenza.com\/wp-content\/uploads\/2015\/09\/sourani.jpg\",\"width\":344,\"height\":228},{\"@type\":\"BreadcrumbList\",\"@id\":\"https:\/\/www.pressenza.com\/es\/2015\/09\/conferencia-de-raji-sourani-en-la-embajada-de-palestina-en-argentina\/#breadcrumb\",\"itemListElement\":[{\"@type\":\"ListItem\",\"position\":1,\"name\":\"Accueil\",\"item\":\"https:\/\/www.pressenza.com\/es\/\"},{\"@type\":\"ListItem\",\"position\":2,\"name\":\"Conferencia de Raji Sourani en la Embajada de Palestina en Argentina\"}]},{\"@type\":\"WebSite\",\"@id\":\"https:\/\/www.pressenza.com\/es\/#website\",\"url\":\"https:\/\/www.pressenza.com\/es\/\",\"name\":\"Pressenza\",\"description\":\"International Press Agency\",\"publisher\":{\"@id\":\"https:\/\/www.pressenza.com\/es\/#organization\"},\"potentialAction\":[{\"@type\":\"SearchAction\",\"target\":{\"@type\":\"EntryPoint\",\"urlTemplate\":\"https:\/\/www.pressenza.com\/es\/?s={search_term_string}\"},\"query-input\":{\"@type\":\"PropertyValueSpecification\",\"valueRequired\":true,\"valueName\":\"search_term_string\"}}],\"inLanguage\":\"es\"},{\"@type\":\"Organization\",\"@id\":\"https:\/\/www.pressenza.com\/es\/#organization\",\"name\":\"Pressenza\",\"url\":\"https:\/\/www.pressenza.com\/es\/\",\"logo\":{\"@type\":\"ImageObject\",\"inLanguage\":\"es\",\"@id\":\"https:\/\/www.pressenza.com\/es\/#\/schema\/logo\/image\/\",\"url\":\"https:\/\/www.pressenza.com\/wp-content\/uploads\/2022\/10\/pressenza_logo_200x200.jpg\",\"contentUrl\":\"https:\/\/www.pressenza.com\/wp-content\/uploads\/2022\/10\/pressenza_logo_200x200.jpg\",\"width\":200,\"height\":200,\"caption\":\"Pressenza\"},\"image\":{\"@id\":\"https:\/\/www.pressenza.com\/es\/#\/schema\/logo\/image\/\"},\"sameAs\":[\"https:\/\/www.facebook.com\/PressenzaItalia\",\"https:\/\/x.com\/PressenzaIPA\"]},{\"@type\":\"Person\",\"@id\":\"https:\/\/www.pressenza.com\/es\/#\/schema\/person\/b8087a9cc5d0ddddea28146bdac21c70\",\"name\":\"Agencia Isl\u00e1mica de Noticias AIN\",\"description\":\"Con la idea de sumar una mirada m\u00e1s al gran universo de los medios de comunicaci\u00f3n y la tecnolog\u00eda creamos la Agencia Isl\u00e1mica de Noticias (AIN). Somos un grupo de profesionales, musulmanes y no musulmanes, que nos propusimos acercarles informaci\u00f3n a todas aquellas personas, no s\u00f3lo de Argentina sino tambi\u00e9n del resto del mundo, que est\u00e9n interesadas en los acontecimientos relacionados con el Mundo Isl\u00e1mico que suceden a diario en cualquier regi\u00f3n del planeta. www.ain.com.ar\",\"url\":\"https:\/\/www.pressenza.com\/es\/author\/agencia-islamica-de-noticias-ain\/\"}]}<\/script>\n<!-- \/ Yoast SEO plugin. -->","yoast_head_json":{"title":"Conferencia de Raji Sourani en la Embajada de Palestina en Argentina","description":"La Embajada del Estado de Palestina en Argentina y el Comit\u00e9 Argentino de Solidaridad con el Pueblo palestino, organizan hoy martes 8 de septiembre a las","robots":{"index":"index","follow":"follow","max-snippet":"max-snippet:-1","max-image-preview":"max-image-preview:large","max-video-preview":"max-video-preview:-1"},"canonical":"https:\/\/www.pressenza.com\/es\/2015\/09\/conferencia-de-raji-sourani-en-la-embajada-de-palestina-en-argentina\/","og_locale":"es_ES","og_type":"article","og_title":"Conferencia de Raji Sourani en la Embajada de Palestina en Argentina","og_description":"La Embajada del Estado de Palestina en Argentina y el Comit\u00e9 Argentino de Solidaridad con el Pueblo palestino, organizan hoy martes 8 de septiembre a las","og_url":"https:\/\/www.pressenza.com\/es\/2015\/09\/conferencia-de-raji-sourani-en-la-embajada-de-palestina-en-argentina\/","og_site_name":"Pressenza","article_publisher":"https:\/\/www.facebook.com\/PressenzaItalia","article_published_time":"2015-09-08T10:57:52+00:00","article_modified_time":"2015-09-08T10:58:07+00:00","og_image":[{"width":344,"height":228,"url":"https:\/\/www.pressenza.com\/wp-content\/uploads\/2015\/09\/sourani.jpg","type":"image\/jpeg"}],"author":"Agencia Isl\u00e1mica de Noticias AIN","twitter_card":"summary_large_image","twitter_creator":"@PressenzaIPA","twitter_site":"@PressenzaIPA","twitter_misc":{"Escrito por":"Agencia Isl\u00e1mica de Noticias AIN","Tiempo de lectura":"2 minutos"},"schema":{"@context":"https:\/\/schema.org","@graph":[{"@type":"Article","@id":"https:\/\/www.pressenza.com\/es\/2015\/09\/conferencia-de-raji-sourani-en-la-embajada-de-palestina-en-argentina\/#article","isPartOf":{"@id":"https:\/\/www.pressenza.com\/es\/2015\/09\/conferencia-de-raji-sourani-en-la-embajada-de-palestina-en-argentina\/"},"author":{"name":"Agencia Isl\u00e1mica de Noticias AIN","@id":"https:\/\/www.pressenza.com\/es\/#\/schema\/person\/b8087a9cc5d0ddddea28146bdac21c70"},"headline":"Conferencia de Raji Sourani en la Embajada de Palestina en Argentina","datePublished":"2015-09-08T10:57:52+00:00","dateModified":"2015-09-08T10:58:07+00:00","mainEntityOfPage":{"@id":"https:\/\/www.pressenza.com\/es\/2015\/09\/conferencia-de-raji-sourani-en-la-embajada-de-palestina-en-argentina\/"},"wordCount":311,"publisher":{"@id":"https:\/\/www.pressenza.com\/es\/#organization"},"image":{"@id":"https:\/\/www.pressenza.com\/es\/2015\/09\/conferencia-de-raji-sourani-en-la-embajada-de-palestina-en-argentina\/#primaryimage"},"thumbnailUrl":"https:\/\/www.pressenza.com\/wp-content\/uploads\/2015\/09\/sourani.jpg","keywords":["Argentina","Palestina"],"articleSection":["Asuntos internacionales","Comunicados de Prensa","Medio Oriente","Sudam\u00e9rica"],"inLanguage":"es"},{"@type":"WebPage","@id":"https:\/\/www.pressenza.com\/es\/2015\/09\/conferencia-de-raji-sourani-en-la-embajada-de-palestina-en-argentina\/","url":"https:\/\/www.pressenza.com\/es\/2015\/09\/conferencia-de-raji-sourani-en-la-embajada-de-palestina-en-argentina\/","name":"Conferencia de Raji Sourani en la Embajada de Palestina en Argentina","isPartOf":{"@id":"https:\/\/www.pressenza.com\/es\/#website"},"primaryImageOfPage":{"@id":"https:\/\/www.pressenza.com\/es\/2015\/09\/conferencia-de-raji-sourani-en-la-embajada-de-palestina-en-argentina\/#primaryimage"},"image":{"@id":"https:\/\/www.pressenza.com\/es\/2015\/09\/conferencia-de-raji-sourani-en-la-embajada-de-palestina-en-argentina\/#primaryimage"},"thumbnailUrl":"https:\/\/www.pressenza.com\/wp-content\/uploads\/2015\/09\/sourani.jpg","datePublished":"2015-09-08T10:57:52+00:00","dateModified":"2015-09-08T10:58:07+00:00","description":"La Embajada del Estado de Palestina en Argentina y el Comit\u00e9 Argentino de Solidaridad con el Pueblo palestino, organizan hoy martes 8 de septiembre a las","breadcrumb":{"@id":"https:\/\/www.pressenza.com\/es\/2015\/09\/conferencia-de-raji-sourani-en-la-embajada-de-palestina-en-argentina\/#breadcrumb"},"inLanguage":"es","potentialAction":[{"@type":"ReadAction","target":["https:\/\/www.pressenza.com\/es\/2015\/09\/conferencia-de-raji-sourani-en-la-embajada-de-palestina-en-argentina\/"]}]},{"@type":"ImageObject","inLanguage":"es","@id":"https:\/\/www.pressenza.com\/es\/2015\/09\/conferencia-de-raji-sourani-en-la-embajada-de-palestina-en-argentina\/#primaryimage","url":"https:\/\/www.pressenza.com\/wp-content\/uploads\/2015\/09\/sourani.jpg","contentUrl":"https:\/\/www.pressenza.com\/wp-content\/uploads\/2015\/09\/sourani.jpg","width":344,"height":228},{"@type":"BreadcrumbList","@id":"https:\/\/www.pressenza.com\/es\/2015\/09\/conferencia-de-raji-sourani-en-la-embajada-de-palestina-en-argentina\/#breadcrumb","itemListElement":[{"@type":"ListItem","position":1,"name":"Accueil","item":"https:\/\/www.pressenza.com\/es\/"},{"@type":"ListItem","position":2,"name":"Conferencia de Raji Sourani en la Embajada de Palestina en Argentina"}]},{"@type":"WebSite","@id":"https:\/\/www.pressenza.com\/es\/#website","url":"https:\/\/www.pressenza.com\/es\/","name":"Pressenza","description":"International Press Agency","publisher":{"@id":"https:\/\/www.pressenza.com\/es\/#organization"},"potentialAction":[{"@type":"SearchAction","target":{"@type":"EntryPoint","urlTemplate":"https:\/\/www.pressenza.com\/es\/?s={search_term_string}"},"query-input":{"@type":"PropertyValueSpecification","valueRequired":true,"valueName":"search_term_string"}}],"inLanguage":"es"},{"@type":"Organization","@id":"https:\/\/www.pressenza.com\/es\/#organization","name":"Pressenza","url":"https:\/\/www.pressenza.com\/es\/","logo":{"@type":"ImageObject","inLanguage":"es","@id":"https:\/\/www.pressenza.com\/es\/#\/schema\/logo\/image\/","url":"https:\/\/www.pressenza.com\/wp-content\/uploads\/2022\/10\/pressenza_logo_200x200.jpg","contentUrl":"https:\/\/www.pressenza.com\/wp-content\/uploads\/2022\/10\/pressenza_logo_200x200.jpg","width":200,"height":200,"caption":"Pressenza"},"image":{"@id":"https:\/\/www.pressenza.com\/es\/#\/schema\/logo\/image\/"},"sameAs":["https:\/\/www.facebook.com\/PressenzaItalia","https:\/\/x.com\/PressenzaIPA"]},{"@type":"Person","@id":"https:\/\/www.pressenza.com\/es\/#\/schema\/person\/b8087a9cc5d0ddddea28146bdac21c70","name":"Agencia Isl\u00e1mica de Noticias AIN","description":"Con la idea de sumar una mirada m\u00e1s al gran universo de los medios de comunicaci\u00f3n y la tecnolog\u00eda creamos la Agencia Isl\u00e1mica de Noticias (AIN). Somos un grupo de profesionales, musulmanes y no musulmanes, que nos propusimos acercarles informaci\u00f3n a todas aquellas personas, no s\u00f3lo de Argentina sino tambi\u00e9n del resto del mundo, que est\u00e9n interesadas en los acontecimientos relacionados con el Mundo Isl\u00e1mico que suceden a diario en cualquier regi\u00f3n del planeta. www.ain.com.ar","url":"https:\/\/www.pressenza.com\/es\/author\/agencia-islamica-de-noticias-ain\/"}]}},"place":"Ciudad de Buenos Aires","original_article_url":"","_links":{"self":[{"href":"https:\/\/www.pressenza.com\/es\/wp-json\/wp\/v2\/posts\/218908","targetHints":{"allow":["GET"]}}],"collection":[{"href":"https:\/\/www.pressenza.com\/es\/wp-json\/wp\/v2\/posts"}],"about":[{"href":"https:\/\/www.pressenza.com\/es\/wp-json\/wp\/v2\/types\/post"}],"author":[{"embeddable":true,"href":"https:\/\/www.pressenza.com\/es\/wp-json\/wp\/v2\/users\/521"}],"replies":[{"embeddable":true,"href":"https:\/\/www.pressenza.com\/es\/wp-json\/wp\/v2\/comments?post=218908"}],"version-history":[{"count":0,"href":"https:\/\/www.pressenza.com\/es\/wp-json\/wp\/v2\/posts\/218908\/revisions"}],"wp:featuredmedia":[{"embeddable":true,"href":"https:\/\/www.pressenza.com\/es\/wp-json\/wp\/v2\/media\/218909"}],"wp:attachment":[{"href":"https:\/\/www.pressenza.com\/es\/wp-json\/wp\/v2\/media?parent=218908"}],"wp:term":[{"taxonomy":"category","embeddable":true,"href":"https:\/\/www.pressenza.com\/es\/wp-json\/wp\/v2\/categories?post=218908"},{"taxonomy":"post_tag","embeddable":true,"href":"https:\/\/www.pressenza.com\/es\/wp-json\/wp\/v2\/tags?post=218908"}],"curies":[{"name":"wp","href":"https:\/\/api.w.org\/{rel}","templated":true}]}}