{"id":218636,"date":"2015-09-07T13:12:29","date_gmt":"2015-09-07T12:12:29","guid":{"rendered":"http:\/\/www.pressenza.com\/es\/?p=218636"},"modified":"2015-09-07T13:12:42","modified_gmt":"2015-09-07T12:12:42","slug":"morales-delegaciones-de-cuatro-continentes-confirmaron-su-participacion-en-ii-cumbre-climatica","status":"publish","type":"post","link":"https:\/\/www.pressenza.com\/es\/2015\/09\/morales-delegaciones-de-cuatro-continentes-confirmaron-su-participacion-en-ii-cumbre-climatica\/","title":{"rendered":"Morales: \u00abDelegaciones de cuatro continentes confirmaron su participaci\u00f3n en II Cumbre Clim\u00e1tica\u00bb"},"content":{"rendered":"<p>El presidente Evo Morales inform\u00f3 el domingo que delegaciones de organizaciones sociales de cuatro de los cinco continentes confirmaron su participaci\u00f3n en la II Cumbre Mundial de los Derechos de la Madre Tierra, que se realizar\u00e1 del 10 al 12 de octubre pr\u00f3ximo en la localidad de Tiquipaya del departamento de Cochabamba.<\/p>\n<p>\u00abLos bolivianos, especialmente los cochabambinos, tenemos una enorme responsabilidad para los d\u00edas 10, 11 y 12 de octubre de este a\u00f1o, en Cochabamba, Tiquipaya, se va a realizar la II Cumbre Mundial de los movimientos sociales por los derechos de la Madre Tierra, la semana pasada el hermano Canciller (David Choquehuanca) me inform\u00f3 que se registraron para participar de cuatro continentes\u00bb, se\u00f1al\u00f3.<\/p>\n<p>En el marco de la inauguraci\u00f3n de las actividades del \u00abD\u00eda Nacional del Peat\u00f3n y del Ciclista\u00bb en Cochabamba con una caravana de bicicletas que parti\u00f3 de la localidad de Chi\u00f1ata del municipio de Sacaba rumbo a la ciudad de Quillacollo, el Mandatario sostuvo que hace al menos tres semanas el secretario General de las Naciones Unidas, Ban Ki-moon se comunic\u00f3 telef\u00f3nicamente para anunciarle que \u00abenviar\u00e1 delegaciones para que puedan acompa\u00f1ar y hacer seguimiento a las conclusiones de ese evento internacional\u00bb.<\/p>\n<p>\u00abEs decir hay un movimiento mundial sobre el medio ambiente, llamado en el mundo, nosotros decimos la Pachamama y los Derechos de la Madre Tierra\u00bb, manifest\u00f3.<\/p>\n<p>Bolivia organiz\u00f3 la primera \u00abConferencia Mundial de los Pueblos sobre el Cambio Clim\u00e1tico y los Derechos de la Madre Tierra\u00bb, esto en respuesta a la Conferencia de Copenhague de 2009 que organiz\u00f3 las Naciones Unidas y que fue calificada de fracaso.<\/p>\n<p>Seg\u00fan el Mandatario, si no se frena el calentamiento global en los pr\u00f3ximos 40 a 50 a\u00f1os est\u00e1 se elevar\u00eda m\u00e1s, por lo que -a su juicio- es una responsabilidad participar en esos eventos internacionales para reducir la contaminaci\u00f3n, adem\u00e1s de acompa\u00f1ar con pol\u00edticas y programas que permitan bajar la temperatura.<\/p>\n<p>Sostuvo que el calentamiento global y la crisis clim\u00e1tica provienen del sistema capitalista, por lo que inst\u00f3 a las nuevas generaciones a formarse antiimperialistas.<\/p>\n<p>Las conclusiones de la segunda \u00abConferencia Mundial por el Medio Ambiente y la Defensa de la Vida\u00bb ser\u00e1n expuestas en la pr\u00f3xima Conferencia de las Naciones Unidas sobre el cambio clim\u00e1tico en Paris, Francia, del 30 de noviembre al 11 de diciembre de 2015.<\/p>\n","protected":false},"excerpt":{"rendered":"<p>El presidente Evo Morales inform\u00f3 el domingo que delegaciones de organizaciones sociales de cuatro de los cinco continentes confirmaron su participaci\u00f3n en la II Cumbre Mundial de los Derechos de la Madre Tierra, que se realizar\u00e1 del 10 al 12&hellip;<\/p>\n","protected":false},"author":127,"featured_media":218639,"comment_status":"closed","ping_status":"open","sticky":false,"template":"","format":"standard","meta":{"footnotes":""},"categories":[76,78,39,80,67],"tags":[1646,1265,19745,5124,1059,18908,22210],"class_list":["post-218636","post","type-post","status-publish","format-standard","has-post-thumbnail","hentry","category-relaciones-exteriores","category-medio-ambiente-ecologia","category-internacional","category-pueblos-originarios","category-sudamerica","tag-bolivia","tag-cambio-climatico","tag-cumbre-climatica","tag-ecologia-es","tag-evo-morales","tag-madre-tierra","tag-pueblos-originarios"],"yoast_head":"<!-- This site is optimized with the Yoast SEO plugin v27.1.1 - https:\/\/yoast.com\/product\/yoast-seo-wordpress\/ -->\n<title>Morales: &quot;Delegaciones de cuatro continentes confirmaron su participaci\u00f3n en II Cumbre Clim\u00e1tica&quot;<\/title>\n<meta name=\"description\" content=\"El presidente Evo Morales inform\u00f3 el domingo que delegaciones de organizaciones sociales de cuatro de los cinco continentes confirmaron su participaci\u00f3n\" \/>\n<meta name=\"robots\" content=\"index, follow, max-snippet:-1, max-image-preview:large, max-video-preview:-1\" \/>\n<link rel=\"canonical\" href=\"https:\/\/www.pressenza.com\/es\/2015\/09\/morales-delegaciones-de-cuatro-continentes-confirmaron-su-participacion-en-ii-cumbre-climatica\/\" \/>\n<meta property=\"og:locale\" content=\"es_ES\" \/>\n<meta property=\"og:type\" content=\"article\" \/>\n<meta property=\"og:title\" content=\"Morales: &quot;Delegaciones de cuatro continentes confirmaron su participaci\u00f3n en II Cumbre Clim\u00e1tica&quot;\" \/>\n<meta property=\"og:description\" content=\"El presidente Evo Morales inform\u00f3 el domingo que delegaciones de organizaciones sociales de cuatro de los cinco continentes confirmaron su participaci\u00f3n\" \/>\n<meta property=\"og:url\" content=\"https:\/\/www.pressenza.com\/es\/2015\/09\/morales-delegaciones-de-cuatro-continentes-confirmaron-su-participacion-en-ii-cumbre-climatica\/\" \/>\n<meta property=\"og:site_name\" content=\"Pressenza\" \/>\n<meta property=\"article:publisher\" content=\"https:\/\/www.facebook.com\/PressenzaItalia\" \/>\n<meta property=\"article:published_time\" content=\"2015-09-07T12:12:29+00:00\" \/>\n<meta property=\"article:modified_time\" content=\"2015-09-07T12:12:42+00:00\" \/>\n<meta property=\"og:image\" content=\"https:\/\/www.pressenza.com\/wp-content\/uploads\/2015\/09\/002d.jpg\" \/>\n\t<meta property=\"og:image:width\" content=\"5184\" \/>\n\t<meta property=\"og:image:height\" content=\"3456\" \/>\n\t<meta property=\"og:image:type\" content=\"image\/jpeg\" \/>\n<meta name=\"author\" content=\"Agencia Boliviana de Informaci\u00f3n - ABI\" \/>\n<meta name=\"twitter:card\" content=\"summary_large_image\" \/>\n<meta name=\"twitter:creator\" content=\"@mincombolivia\" \/>\n<meta name=\"twitter:site\" content=\"@PressenzaIPA\" \/>\n<meta name=\"twitter:label1\" content=\"Escrito por\" \/>\n\t<meta name=\"twitter:data1\" content=\"Agencia Boliviana de Informaci\u00f3n - ABI\" \/>\n\t<meta name=\"twitter:label2\" content=\"Tiempo de lectura\" \/>\n\t<meta name=\"twitter:data2\" content=\"2 minutos\" \/>\n<script type=\"application\/ld+json\" class=\"yoast-schema-graph\">{\"@context\":\"https:\/\/schema.org\",\"@graph\":[{\"@type\":\"Article\",\"@id\":\"https:\/\/www.pressenza.com\/es\/2015\/09\/morales-delegaciones-de-cuatro-continentes-confirmaron-su-participacion-en-ii-cumbre-climatica\/#article\",\"isPartOf\":{\"@id\":\"https:\/\/www.pressenza.com\/es\/2015\/09\/morales-delegaciones-de-cuatro-continentes-confirmaron-su-participacion-en-ii-cumbre-climatica\/\"},\"author\":{\"name\":\"Agencia Boliviana de Informaci\u00f3n - ABI\",\"@id\":\"https:\/\/www.pressenza.com\/es\/#\/schema\/person\/3fe2a62cf8f5fea54fc87abcec98dcb4\"},\"headline\":\"Morales: \u00abDelegaciones de cuatro continentes confirmaron su participaci\u00f3n en II Cumbre Clim\u00e1tica\u00bb\",\"datePublished\":\"2015-09-07T12:12:29+00:00\",\"dateModified\":\"2015-09-07T12:12:42+00:00\",\"mainEntityOfPage\":{\"@id\":\"https:\/\/www.pressenza.com\/es\/2015\/09\/morales-delegaciones-de-cuatro-continentes-confirmaron-su-participacion-en-ii-cumbre-climatica\/\"},\"wordCount\":409,\"publisher\":{\"@id\":\"https:\/\/www.pressenza.com\/es\/#organization\"},\"image\":{\"@id\":\"https:\/\/www.pressenza.com\/es\/2015\/09\/morales-delegaciones-de-cuatro-continentes-confirmaron-su-participacion-en-ii-cumbre-climatica\/#primaryimage\"},\"thumbnailUrl\":\"https:\/\/www.pressenza.com\/wp-content\/uploads\/2015\/09\/002d.jpg\",\"keywords\":[\"Bolivia\",\"cambio clim\u00e1tico\",\"Cumbre clim\u00e1tica\",\"Ecolog\u00eda\",\"Evo Morales\",\"Madre Tierra\",\"Pueblos Originarios\"],\"articleSection\":[\"Asuntos internacionales\",\"Ecolog\u00eda y Medio Ambiente\",\"Internacional\",\"Pueblos Originarios\",\"Sudam\u00e9rica\"],\"inLanguage\":\"es\"},{\"@type\":\"WebPage\",\"@id\":\"https:\/\/www.pressenza.com\/es\/2015\/09\/morales-delegaciones-de-cuatro-continentes-confirmaron-su-participacion-en-ii-cumbre-climatica\/\",\"url\":\"https:\/\/www.pressenza.com\/es\/2015\/09\/morales-delegaciones-de-cuatro-continentes-confirmaron-su-participacion-en-ii-cumbre-climatica\/\",\"name\":\"Morales: \\\"Delegaciones de cuatro continentes confirmaron su participaci\u00f3n en II Cumbre Clim\u00e1tica\\\"\",\"isPartOf\":{\"@id\":\"https:\/\/www.pressenza.com\/es\/#website\"},\"primaryImageOfPage\":{\"@id\":\"https:\/\/www.pressenza.com\/es\/2015\/09\/morales-delegaciones-de-cuatro-continentes-confirmaron-su-participacion-en-ii-cumbre-climatica\/#primaryimage\"},\"image\":{\"@id\":\"https:\/\/www.pressenza.com\/es\/2015\/09\/morales-delegaciones-de-cuatro-continentes-confirmaron-su-participacion-en-ii-cumbre-climatica\/#primaryimage\"},\"thumbnailUrl\":\"https:\/\/www.pressenza.com\/wp-content\/uploads\/2015\/09\/002d.jpg\",\"datePublished\":\"2015-09-07T12:12:29+00:00\",\"dateModified\":\"2015-09-07T12:12:42+00:00\",\"description\":\"El presidente Evo Morales inform\u00f3 el domingo que delegaciones de organizaciones sociales de cuatro de los cinco continentes confirmaron su participaci\u00f3n\",\"breadcrumb\":{\"@id\":\"https:\/\/www.pressenza.com\/es\/2015\/09\/morales-delegaciones-de-cuatro-continentes-confirmaron-su-participacion-en-ii-cumbre-climatica\/#breadcrumb\"},\"inLanguage\":\"es\",\"potentialAction\":[{\"@type\":\"ReadAction\",\"target\":[\"https:\/\/www.pressenza.com\/es\/2015\/09\/morales-delegaciones-de-cuatro-continentes-confirmaron-su-participacion-en-ii-cumbre-climatica\/\"]}]},{\"@type\":\"ImageObject\",\"inLanguage\":\"es\",\"@id\":\"https:\/\/www.pressenza.com\/es\/2015\/09\/morales-delegaciones-de-cuatro-continentes-confirmaron-su-participacion-en-ii-cumbre-climatica\/#primaryimage\",\"url\":\"https:\/\/www.pressenza.com\/wp-content\/uploads\/2015\/09\/002d.jpg\",\"contentUrl\":\"https:\/\/www.pressenza.com\/wp-content\/uploads\/2015\/09\/002d.jpg\",\"width\":5184,\"height\":3456},{\"@type\":\"BreadcrumbList\",\"@id\":\"https:\/\/www.pressenza.com\/es\/2015\/09\/morales-delegaciones-de-cuatro-continentes-confirmaron-su-participacion-en-ii-cumbre-climatica\/#breadcrumb\",\"itemListElement\":[{\"@type\":\"ListItem\",\"position\":1,\"name\":\"Accueil\",\"item\":\"https:\/\/www.pressenza.com\/es\/\"},{\"@type\":\"ListItem\",\"position\":2,\"name\":\"Morales: \u00abDelegaciones de cuatro continentes confirmaron su participaci\u00f3n en II Cumbre Clim\u00e1tica\u00bb\"}]},{\"@type\":\"WebSite\",\"@id\":\"https:\/\/www.pressenza.com\/es\/#website\",\"url\":\"https:\/\/www.pressenza.com\/es\/\",\"name\":\"Pressenza\",\"description\":\"International Press Agency\",\"publisher\":{\"@id\":\"https:\/\/www.pressenza.com\/es\/#organization\"},\"potentialAction\":[{\"@type\":\"SearchAction\",\"target\":{\"@type\":\"EntryPoint\",\"urlTemplate\":\"https:\/\/www.pressenza.com\/es\/?s={search_term_string}\"},\"query-input\":{\"@type\":\"PropertyValueSpecification\",\"valueRequired\":true,\"valueName\":\"search_term_string\"}}],\"inLanguage\":\"es\"},{\"@type\":\"Organization\",\"@id\":\"https:\/\/www.pressenza.com\/es\/#organization\",\"name\":\"Pressenza\",\"url\":\"https:\/\/www.pressenza.com\/es\/\",\"logo\":{\"@type\":\"ImageObject\",\"inLanguage\":\"es\",\"@id\":\"https:\/\/www.pressenza.com\/es\/#\/schema\/logo\/image\/\",\"url\":\"https:\/\/www.pressenza.com\/wp-content\/uploads\/2022\/10\/pressenza_logo_200x200.jpg\",\"contentUrl\":\"https:\/\/www.pressenza.com\/wp-content\/uploads\/2022\/10\/pressenza_logo_200x200.jpg\",\"width\":200,\"height\":200,\"caption\":\"Pressenza\"},\"image\":{\"@id\":\"https:\/\/www.pressenza.com\/es\/#\/schema\/logo\/image\/\"},\"sameAs\":[\"https:\/\/www.facebook.com\/PressenzaItalia\",\"https:\/\/x.com\/PressenzaIPA\"]},{\"@type\":\"Person\",\"@id\":\"https:\/\/www.pressenza.com\/es\/#\/schema\/person\/3fe2a62cf8f5fea54fc87abcec98dcb4\",\"name\":\"Agencia Boliviana de Informaci\u00f3n - ABI\",\"description\":\"www.abi.bo\",\"sameAs\":[\"https:\/\/x.com\/mincombolivia\"],\"url\":\"https:\/\/www.pressenza.com\/es\/author\/agencia-boliviana-de-informacion-abi\/\"}]}<\/script>\n<!-- \/ Yoast SEO plugin. -->","yoast_head_json":{"title":"Morales: \"Delegaciones de cuatro continentes confirmaron su participaci\u00f3n en II Cumbre Clim\u00e1tica\"","description":"El presidente Evo Morales inform\u00f3 el domingo que delegaciones de organizaciones sociales de cuatro de los cinco continentes confirmaron su participaci\u00f3n","robots":{"index":"index","follow":"follow","max-snippet":"max-snippet:-1","max-image-preview":"max-image-preview:large","max-video-preview":"max-video-preview:-1"},"canonical":"https:\/\/www.pressenza.com\/es\/2015\/09\/morales-delegaciones-de-cuatro-continentes-confirmaron-su-participacion-en-ii-cumbre-climatica\/","og_locale":"es_ES","og_type":"article","og_title":"Morales: \"Delegaciones de cuatro continentes confirmaron su participaci\u00f3n en II Cumbre Clim\u00e1tica\"","og_description":"El presidente Evo Morales inform\u00f3 el domingo que delegaciones de organizaciones sociales de cuatro de los cinco continentes confirmaron su participaci\u00f3n","og_url":"https:\/\/www.pressenza.com\/es\/2015\/09\/morales-delegaciones-de-cuatro-continentes-confirmaron-su-participacion-en-ii-cumbre-climatica\/","og_site_name":"Pressenza","article_publisher":"https:\/\/www.facebook.com\/PressenzaItalia","article_published_time":"2015-09-07T12:12:29+00:00","article_modified_time":"2015-09-07T12:12:42+00:00","og_image":[{"width":5184,"height":3456,"url":"https:\/\/www.pressenza.com\/wp-content\/uploads\/2015\/09\/002d.jpg","type":"image\/jpeg"}],"author":"Agencia Boliviana de Informaci\u00f3n - ABI","twitter_card":"summary_large_image","twitter_creator":"@mincombolivia","twitter_site":"@PressenzaIPA","twitter_misc":{"Escrito por":"Agencia Boliviana de Informaci\u00f3n - ABI","Tiempo de lectura":"2 minutos"},"schema":{"@context":"https:\/\/schema.org","@graph":[{"@type":"Article","@id":"https:\/\/www.pressenza.com\/es\/2015\/09\/morales-delegaciones-de-cuatro-continentes-confirmaron-su-participacion-en-ii-cumbre-climatica\/#article","isPartOf":{"@id":"https:\/\/www.pressenza.com\/es\/2015\/09\/morales-delegaciones-de-cuatro-continentes-confirmaron-su-participacion-en-ii-cumbre-climatica\/"},"author":{"name":"Agencia Boliviana de Informaci\u00f3n - ABI","@id":"https:\/\/www.pressenza.com\/es\/#\/schema\/person\/3fe2a62cf8f5fea54fc87abcec98dcb4"},"headline":"Morales: \u00abDelegaciones de cuatro continentes confirmaron su participaci\u00f3n en II Cumbre Clim\u00e1tica\u00bb","datePublished":"2015-09-07T12:12:29+00:00","dateModified":"2015-09-07T12:12:42+00:00","mainEntityOfPage":{"@id":"https:\/\/www.pressenza.com\/es\/2015\/09\/morales-delegaciones-de-cuatro-continentes-confirmaron-su-participacion-en-ii-cumbre-climatica\/"},"wordCount":409,"publisher":{"@id":"https:\/\/www.pressenza.com\/es\/#organization"},"image":{"@id":"https:\/\/www.pressenza.com\/es\/2015\/09\/morales-delegaciones-de-cuatro-continentes-confirmaron-su-participacion-en-ii-cumbre-climatica\/#primaryimage"},"thumbnailUrl":"https:\/\/www.pressenza.com\/wp-content\/uploads\/2015\/09\/002d.jpg","keywords":["Bolivia","cambio clim\u00e1tico","Cumbre clim\u00e1tica","Ecolog\u00eda","Evo Morales","Madre Tierra","Pueblos Originarios"],"articleSection":["Asuntos internacionales","Ecolog\u00eda y Medio Ambiente","Internacional","Pueblos Originarios","Sudam\u00e9rica"],"inLanguage":"es"},{"@type":"WebPage","@id":"https:\/\/www.pressenza.com\/es\/2015\/09\/morales-delegaciones-de-cuatro-continentes-confirmaron-su-participacion-en-ii-cumbre-climatica\/","url":"https:\/\/www.pressenza.com\/es\/2015\/09\/morales-delegaciones-de-cuatro-continentes-confirmaron-su-participacion-en-ii-cumbre-climatica\/","name":"Morales: \"Delegaciones de cuatro continentes confirmaron su participaci\u00f3n en II Cumbre Clim\u00e1tica\"","isPartOf":{"@id":"https:\/\/www.pressenza.com\/es\/#website"},"primaryImageOfPage":{"@id":"https:\/\/www.pressenza.com\/es\/2015\/09\/morales-delegaciones-de-cuatro-continentes-confirmaron-su-participacion-en-ii-cumbre-climatica\/#primaryimage"},"image":{"@id":"https:\/\/www.pressenza.com\/es\/2015\/09\/morales-delegaciones-de-cuatro-continentes-confirmaron-su-participacion-en-ii-cumbre-climatica\/#primaryimage"},"thumbnailUrl":"https:\/\/www.pressenza.com\/wp-content\/uploads\/2015\/09\/002d.jpg","datePublished":"2015-09-07T12:12:29+00:00","dateModified":"2015-09-07T12:12:42+00:00","description":"El presidente Evo Morales inform\u00f3 el domingo que delegaciones de organizaciones sociales de cuatro de los cinco continentes confirmaron su participaci\u00f3n","breadcrumb":{"@id":"https:\/\/www.pressenza.com\/es\/2015\/09\/morales-delegaciones-de-cuatro-continentes-confirmaron-su-participacion-en-ii-cumbre-climatica\/#breadcrumb"},"inLanguage":"es","potentialAction":[{"@type":"ReadAction","target":["https:\/\/www.pressenza.com\/es\/2015\/09\/morales-delegaciones-de-cuatro-continentes-confirmaron-su-participacion-en-ii-cumbre-climatica\/"]}]},{"@type":"ImageObject","inLanguage":"es","@id":"https:\/\/www.pressenza.com\/es\/2015\/09\/morales-delegaciones-de-cuatro-continentes-confirmaron-su-participacion-en-ii-cumbre-climatica\/#primaryimage","url":"https:\/\/www.pressenza.com\/wp-content\/uploads\/2015\/09\/002d.jpg","contentUrl":"https:\/\/www.pressenza.com\/wp-content\/uploads\/2015\/09\/002d.jpg","width":5184,"height":3456},{"@type":"BreadcrumbList","@id":"https:\/\/www.pressenza.com\/es\/2015\/09\/morales-delegaciones-de-cuatro-continentes-confirmaron-su-participacion-en-ii-cumbre-climatica\/#breadcrumb","itemListElement":[{"@type":"ListItem","position":1,"name":"Accueil","item":"https:\/\/www.pressenza.com\/es\/"},{"@type":"ListItem","position":2,"name":"Morales: \u00abDelegaciones de cuatro continentes confirmaron su participaci\u00f3n en II Cumbre Clim\u00e1tica\u00bb"}]},{"@type":"WebSite","@id":"https:\/\/www.pressenza.com\/es\/#website","url":"https:\/\/www.pressenza.com\/es\/","name":"Pressenza","description":"International Press Agency","publisher":{"@id":"https:\/\/www.pressenza.com\/es\/#organization"},"potentialAction":[{"@type":"SearchAction","target":{"@type":"EntryPoint","urlTemplate":"https:\/\/www.pressenza.com\/es\/?s={search_term_string}"},"query-input":{"@type":"PropertyValueSpecification","valueRequired":true,"valueName":"search_term_string"}}],"inLanguage":"es"},{"@type":"Organization","@id":"https:\/\/www.pressenza.com\/es\/#organization","name":"Pressenza","url":"https:\/\/www.pressenza.com\/es\/","logo":{"@type":"ImageObject","inLanguage":"es","@id":"https:\/\/www.pressenza.com\/es\/#\/schema\/logo\/image\/","url":"https:\/\/www.pressenza.com\/wp-content\/uploads\/2022\/10\/pressenza_logo_200x200.jpg","contentUrl":"https:\/\/www.pressenza.com\/wp-content\/uploads\/2022\/10\/pressenza_logo_200x200.jpg","width":200,"height":200,"caption":"Pressenza"},"image":{"@id":"https:\/\/www.pressenza.com\/es\/#\/schema\/logo\/image\/"},"sameAs":["https:\/\/www.facebook.com\/PressenzaItalia","https:\/\/x.com\/PressenzaIPA"]},{"@type":"Person","@id":"https:\/\/www.pressenza.com\/es\/#\/schema\/person\/3fe2a62cf8f5fea54fc87abcec98dcb4","name":"Agencia Boliviana de Informaci\u00f3n - ABI","description":"www.abi.bo","sameAs":["https:\/\/x.com\/mincombolivia"],"url":"https:\/\/www.pressenza.com\/es\/author\/agencia-boliviana-de-informacion-abi\/"}]}},"place":"Chi\u00f1ata, Bolivia","original_article_url":"","_links":{"self":[{"href":"https:\/\/www.pressenza.com\/es\/wp-json\/wp\/v2\/posts\/218636","targetHints":{"allow":["GET"]}}],"collection":[{"href":"https:\/\/www.pressenza.com\/es\/wp-json\/wp\/v2\/posts"}],"about":[{"href":"https:\/\/www.pressenza.com\/es\/wp-json\/wp\/v2\/types\/post"}],"author":[{"embeddable":true,"href":"https:\/\/www.pressenza.com\/es\/wp-json\/wp\/v2\/users\/127"}],"replies":[{"embeddable":true,"href":"https:\/\/www.pressenza.com\/es\/wp-json\/wp\/v2\/comments?post=218636"}],"version-history":[{"count":0,"href":"https:\/\/www.pressenza.com\/es\/wp-json\/wp\/v2\/posts\/218636\/revisions"}],"wp:featuredmedia":[{"embeddable":true,"href":"https:\/\/www.pressenza.com\/es\/wp-json\/wp\/v2\/media\/218639"}],"wp:attachment":[{"href":"https:\/\/www.pressenza.com\/es\/wp-json\/wp\/v2\/media?parent=218636"}],"wp:term":[{"taxonomy":"category","embeddable":true,"href":"https:\/\/www.pressenza.com\/es\/wp-json\/wp\/v2\/categories?post=218636"},{"taxonomy":"post_tag","embeddable":true,"href":"https:\/\/www.pressenza.com\/es\/wp-json\/wp\/v2\/tags?post=218636"}],"curies":[{"name":"wp","href":"https:\/\/api.w.org\/{rel}","templated":true}]}}