{"id":2177,"date":"2009-11-11T00:00:00","date_gmt":"2009-11-11T00:00:00","guid":{"rendered":""},"modified":"2009-11-11T13:53:21","modified_gmt":"2009-11-11T13:53:21","slug":"palacio-de-la-moneda-exhibe-carta-por-un-mundo-sin-violencia","status":"publish","type":"post","link":"https:\/\/www.pressenza.com\/es\/2009\/11\/palacio-de-la-moneda-exhibe-carta-por-un-mundo-sin-violencia\/","title":{"rendered":"Palacio  de La Moneda exhibe Carta por un Mundo sin Violencia"},"content":{"rendered":"<p>En ausencia de la Presidenta Michelle Bachelet, fue el VicePresidente Edmundo P\u00e9rez Yoma quien recibi\u00f3 a la Directora de Mundo Sin Guerras, Gloria Morrison, en el Palacio de La Moneda, para celebrar la instalaci\u00f3n del texto completo de la \u00abCarta por un Mundo sin Violencia\u00bb que los Premios Nobel por la Paz han entregado desde Berl\u00edn.<\/p>\n<p>As\u00ed, tanto la intervenci\u00f3n de Silo en la Cumbre de los Nobeles, como el texto completo de la Carta, han quedado a disposici\u00f3n del p\u00fablico en su instalaci\u00f3n en el Patio de los Naranjos durante una semana.<\/p>\n<p>En su alocusi\u00f3n, el VicePresidente destac\u00f3 la importancia de vivir de acuerdo al principio moral que indica \u00abTrata a los dem\u00e1s como quieres que te traten a t\u00ed\u00bb, haciendo referencia a la mencionada Carta.<\/p>\n<p>Por su parte Gloria Morrison destac\u00f3 el entusiasmo de la Presidenta Bachelet, anticipando que recibir\u00e1 en La Moneda la llegada de los part\u00edcipes en la Marcha Mundial el d\u00eda 30 de diciembre pr\u00f3ximo.<\/p>\n","protected":false},"excerpt":{"rendered":"<p>Luego de que Silo y los part\u00edcipes de la Marcha Mundial por la Paz y la No Violencia recibieran de manos de los Premios Nobel por la Paz, en la Cumbre de Berl\u00edn, la misi\u00f3n de dar a conocer ampliamente la \u00abCarta por un Mundo sin Violencia\u00bb, los organizadores chilenos de esta iniciativa fueron recibidos en La Moneda, para instalar en el Patio de los Naranjos dicho texto.<\/p>\n","protected":false},"author":19,"featured_media":0,"comment_status":"closed","ping_status":"open","sticky":false,"template":"","format":"standard","meta":{"footnotes":""},"categories":[75,67],"tags":[],"class_list":["post-2177","post","type-post","status-publish","format-standard","hentry","category-cultura-es","category-sudamerica"],"yoast_head":"<!-- This site is optimized with the Yoast SEO plugin v27.1.1 - https:\/\/yoast.com\/product\/yoast-seo-wordpress\/ -->\n<title>Palacio de La Moneda exhibe Carta por un Mundo sin Violencia<\/title>\n<meta name=\"description\" content=\"Luego de que Silo y los part\u00edcipes de la Marcha Mundial por la Paz y la No Violencia recibieran de manos de los Premios Nobel por la Paz, en la Cumbre de Berl\u00edn, la misi\u00f3n de dar a conocer ampliamente la &quot;Carta por un Mundo sin Violencia&quot;, los organizadores chilenos de esta iniciativa fueron recibidos en La Moneda, para instalar en el Patio de los Naranjos dicho texto.\" \/>\n<meta name=\"robots\" content=\"index, follow, max-snippet:-1, max-image-preview:large, max-video-preview:-1\" \/>\n<link rel=\"canonical\" href=\"https:\/\/www.pressenza.com\/es\/2009\/11\/palacio-de-la-moneda-exhibe-carta-por-un-mundo-sin-violencia\/\" \/>\n<meta property=\"og:locale\" content=\"es_ES\" \/>\n<meta property=\"og:type\" content=\"article\" \/>\n<meta property=\"og:title\" content=\"Palacio de La Moneda exhibe Carta por un Mundo sin Violencia\" \/>\n<meta property=\"og:description\" content=\"Luego de que Silo y los part\u00edcipes de la Marcha Mundial por la Paz y la No Violencia recibieran de manos de los Premios Nobel por la Paz, en la Cumbre de Berl\u00edn, la misi\u00f3n de dar a conocer ampliamente la &quot;Carta por un Mundo sin Violencia&quot;, los organizadores chilenos de esta iniciativa fueron recibidos en La Moneda, para instalar en el Patio de los Naranjos dicho texto.\" \/>\n<meta property=\"og:url\" content=\"https:\/\/www.pressenza.com\/es\/2009\/11\/palacio-de-la-moneda-exhibe-carta-por-un-mundo-sin-violencia\/\" \/>\n<meta property=\"og:site_name\" content=\"Pressenza\" \/>\n<meta property=\"article:publisher\" content=\"https:\/\/www.facebook.com\/PressenzaItalia\" \/>\n<meta property=\"article:author\" content=\"https:\/\/www.facebook.com\/pressenza\" \/>\n<meta property=\"article:published_time\" content=\"2009-11-11T00:00:00+00:00\" \/>\n<meta property=\"article:modified_time\" content=\"2009-11-11T13:53:21+00:00\" \/>\n<meta name=\"author\" content=\"Pressenza IPA\" \/>\n<meta name=\"twitter:card\" content=\"summary_large_image\" \/>\n<meta name=\"twitter:creator\" content=\"@PressenzaIPA\" \/>\n<meta name=\"twitter:site\" content=\"@PressenzaIPA\" \/>\n<meta name=\"twitter:label1\" content=\"Escrito por\" \/>\n\t<meta name=\"twitter:data1\" content=\"Pressenza IPA\" \/>\n\t<meta name=\"twitter:label2\" content=\"Tiempo de lectura\" \/>\n\t<meta name=\"twitter:data2\" content=\"1 minuto\" \/>\n<script type=\"application\/ld+json\" class=\"yoast-schema-graph\">{\"@context\":\"https:\/\/schema.org\",\"@graph\":[{\"@type\":\"Article\",\"@id\":\"https:\/\/www.pressenza.com\/es\/2009\/11\/palacio-de-la-moneda-exhibe-carta-por-un-mundo-sin-violencia\/#article\",\"isPartOf\":{\"@id\":\"https:\/\/www.pressenza.com\/es\/2009\/11\/palacio-de-la-moneda-exhibe-carta-por-un-mundo-sin-violencia\/\"},\"author\":{\"name\":\"Pressenza IPA\",\"@id\":\"https:\/\/www.pressenza.com\/es\/#\/schema\/person\/010e5d02bcf40965427a1289a4cc8d75\"},\"headline\":\"Palacio de La Moneda exhibe Carta por un Mundo sin Violencia\",\"datePublished\":\"2009-11-11T00:00:00+00:00\",\"dateModified\":\"2009-11-11T13:53:21+00:00\",\"mainEntityOfPage\":{\"@id\":\"https:\/\/www.pressenza.com\/es\/2009\/11\/palacio-de-la-moneda-exhibe-carta-por-un-mundo-sin-violencia\/\"},\"wordCount\":182,\"publisher\":{\"@id\":\"https:\/\/www.pressenza.com\/es\/#organization\"},\"articleSection\":[\"Cultura y Medios\",\"Sudam\u00e9rica\"],\"inLanguage\":\"es\"},{\"@type\":\"WebPage\",\"@id\":\"https:\/\/www.pressenza.com\/es\/2009\/11\/palacio-de-la-moneda-exhibe-carta-por-un-mundo-sin-violencia\/\",\"url\":\"https:\/\/www.pressenza.com\/es\/2009\/11\/palacio-de-la-moneda-exhibe-carta-por-un-mundo-sin-violencia\/\",\"name\":\"Palacio de La Moneda exhibe Carta por un Mundo sin Violencia\",\"isPartOf\":{\"@id\":\"https:\/\/www.pressenza.com\/es\/#website\"},\"datePublished\":\"2009-11-11T00:00:00+00:00\",\"dateModified\":\"2009-11-11T13:53:21+00:00\",\"description\":\"Luego de que Silo y los part\u00edcipes de la Marcha Mundial por la Paz y la No Violencia recibieran de manos de los Premios Nobel por la Paz, en la Cumbre de Berl\u00edn, la misi\u00f3n de dar a conocer ampliamente la \\\"Carta por un Mundo sin Violencia\\\", los organizadores chilenos de esta iniciativa fueron recibidos en La Moneda, para instalar en el Patio de los Naranjos dicho texto.\",\"breadcrumb\":{\"@id\":\"https:\/\/www.pressenza.com\/es\/2009\/11\/palacio-de-la-moneda-exhibe-carta-por-un-mundo-sin-violencia\/#breadcrumb\"},\"inLanguage\":\"es\",\"potentialAction\":[{\"@type\":\"ReadAction\",\"target\":[\"https:\/\/www.pressenza.com\/es\/2009\/11\/palacio-de-la-moneda-exhibe-carta-por-un-mundo-sin-violencia\/\"]}]},{\"@type\":\"BreadcrumbList\",\"@id\":\"https:\/\/www.pressenza.com\/es\/2009\/11\/palacio-de-la-moneda-exhibe-carta-por-un-mundo-sin-violencia\/#breadcrumb\",\"itemListElement\":[{\"@type\":\"ListItem\",\"position\":1,\"name\":\"Accueil\",\"item\":\"https:\/\/www.pressenza.com\/es\/\"},{\"@type\":\"ListItem\",\"position\":2,\"name\":\"Palacio de La Moneda exhibe Carta por un Mundo sin Violencia\"}]},{\"@type\":\"WebSite\",\"@id\":\"https:\/\/www.pressenza.com\/es\/#website\",\"url\":\"https:\/\/www.pressenza.com\/es\/\",\"name\":\"Pressenza\",\"description\":\"International Press Agency\",\"publisher\":{\"@id\":\"https:\/\/www.pressenza.com\/es\/#organization\"},\"potentialAction\":[{\"@type\":\"SearchAction\",\"target\":{\"@type\":\"EntryPoint\",\"urlTemplate\":\"https:\/\/www.pressenza.com\/es\/?s={search_term_string}\"},\"query-input\":{\"@type\":\"PropertyValueSpecification\",\"valueRequired\":true,\"valueName\":\"search_term_string\"}}],\"inLanguage\":\"es\"},{\"@type\":\"Organization\",\"@id\":\"https:\/\/www.pressenza.com\/es\/#organization\",\"name\":\"Pressenza\",\"url\":\"https:\/\/www.pressenza.com\/es\/\",\"logo\":{\"@type\":\"ImageObject\",\"inLanguage\":\"es\",\"@id\":\"https:\/\/www.pressenza.com\/es\/#\/schema\/logo\/image\/\",\"url\":\"https:\/\/www.pressenza.com\/wp-content\/uploads\/2022\/10\/pressenza_logo_200x200.jpg\",\"contentUrl\":\"https:\/\/www.pressenza.com\/wp-content\/uploads\/2022\/10\/pressenza_logo_200x200.jpg\",\"width\":200,\"height\":200,\"caption\":\"Pressenza\"},\"image\":{\"@id\":\"https:\/\/www.pressenza.com\/es\/#\/schema\/logo\/image\/\"},\"sameAs\":[\"https:\/\/www.facebook.com\/PressenzaItalia\",\"https:\/\/x.com\/PressenzaIPA\"]},{\"@type\":\"Person\",\"@id\":\"https:\/\/www.pressenza.com\/es\/#\/schema\/person\/010e5d02bcf40965427a1289a4cc8d75\",\"name\":\"Pressenza IPA\",\"description\":\"News from Pressenza IPA correspondents\",\"sameAs\":[\"https:\/\/www.facebook.com\/pressenza\",\"https:\/\/x.com\/PressenzaIPA\"],\"url\":\"https:\/\/www.pressenza.com\/es\/author\/pressenza-ipa\/\"}]}<\/script>\n<!-- \/ Yoast SEO plugin. -->","yoast_head_json":{"title":"Palacio de La Moneda exhibe Carta por un Mundo sin Violencia","description":"Luego de que Silo y los part\u00edcipes de la Marcha Mundial por la Paz y la No Violencia recibieran de manos de los Premios Nobel por la Paz, en la Cumbre de Berl\u00edn, la misi\u00f3n de dar a conocer ampliamente la \"Carta por un Mundo sin Violencia\", los organizadores chilenos de esta iniciativa fueron recibidos en La Moneda, para instalar en el Patio de los Naranjos dicho texto.","robots":{"index":"index","follow":"follow","max-snippet":"max-snippet:-1","max-image-preview":"max-image-preview:large","max-video-preview":"max-video-preview:-1"},"canonical":"https:\/\/www.pressenza.com\/es\/2009\/11\/palacio-de-la-moneda-exhibe-carta-por-un-mundo-sin-violencia\/","og_locale":"es_ES","og_type":"article","og_title":"Palacio de La Moneda exhibe Carta por un Mundo sin Violencia","og_description":"Luego de que Silo y los part\u00edcipes de la Marcha Mundial por la Paz y la No Violencia recibieran de manos de los Premios Nobel por la Paz, en la Cumbre de Berl\u00edn, la misi\u00f3n de dar a conocer ampliamente la \"Carta por un Mundo sin Violencia\", los organizadores chilenos de esta iniciativa fueron recibidos en La Moneda, para instalar en el Patio de los Naranjos dicho texto.","og_url":"https:\/\/www.pressenza.com\/es\/2009\/11\/palacio-de-la-moneda-exhibe-carta-por-un-mundo-sin-violencia\/","og_site_name":"Pressenza","article_publisher":"https:\/\/www.facebook.com\/PressenzaItalia","article_author":"https:\/\/www.facebook.com\/pressenza","article_published_time":"2009-11-11T00:00:00+00:00","article_modified_time":"2009-11-11T13:53:21+00:00","author":"Pressenza IPA","twitter_card":"summary_large_image","twitter_creator":"@PressenzaIPA","twitter_site":"@PressenzaIPA","twitter_misc":{"Escrito por":"Pressenza IPA","Tiempo de lectura":"1 minuto"},"schema":{"@context":"https:\/\/schema.org","@graph":[{"@type":"Article","@id":"https:\/\/www.pressenza.com\/es\/2009\/11\/palacio-de-la-moneda-exhibe-carta-por-un-mundo-sin-violencia\/#article","isPartOf":{"@id":"https:\/\/www.pressenza.com\/es\/2009\/11\/palacio-de-la-moneda-exhibe-carta-por-un-mundo-sin-violencia\/"},"author":{"name":"Pressenza IPA","@id":"https:\/\/www.pressenza.com\/es\/#\/schema\/person\/010e5d02bcf40965427a1289a4cc8d75"},"headline":"Palacio de La Moneda exhibe Carta por un Mundo sin Violencia","datePublished":"2009-11-11T00:00:00+00:00","dateModified":"2009-11-11T13:53:21+00:00","mainEntityOfPage":{"@id":"https:\/\/www.pressenza.com\/es\/2009\/11\/palacio-de-la-moneda-exhibe-carta-por-un-mundo-sin-violencia\/"},"wordCount":182,"publisher":{"@id":"https:\/\/www.pressenza.com\/es\/#organization"},"articleSection":["Cultura y Medios","Sudam\u00e9rica"],"inLanguage":"es"},{"@type":"WebPage","@id":"https:\/\/www.pressenza.com\/es\/2009\/11\/palacio-de-la-moneda-exhibe-carta-por-un-mundo-sin-violencia\/","url":"https:\/\/www.pressenza.com\/es\/2009\/11\/palacio-de-la-moneda-exhibe-carta-por-un-mundo-sin-violencia\/","name":"Palacio de La Moneda exhibe Carta por un Mundo sin Violencia","isPartOf":{"@id":"https:\/\/www.pressenza.com\/es\/#website"},"datePublished":"2009-11-11T00:00:00+00:00","dateModified":"2009-11-11T13:53:21+00:00","description":"Luego de que Silo y los part\u00edcipes de la Marcha Mundial por la Paz y la No Violencia recibieran de manos de los Premios Nobel por la Paz, en la Cumbre de Berl\u00edn, la misi\u00f3n de dar a conocer ampliamente la \"Carta por un Mundo sin Violencia\", los organizadores chilenos de esta iniciativa fueron recibidos en La Moneda, para instalar en el Patio de los Naranjos dicho texto.","breadcrumb":{"@id":"https:\/\/www.pressenza.com\/es\/2009\/11\/palacio-de-la-moneda-exhibe-carta-por-un-mundo-sin-violencia\/#breadcrumb"},"inLanguage":"es","potentialAction":[{"@type":"ReadAction","target":["https:\/\/www.pressenza.com\/es\/2009\/11\/palacio-de-la-moneda-exhibe-carta-por-un-mundo-sin-violencia\/"]}]},{"@type":"BreadcrumbList","@id":"https:\/\/www.pressenza.com\/es\/2009\/11\/palacio-de-la-moneda-exhibe-carta-por-un-mundo-sin-violencia\/#breadcrumb","itemListElement":[{"@type":"ListItem","position":1,"name":"Accueil","item":"https:\/\/www.pressenza.com\/es\/"},{"@type":"ListItem","position":2,"name":"Palacio de La Moneda exhibe Carta por un Mundo sin Violencia"}]},{"@type":"WebSite","@id":"https:\/\/www.pressenza.com\/es\/#website","url":"https:\/\/www.pressenza.com\/es\/","name":"Pressenza","description":"International Press Agency","publisher":{"@id":"https:\/\/www.pressenza.com\/es\/#organization"},"potentialAction":[{"@type":"SearchAction","target":{"@type":"EntryPoint","urlTemplate":"https:\/\/www.pressenza.com\/es\/?s={search_term_string}"},"query-input":{"@type":"PropertyValueSpecification","valueRequired":true,"valueName":"search_term_string"}}],"inLanguage":"es"},{"@type":"Organization","@id":"https:\/\/www.pressenza.com\/es\/#organization","name":"Pressenza","url":"https:\/\/www.pressenza.com\/es\/","logo":{"@type":"ImageObject","inLanguage":"es","@id":"https:\/\/www.pressenza.com\/es\/#\/schema\/logo\/image\/","url":"https:\/\/www.pressenza.com\/wp-content\/uploads\/2022\/10\/pressenza_logo_200x200.jpg","contentUrl":"https:\/\/www.pressenza.com\/wp-content\/uploads\/2022\/10\/pressenza_logo_200x200.jpg","width":200,"height":200,"caption":"Pressenza"},"image":{"@id":"https:\/\/www.pressenza.com\/es\/#\/schema\/logo\/image\/"},"sameAs":["https:\/\/www.facebook.com\/PressenzaItalia","https:\/\/x.com\/PressenzaIPA"]},{"@type":"Person","@id":"https:\/\/www.pressenza.com\/es\/#\/schema\/person\/010e5d02bcf40965427a1289a4cc8d75","name":"Pressenza IPA","description":"News from Pressenza IPA correspondents","sameAs":["https:\/\/www.facebook.com\/pressenza","https:\/\/x.com\/PressenzaIPA"],"url":"https:\/\/www.pressenza.com\/es\/author\/pressenza-ipa\/"}]}},"place":"Santiago","original_article_url":"","_links":{"self":[{"href":"https:\/\/www.pressenza.com\/es\/wp-json\/wp\/v2\/posts\/2177","targetHints":{"allow":["GET"]}}],"collection":[{"href":"https:\/\/www.pressenza.com\/es\/wp-json\/wp\/v2\/posts"}],"about":[{"href":"https:\/\/www.pressenza.com\/es\/wp-json\/wp\/v2\/types\/post"}],"author":[{"embeddable":true,"href":"https:\/\/www.pressenza.com\/es\/wp-json\/wp\/v2\/users\/19"}],"replies":[{"embeddable":true,"href":"https:\/\/www.pressenza.com\/es\/wp-json\/wp\/v2\/comments?post=2177"}],"version-history":[{"count":0,"href":"https:\/\/www.pressenza.com\/es\/wp-json\/wp\/v2\/posts\/2177\/revisions"}],"wp:attachment":[{"href":"https:\/\/www.pressenza.com\/es\/wp-json\/wp\/v2\/media?parent=2177"}],"wp:term":[{"taxonomy":"category","embeddable":true,"href":"https:\/\/www.pressenza.com\/es\/wp-json\/wp\/v2\/categories?post=2177"},{"taxonomy":"post_tag","embeddable":true,"href":"https:\/\/www.pressenza.com\/es\/wp-json\/wp\/v2\/tags?post=2177"}],"curies":[{"name":"wp","href":"https:\/\/api.w.org\/{rel}","templated":true}]}}