{"id":217321,"date":"2015-09-03T20:16:14","date_gmt":"2015-09-03T19:16:14","guid":{"rendered":"http:\/\/www.pressenza.com\/es\/?p=217321"},"modified":"2015-09-03T20:38:11","modified_gmt":"2015-09-03T19:38:11","slug":"vivir-morir","status":"publish","type":"post","link":"https:\/\/www.pressenza.com\/es\/2015\/09\/vivir-morir\/","title":{"rendered":"Vivir Morir"},"content":{"rendered":"<p style=\"text-align: justify;\">Parece que vivir est\u00e1 reservado para una \u00e9lite, la que puede comer, tener un techo bajo el cual cobijarse, ropa de abrigo en invierno, ligera en verano. La que sus hijos tienen escuela, disfrutan de una buena Sanidad cuando les falla la salud. Pueden ir al cine, al teatro, viajar y disfrutar de vacaciones. No tienen problemas cuando su econom\u00eda tiene un dispendio inesperado. Es la Cara A de la moneda.<\/p>\n<p>Cara B. Tu pa\u00eds entra en conflicto. La muerte acecha. No tienes trabajo, nadie se preocupa de ti, ni siquiera tus representantes pol\u00edticos elegidos de forma democr\u00e1tica. Ten\u00edas comida con la que alimentar a tu familia, posibilidad ahora extinta. \u00bfQu\u00e9 har\u00edas?<\/p>\n<p>Intentar salir de aquel pozo del que si no espabilas, ya no ser\u00e1 posible. No tienes dinero para comprar unos pasajes o tal vez s\u00ed, pero para entrar en otro pa\u00eds necesitas una visa que no te conceden. La muerte acecha, o decides echarte al monte con todas sus consecuencias pero con un atisbo de esperanza para ti y los tuyos, o la vida peligra. Vida o Muerte, he ah\u00ed el dilema. Aquel Ser o No ser que tantas veces nos hemos propuesto.<\/p>\n<p>Unos personajes funestos te proponen llevarte a destino seguro\u2026 \u00bfAceptar\u00edas? No tienes otra opci\u00f3n.<\/p>\n<p>Otros personajes m\u00e1s funestos que los anteriores, conocen estos tr\u00e1mites pero no act\u00faan. Quienes dirigen la Comunidad Europa, de la que tanto alardean algunos, miran hacia otro lado. Pero la muerte no perdona, no espera que los que pueden decidir se re\u00fanan dentro de diez d\u00edas para proponer \u201calgo\u201d\u2026 cuando el cataclismo est\u00e9 ya consumado.<\/p>\n<p>Alambradas, vagones de trenes que, cual animales, te llevan a unos campamentos donde deber\u00e1s luchar a vida o muerte para sobrevivir.<\/p>\n<p>\u00bfEn qu\u00e9 nos hemos convertido los seres, hasta reci\u00e9n humanos, hoy mercaderes a quienes no importa el sufrimiento ajeno? Ma\u00f1ana puedes ser t\u00fa, tus hijos, tus allegados.<\/p>\n<p>Todos hemos llorado viendo crueles im\u00e1genes que nos transportan a a\u00f1os atr\u00e1s, de mal recuerdo, que no pens\u00e1bamos revivir de nuevo.<\/p>\n<p>\u00bfDe qu\u00e9 sirve tanta civilizaci\u00f3n, tanta tecnolog\u00eda si no somos capaces de convivir, compartir, posibilidades y esperanzas? \u00bfQu\u00e9 m\u00e9ritos tienen adquiridos algunos, los que deciden quienes deben vivir o morir en este arduo empe\u00f1o? \u00bfPorque tu piel tiene determinado color puedes discriminar? \u00bfQu\u00e9 m\u00e9rito hiciste para que tu piel sea blanca? \u00a1Nefasta discriminaci\u00f3n!<\/p>\n<p>Maldito capitalismo tambi\u00e9n. El poder del dinero lo mata todo. Tambi\u00e9n muchas conciencias\u2026<\/p>\n<p>\u00a1No nos callaran!<\/p>\n","protected":false},"excerpt":{"rendered":"<p>Parece que vivir est\u00e1 reservado para una \u00e9lite, la que puede comer, tener un techo bajo el cual cobijarse, ropa de abrigo en invierno, ligera en verano. La que sus hijos tienen escuela, disfrutan de una buena Sanidad cuando les&hellip;<\/p>\n","protected":false},"author":107,"featured_media":213808,"comment_status":"closed","ping_status":"open","sticky":false,"template":"","format":"standard","meta":{"footnotes":""},"categories":[11389,1241,66,161],"tags":[1014,4817],"class_list":["post-217321","post","type-post","status-publish","format-standard","has-post-thumbnail","hentry","category-contenido-original","category-diversidad","category-europa-es","category-opiniones","tag-migraciones","tag-union-europea"],"yoast_head":"<!-- This site is optimized with the Yoast SEO plugin v27.1.1 - https:\/\/yoast.com\/product\/yoast-seo-wordpress\/ -->\n<title>Vivir Morir<\/title>\n<meta name=\"description\" content=\"Parece que vivir est\u00e1 reservado para una \u00e9lite, la que puede comer, tener un techo bajo el cual cobijarse, ropa de abrigo en invierno, ligera en verano.\" \/>\n<meta name=\"robots\" content=\"index, follow, max-snippet:-1, max-image-preview:large, max-video-preview:-1\" \/>\n<link rel=\"canonical\" href=\"https:\/\/www.pressenza.com\/es\/2015\/09\/vivir-morir\/\" \/>\n<meta property=\"og:locale\" content=\"es_ES\" \/>\n<meta property=\"og:type\" content=\"article\" \/>\n<meta property=\"og:title\" content=\"Vivir Morir\" \/>\n<meta property=\"og:description\" content=\"Parece que vivir est\u00e1 reservado para una \u00e9lite, la que puede comer, tener un techo bajo el cual cobijarse, ropa de abrigo en invierno, ligera en verano.\" \/>\n<meta property=\"og:url\" content=\"https:\/\/www.pressenza.com\/es\/2015\/09\/vivir-morir\/\" \/>\n<meta property=\"og:site_name\" content=\"Pressenza\" \/>\n<meta property=\"article:publisher\" content=\"https:\/\/www.facebook.com\/PressenzaItalia\" \/>\n<meta property=\"article:published_time\" content=\"2015-09-03T19:16:14+00:00\" \/>\n<meta property=\"article:modified_time\" content=\"2015-09-03T19:38:11+00:00\" \/>\n<meta property=\"og:image\" content=\"https:\/\/www.pressenza.com\/wp-content\/uploads\/2015\/08\/A-woman-and-child-in-South-Sudan-camp-for-internally-displaced-people-CNS.jpg\" \/>\n\t<meta property=\"og:image:width\" content=\"440\" \/>\n\t<meta property=\"og:image:height\" content=\"278\" \/>\n\t<meta property=\"og:image:type\" content=\"image\/jpeg\" \/>\n<meta name=\"author\" content=\"Montserrat Ponsa i Tarr\u00e9s\" \/>\n<meta name=\"twitter:card\" content=\"summary_large_image\" \/>\n<meta name=\"twitter:creator\" content=\"@PressenzaIPA\" \/>\n<meta name=\"twitter:site\" content=\"@PressenzaIPA\" \/>\n<meta name=\"twitter:label1\" content=\"Escrito por\" \/>\n\t<meta name=\"twitter:data1\" content=\"Montserrat Ponsa i Tarr\u00e9s\" \/>\n\t<meta name=\"twitter:label2\" content=\"Tiempo de lectura\" \/>\n\t<meta name=\"twitter:data2\" content=\"2 minutos\" \/>\n<script type=\"application\/ld+json\" class=\"yoast-schema-graph\">{\"@context\":\"https:\/\/schema.org\",\"@graph\":[{\"@type\":\"Article\",\"@id\":\"https:\/\/www.pressenza.com\/es\/2015\/09\/vivir-morir\/#article\",\"isPartOf\":{\"@id\":\"https:\/\/www.pressenza.com\/es\/2015\/09\/vivir-morir\/\"},\"author\":{\"name\":\"Montserrat Ponsa i Tarr\u00e9s\",\"@id\":\"https:\/\/www.pressenza.com\/es\/#\/schema\/person\/2e655c0ac44fcbc8b69de54703678c9d\"},\"headline\":\"Vivir Morir\",\"datePublished\":\"2015-09-03T19:16:14+00:00\",\"dateModified\":\"2015-09-03T19:38:11+00:00\",\"mainEntityOfPage\":{\"@id\":\"https:\/\/www.pressenza.com\/es\/2015\/09\/vivir-morir\/\"},\"wordCount\":433,\"publisher\":{\"@id\":\"https:\/\/www.pressenza.com\/es\/#organization\"},\"image\":{\"@id\":\"https:\/\/www.pressenza.com\/es\/2015\/09\/vivir-morir\/#primaryimage\"},\"thumbnailUrl\":\"https:\/\/www.pressenza.com\/wp-content\/uploads\/2015\/08\/A-woman-and-child-in-South-Sudan-camp-for-internally-displaced-people-CNS.jpg\",\"keywords\":[\"migraciones\",\"Uni\u00f3n Europea\"],\"articleSection\":[\"Contenido Original\",\"Diversidad\",\"Europa\",\"Opiniones\"],\"inLanguage\":\"es\"},{\"@type\":\"WebPage\",\"@id\":\"https:\/\/www.pressenza.com\/es\/2015\/09\/vivir-morir\/\",\"url\":\"https:\/\/www.pressenza.com\/es\/2015\/09\/vivir-morir\/\",\"name\":\"Vivir Morir\",\"isPartOf\":{\"@id\":\"https:\/\/www.pressenza.com\/es\/#website\"},\"primaryImageOfPage\":{\"@id\":\"https:\/\/www.pressenza.com\/es\/2015\/09\/vivir-morir\/#primaryimage\"},\"image\":{\"@id\":\"https:\/\/www.pressenza.com\/es\/2015\/09\/vivir-morir\/#primaryimage\"},\"thumbnailUrl\":\"https:\/\/www.pressenza.com\/wp-content\/uploads\/2015\/08\/A-woman-and-child-in-South-Sudan-camp-for-internally-displaced-people-CNS.jpg\",\"datePublished\":\"2015-09-03T19:16:14+00:00\",\"dateModified\":\"2015-09-03T19:38:11+00:00\",\"description\":\"Parece que vivir est\u00e1 reservado para una \u00e9lite, la que puede comer, tener un techo bajo el cual cobijarse, ropa de abrigo en invierno, ligera en verano.\",\"breadcrumb\":{\"@id\":\"https:\/\/www.pressenza.com\/es\/2015\/09\/vivir-morir\/#breadcrumb\"},\"inLanguage\":\"es\",\"potentialAction\":[{\"@type\":\"ReadAction\",\"target\":[\"https:\/\/www.pressenza.com\/es\/2015\/09\/vivir-morir\/\"]}]},{\"@type\":\"ImageObject\",\"inLanguage\":\"es\",\"@id\":\"https:\/\/www.pressenza.com\/es\/2015\/09\/vivir-morir\/#primaryimage\",\"url\":\"https:\/\/www.pressenza.com\/wp-content\/uploads\/2015\/08\/A-woman-and-child-in-South-Sudan-camp-for-internally-displaced-people-CNS.jpg\",\"contentUrl\":\"https:\/\/www.pressenza.com\/wp-content\/uploads\/2015\/08\/A-woman-and-child-in-South-Sudan-camp-for-internally-displaced-people-CNS.jpg\",\"width\":440,\"height\":278,\"caption\":\"Anyuak Ring Deng and her five-year old daughter Arual sit under a tree March 19 in an internally displaced persons camp in Manangui, South Sudan. Families started arriving at the camp shortly after fighting broke out in December 2013. Church leaders in South Sudan have called on their country\u00eds warring factions to stop fighting and begin serious peace negotiations. (CNS photo\/Paul Jeffrey) (April 14, 2014) See SSUDAN-NEGOTIATIONS April 14, 2014.\"},{\"@type\":\"BreadcrumbList\",\"@id\":\"https:\/\/www.pressenza.com\/es\/2015\/09\/vivir-morir\/#breadcrumb\",\"itemListElement\":[{\"@type\":\"ListItem\",\"position\":1,\"name\":\"Accueil\",\"item\":\"https:\/\/www.pressenza.com\/es\/\"},{\"@type\":\"ListItem\",\"position\":2,\"name\":\"Vivir Morir\"}]},{\"@type\":\"WebSite\",\"@id\":\"https:\/\/www.pressenza.com\/es\/#website\",\"url\":\"https:\/\/www.pressenza.com\/es\/\",\"name\":\"Pressenza\",\"description\":\"International Press Agency\",\"publisher\":{\"@id\":\"https:\/\/www.pressenza.com\/es\/#organization\"},\"potentialAction\":[{\"@type\":\"SearchAction\",\"target\":{\"@type\":\"EntryPoint\",\"urlTemplate\":\"https:\/\/www.pressenza.com\/es\/?s={search_term_string}\"},\"query-input\":{\"@type\":\"PropertyValueSpecification\",\"valueRequired\":true,\"valueName\":\"search_term_string\"}}],\"inLanguage\":\"es\"},{\"@type\":\"Organization\",\"@id\":\"https:\/\/www.pressenza.com\/es\/#organization\",\"name\":\"Pressenza\",\"url\":\"https:\/\/www.pressenza.com\/es\/\",\"logo\":{\"@type\":\"ImageObject\",\"inLanguage\":\"es\",\"@id\":\"https:\/\/www.pressenza.com\/es\/#\/schema\/logo\/image\/\",\"url\":\"https:\/\/www.pressenza.com\/wp-content\/uploads\/2022\/10\/pressenza_logo_200x200.jpg\",\"contentUrl\":\"https:\/\/www.pressenza.com\/wp-content\/uploads\/2022\/10\/pressenza_logo_200x200.jpg\",\"width\":200,\"height\":200,\"caption\":\"Pressenza\"},\"image\":{\"@id\":\"https:\/\/www.pressenza.com\/es\/#\/schema\/logo\/image\/\"},\"sameAs\":[\"https:\/\/www.facebook.com\/PressenzaItalia\",\"https:\/\/x.com\/PressenzaIPA\"]},{\"@type\":\"Person\",\"@id\":\"https:\/\/www.pressenza.com\/es\/#\/schema\/person\/2e655c0ac44fcbc8b69de54703678c9d\",\"name\":\"Montserrat Ponsa i Tarr\u00e9s\",\"description\":\"Catalana, periodista, escritora, activista cultural-social, defensora de las libertades y de los Derechos de Hombres y Pueblos.\",\"url\":\"https:\/\/www.pressenza.com\/es\/author\/montserrat-ponsa-i-tarres\/\"}]}<\/script>\n<!-- \/ Yoast SEO plugin. -->","yoast_head_json":{"title":"Vivir Morir","description":"Parece que vivir est\u00e1 reservado para una \u00e9lite, la que puede comer, tener un techo bajo el cual cobijarse, ropa de abrigo en invierno, ligera en verano.","robots":{"index":"index","follow":"follow","max-snippet":"max-snippet:-1","max-image-preview":"max-image-preview:large","max-video-preview":"max-video-preview:-1"},"canonical":"https:\/\/www.pressenza.com\/es\/2015\/09\/vivir-morir\/","og_locale":"es_ES","og_type":"article","og_title":"Vivir Morir","og_description":"Parece que vivir est\u00e1 reservado para una \u00e9lite, la que puede comer, tener un techo bajo el cual cobijarse, ropa de abrigo en invierno, ligera en verano.","og_url":"https:\/\/www.pressenza.com\/es\/2015\/09\/vivir-morir\/","og_site_name":"Pressenza","article_publisher":"https:\/\/www.facebook.com\/PressenzaItalia","article_published_time":"2015-09-03T19:16:14+00:00","article_modified_time":"2015-09-03T19:38:11+00:00","og_image":[{"width":440,"height":278,"url":"https:\/\/www.pressenza.com\/wp-content\/uploads\/2015\/08\/A-woman-and-child-in-South-Sudan-camp-for-internally-displaced-people-CNS.jpg","type":"image\/jpeg"}],"author":"Montserrat Ponsa i Tarr\u00e9s","twitter_card":"summary_large_image","twitter_creator":"@PressenzaIPA","twitter_site":"@PressenzaIPA","twitter_misc":{"Escrito por":"Montserrat Ponsa i Tarr\u00e9s","Tiempo de lectura":"2 minutos"},"schema":{"@context":"https:\/\/schema.org","@graph":[{"@type":"Article","@id":"https:\/\/www.pressenza.com\/es\/2015\/09\/vivir-morir\/#article","isPartOf":{"@id":"https:\/\/www.pressenza.com\/es\/2015\/09\/vivir-morir\/"},"author":{"name":"Montserrat Ponsa i Tarr\u00e9s","@id":"https:\/\/www.pressenza.com\/es\/#\/schema\/person\/2e655c0ac44fcbc8b69de54703678c9d"},"headline":"Vivir Morir","datePublished":"2015-09-03T19:16:14+00:00","dateModified":"2015-09-03T19:38:11+00:00","mainEntityOfPage":{"@id":"https:\/\/www.pressenza.com\/es\/2015\/09\/vivir-morir\/"},"wordCount":433,"publisher":{"@id":"https:\/\/www.pressenza.com\/es\/#organization"},"image":{"@id":"https:\/\/www.pressenza.com\/es\/2015\/09\/vivir-morir\/#primaryimage"},"thumbnailUrl":"https:\/\/www.pressenza.com\/wp-content\/uploads\/2015\/08\/A-woman-and-child-in-South-Sudan-camp-for-internally-displaced-people-CNS.jpg","keywords":["migraciones","Uni\u00f3n Europea"],"articleSection":["Contenido Original","Diversidad","Europa","Opiniones"],"inLanguage":"es"},{"@type":"WebPage","@id":"https:\/\/www.pressenza.com\/es\/2015\/09\/vivir-morir\/","url":"https:\/\/www.pressenza.com\/es\/2015\/09\/vivir-morir\/","name":"Vivir Morir","isPartOf":{"@id":"https:\/\/www.pressenza.com\/es\/#website"},"primaryImageOfPage":{"@id":"https:\/\/www.pressenza.com\/es\/2015\/09\/vivir-morir\/#primaryimage"},"image":{"@id":"https:\/\/www.pressenza.com\/es\/2015\/09\/vivir-morir\/#primaryimage"},"thumbnailUrl":"https:\/\/www.pressenza.com\/wp-content\/uploads\/2015\/08\/A-woman-and-child-in-South-Sudan-camp-for-internally-displaced-people-CNS.jpg","datePublished":"2015-09-03T19:16:14+00:00","dateModified":"2015-09-03T19:38:11+00:00","description":"Parece que vivir est\u00e1 reservado para una \u00e9lite, la que puede comer, tener un techo bajo el cual cobijarse, ropa de abrigo en invierno, ligera en verano.","breadcrumb":{"@id":"https:\/\/www.pressenza.com\/es\/2015\/09\/vivir-morir\/#breadcrumb"},"inLanguage":"es","potentialAction":[{"@type":"ReadAction","target":["https:\/\/www.pressenza.com\/es\/2015\/09\/vivir-morir\/"]}]},{"@type":"ImageObject","inLanguage":"es","@id":"https:\/\/www.pressenza.com\/es\/2015\/09\/vivir-morir\/#primaryimage","url":"https:\/\/www.pressenza.com\/wp-content\/uploads\/2015\/08\/A-woman-and-child-in-South-Sudan-camp-for-internally-displaced-people-CNS.jpg","contentUrl":"https:\/\/www.pressenza.com\/wp-content\/uploads\/2015\/08\/A-woman-and-child-in-South-Sudan-camp-for-internally-displaced-people-CNS.jpg","width":440,"height":278,"caption":"Anyuak Ring Deng and her five-year old daughter Arual sit under a tree March 19 in an internally displaced persons camp in Manangui, South Sudan. Families started arriving at the camp shortly after fighting broke out in December 2013. Church leaders in South Sudan have called on their country\u00eds warring factions to stop fighting and begin serious peace negotiations. (CNS photo\/Paul Jeffrey) (April 14, 2014) See SSUDAN-NEGOTIATIONS April 14, 2014."},{"@type":"BreadcrumbList","@id":"https:\/\/www.pressenza.com\/es\/2015\/09\/vivir-morir\/#breadcrumb","itemListElement":[{"@type":"ListItem","position":1,"name":"Accueil","item":"https:\/\/www.pressenza.com\/es\/"},{"@type":"ListItem","position":2,"name":"Vivir Morir"}]},{"@type":"WebSite","@id":"https:\/\/www.pressenza.com\/es\/#website","url":"https:\/\/www.pressenza.com\/es\/","name":"Pressenza","description":"International Press Agency","publisher":{"@id":"https:\/\/www.pressenza.com\/es\/#organization"},"potentialAction":[{"@type":"SearchAction","target":{"@type":"EntryPoint","urlTemplate":"https:\/\/www.pressenza.com\/es\/?s={search_term_string}"},"query-input":{"@type":"PropertyValueSpecification","valueRequired":true,"valueName":"search_term_string"}}],"inLanguage":"es"},{"@type":"Organization","@id":"https:\/\/www.pressenza.com\/es\/#organization","name":"Pressenza","url":"https:\/\/www.pressenza.com\/es\/","logo":{"@type":"ImageObject","inLanguage":"es","@id":"https:\/\/www.pressenza.com\/es\/#\/schema\/logo\/image\/","url":"https:\/\/www.pressenza.com\/wp-content\/uploads\/2022\/10\/pressenza_logo_200x200.jpg","contentUrl":"https:\/\/www.pressenza.com\/wp-content\/uploads\/2022\/10\/pressenza_logo_200x200.jpg","width":200,"height":200,"caption":"Pressenza"},"image":{"@id":"https:\/\/www.pressenza.com\/es\/#\/schema\/logo\/image\/"},"sameAs":["https:\/\/www.facebook.com\/PressenzaItalia","https:\/\/x.com\/PressenzaIPA"]},{"@type":"Person","@id":"https:\/\/www.pressenza.com\/es\/#\/schema\/person\/2e655c0ac44fcbc8b69de54703678c9d","name":"Montserrat Ponsa i Tarr\u00e9s","description":"Catalana, periodista, escritora, activista cultural-social, defensora de las libertades y de los Derechos de Hombres y Pueblos.","url":"https:\/\/www.pressenza.com\/es\/author\/montserrat-ponsa-i-tarres\/"}]}},"place":"Barcelona","original_article_url":"","_links":{"self":[{"href":"https:\/\/www.pressenza.com\/es\/wp-json\/wp\/v2\/posts\/217321","targetHints":{"allow":["GET"]}}],"collection":[{"href":"https:\/\/www.pressenza.com\/es\/wp-json\/wp\/v2\/posts"}],"about":[{"href":"https:\/\/www.pressenza.com\/es\/wp-json\/wp\/v2\/types\/post"}],"author":[{"embeddable":true,"href":"https:\/\/www.pressenza.com\/es\/wp-json\/wp\/v2\/users\/107"}],"replies":[{"embeddable":true,"href":"https:\/\/www.pressenza.com\/es\/wp-json\/wp\/v2\/comments?post=217321"}],"version-history":[{"count":0,"href":"https:\/\/www.pressenza.com\/es\/wp-json\/wp\/v2\/posts\/217321\/revisions"}],"wp:featuredmedia":[{"embeddable":true,"href":"https:\/\/www.pressenza.com\/es\/wp-json\/wp\/v2\/media\/213808"}],"wp:attachment":[{"href":"https:\/\/www.pressenza.com\/es\/wp-json\/wp\/v2\/media?parent=217321"}],"wp:term":[{"taxonomy":"category","embeddable":true,"href":"https:\/\/www.pressenza.com\/es\/wp-json\/wp\/v2\/categories?post=217321"},{"taxonomy":"post_tag","embeddable":true,"href":"https:\/\/www.pressenza.com\/es\/wp-json\/wp\/v2\/tags?post=217321"}],"curies":[{"name":"wp","href":"https:\/\/api.w.org\/{rel}","templated":true}]}}