{"id":216411,"date":"2015-09-01T00:03:22","date_gmt":"2015-08-31T23:03:22","guid":{"rendered":"http:\/\/www.pressenza.com\/es\/?p=216411"},"modified":"2015-09-01T00:03:32","modified_gmt":"2015-08-31T23:03:32","slug":"impresionante-demostracion-de-solidaridad-de-los-alemanes-en-apoyo-a-los-refugiados","status":"publish","type":"post","link":"https:\/\/www.pressenza.com\/es\/2015\/09\/impresionante-demostracion-de-solidaridad-de-los-alemanes-en-apoyo-a-los-refugiados\/","title":{"rendered":"Impresionante demostraci\u00f3n de solidaridad de los alemanes en apoyo a los refugiados"},"content":{"rendered":"<div class=\"subtitle bkn mce sk2\">\n<p><em>La sociedad civil rescata a los refugiados de la dejadez institucional en Berl\u00edn y evita una crisis humanitaria.<\/em><\/p>\n<p><em>Familias alemanas les acogen y grupos de voluntarios reparten agua o mantas en los asentamientos.<\/em><\/p>\n<p><em>Pancartas en los estadios de f\u00fatbol o portadas de peri\u00f3dicos locales piden ayuda para dar una buena \u00abbienvenida\u00bb a los refugiados.<\/em><\/p>\n<p><strong><em>Por Carmela Negrete para Desalambre<\/em><\/strong><\/p>\n<p class=\"mce\">Un hombre sirio inmortaliza el momento desde el autob\u00fas. Graba la agitaci\u00f3n de las flores amarillas, el balanceo de los carteles en los que se puede leer \u00abbienvenidos\u00bb en diversos idiomas. Se escuchan gritos y aplausos. Decenas de personas se congregan para acoger a los que huyen de la guerra. Ellos lo agradecen y as\u00ed lo hacen saber. Al fin, est\u00e1n a salvo. Este v\u00eddeo choca con la imagen de los ataques de grupos neonazis a varios centros de acogida en distintos puntos del territorio germano. Menos visible pero muy presente, el movimiento a favor de los refugiados se extiende por todo el pa\u00eds.<\/p>\n<p class=\"mce\">Es la otra cara de Alemania que se encuentran refugiados como la familia de Sinpan y Rawed. Despu\u00e9s de todo lo que han pasado, todav\u00eda sonr\u00eden. Han conseguido su objetivo. Ya solo les falta cruzar la barrera elevada por el personal de seguridad. Van saliendo a la de uno, dos, tres, cuatro, cinco&#8230; stop. Los siguientes de la fila son los hermanos y primos de ambos. Una familia entera kurda que ha dejado atr\u00e1s todo lo que ten\u00edan para huir del horror de la guerra en Siria. Su ciudad, Hasaka, se hab\u00eda convertido en un lugar demasiado peligroso, as\u00ed que la familia vendi\u00f3 sus pertenencias y se puso en camino hacia Alemania, donde los dos primos llevan ya casi un a\u00f1o viviendo. \u00abCuando llegaron dijeron: \u00bfy esto es Alemania?\u00bb, se r\u00ede Rawed.<\/p>\n<p><iframe loading=\"lazy\" title=\"Un refugiado sirio graba el recibimiento entre aplausos en un pueblo alem\u00e1n\" width=\"500\" height=\"281\" src=\"https:\/\/www.youtube.com\/embed\/QBcp3Kqm7bo?feature=oembed\" frameborder=\"0\" allow=\"accelerometer; autoplay; clipboard-write; encrypted-media; gyroscope; picture-in-picture; web-share\" referrerpolicy=\"strict-origin-when-cross-origin\" allowfullscreen><\/iframe><\/p>\n<p class=\"mce\">El viaje fue horrible, cuentan. Las mafias les cobraron unos 8.000 euros por cabeza y les trajeron escondidos en un cami\u00f3n. Un transporte similar al que estos d\u00edas <a class=\"mce\" href=\"http:\/\/www.eldiario.es\/desalambre\/Hallados-cuerpos-refugiados-asfixiados-Austria_0_424507820.html\"> ocupaba las portadas de los diarios con decenas de refugiados que hab\u00edan fallecido en su interior asfixiados<\/a>. Un viaje peligroso a merced de las mafias ante la inexistencia de rutas legales para ejercer su leg\u00edtimo derecho al asilo. Llegaron el d\u00eda anterior y han tenido suerte de que esta misma noche la podr\u00e1n pasar en un albergue de emergencia. Despu\u00e9s de todo el d\u00eda esperando, por fin pueden abandonar el jard\u00edn de la oficina de asuntos sociales.<\/p>\n<p class=\"mce\">A este lugar, situado en el barrio berlin\u00e9s de Moabit, vienen cada d\u00eda <a class=\"mce\" href=\"http:\/\/www.neues-deutschland.de\/artikel\/982806.lageso-taeglich-kommen-500-neuankoemmlinge.html\"> alrededor de medio millar de refugiados<\/a> a inscribirse como tales para comenzar el largo proceso de la solicitud de asilo ante la burocracia alemana. Desde aqu\u00ed son enviados a albergues provisionales distribuidos por todo el pa\u00eds. Durante todo agosto se han visto escenas delante de esta oficina m\u00e1s propias de pa\u00edses no industrializados y empobrecidos: familias enteras, ni\u00f1os, beb\u00e9s, personas mayores y enfermos durmiendo al raso. Sin comida ni agua siquiera.<\/p>\n<div class=\"inset cf width643\">\n<div class=\"media-holder\">\n<div class=\"mg \"><img loading=\"lazy\" decoding=\"async\" src=\"http:\/\/images.eldiario.es\/desalambre\/Tiendas-instaladas-refugiados-FOTO-Sebaso_EDIIMA20150831_0266_18.jpg\" alt=\"Tiendas de campa\u00f1a instaladas delante de la oficina de asuntos sociales para los refugiados \/ FOTO: Sebaso \" width=\"643\" height=\"317\" \/><\/div>\n<div class=\"caption-inside\">\n<p><em>Tiendas de campa\u00f1a instaladas delante de la oficina de asuntos sociales para los refugiados \/ FOTO: Sebaso<\/em><\/p>\n<\/div>\n<\/div>\n<\/div>\n<p class=\"mce\">Sin agua en pleno agosto. Familias enteras haciendo cola toda la noche y todo el d\u00eda, durmiendo incluso en la cola. Pero alguien puso el grito en el cielo en Twitter y de la noche a la ma\u00f1ana se organiz\u00f3 el reparto de agua que tanto necesitaban los refugiados. Voluntarios cocinaban para ellos lo que ciudadanos de Berl\u00edn tra\u00edan para donar de forma altruista. Durante unas dos semanas la organizaci\u00f3n Moabit hilft (Moabit ayuda) fue pr\u00e1cticamente la organizaci\u00f3n que coordin\u00f3 el trabajo de los cientos de voluntarios que han pasado para regalar tiempo y fuerzas a los reci\u00e9n llegados.<\/p>\n<div class=\"inset cf width643\">\n<div class=\"media-holder\">\n<div class=\"mg \"><img loading=\"lazy\" decoding=\"async\" src=\"http:\/\/images.eldiario.es\/desalambre\/Unico-campamento-improvisado-FOTO-Sebaso_EDIIMA20150831_0271_1.jpg\" alt=\"\u00danico grifo instalado en el campamento improvisado en el jard\u00edn de la oficina de asuntos sociales \/ FOTO: Sebaso\" width=\"643\" height=\"362\" \/><\/div>\n<div class=\"caption-inside\">\n<p><em>\u00danico grifo instalado en el campamento improvisado en el jard\u00edn de la oficina de asuntos sociales \/ FOTO: Sebaso<\/em><\/p>\n<\/div>\n<\/div>\n<\/div>\n<p class=\"mce\">A ra\u00edz de la presi\u00f3n de dichas organizaciones, la oficina de asuntos sociales instal\u00f3 un grifo para que los refugiados puedan beber pero que en realidad, est\u00e1 sirviendo tambi\u00e9n para asearse. Adem\u00e1s reparten vasos y botellas de agua. La comida sigue llegando de los voluntarios aunque ahora han prometido que a partir de esta semana ser\u00e1 una empresa quien se encargue de prepararla con cargo al erario p\u00fablico.<\/p>\n<h3>Solidaridad autoorganizada en la capital de la burocracia<\/h3>\n<p class=\"mce\">Todo el mundo sabe que la burocracia alemana es una de las m\u00e1s complejas del planeta. Para todo hay formularios, cada \u00e1mbito de la vida est\u00e1 legislado de manera minuciosa. Y sin embargo, estos d\u00edas, Berl\u00edn parece haberse olvidado de los protocolos tradicionales m\u00e1s b\u00e1sicos. Las personas se organizan a trav\u00e9s de Facebook, Twitter, crean documentos de Google compartidos en los que van escribiendo las necesidades de cada lugar.<\/p>\n<p class=\"mce\">De esa forma es como Leticia y Jacob, de Valencia y Alicante, pero residentes en Berlin, se enteraron de lo que estaba pasando y decidieron presentarse voluntarios. Unas veces reparten agua y comida. Ropa, mantas. Hacen de payasos para los cr\u00edos. Ante la inacci\u00f3n de las autoridades, los berlineses se han puesto a ayudar a destajo.<\/p>\n<div class=\"inset cf width643\">\n<div class=\"media-holder\">\n<div class=\"mg \"><img loading=\"lazy\" decoding=\"async\" src=\"http:\/\/images.eldiario.es\/desalambre\/Voluntarios-refugiados-financiada-FOTO-Negrete_EDIIMA20150831_0276_18.jpg\" alt=\"Voluntarios reparten la \u00fanica comida de la noche para algunos refugiados financiada con donaciones. \/ FOTO: C. Negrete\" width=\"643\" height=\"317\" \/><\/div>\n<div class=\"caption-inside\">\n<p><em>Voluntarios reparten la \u00fanica comida de la noche para algunos refugiados financiada con donaciones. \/ FOTO: C. Negrete<\/em><\/p>\n<\/div>\n<\/div>\n<\/div>\n<p class=\"mce\">Sin embargo, la carencia de asistencia a los refugiados conlleva no pocos riesgos para su salud y para la salud p\u00fablica. El presidente del colegio de m\u00e9dicos alem\u00e1n, Ulrich Montgomery, ha advertido en declaraciones al diario Hamburger Blatt que <a class=\"mce\" href=\"http:\/\/www.abendblatt.de\/politik\/article205607061\/Jeder-Fluechtling-sollte-innerhalb-von-drei-Tagen-einen-Arzt-sehen.html\"> en las instalaciones de emergencia reina la confusi\u00f3n<\/a>, que el servicio p\u00fablico de salud no cuenta con los recursos sanitarios suficientes para momentos de crisis como este y que cada refugiado deber\u00eda ser examinado por un m\u00e9dico dentro de los primeros tres d\u00edas que est\u00e9 en Alemania. \u00abEs inaceptable que un pa\u00eds rico como Alemania esperemos tres meses para una revisi\u00f3n m\u00e9dica para aclarar casos de tuberculosis, una enfermedad muy peligrosa y de alto contagio\u00bb.<\/p>\n<p class=\"mce\">As\u00ed que los m\u00e9dicos se han autoorganizado tambi\u00e9n. Su\u00a0colegio envi\u00f3 una misiva a la que han respondido mas de un centenar de facultativos que, de forma voluntaria, se van turnando para atender a los refugiados. Ya han conseguido que al menos un m\u00e9dico sea remunerado para casos de emergencia. \u00abAlgo completamente absurdo\u00bb, asegura el personal m\u00e9dico. A partir del lunes, sin embargo, despu\u00e9s de varias reuniones con el Ayuntamiento y el Estado, han prometido crear un punto de atenci\u00f3n sanitaria para que los m\u00e9dicos puedan atender de forma adecuada las emergencias, recibiendo para ello alguna de las salas que C\u00e1ritas tiene en el edificio.<\/p>\n<p class=\"mce\">Otras personas se han acercado tambi\u00e9n a mostrar su solidaridad, como Imsa H\u00f6ppner, que se acerc\u00f3 un d\u00eda a llevar agua y qued\u00f3 tan impresionada que mand\u00f3 a sus amigos y conocidos una petici\u00f3n por Facebook para que donasen a los refugiados. Fue as\u00ed como comenz\u00f3 una aventura a ra\u00edz de la cual ella y las\u00a0personas que se han ido sumando han repartido ya unos 300 paquetes\u00a0de bienvenida: una manta, art\u00edculos de aseo y frutos secos. Entretanto, Imsa siente que el proyecto se ha vuelto algo demasiado grande que no le deja tiempo para respirar, por lo que tambi\u00e9n ella opina que todo esto que est\u00e1n haciendo es una tarea del Estado.<\/p>\n<p class=\"mce\">Por todo Berl\u00edn los grupos de apoyo a los refugiados recogen todo tipo de material que puedan necesitar, desde art\u00edculos de necesidad b\u00e1sica e higiene <a class=\"mce\" href=\"https:\/\/docs.google.com\/spreadsheets\/d\/1LdHCHSMnB9ag1JCjuF482yyYuw-SVZ_-KwHPCDDYNsk\/edit?pli=1#gid=0\"> hasta otros m\u00e1s singulares como laca de u\u00f1as o<\/a><a class=\"mce\" href=\"https:\/\/docs.google.com\/spreadsheets\/d\/1LdHCHSMnB9ag1JCjuF482yyYuw-SVZ_-KwHPCDDYNsk\/edit?pli=1#gid=0\"> tinte para el pelo<\/a>.\u00a0 Los mensajes de solidaridad se repiten a lo largo del pa\u00eds. Hasta los estadios de f\u00fatbol han dado la bienvenida a los refugiados a trav\u00e9s de pancartas desplegadas en las gradas. Los clubes invitan a grupos de j\u00f3venes sirios a los partidos y los hinchas reivindican ayuda para ellos.<\/p>\n<p class=\"mce\">\n<\/div>\n<blockquote class=\"twitter-tweet\" lang=\"fr\">\n<p dir=\"ltr\" lang=\"en\">Banners at football stadiums in Germany over the weekend via <a href=\"https:\/\/twitter.com\/markito0171\">@markito0171<\/a> <a href=\"http:\/\/t.co\/F6AkUVQlNx\">pic.twitter.com\/F6AkUVQlNx<\/a><\/p>\n<p>\u2014 Lily Lynch (@lilyslynch) <a href=\"https:\/\/twitter.com\/lilyslynch\/status\/637754547071492101\">29 Ao\u00fbt 2015<\/a><\/p>\n<p>&nbsp;<\/p><\/blockquote>\n<p><script src=\"\/\/platform.twitter.com\/widgets.js\" async=\"\" charset=\"utf-8\"><\/script>El peri\u00f3dico sensacionalista Bild se ha unido a las muestras de apoyo y a las exigencias de dar respuesta a la crisis humanitaria que ha llegado al interior de Alemania. Su portada del 29 de agosto fue un llamamiento en favor de los refugiados. <\/p>\n<blockquote class=\"twitter-tweet\" lang=\"fr\"><p>\nEs kommt nicht oft vor, dass ich mich \u00fcber <a href=\"https:\/\/twitter.com\/BILD\">@BILD<\/a> freue. Heute aber sehr <a href=\"http:\/\/t.co\/bIJqdxzlr2\">pic.twitter.com\/bIJqdxzlr2<\/a><\/p>\n<p>\u2014 Bernd Ulrich (@berndulrich) <a href=\"https:\/\/twitter.com\/berndulrich\/status\/637547330384871424\">29 Ao\u00fbt 2015<\/a>\n<\/p><\/blockquote>\n<h3>Objetivo: ning\u00fan refugiado al raso<\/h3>\n<p>Una de las acciones m\u00e1s llamativas de solidaridad con los refugiados est\u00e1 siendo la acogida de los mismos en casas particulares. Hay proyectos como la web <a class=\"mce\" href=\"http:\/\/www.fluechtlinge-willkommen.de\/\"> Refugiados bienvenidos<\/a> en los que las familias o pisos compartidos interesados pueden inscribirse. La organizaci\u00f3n les pone en contacto entonces a los refugiados, con tanto \u00e9xito que se encuentran colapsados por peticiones. <a class=\"mce\" href=\"http:\/\/www.focus.de\/politik\/deutschland\/weil-er-fluechtlinge-aufnahm-bundestagsabgeordneter-martin-patzelt-bekommt-morddrohungen_id_4863450.html\"> Incluso un diputado del partido de Merkel<\/a>, la Uni\u00f3n Cristianodem\u00f3crata (CDU), ha recogido a dos refugiados de Eritrea en su casa.<\/p>\n<p>Pero para un periodo mas corto de tiempo tampoco faltan voluntarios. Bern Pickert, que trabaja en la secci\u00f3n de internacional del diario Tageszeitung ha acogido en su casa a cinco refugiados para que no pasen el fin de semana al raso. \u00abNo ser\u00e1 la ultima noche que haga esto\u00bb, asegura. El lunes se levantar\u00e1n muy temprano para estar en la cola antes de que abran las puertas. \u00abSe ha formado una red de personas que se divide el trabajo. Por ejemplo, yo los acog\u00ed pero los trajo otra persona que presta servicios de transporte voluntario\u00bb. Pickert cree, al igual que la totalidad de los voluntarios con los que ha podido hablar eldiario.es, que el Estado \u00abest\u00e1 interviniendo de una forma insuficiente a la situaci\u00f3n que estamos viviendo\u00bb. Adem\u00e1s asegura que \u00e9ste es el momento en que Alemania realmente \u00abdebe demostrar qu\u00e9 clase de sociedad y de pa\u00eds quiere ser\u00bb.<\/p>\n<div class=\"inset cf width643\">\n<div class=\"media-holder\">\n<div class=\"mg \"><img loading=\"lazy\" decoding=\"async\" src=\"http:\/\/images.eldiario.es\/desalambre\/periodista-Bern-Pickert-FOTO-Negrete_EDIIMA20150831_0285_18.jpg\" alt=\"El periodista Bern Pickert con tres de los refugiados que ha acogido en su casa este fin de semana para que no tuvieran que dormir en la calle. \/ FOTO: C. Negrete\" width=\"643\" height=\"317\" \/><\/div>\n<div class=\"caption-inside\">\n<em>El periodista Bern Pickert con tres de los refugiados que ha acogido en su casa este fin de semana para que no tuvieran que dormir en la calle. \/ FOTO: C. Negrete<\/em>\n<\/div>\n<\/div>\n<\/div>\n<p>Moteah viene de Siria, Mohamed de Iraq, Nourdin de Egipto, Zied y Anis de T\u00fanez. Tienen un largo viaje a sus espaldas y han aprovechado la oportunidad sin reparos: \u00abAyer durmieron hasta el mediod\u00eda, estaban muy cansados\u00bb. La cena de bienvenida es una barbacoa \u00abhalal\u00bb, es decir, sin carne de cerdo, en el jard\u00edn. Tienen suerte y lo saben, por eso a pesar de sus traumas y de las dificultades vividas, adem\u00e1s de que no hablan alem\u00e1n ni Pickert habla \u00e1rabe, sonr\u00eden y tratan de ser amables.\u00a0<\/p>\n<p><script src=\"\/\/platform.twitter.com\/widgets.js\" async=\"\" charset=\"utf-8\"><\/script><\/p>\n","protected":false},"excerpt":{"rendered":"<p>La sociedad civil rescata a los refugiados de la dejadez institucional en Berl\u00edn y evita una crisis humanitaria. Familias alemanas les acogen y grupos de voluntarios reparten agua o mantas en los asentamientos. Pancartas en los estadios de f\u00fatbol o&hellip;<\/p>\n","protected":false},"author":1170,"featured_media":216412,"comment_status":"closed","ping_status":"open","sticky":false,"template":"","format":"standard","meta":{"footnotes":""},"categories":[79,1241,66],"tags":[19597,5374,15633,3022],"class_list":["post-216411","post","type-post","status-publish","format-standard","has-post-thumbnail","hentry","category-derechos-humanos","category-diversidad","category-europa-es","tag-acogida","tag-alemania","tag-migrantes","tag-refugiados"],"yoast_head":"<!-- This site is optimized with the Yoast SEO plugin v27.1.1 - https:\/\/yoast.com\/product\/yoast-seo-wordpress\/ -->\n<title>Impresionante demostraci\u00f3n de solidaridad de los alemanes en apoyo a los refugiados<\/title>\n<meta name=\"description\" content=\"La sociedad civil rescata a los refugiados de la dejadez institucional en Berl\u00edn y evita una crisis humanitaria. Familias alemanas les acogen y grupos de\" \/>\n<meta name=\"robots\" content=\"index, follow, max-snippet:-1, max-image-preview:large, max-video-preview:-1\" \/>\n<link rel=\"canonical\" href=\"https:\/\/www.pressenza.com\/es\/2015\/09\/impresionante-demostracion-de-solidaridad-de-los-alemanes-en-apoyo-a-los-refugiados\/\" \/>\n<meta property=\"og:locale\" content=\"es_ES\" \/>\n<meta property=\"og:type\" content=\"article\" \/>\n<meta property=\"og:title\" content=\"Impresionante demostraci\u00f3n de solidaridad de los alemanes en apoyo a los refugiados\" \/>\n<meta property=\"og:description\" content=\"La sociedad civil rescata a los refugiados de la dejadez institucional en Berl\u00edn y evita una crisis humanitaria. Familias alemanas les acogen y grupos de\" \/>\n<meta property=\"og:url\" content=\"https:\/\/www.pressenza.com\/es\/2015\/09\/impresionante-demostracion-de-solidaridad-de-los-alemanes-en-apoyo-a-los-refugiados\/\" \/>\n<meta property=\"og:site_name\" content=\"Pressenza\" \/>\n<meta property=\"article:publisher\" content=\"https:\/\/www.facebook.com\/PressenzaItalia\" \/>\n<meta property=\"article:published_time\" content=\"2015-08-31T23:03:22+00:00\" \/>\n<meta property=\"article:modified_time\" content=\"2015-08-31T23:03:32+00:00\" \/>\n<meta property=\"og:image\" content=\"https:\/\/www.pressenza.com\/wp-content\/uploads\/2015\/08\/CfakepathIMG8930JPG_EDIIMA20150830_0078_19.jpg\" \/>\n\t<meta property=\"og:image:width\" content=\"643\" \/>\n\t<meta property=\"og:image:height\" content=\"317\" \/>\n\t<meta property=\"og:image:type\" content=\"image\/jpeg\" \/>\n<meta name=\"author\" content=\"eldiario.es\" \/>\n<meta name=\"twitter:card\" content=\"summary_large_image\" \/>\n<meta name=\"twitter:creator\" content=\"@PressenzaIPA\" \/>\n<meta name=\"twitter:site\" content=\"@PressenzaIPA\" \/>\n<meta name=\"twitter:label1\" content=\"Escrito por\" \/>\n\t<meta name=\"twitter:data1\" content=\"eldiario.es\" \/>\n\t<meta name=\"twitter:label2\" content=\"Tiempo de lectura\" \/>\n\t<meta name=\"twitter:data2\" content=\"9 minutos\" \/>\n<script type=\"application\/ld+json\" class=\"yoast-schema-graph\">{\"@context\":\"https:\/\/schema.org\",\"@graph\":[{\"@type\":\"Article\",\"@id\":\"https:\/\/www.pressenza.com\/es\/2015\/09\/impresionante-demostracion-de-solidaridad-de-los-alemanes-en-apoyo-a-los-refugiados\/#article\",\"isPartOf\":{\"@id\":\"https:\/\/www.pressenza.com\/es\/2015\/09\/impresionante-demostracion-de-solidaridad-de-los-alemanes-en-apoyo-a-los-refugiados\/\"},\"author\":{\"name\":\"eldiario.es\",\"@id\":\"https:\/\/www.pressenza.com\/es\/#\/schema\/person\/35221cfd7eeca947b184bfc91172e541\"},\"headline\":\"Impresionante demostraci\u00f3n de solidaridad de los alemanes en apoyo a los refugiados\",\"datePublished\":\"2015-08-31T23:03:22+00:00\",\"dateModified\":\"2015-08-31T23:03:32+00:00\",\"mainEntityOfPage\":{\"@id\":\"https:\/\/www.pressenza.com\/es\/2015\/09\/impresionante-demostracion-de-solidaridad-de-los-alemanes-en-apoyo-a-los-refugiados\/\"},\"wordCount\":1825,\"publisher\":{\"@id\":\"https:\/\/www.pressenza.com\/es\/#organization\"},\"image\":{\"@id\":\"https:\/\/www.pressenza.com\/es\/2015\/09\/impresionante-demostracion-de-solidaridad-de-los-alemanes-en-apoyo-a-los-refugiados\/#primaryimage\"},\"thumbnailUrl\":\"https:\/\/www.pressenza.com\/wp-content\/uploads\/2015\/08\/CfakepathIMG8930JPG_EDIIMA20150830_0078_19.jpg\",\"keywords\":[\"acogida\",\"Alemania\",\"migrantes\",\"refugiados\"],\"articleSection\":[\"Derechos Humanos\",\"Diversidad\",\"Europa\"],\"inLanguage\":\"es\"},{\"@type\":\"WebPage\",\"@id\":\"https:\/\/www.pressenza.com\/es\/2015\/09\/impresionante-demostracion-de-solidaridad-de-los-alemanes-en-apoyo-a-los-refugiados\/\",\"url\":\"https:\/\/www.pressenza.com\/es\/2015\/09\/impresionante-demostracion-de-solidaridad-de-los-alemanes-en-apoyo-a-los-refugiados\/\",\"name\":\"Impresionante demostraci\u00f3n de solidaridad de los alemanes en apoyo a los refugiados\",\"isPartOf\":{\"@id\":\"https:\/\/www.pressenza.com\/es\/#website\"},\"primaryImageOfPage\":{\"@id\":\"https:\/\/www.pressenza.com\/es\/2015\/09\/impresionante-demostracion-de-solidaridad-de-los-alemanes-en-apoyo-a-los-refugiados\/#primaryimage\"},\"image\":{\"@id\":\"https:\/\/www.pressenza.com\/es\/2015\/09\/impresionante-demostracion-de-solidaridad-de-los-alemanes-en-apoyo-a-los-refugiados\/#primaryimage\"},\"thumbnailUrl\":\"https:\/\/www.pressenza.com\/wp-content\/uploads\/2015\/08\/CfakepathIMG8930JPG_EDIIMA20150830_0078_19.jpg\",\"datePublished\":\"2015-08-31T23:03:22+00:00\",\"dateModified\":\"2015-08-31T23:03:32+00:00\",\"description\":\"La sociedad civil rescata a los refugiados de la dejadez institucional en Berl\u00edn y evita una crisis humanitaria. Familias alemanas les acogen y grupos de\",\"breadcrumb\":{\"@id\":\"https:\/\/www.pressenza.com\/es\/2015\/09\/impresionante-demostracion-de-solidaridad-de-los-alemanes-en-apoyo-a-los-refugiados\/#breadcrumb\"},\"inLanguage\":\"es\",\"potentialAction\":[{\"@type\":\"ReadAction\",\"target\":[\"https:\/\/www.pressenza.com\/es\/2015\/09\/impresionante-demostracion-de-solidaridad-de-los-alemanes-en-apoyo-a-los-refugiados\/\"]}]},{\"@type\":\"ImageObject\",\"inLanguage\":\"es\",\"@id\":\"https:\/\/www.pressenza.com\/es\/2015\/09\/impresionante-demostracion-de-solidaridad-de-los-alemanes-en-apoyo-a-los-refugiados\/#primaryimage\",\"url\":\"https:\/\/www.pressenza.com\/wp-content\/uploads\/2015\/08\/CfakepathIMG8930JPG_EDIIMA20150830_0078_19.jpg\",\"contentUrl\":\"https:\/\/www.pressenza.com\/wp-content\/uploads\/2015\/08\/CfakepathIMG8930JPG_EDIIMA20150830_0078_19.jpg\",\"width\":643,\"height\":317},{\"@type\":\"BreadcrumbList\",\"@id\":\"https:\/\/www.pressenza.com\/es\/2015\/09\/impresionante-demostracion-de-solidaridad-de-los-alemanes-en-apoyo-a-los-refugiados\/#breadcrumb\",\"itemListElement\":[{\"@type\":\"ListItem\",\"position\":1,\"name\":\"Accueil\",\"item\":\"https:\/\/www.pressenza.com\/es\/\"},{\"@type\":\"ListItem\",\"position\":2,\"name\":\"Impresionante demostraci\u00f3n de solidaridad de los alemanes en apoyo a los refugiados\"}]},{\"@type\":\"WebSite\",\"@id\":\"https:\/\/www.pressenza.com\/es\/#website\",\"url\":\"https:\/\/www.pressenza.com\/es\/\",\"name\":\"Pressenza\",\"description\":\"International Press Agency\",\"publisher\":{\"@id\":\"https:\/\/www.pressenza.com\/es\/#organization\"},\"potentialAction\":[{\"@type\":\"SearchAction\",\"target\":{\"@type\":\"EntryPoint\",\"urlTemplate\":\"https:\/\/www.pressenza.com\/es\/?s={search_term_string}\"},\"query-input\":{\"@type\":\"PropertyValueSpecification\",\"valueRequired\":true,\"valueName\":\"search_term_string\"}}],\"inLanguage\":\"es\"},{\"@type\":\"Organization\",\"@id\":\"https:\/\/www.pressenza.com\/es\/#organization\",\"name\":\"Pressenza\",\"url\":\"https:\/\/www.pressenza.com\/es\/\",\"logo\":{\"@type\":\"ImageObject\",\"inLanguage\":\"es\",\"@id\":\"https:\/\/www.pressenza.com\/es\/#\/schema\/logo\/image\/\",\"url\":\"https:\/\/www.pressenza.com\/wp-content\/uploads\/2022\/10\/pressenza_logo_200x200.jpg\",\"contentUrl\":\"https:\/\/www.pressenza.com\/wp-content\/uploads\/2022\/10\/pressenza_logo_200x200.jpg\",\"width\":200,\"height\":200,\"caption\":\"Pressenza\"},\"image\":{\"@id\":\"https:\/\/www.pressenza.com\/es\/#\/schema\/logo\/image\/\"},\"sameAs\":[\"https:\/\/www.facebook.com\/PressenzaItalia\",\"https:\/\/x.com\/PressenzaIPA\"]},{\"@type\":\"Person\",\"@id\":\"https:\/\/www.pressenza.com\/es\/#\/schema\/person\/35221cfd7eeca947b184bfc91172e541\",\"name\":\"eldiario.es\",\"description\":\"eldiario.es is a new digital media with information and analysis focussing on politics and economics in its broadest sense: what affects people more than parties or markets. eldiario.es\",\"url\":\"https:\/\/www.pressenza.com\/es\/author\/eldiario-es\/\"}]}<\/script>\n<!-- \/ Yoast SEO plugin. -->","yoast_head_json":{"title":"Impresionante demostraci\u00f3n de solidaridad de los alemanes en apoyo a los refugiados","description":"La sociedad civil rescata a los refugiados de la dejadez institucional en Berl\u00edn y evita una crisis humanitaria. Familias alemanas les acogen y grupos de","robots":{"index":"index","follow":"follow","max-snippet":"max-snippet:-1","max-image-preview":"max-image-preview:large","max-video-preview":"max-video-preview:-1"},"canonical":"https:\/\/www.pressenza.com\/es\/2015\/09\/impresionante-demostracion-de-solidaridad-de-los-alemanes-en-apoyo-a-los-refugiados\/","og_locale":"es_ES","og_type":"article","og_title":"Impresionante demostraci\u00f3n de solidaridad de los alemanes en apoyo a los refugiados","og_description":"La sociedad civil rescata a los refugiados de la dejadez institucional en Berl\u00edn y evita una crisis humanitaria. Familias alemanas les acogen y grupos de","og_url":"https:\/\/www.pressenza.com\/es\/2015\/09\/impresionante-demostracion-de-solidaridad-de-los-alemanes-en-apoyo-a-los-refugiados\/","og_site_name":"Pressenza","article_publisher":"https:\/\/www.facebook.com\/PressenzaItalia","article_published_time":"2015-08-31T23:03:22+00:00","article_modified_time":"2015-08-31T23:03:32+00:00","og_image":[{"width":643,"height":317,"url":"https:\/\/www.pressenza.com\/wp-content\/uploads\/2015\/08\/CfakepathIMG8930JPG_EDIIMA20150830_0078_19.jpg","type":"image\/jpeg"}],"author":"eldiario.es","twitter_card":"summary_large_image","twitter_creator":"@PressenzaIPA","twitter_site":"@PressenzaIPA","twitter_misc":{"Escrito por":"eldiario.es","Tiempo de lectura":"9 minutos"},"schema":{"@context":"https:\/\/schema.org","@graph":[{"@type":"Article","@id":"https:\/\/www.pressenza.com\/es\/2015\/09\/impresionante-demostracion-de-solidaridad-de-los-alemanes-en-apoyo-a-los-refugiados\/#article","isPartOf":{"@id":"https:\/\/www.pressenza.com\/es\/2015\/09\/impresionante-demostracion-de-solidaridad-de-los-alemanes-en-apoyo-a-los-refugiados\/"},"author":{"name":"eldiario.es","@id":"https:\/\/www.pressenza.com\/es\/#\/schema\/person\/35221cfd7eeca947b184bfc91172e541"},"headline":"Impresionante demostraci\u00f3n de solidaridad de los alemanes en apoyo a los refugiados","datePublished":"2015-08-31T23:03:22+00:00","dateModified":"2015-08-31T23:03:32+00:00","mainEntityOfPage":{"@id":"https:\/\/www.pressenza.com\/es\/2015\/09\/impresionante-demostracion-de-solidaridad-de-los-alemanes-en-apoyo-a-los-refugiados\/"},"wordCount":1825,"publisher":{"@id":"https:\/\/www.pressenza.com\/es\/#organization"},"image":{"@id":"https:\/\/www.pressenza.com\/es\/2015\/09\/impresionante-demostracion-de-solidaridad-de-los-alemanes-en-apoyo-a-los-refugiados\/#primaryimage"},"thumbnailUrl":"https:\/\/www.pressenza.com\/wp-content\/uploads\/2015\/08\/CfakepathIMG8930JPG_EDIIMA20150830_0078_19.jpg","keywords":["acogida","Alemania","migrantes","refugiados"],"articleSection":["Derechos Humanos","Diversidad","Europa"],"inLanguage":"es"},{"@type":"WebPage","@id":"https:\/\/www.pressenza.com\/es\/2015\/09\/impresionante-demostracion-de-solidaridad-de-los-alemanes-en-apoyo-a-los-refugiados\/","url":"https:\/\/www.pressenza.com\/es\/2015\/09\/impresionante-demostracion-de-solidaridad-de-los-alemanes-en-apoyo-a-los-refugiados\/","name":"Impresionante demostraci\u00f3n de solidaridad de los alemanes en apoyo a los refugiados","isPartOf":{"@id":"https:\/\/www.pressenza.com\/es\/#website"},"primaryImageOfPage":{"@id":"https:\/\/www.pressenza.com\/es\/2015\/09\/impresionante-demostracion-de-solidaridad-de-los-alemanes-en-apoyo-a-los-refugiados\/#primaryimage"},"image":{"@id":"https:\/\/www.pressenza.com\/es\/2015\/09\/impresionante-demostracion-de-solidaridad-de-los-alemanes-en-apoyo-a-los-refugiados\/#primaryimage"},"thumbnailUrl":"https:\/\/www.pressenza.com\/wp-content\/uploads\/2015\/08\/CfakepathIMG8930JPG_EDIIMA20150830_0078_19.jpg","datePublished":"2015-08-31T23:03:22+00:00","dateModified":"2015-08-31T23:03:32+00:00","description":"La sociedad civil rescata a los refugiados de la dejadez institucional en Berl\u00edn y evita una crisis humanitaria. Familias alemanas les acogen y grupos de","breadcrumb":{"@id":"https:\/\/www.pressenza.com\/es\/2015\/09\/impresionante-demostracion-de-solidaridad-de-los-alemanes-en-apoyo-a-los-refugiados\/#breadcrumb"},"inLanguage":"es","potentialAction":[{"@type":"ReadAction","target":["https:\/\/www.pressenza.com\/es\/2015\/09\/impresionante-demostracion-de-solidaridad-de-los-alemanes-en-apoyo-a-los-refugiados\/"]}]},{"@type":"ImageObject","inLanguage":"es","@id":"https:\/\/www.pressenza.com\/es\/2015\/09\/impresionante-demostracion-de-solidaridad-de-los-alemanes-en-apoyo-a-los-refugiados\/#primaryimage","url":"https:\/\/www.pressenza.com\/wp-content\/uploads\/2015\/08\/CfakepathIMG8930JPG_EDIIMA20150830_0078_19.jpg","contentUrl":"https:\/\/www.pressenza.com\/wp-content\/uploads\/2015\/08\/CfakepathIMG8930JPG_EDIIMA20150830_0078_19.jpg","width":643,"height":317},{"@type":"BreadcrumbList","@id":"https:\/\/www.pressenza.com\/es\/2015\/09\/impresionante-demostracion-de-solidaridad-de-los-alemanes-en-apoyo-a-los-refugiados\/#breadcrumb","itemListElement":[{"@type":"ListItem","position":1,"name":"Accueil","item":"https:\/\/www.pressenza.com\/es\/"},{"@type":"ListItem","position":2,"name":"Impresionante demostraci\u00f3n de solidaridad de los alemanes en apoyo a los refugiados"}]},{"@type":"WebSite","@id":"https:\/\/www.pressenza.com\/es\/#website","url":"https:\/\/www.pressenza.com\/es\/","name":"Pressenza","description":"International Press Agency","publisher":{"@id":"https:\/\/www.pressenza.com\/es\/#organization"},"potentialAction":[{"@type":"SearchAction","target":{"@type":"EntryPoint","urlTemplate":"https:\/\/www.pressenza.com\/es\/?s={search_term_string}"},"query-input":{"@type":"PropertyValueSpecification","valueRequired":true,"valueName":"search_term_string"}}],"inLanguage":"es"},{"@type":"Organization","@id":"https:\/\/www.pressenza.com\/es\/#organization","name":"Pressenza","url":"https:\/\/www.pressenza.com\/es\/","logo":{"@type":"ImageObject","inLanguage":"es","@id":"https:\/\/www.pressenza.com\/es\/#\/schema\/logo\/image\/","url":"https:\/\/www.pressenza.com\/wp-content\/uploads\/2022\/10\/pressenza_logo_200x200.jpg","contentUrl":"https:\/\/www.pressenza.com\/wp-content\/uploads\/2022\/10\/pressenza_logo_200x200.jpg","width":200,"height":200,"caption":"Pressenza"},"image":{"@id":"https:\/\/www.pressenza.com\/es\/#\/schema\/logo\/image\/"},"sameAs":["https:\/\/www.facebook.com\/PressenzaItalia","https:\/\/x.com\/PressenzaIPA"]},{"@type":"Person","@id":"https:\/\/www.pressenza.com\/es\/#\/schema\/person\/35221cfd7eeca947b184bfc91172e541","name":"eldiario.es","description":"eldiario.es is a new digital media with information and analysis focussing on politics and economics in its broadest sense: what affects people more than parties or markets. eldiario.es","url":"https:\/\/www.pressenza.com\/es\/author\/eldiario-es\/"}]}},"place":"Ruhr, Alemania","original_article_url":"http:\/\/www.eldiario.es\/desalambre\/Asilo-Alemania-voluntarios-ONGs-Siria-refugiados-catastrofe_humanitaria_0_425557671.html","_links":{"self":[{"href":"https:\/\/www.pressenza.com\/es\/wp-json\/wp\/v2\/posts\/216411","targetHints":{"allow":["GET"]}}],"collection":[{"href":"https:\/\/www.pressenza.com\/es\/wp-json\/wp\/v2\/posts"}],"about":[{"href":"https:\/\/www.pressenza.com\/es\/wp-json\/wp\/v2\/types\/post"}],"author":[{"embeddable":true,"href":"https:\/\/www.pressenza.com\/es\/wp-json\/wp\/v2\/users\/1170"}],"replies":[{"embeddable":true,"href":"https:\/\/www.pressenza.com\/es\/wp-json\/wp\/v2\/comments?post=216411"}],"version-history":[{"count":0,"href":"https:\/\/www.pressenza.com\/es\/wp-json\/wp\/v2\/posts\/216411\/revisions"}],"wp:featuredmedia":[{"embeddable":true,"href":"https:\/\/www.pressenza.com\/es\/wp-json\/wp\/v2\/media\/216412"}],"wp:attachment":[{"href":"https:\/\/www.pressenza.com\/es\/wp-json\/wp\/v2\/media?parent=216411"}],"wp:term":[{"taxonomy":"category","embeddable":true,"href":"https:\/\/www.pressenza.com\/es\/wp-json\/wp\/v2\/categories?post=216411"},{"taxonomy":"post_tag","embeddable":true,"href":"https:\/\/www.pressenza.com\/es\/wp-json\/wp\/v2\/tags?post=216411"}],"curies":[{"name":"wp","href":"https:\/\/api.w.org\/{rel}","templated":true}]}}