{"id":215383,"date":"2015-08-29T03:38:24","date_gmt":"2015-08-29T02:38:24","guid":{"rendered":"http:\/\/www.pressenza.com\/es\/?p=215383"},"modified":"2015-08-29T03:38:42","modified_gmt":"2015-08-29T02:38:42","slug":"en-santiago-del-estero-se-llevo-a-cabo-la-segunda-audiencia-publica-convocada-por-la-defensoria-del-publico","status":"publish","type":"post","link":"https:\/\/www.pressenza.com\/es\/2015\/08\/en-santiago-del-estero-se-llevo-a-cabo-la-segunda-audiencia-publica-convocada-por-la-defensoria-del-publico\/","title":{"rendered":"En Santiago del Estero se llev\u00f3 a cabo la segunda Audiencia P\u00fablica convocada por la Defensor\u00eda del P\u00fablico"},"content":{"rendered":"<div id=\"stcpDiv\"><em>En el Paraninfo de la Universidad Nacional de Santiago del Estero, las voces de la regi\u00f3n Norte del pa\u00eds tuvieron su espacio para expresar su relaci\u00f3n con los medios audiovisuales. La jornada dur\u00f3 m\u00e1s de ocho horas.<\/em><\/div>\n<div>\n<div id=\"stcpDiv\">\n<p>Cientos de voces de la regi\u00f3n Norte del pa\u00eds se expresaron en la Audiencia P\u00fablica organizada por la Defensor\u00eda del P\u00fablico en Santiago del Estero. Personas adultas mayores, integrantes de medios audiovisuales, institutos educativos, representantes de instituciones gubernamentales y sociales, j\u00f3venes en situaci\u00f3n de encierro, cooperativas y personas sordas fueron algunas de las m\u00e1s de cien representaciones que tuvieron su espacio en el Paraninfo de la Universidad Nacional de Santiago del Estero para detallar su relaci\u00f3n con los medios audiovisuales. Al final del d\u00eda se produjo la firma de la carta de intenci\u00f3n entre el organismo y los referentes presentes de los pueblos originarios y el movimiento campesino para continuar con los trabajos en conjunto.<\/p>\n<p>Las ponencias de personas de Santiago del Estero, Chaco, Formosa, Jujuy, Salta, Tucum\u00e1n, Catamarca, La Rioja, y San Juan se transmitieron en vivo a trav\u00e9s de la web del organismo para que las audiencias siguieran durante m\u00e1s de ocho horas las instancias de la jornada.<\/p>\n<p>El comienzo estuvo marcado por las palabras de la Defensora, la Lic. Cynthia Ottaviano, que reflexion\u00f3 sobre el encuentro: \u201cLas Audiencias P\u00fablicas son una gran oportunidad para conocer realidades, culturas, tradiciones\u201d. Y agreg\u00f3: \u201cSer\u00e1 una celebraci\u00f3n del Noroeste argentino y sepan que lo que aqu\u00ed se dice no s\u00f3lo lo estoy escuchando como Defensora. Todo el equipo de la Defensor\u00eda est\u00e1 aqu\u00ed para prestar much\u00edsima atenci\u00f3n a todo lo que ustedes digan. Adem\u00e1s, vamos a sistematizar lo que ser\u00e1 dicho y lo vamos a poner en di\u00e1logo con las otras audiencias p\u00fablicas\u201d. Luego explic\u00f3: \u201c\u00bfPara qu\u00e9 lo hacemos? Para establecer pol\u00edticas p\u00fablicas, porque lo que aqu\u00ed se diga puede ser que sea un reclamo o una denuncia. Pero tambi\u00e9n puede ser que nos permitan, con esta construcci\u00f3n de saber colectiva, qu\u00e9 estamos haciendo en la Argentina. Establecer pol\u00edticas p\u00fablicas, consolidar la democracia\u201d.<\/p>\n<p>Por su parte, el miembro del directorio de la Autoridad Federal de Servicios de Comunicaci\u00f3n Audiovisual (AFSCA), Nestor Avalle, asegur\u00f3: \u201cLa Defensor\u00eda es un organismo que hace un trabajo incre\u00edble, llevando la voz de los muchos que no tienen voz\u201d. Y detall\u00f3: \u201cLes aseguro que tienen una Defensor\u00eda absolutamente profesional, absolutamente humana. Como autoridad de AFSCA es un orgullo apuntalar lo que ustedes trabajan todos los d\u00e1s\u201d, finaliz\u00f3. A su turno, el delegado de AFSCA de Santiago del Estero, Pablo Go\u00f1a, coment\u00f3: \u201cEs un momento \u00fanico hasta hoy, no debiera ser \u00fanico hacia adelante. Es una posibilidad de abrir espacios, de habilitar voces, para escuchar sus reclamos, sus demandas, sus cr\u00edticas, sus deseos, sus sue\u00f1os\u201d.<\/p>\n<p>\u201cEntendemos a la educaci\u00f3n como un bien p\u00fablico y a la comunicaci\u00f3n como un derecho humano\u201d cont\u00f3 ante el p\u00fablico expectante una representante de la Universidad Nacional de Santiago del Estero. Desde el Movimiento Nacional Campesino Ind\u00edgena (V\u00eda Campesina) agregaron: \u201cNecesitamos como sociedad una comunicaci\u00f3n democratizada y democratizante, para ir construyendo una nueva civilizaci\u00f3n\u201d. Una expositora del Instituto de G\u00e9nero de la Universidad Nacional de Formosa, dijo: \u201cJunto a la Defensor\u00eda del P\u00fablico hicimos un espacio inclusivo de reflexi\u00f3n, de debate, de sensibilizaci\u00f3n en muchos medios de comunicaci\u00f3n\u201d.<\/p>\n<p>Emocionada, una integrante de la asociaci\u00f3n de derechos de adultos mayores de Chaco, relat\u00f3: \u201cHay palabras mal utilizadas en los medios audiovisuales, que anulan una etapa de la vida, como viejo, como si fu\u00e9ramos un objeto en desuso\u201d. J\u00f3venes integrantes de una cooperativa de Jujuy se sumaron a la Audiencia y pidieron: \u201cLos medios de comunicaci\u00f3n tienen que darnos una oportunidad para que tengamos mejor calidad de vida para todos\u201d.<\/p>\n<p>\u201cTodos tenemos muy buenas intenciones para modificar los medios de comunicaci\u00f3n, pero tenemos que tratar de construir medios que reflejen el territorio, de innovaci\u00f3n o de resistencia, para el cambio, porque la lucha es conservadurismo o cambio y tenemos que trabajar para el desarrollo\u201d, enumer\u00f3 un joven de una asociaci\u00f3n civil de Catamarca.<\/p>\n<p>La Corriente Agraria Nacional y Popular (CANPO) anticip\u00f3 que su disertaci\u00f3n ser\u00eda \u201csobre la representaci\u00f3n que los medios concentrados hicieron del campo mediante el eslogan que todos hemos conocido como \u201cEl Campo\u201d. Una expositora de ese espacio reflexion\u00f3 ante un auditorio atento: \u201cHan apelado a la tradici\u00f3n del pueblo argentino porque tenemos ra\u00edces en el campo. En ese eslogan quisieron instalar como causa nacional lo que es el inter\u00e9s de una minor\u00eda, pero excluyendo al 75 % de productores del pa\u00eds\u201d.<\/p>\n<p>Un ni\u00f1o de una radio de Salta pidi\u00f3: \u201cDesde la radio FM 98.9, en donde los ni\u00f1os cuentan sus historias, decimos no al bullying en las escuela, que los ni\u00f1os cumplan sus sue\u00f1os\u201d. \u201cQueremos agradecer a la Defensor\u00eda del P\u00fablico por permitirnos esta oportunidad de expresarnos. Ojal\u00e1 que esta sociedad pueda cambiar, que vea que somos seres humanos, que queremos trabajar. Nuestro objetivo es hacer valer nuestros derechos y tener un trabajo digno\u201d, dijo emocionada al p\u00fablico una joven trans de Formosa.<\/p>\n<p><a href=\"http:\/\/defensadelpublico.gob.ar\/es\/parana-primera-audiencia-fue-una-fiesta-ley-servicios-comunicacion-audiovisual-0\">La primera Audiencia P\u00fablica tuvo lugar en Paran\u00e1<\/a>, para la regi\u00f3n Centro.\u00a0Se escucharon exposiciones de las 80 personas en nombre de las m\u00e1s de 187 que se inscribieron.<\/p>\n<p>La de Santiago del Estero es la segunda de las cuatro que se\u00a0llevar\u00e1n a cabo en 2015 y que se suma a las siete de 2014 y a las seis de 2013.<\/p>\n<\/div>\n<\/div>\n","protected":false},"excerpt":{"rendered":"<p>En el Paraninfo de la Universidad Nacional de Santiago del Estero, las voces de la regi\u00f3n Norte del pa\u00eds tuvieron su espacio para expresar su relaci\u00f3n con los medios audiovisuales. La jornada dur\u00f3 m\u00e1s de ocho horas. Cientos de voces&hellip;<\/p>\n","protected":false},"author":87,"featured_media":215384,"comment_status":"closed","ping_status":"open","sticky":false,"template":"","format":"standard","meta":{"footnotes":""},"categories":[149,75,79,67],"tags":[10154,26,19472,19471,523,22210,6475],"class_list":["post-215383","post","type-post","status-publish","format-standard","has-post-thumbnail","hentry","category-comunicados-de-prensa","category-cultura-es","category-derechos-humanos","category-sudamerica","tag-afsca","tag-argentina","tag-defensoria-del-publico","tag-medios-comunitarios","tag-medios-de-comunicacion","tag-pueblos-originarios","tag-via-campesina"],"yoast_head":"<!-- This site is optimized with the Yoast SEO plugin v27.1.1 - https:\/\/yoast.com\/product\/yoast-seo-wordpress\/ -->\n<title>En Santiago del Estero se llev\u00f3 a cabo la segunda Audiencia P\u00fablica convocada por la Defensor\u00eda del P\u00fablico<\/title>\n<meta name=\"description\" content=\"En el Paraninfo de la Universidad Nacional de Santiago del Estero, las voces de la regi\u00f3n Norte del pa\u00eds tuvieron su espacio para expresar su relaci\u00f3n con\" \/>\n<meta name=\"robots\" content=\"index, follow, max-snippet:-1, max-image-preview:large, max-video-preview:-1\" \/>\n<link rel=\"canonical\" href=\"https:\/\/www.pressenza.com\/es\/2015\/08\/en-santiago-del-estero-se-llevo-a-cabo-la-segunda-audiencia-publica-convocada-por-la-defensoria-del-publico\/\" \/>\n<meta property=\"og:locale\" content=\"es_ES\" \/>\n<meta property=\"og:type\" content=\"article\" \/>\n<meta property=\"og:title\" content=\"En Santiago del Estero se llev\u00f3 a cabo la segunda Audiencia P\u00fablica convocada por la Defensor\u00eda del P\u00fablico\" \/>\n<meta property=\"og:description\" content=\"En el Paraninfo de la Universidad Nacional de Santiago del Estero, las voces de la regi\u00f3n Norte del pa\u00eds tuvieron su espacio para expresar su relaci\u00f3n con\" \/>\n<meta property=\"og:url\" content=\"https:\/\/www.pressenza.com\/es\/2015\/08\/en-santiago-del-estero-se-llevo-a-cabo-la-segunda-audiencia-publica-convocada-por-la-defensoria-del-publico\/\" \/>\n<meta property=\"og:site_name\" content=\"Pressenza\" \/>\n<meta property=\"article:publisher\" content=\"https:\/\/www.facebook.com\/PressenzaItalia\" \/>\n<meta property=\"article:published_time\" content=\"2015-08-29T02:38:24+00:00\" \/>\n<meta property=\"article:modified_time\" content=\"2015-08-29T02:38:42+00:00\" \/>\n<meta property=\"og:image\" content=\"https:\/\/www.pressenza.com\/wp-content\/uploads\/2015\/08\/defensoria-publico-santiago.jpg\" \/>\n\t<meta property=\"og:image:width\" content=\"2500\" \/>\n\t<meta property=\"og:image:height\" content=\"1500\" \/>\n\t<meta property=\"og:image:type\" content=\"image\/jpeg\" \/>\n<meta name=\"author\" content=\"Redacci\u00f3n Argentina\" \/>\n<meta name=\"twitter:card\" content=\"summary_large_image\" \/>\n<meta name=\"twitter:creator\" content=\"@pressenza\" \/>\n<meta name=\"twitter:site\" content=\"@PressenzaIPA\" \/>\n<meta name=\"twitter:label1\" content=\"Escrito por\" \/>\n\t<meta name=\"twitter:data1\" content=\"Redacci\u00f3n Argentina\" \/>\n\t<meta name=\"twitter:label2\" content=\"Tiempo de lectura\" \/>\n\t<meta name=\"twitter:data2\" content=\"5 minutos\" \/>\n<script type=\"application\/ld+json\" class=\"yoast-schema-graph\">{\"@context\":\"https:\/\/schema.org\",\"@graph\":[{\"@type\":\"Article\",\"@id\":\"https:\/\/www.pressenza.com\/es\/2015\/08\/en-santiago-del-estero-se-llevo-a-cabo-la-segunda-audiencia-publica-convocada-por-la-defensoria-del-publico\/#article\",\"isPartOf\":{\"@id\":\"https:\/\/www.pressenza.com\/es\/2015\/08\/en-santiago-del-estero-se-llevo-a-cabo-la-segunda-audiencia-publica-convocada-por-la-defensoria-del-publico\/\"},\"author\":{\"name\":\"Redacci\u00f3n Argentina\",\"@id\":\"https:\/\/www.pressenza.com\/es\/#\/schema\/person\/0dda7d1b68267ad95b1e1d83abc98c89\"},\"headline\":\"En Santiago del Estero se llev\u00f3 a cabo la segunda Audiencia P\u00fablica convocada por la Defensor\u00eda del P\u00fablico\",\"datePublished\":\"2015-08-29T02:38:24+00:00\",\"dateModified\":\"2015-08-29T02:38:42+00:00\",\"mainEntityOfPage\":{\"@id\":\"https:\/\/www.pressenza.com\/es\/2015\/08\/en-santiago-del-estero-se-llevo-a-cabo-la-segunda-audiencia-publica-convocada-por-la-defensoria-del-publico\/\"},\"wordCount\":984,\"publisher\":{\"@id\":\"https:\/\/www.pressenza.com\/es\/#organization\"},\"image\":{\"@id\":\"https:\/\/www.pressenza.com\/es\/2015\/08\/en-santiago-del-estero-se-llevo-a-cabo-la-segunda-audiencia-publica-convocada-por-la-defensoria-del-publico\/#primaryimage\"},\"thumbnailUrl\":\"https:\/\/www.pressenza.com\/wp-content\/uploads\/2015\/08\/defensoria-publico-santiago.jpg\",\"keywords\":[\"AFSCA\",\"Argentina\",\"Defensor\u00eda del P\u00fablico\",\"medios comunitarios\",\"medios de comunicaci\u00f3n\",\"Pueblos Originarios\",\"via campesina\"],\"articleSection\":[\"Comunicados de Prensa\",\"Cultura y Medios\",\"Derechos Humanos\",\"Sudam\u00e9rica\"],\"inLanguage\":\"es\"},{\"@type\":\"WebPage\",\"@id\":\"https:\/\/www.pressenza.com\/es\/2015\/08\/en-santiago-del-estero-se-llevo-a-cabo-la-segunda-audiencia-publica-convocada-por-la-defensoria-del-publico\/\",\"url\":\"https:\/\/www.pressenza.com\/es\/2015\/08\/en-santiago-del-estero-se-llevo-a-cabo-la-segunda-audiencia-publica-convocada-por-la-defensoria-del-publico\/\",\"name\":\"En Santiago del Estero se llev\u00f3 a cabo la segunda Audiencia P\u00fablica convocada por la Defensor\u00eda del P\u00fablico\",\"isPartOf\":{\"@id\":\"https:\/\/www.pressenza.com\/es\/#website\"},\"primaryImageOfPage\":{\"@id\":\"https:\/\/www.pressenza.com\/es\/2015\/08\/en-santiago-del-estero-se-llevo-a-cabo-la-segunda-audiencia-publica-convocada-por-la-defensoria-del-publico\/#primaryimage\"},\"image\":{\"@id\":\"https:\/\/www.pressenza.com\/es\/2015\/08\/en-santiago-del-estero-se-llevo-a-cabo-la-segunda-audiencia-publica-convocada-por-la-defensoria-del-publico\/#primaryimage\"},\"thumbnailUrl\":\"https:\/\/www.pressenza.com\/wp-content\/uploads\/2015\/08\/defensoria-publico-santiago.jpg\",\"datePublished\":\"2015-08-29T02:38:24+00:00\",\"dateModified\":\"2015-08-29T02:38:42+00:00\",\"description\":\"En el Paraninfo de la Universidad Nacional de Santiago del Estero, las voces de la regi\u00f3n Norte del pa\u00eds tuvieron su espacio para expresar su relaci\u00f3n con\",\"breadcrumb\":{\"@id\":\"https:\/\/www.pressenza.com\/es\/2015\/08\/en-santiago-del-estero-se-llevo-a-cabo-la-segunda-audiencia-publica-convocada-por-la-defensoria-del-publico\/#breadcrumb\"},\"inLanguage\":\"es\",\"potentialAction\":[{\"@type\":\"ReadAction\",\"target\":[\"https:\/\/www.pressenza.com\/es\/2015\/08\/en-santiago-del-estero-se-llevo-a-cabo-la-segunda-audiencia-publica-convocada-por-la-defensoria-del-publico\/\"]}]},{\"@type\":\"ImageObject\",\"inLanguage\":\"es\",\"@id\":\"https:\/\/www.pressenza.com\/es\/2015\/08\/en-santiago-del-estero-se-llevo-a-cabo-la-segunda-audiencia-publica-convocada-por-la-defensoria-del-publico\/#primaryimage\",\"url\":\"https:\/\/www.pressenza.com\/wp-content\/uploads\/2015\/08\/defensoria-publico-santiago.jpg\",\"contentUrl\":\"https:\/\/www.pressenza.com\/wp-content\/uploads\/2015\/08\/defensoria-publico-santiago.jpg\",\"width\":2500,\"height\":1500},{\"@type\":\"BreadcrumbList\",\"@id\":\"https:\/\/www.pressenza.com\/es\/2015\/08\/en-santiago-del-estero-se-llevo-a-cabo-la-segunda-audiencia-publica-convocada-por-la-defensoria-del-publico\/#breadcrumb\",\"itemListElement\":[{\"@type\":\"ListItem\",\"position\":1,\"name\":\"Accueil\",\"item\":\"https:\/\/www.pressenza.com\/es\/\"},{\"@type\":\"ListItem\",\"position\":2,\"name\":\"En Santiago del Estero se llev\u00f3 a cabo la segunda Audiencia P\u00fablica convocada por la Defensor\u00eda del P\u00fablico\"}]},{\"@type\":\"WebSite\",\"@id\":\"https:\/\/www.pressenza.com\/es\/#website\",\"url\":\"https:\/\/www.pressenza.com\/es\/\",\"name\":\"Pressenza\",\"description\":\"International Press Agency\",\"publisher\":{\"@id\":\"https:\/\/www.pressenza.com\/es\/#organization\"},\"potentialAction\":[{\"@type\":\"SearchAction\",\"target\":{\"@type\":\"EntryPoint\",\"urlTemplate\":\"https:\/\/www.pressenza.com\/es\/?s={search_term_string}\"},\"query-input\":{\"@type\":\"PropertyValueSpecification\",\"valueRequired\":true,\"valueName\":\"search_term_string\"}}],\"inLanguage\":\"es\"},{\"@type\":\"Organization\",\"@id\":\"https:\/\/www.pressenza.com\/es\/#organization\",\"name\":\"Pressenza\",\"url\":\"https:\/\/www.pressenza.com\/es\/\",\"logo\":{\"@type\":\"ImageObject\",\"inLanguage\":\"es\",\"@id\":\"https:\/\/www.pressenza.com\/es\/#\/schema\/logo\/image\/\",\"url\":\"https:\/\/www.pressenza.com\/wp-content\/uploads\/2022\/10\/pressenza_logo_200x200.jpg\",\"contentUrl\":\"https:\/\/www.pressenza.com\/wp-content\/uploads\/2022\/10\/pressenza_logo_200x200.jpg\",\"width\":200,\"height\":200,\"caption\":\"Pressenza\"},\"image\":{\"@id\":\"https:\/\/www.pressenza.com\/es\/#\/schema\/logo\/image\/\"},\"sameAs\":[\"https:\/\/www.facebook.com\/PressenzaItalia\",\"https:\/\/x.com\/PressenzaIPA\"]},{\"@type\":\"Person\",\"@id\":\"https:\/\/www.pressenza.com\/es\/#\/schema\/person\/0dda7d1b68267ad95b1e1d83abc98c89\",\"name\":\"Redacci\u00f3n Argentina\",\"description\":\"News from the Pressenza Bureau in Argentina.\",\"sameAs\":[\"https:\/\/x.com\/pressenza\"],\"url\":\"https:\/\/www.pressenza.com\/es\/author\/redaccion-argentina\/\"}]}<\/script>\n<!-- \/ Yoast SEO plugin. -->","yoast_head_json":{"title":"En Santiago del Estero se llev\u00f3 a cabo la segunda Audiencia P\u00fablica convocada por la Defensor\u00eda del P\u00fablico","description":"En el Paraninfo de la Universidad Nacional de Santiago del Estero, las voces de la regi\u00f3n Norte del pa\u00eds tuvieron su espacio para expresar su relaci\u00f3n con","robots":{"index":"index","follow":"follow","max-snippet":"max-snippet:-1","max-image-preview":"max-image-preview:large","max-video-preview":"max-video-preview:-1"},"canonical":"https:\/\/www.pressenza.com\/es\/2015\/08\/en-santiago-del-estero-se-llevo-a-cabo-la-segunda-audiencia-publica-convocada-por-la-defensoria-del-publico\/","og_locale":"es_ES","og_type":"article","og_title":"En Santiago del Estero se llev\u00f3 a cabo la segunda Audiencia P\u00fablica convocada por la Defensor\u00eda del P\u00fablico","og_description":"En el Paraninfo de la Universidad Nacional de Santiago del Estero, las voces de la regi\u00f3n Norte del pa\u00eds tuvieron su espacio para expresar su relaci\u00f3n con","og_url":"https:\/\/www.pressenza.com\/es\/2015\/08\/en-santiago-del-estero-se-llevo-a-cabo-la-segunda-audiencia-publica-convocada-por-la-defensoria-del-publico\/","og_site_name":"Pressenza","article_publisher":"https:\/\/www.facebook.com\/PressenzaItalia","article_published_time":"2015-08-29T02:38:24+00:00","article_modified_time":"2015-08-29T02:38:42+00:00","og_image":[{"width":2500,"height":1500,"url":"https:\/\/www.pressenza.com\/wp-content\/uploads\/2015\/08\/defensoria-publico-santiago.jpg","type":"image\/jpeg"}],"author":"Redacci\u00f3n Argentina","twitter_card":"summary_large_image","twitter_creator":"@pressenza","twitter_site":"@PressenzaIPA","twitter_misc":{"Escrito por":"Redacci\u00f3n Argentina","Tiempo de lectura":"5 minutos"},"schema":{"@context":"https:\/\/schema.org","@graph":[{"@type":"Article","@id":"https:\/\/www.pressenza.com\/es\/2015\/08\/en-santiago-del-estero-se-llevo-a-cabo-la-segunda-audiencia-publica-convocada-por-la-defensoria-del-publico\/#article","isPartOf":{"@id":"https:\/\/www.pressenza.com\/es\/2015\/08\/en-santiago-del-estero-se-llevo-a-cabo-la-segunda-audiencia-publica-convocada-por-la-defensoria-del-publico\/"},"author":{"name":"Redacci\u00f3n Argentina","@id":"https:\/\/www.pressenza.com\/es\/#\/schema\/person\/0dda7d1b68267ad95b1e1d83abc98c89"},"headline":"En Santiago del Estero se llev\u00f3 a cabo la segunda Audiencia P\u00fablica convocada por la Defensor\u00eda del P\u00fablico","datePublished":"2015-08-29T02:38:24+00:00","dateModified":"2015-08-29T02:38:42+00:00","mainEntityOfPage":{"@id":"https:\/\/www.pressenza.com\/es\/2015\/08\/en-santiago-del-estero-se-llevo-a-cabo-la-segunda-audiencia-publica-convocada-por-la-defensoria-del-publico\/"},"wordCount":984,"publisher":{"@id":"https:\/\/www.pressenza.com\/es\/#organization"},"image":{"@id":"https:\/\/www.pressenza.com\/es\/2015\/08\/en-santiago-del-estero-se-llevo-a-cabo-la-segunda-audiencia-publica-convocada-por-la-defensoria-del-publico\/#primaryimage"},"thumbnailUrl":"https:\/\/www.pressenza.com\/wp-content\/uploads\/2015\/08\/defensoria-publico-santiago.jpg","keywords":["AFSCA","Argentina","Defensor\u00eda del P\u00fablico","medios comunitarios","medios de comunicaci\u00f3n","Pueblos Originarios","via campesina"],"articleSection":["Comunicados de Prensa","Cultura y Medios","Derechos Humanos","Sudam\u00e9rica"],"inLanguage":"es"},{"@type":"WebPage","@id":"https:\/\/www.pressenza.com\/es\/2015\/08\/en-santiago-del-estero-se-llevo-a-cabo-la-segunda-audiencia-publica-convocada-por-la-defensoria-del-publico\/","url":"https:\/\/www.pressenza.com\/es\/2015\/08\/en-santiago-del-estero-se-llevo-a-cabo-la-segunda-audiencia-publica-convocada-por-la-defensoria-del-publico\/","name":"En Santiago del Estero se llev\u00f3 a cabo la segunda Audiencia P\u00fablica convocada por la Defensor\u00eda del P\u00fablico","isPartOf":{"@id":"https:\/\/www.pressenza.com\/es\/#website"},"primaryImageOfPage":{"@id":"https:\/\/www.pressenza.com\/es\/2015\/08\/en-santiago-del-estero-se-llevo-a-cabo-la-segunda-audiencia-publica-convocada-por-la-defensoria-del-publico\/#primaryimage"},"image":{"@id":"https:\/\/www.pressenza.com\/es\/2015\/08\/en-santiago-del-estero-se-llevo-a-cabo-la-segunda-audiencia-publica-convocada-por-la-defensoria-del-publico\/#primaryimage"},"thumbnailUrl":"https:\/\/www.pressenza.com\/wp-content\/uploads\/2015\/08\/defensoria-publico-santiago.jpg","datePublished":"2015-08-29T02:38:24+00:00","dateModified":"2015-08-29T02:38:42+00:00","description":"En el Paraninfo de la Universidad Nacional de Santiago del Estero, las voces de la regi\u00f3n Norte del pa\u00eds tuvieron su espacio para expresar su relaci\u00f3n con","breadcrumb":{"@id":"https:\/\/www.pressenza.com\/es\/2015\/08\/en-santiago-del-estero-se-llevo-a-cabo-la-segunda-audiencia-publica-convocada-por-la-defensoria-del-publico\/#breadcrumb"},"inLanguage":"es","potentialAction":[{"@type":"ReadAction","target":["https:\/\/www.pressenza.com\/es\/2015\/08\/en-santiago-del-estero-se-llevo-a-cabo-la-segunda-audiencia-publica-convocada-por-la-defensoria-del-publico\/"]}]},{"@type":"ImageObject","inLanguage":"es","@id":"https:\/\/www.pressenza.com\/es\/2015\/08\/en-santiago-del-estero-se-llevo-a-cabo-la-segunda-audiencia-publica-convocada-por-la-defensoria-del-publico\/#primaryimage","url":"https:\/\/www.pressenza.com\/wp-content\/uploads\/2015\/08\/defensoria-publico-santiago.jpg","contentUrl":"https:\/\/www.pressenza.com\/wp-content\/uploads\/2015\/08\/defensoria-publico-santiago.jpg","width":2500,"height":1500},{"@type":"BreadcrumbList","@id":"https:\/\/www.pressenza.com\/es\/2015\/08\/en-santiago-del-estero-se-llevo-a-cabo-la-segunda-audiencia-publica-convocada-por-la-defensoria-del-publico\/#breadcrumb","itemListElement":[{"@type":"ListItem","position":1,"name":"Accueil","item":"https:\/\/www.pressenza.com\/es\/"},{"@type":"ListItem","position":2,"name":"En Santiago del Estero se llev\u00f3 a cabo la segunda Audiencia P\u00fablica convocada por la Defensor\u00eda del P\u00fablico"}]},{"@type":"WebSite","@id":"https:\/\/www.pressenza.com\/es\/#website","url":"https:\/\/www.pressenza.com\/es\/","name":"Pressenza","description":"International Press Agency","publisher":{"@id":"https:\/\/www.pressenza.com\/es\/#organization"},"potentialAction":[{"@type":"SearchAction","target":{"@type":"EntryPoint","urlTemplate":"https:\/\/www.pressenza.com\/es\/?s={search_term_string}"},"query-input":{"@type":"PropertyValueSpecification","valueRequired":true,"valueName":"search_term_string"}}],"inLanguage":"es"},{"@type":"Organization","@id":"https:\/\/www.pressenza.com\/es\/#organization","name":"Pressenza","url":"https:\/\/www.pressenza.com\/es\/","logo":{"@type":"ImageObject","inLanguage":"es","@id":"https:\/\/www.pressenza.com\/es\/#\/schema\/logo\/image\/","url":"https:\/\/www.pressenza.com\/wp-content\/uploads\/2022\/10\/pressenza_logo_200x200.jpg","contentUrl":"https:\/\/www.pressenza.com\/wp-content\/uploads\/2022\/10\/pressenza_logo_200x200.jpg","width":200,"height":200,"caption":"Pressenza"},"image":{"@id":"https:\/\/www.pressenza.com\/es\/#\/schema\/logo\/image\/"},"sameAs":["https:\/\/www.facebook.com\/PressenzaItalia","https:\/\/x.com\/PressenzaIPA"]},{"@type":"Person","@id":"https:\/\/www.pressenza.com\/es\/#\/schema\/person\/0dda7d1b68267ad95b1e1d83abc98c89","name":"Redacci\u00f3n Argentina","description":"News from the Pressenza Bureau in Argentina.","sameAs":["https:\/\/x.com\/pressenza"],"url":"https:\/\/www.pressenza.com\/es\/author\/redaccion-argentina\/"}]}},"place":"Santiago del Estero","original_article_url":"http:\/\/defensadelpublico.gob.ar\/es\/santiago-del-estero-se-llevo-cabo-segunda-audiencia-publica-convocada-defensoria","_links":{"self":[{"href":"https:\/\/www.pressenza.com\/es\/wp-json\/wp\/v2\/posts\/215383","targetHints":{"allow":["GET"]}}],"collection":[{"href":"https:\/\/www.pressenza.com\/es\/wp-json\/wp\/v2\/posts"}],"about":[{"href":"https:\/\/www.pressenza.com\/es\/wp-json\/wp\/v2\/types\/post"}],"author":[{"embeddable":true,"href":"https:\/\/www.pressenza.com\/es\/wp-json\/wp\/v2\/users\/87"}],"replies":[{"embeddable":true,"href":"https:\/\/www.pressenza.com\/es\/wp-json\/wp\/v2\/comments?post=215383"}],"version-history":[{"count":0,"href":"https:\/\/www.pressenza.com\/es\/wp-json\/wp\/v2\/posts\/215383\/revisions"}],"wp:featuredmedia":[{"embeddable":true,"href":"https:\/\/www.pressenza.com\/es\/wp-json\/wp\/v2\/media\/215384"}],"wp:attachment":[{"href":"https:\/\/www.pressenza.com\/es\/wp-json\/wp\/v2\/media?parent=215383"}],"wp:term":[{"taxonomy":"category","embeddable":true,"href":"https:\/\/www.pressenza.com\/es\/wp-json\/wp\/v2\/categories?post=215383"},{"taxonomy":"post_tag","embeddable":true,"href":"https:\/\/www.pressenza.com\/es\/wp-json\/wp\/v2\/tags?post=215383"}],"curies":[{"name":"wp","href":"https:\/\/api.w.org\/{rel}","templated":true}]}}