{"id":21331,"date":"2012-10-24T20:49:18","date_gmt":"2012-10-24T20:49:18","guid":{"rendered":"http:\/\/www.pressenza.com\/?p=21331"},"modified":"2012-10-25T10:38:30","modified_gmt":"2012-10-25T10:38:30","slug":"angel-martin-o-jugamos-a-la-solidaridad-o-me-muero-yo-y-manana-te-vas-a-morir-tu","status":"publish","type":"post","link":"https:\/\/www.pressenza.com\/es\/2012\/10\/angel-martin-o-jugamos-a-la-solidaridad-o-me-muero-yo-y-manana-te-vas-a-morir-tu\/","title":{"rendered":"\u00c1ngel Mart\u00edn: \u00abO jugamos a la solidaridad o me muero yo y ma\u00f1ana te vas a morir t\u00fa\u00bb"},"content":{"rendered":"<p>El activista \u00c1ngel Mart\u00edn nos cuenta el proceso que ha vivido el movimiento del 15M en la ciudad de M\u00e1laga.<\/p>\n<p>Forman parte del testimonio desde la acampada inicial en la Plaza de la Constituci\u00f3n hasta los frentes de acci\u00f3n barriales, sin olvidar el significado de la recuperaci\u00f3n de la militancia y la salida del individualismo.<\/p>\n<p>Sus palabras est\u00e1n marcadas por el reconocimiento de una nueva sensibilidad en la juventud y un avance en la solidaridad y la toma de consciencia.<\/p>\n<p>Tambi\u00e9n se habla de la situaci\u00f3n cr\u00edtica que vive la poblaci\u00f3n y del doloroso sinsentido del sistema imperante.<\/p>\n\n<p>&nbsp;<\/p>\n<p>&nbsp;<\/p>\n<p>&nbsp;<\/p>\n","protected":false},"excerpt":{"rendered":"<p>El activista \u00c1ngel Mart\u00edn nos cuenta el proceso que ha vivido el movimiento del 15M en la ciudad de M\u00e1laga. Forman parte del testimonio desde la acampada inicial en la Plaza de la Constituci\u00f3n hasta los frentes de acci\u00f3n barriales,&hellip;<\/p>\n","protected":false},"author":96,"featured_media":21335,"comment_status":"closed","ping_status":"open","sticky":false,"template":"","format":"standard","meta":{"footnotes":""},"categories":[155,66,74],"tags":[704,355,1065,1115,984,1114],"class_list":["post-21331","post","type-post","status-publish","format-standard","has-post-thumbnail","hentry","category-entrevistas","category-europa-es","category-politica-es","tag-15m-es","tag-crisis-es","tag-espana","tag-frentes-de-accion","tag-indignados-es","tag-malaga"],"yoast_head":"<!-- This site is optimized with the Yoast SEO plugin v27.1.1 - https:\/\/yoast.com\/product\/yoast-seo-wordpress\/ -->\n<title>\u00c1ngel Mart\u00edn: &quot;O jugamos a la solidaridad o me muero yo y ma\u00f1ana te vas a morir t\u00fa&quot;<\/title>\n<meta name=\"description\" content=\"El activista \u00c1ngel Mart\u00edn nos cuenta el proceso que ha vivido el movimiento del 15M en la ciudad de M\u00e1laga. Forman parte del testimonio desde la acampada\" \/>\n<meta name=\"robots\" content=\"index, follow, max-snippet:-1, max-image-preview:large, max-video-preview:-1\" \/>\n<link rel=\"canonical\" href=\"https:\/\/www.pressenza.com\/es\/2012\/10\/angel-martin-o-jugamos-a-la-solidaridad-o-me-muero-yo-y-manana-te-vas-a-morir-tu\/\" \/>\n<meta property=\"og:locale\" content=\"es_ES\" \/>\n<meta property=\"og:type\" content=\"article\" \/>\n<meta property=\"og:title\" content=\"\u00c1ngel Mart\u00edn: &quot;O jugamos a la solidaridad o me muero yo y ma\u00f1ana te vas a morir t\u00fa&quot;\" \/>\n<meta property=\"og:description\" content=\"El activista \u00c1ngel Mart\u00edn nos cuenta el proceso que ha vivido el movimiento del 15M en la ciudad de M\u00e1laga. Forman parte del testimonio desde la acampada\" \/>\n<meta property=\"og:url\" content=\"https:\/\/www.pressenza.com\/es\/2012\/10\/angel-martin-o-jugamos-a-la-solidaridad-o-me-muero-yo-y-manana-te-vas-a-morir-tu\/\" \/>\n<meta property=\"og:site_name\" content=\"Pressenza\" \/>\n<meta property=\"article:publisher\" content=\"https:\/\/www.facebook.com\/PressenzaItalia\" \/>\n<meta property=\"article:author\" content=\"https:\/\/www.facebook.com\/mariano.quiroga.779\" \/>\n<meta property=\"article:published_time\" content=\"2012-10-24T20:49:18+00:00\" \/>\n<meta property=\"article:modified_time\" content=\"2012-10-25T10:38:30+00:00\" \/>\n<meta property=\"og:image\" content=\"https:\/\/www.pressenza.com\/wp-content\/uploads\/2012\/10\/angelmartin.jpg\" \/>\n\t<meta property=\"og:image:width\" content=\"1920\" \/>\n\t<meta property=\"og:image:height\" content=\"1080\" \/>\n\t<meta property=\"og:image:type\" content=\"image\/jpeg\" \/>\n<meta name=\"author\" content=\"Mariano Quiroga\" \/>\n<meta name=\"twitter:card\" content=\"summary_large_image\" \/>\n<meta name=\"twitter:creator\" content=\"@MaruchoQuiroga\" \/>\n<meta name=\"twitter:site\" content=\"@PressenzaIPA\" \/>\n<meta name=\"twitter:label1\" content=\"Escrito por\" \/>\n\t<meta name=\"twitter:data1\" content=\"Mariano Quiroga\" \/>\n\t<meta name=\"twitter:label2\" content=\"Tiempo de lectura\" \/>\n\t<meta name=\"twitter:data2\" content=\"1 minuto\" \/>\n<script type=\"application\/ld+json\" class=\"yoast-schema-graph\">{\"@context\":\"https:\/\/schema.org\",\"@graph\":[{\"@type\":\"Article\",\"@id\":\"https:\/\/www.pressenza.com\/es\/2012\/10\/angel-martin-o-jugamos-a-la-solidaridad-o-me-muero-yo-y-manana-te-vas-a-morir-tu\/#article\",\"isPartOf\":{\"@id\":\"https:\/\/www.pressenza.com\/es\/2012\/10\/angel-martin-o-jugamos-a-la-solidaridad-o-me-muero-yo-y-manana-te-vas-a-morir-tu\/\"},\"author\":{\"name\":\"Mariano Quiroga\",\"@id\":\"https:\/\/www.pressenza.com\/es\/#\/schema\/person\/a0856fe41d8234b92503e6b28dc2585e\"},\"headline\":\"\u00c1ngel Mart\u00edn: \u00abO jugamos a la solidaridad o me muero yo y ma\u00f1ana te vas a morir t\u00fa\u00bb\",\"datePublished\":\"2012-10-24T20:49:18+00:00\",\"dateModified\":\"2012-10-25T10:38:30+00:00\",\"mainEntityOfPage\":{\"@id\":\"https:\/\/www.pressenza.com\/es\/2012\/10\/angel-martin-o-jugamos-a-la-solidaridad-o-me-muero-yo-y-manana-te-vas-a-morir-tu\/\"},\"wordCount\":137,\"publisher\":{\"@id\":\"https:\/\/www.pressenza.com\/es\/#organization\"},\"image\":{\"@id\":\"https:\/\/www.pressenza.com\/es\/2012\/10\/angel-martin-o-jugamos-a-la-solidaridad-o-me-muero-yo-y-manana-te-vas-a-morir-tu\/#primaryimage\"},\"thumbnailUrl\":\"https:\/\/www.pressenza.com\/wp-content\/uploads\/2012\/10\/angelmartin.jpg\",\"keywords\":[\"15M\",\"crisis\",\"Espa\u00f1a\",\"frentes de acci\u00f3n\",\"indignados\",\"m\u00e1laga\"],\"articleSection\":[\"Entrevistas\",\"Europa\",\"Pol\u00edtica\"],\"inLanguage\":\"es\"},{\"@type\":\"WebPage\",\"@id\":\"https:\/\/www.pressenza.com\/es\/2012\/10\/angel-martin-o-jugamos-a-la-solidaridad-o-me-muero-yo-y-manana-te-vas-a-morir-tu\/\",\"url\":\"https:\/\/www.pressenza.com\/es\/2012\/10\/angel-martin-o-jugamos-a-la-solidaridad-o-me-muero-yo-y-manana-te-vas-a-morir-tu\/\",\"name\":\"\u00c1ngel Mart\u00edn: \\\"O jugamos a la solidaridad o me muero yo y ma\u00f1ana te vas a morir t\u00fa\\\"\",\"isPartOf\":{\"@id\":\"https:\/\/www.pressenza.com\/es\/#website\"},\"primaryImageOfPage\":{\"@id\":\"https:\/\/www.pressenza.com\/es\/2012\/10\/angel-martin-o-jugamos-a-la-solidaridad-o-me-muero-yo-y-manana-te-vas-a-morir-tu\/#primaryimage\"},\"image\":{\"@id\":\"https:\/\/www.pressenza.com\/es\/2012\/10\/angel-martin-o-jugamos-a-la-solidaridad-o-me-muero-yo-y-manana-te-vas-a-morir-tu\/#primaryimage\"},\"thumbnailUrl\":\"https:\/\/www.pressenza.com\/wp-content\/uploads\/2012\/10\/angelmartin.jpg\",\"datePublished\":\"2012-10-24T20:49:18+00:00\",\"dateModified\":\"2012-10-25T10:38:30+00:00\",\"description\":\"El activista \u00c1ngel Mart\u00edn nos cuenta el proceso que ha vivido el movimiento del 15M en la ciudad de M\u00e1laga. Forman parte del testimonio desde la acampada\",\"breadcrumb\":{\"@id\":\"https:\/\/www.pressenza.com\/es\/2012\/10\/angel-martin-o-jugamos-a-la-solidaridad-o-me-muero-yo-y-manana-te-vas-a-morir-tu\/#breadcrumb\"},\"inLanguage\":\"es\",\"potentialAction\":[{\"@type\":\"ReadAction\",\"target\":[\"https:\/\/www.pressenza.com\/es\/2012\/10\/angel-martin-o-jugamos-a-la-solidaridad-o-me-muero-yo-y-manana-te-vas-a-morir-tu\/\"]}]},{\"@type\":\"ImageObject\",\"inLanguage\":\"es\",\"@id\":\"https:\/\/www.pressenza.com\/es\/2012\/10\/angel-martin-o-jugamos-a-la-solidaridad-o-me-muero-yo-y-manana-te-vas-a-morir-tu\/#primaryimage\",\"url\":\"https:\/\/www.pressenza.com\/wp-content\/uploads\/2012\/10\/angelmartin.jpg\",\"contentUrl\":\"https:\/\/www.pressenza.com\/wp-content\/uploads\/2012\/10\/angelmartin.jpg\",\"width\":\"1920\",\"height\":\"1080\"},{\"@type\":\"BreadcrumbList\",\"@id\":\"https:\/\/www.pressenza.com\/es\/2012\/10\/angel-martin-o-jugamos-a-la-solidaridad-o-me-muero-yo-y-manana-te-vas-a-morir-tu\/#breadcrumb\",\"itemListElement\":[{\"@type\":\"ListItem\",\"position\":1,\"name\":\"Accueil\",\"item\":\"https:\/\/www.pressenza.com\/es\/\"},{\"@type\":\"ListItem\",\"position\":2,\"name\":\"\u00c1ngel Mart\u00edn: \u00abO jugamos a la solidaridad o me muero yo y ma\u00f1ana te vas a morir t\u00fa\u00bb\"}]},{\"@type\":\"WebSite\",\"@id\":\"https:\/\/www.pressenza.com\/es\/#website\",\"url\":\"https:\/\/www.pressenza.com\/es\/\",\"name\":\"Pressenza\",\"description\":\"International Press Agency\",\"publisher\":{\"@id\":\"https:\/\/www.pressenza.com\/es\/#organization\"},\"potentialAction\":[{\"@type\":\"SearchAction\",\"target\":{\"@type\":\"EntryPoint\",\"urlTemplate\":\"https:\/\/www.pressenza.com\/es\/?s={search_term_string}\"},\"query-input\":{\"@type\":\"PropertyValueSpecification\",\"valueRequired\":true,\"valueName\":\"search_term_string\"}}],\"inLanguage\":\"es\"},{\"@type\":\"Organization\",\"@id\":\"https:\/\/www.pressenza.com\/es\/#organization\",\"name\":\"Pressenza\",\"url\":\"https:\/\/www.pressenza.com\/es\/\",\"logo\":{\"@type\":\"ImageObject\",\"inLanguage\":\"es\",\"@id\":\"https:\/\/www.pressenza.com\/es\/#\/schema\/logo\/image\/\",\"url\":\"https:\/\/www.pressenza.com\/wp-content\/uploads\/2022\/10\/pressenza_logo_200x200.jpg\",\"contentUrl\":\"https:\/\/www.pressenza.com\/wp-content\/uploads\/2022\/10\/pressenza_logo_200x200.jpg\",\"width\":200,\"height\":200,\"caption\":\"Pressenza\"},\"image\":{\"@id\":\"https:\/\/www.pressenza.com\/es\/#\/schema\/logo\/image\/\"},\"sameAs\":[\"https:\/\/www.facebook.com\/PressenzaItalia\",\"https:\/\/x.com\/PressenzaIPA\"]},{\"@type\":\"Person\",\"@id\":\"https:\/\/www.pressenza.com\/es\/#\/schema\/person\/a0856fe41d8234b92503e6b28dc2585e\",\"name\":\"Mariano Quiroga\",\"description\":\"Born in Buenos Aires, Argentina, in 1976, Mariano is a journalist, poet and international editor for Pressenza. His career includes publications in different countries and languages. Currently he is presenter on radio programmes in Ecuador and Argentina. A humanist communicator specialising in international politics, his vocation has led him to seek to build bridges that allow relationships to be made between data, events, people and contexts in order to create an inclusive look that synthesises the noblest searches for social justice and humanisation of the planet.\",\"sameAs\":[\"https:\/\/www.facebook.com\/mariano.quiroga.779\",\"https:\/\/x.com\/MaruchoQuiroga\"],\"url\":\"https:\/\/www.pressenza.com\/es\/author\/mariano-quiroga\/\"}]}<\/script>\n<!-- \/ Yoast SEO plugin. -->","yoast_head_json":{"title":"\u00c1ngel Mart\u00edn: \"O jugamos a la solidaridad o me muero yo y ma\u00f1ana te vas a morir t\u00fa\"","description":"El activista \u00c1ngel Mart\u00edn nos cuenta el proceso que ha vivido el movimiento del 15M en la ciudad de M\u00e1laga. Forman parte del testimonio desde la acampada","robots":{"index":"index","follow":"follow","max-snippet":"max-snippet:-1","max-image-preview":"max-image-preview:large","max-video-preview":"max-video-preview:-1"},"canonical":"https:\/\/www.pressenza.com\/es\/2012\/10\/angel-martin-o-jugamos-a-la-solidaridad-o-me-muero-yo-y-manana-te-vas-a-morir-tu\/","og_locale":"es_ES","og_type":"article","og_title":"\u00c1ngel Mart\u00edn: \"O jugamos a la solidaridad o me muero yo y ma\u00f1ana te vas a morir t\u00fa\"","og_description":"El activista \u00c1ngel Mart\u00edn nos cuenta el proceso que ha vivido el movimiento del 15M en la ciudad de M\u00e1laga. Forman parte del testimonio desde la acampada","og_url":"https:\/\/www.pressenza.com\/es\/2012\/10\/angel-martin-o-jugamos-a-la-solidaridad-o-me-muero-yo-y-manana-te-vas-a-morir-tu\/","og_site_name":"Pressenza","article_publisher":"https:\/\/www.facebook.com\/PressenzaItalia","article_author":"https:\/\/www.facebook.com\/mariano.quiroga.779","article_published_time":"2012-10-24T20:49:18+00:00","article_modified_time":"2012-10-25T10:38:30+00:00","og_image":[{"width":1920,"height":1080,"url":"https:\/\/www.pressenza.com\/wp-content\/uploads\/2012\/10\/angelmartin.jpg","type":"image\/jpeg"}],"author":"Mariano Quiroga","twitter_card":"summary_large_image","twitter_creator":"@MaruchoQuiroga","twitter_site":"@PressenzaIPA","twitter_misc":{"Escrito por":"Mariano Quiroga","Tiempo de lectura":"1 minuto"},"schema":{"@context":"https:\/\/schema.org","@graph":[{"@type":"Article","@id":"https:\/\/www.pressenza.com\/es\/2012\/10\/angel-martin-o-jugamos-a-la-solidaridad-o-me-muero-yo-y-manana-te-vas-a-morir-tu\/#article","isPartOf":{"@id":"https:\/\/www.pressenza.com\/es\/2012\/10\/angel-martin-o-jugamos-a-la-solidaridad-o-me-muero-yo-y-manana-te-vas-a-morir-tu\/"},"author":{"name":"Mariano Quiroga","@id":"https:\/\/www.pressenza.com\/es\/#\/schema\/person\/a0856fe41d8234b92503e6b28dc2585e"},"headline":"\u00c1ngel Mart\u00edn: \u00abO jugamos a la solidaridad o me muero yo y ma\u00f1ana te vas a morir t\u00fa\u00bb","datePublished":"2012-10-24T20:49:18+00:00","dateModified":"2012-10-25T10:38:30+00:00","mainEntityOfPage":{"@id":"https:\/\/www.pressenza.com\/es\/2012\/10\/angel-martin-o-jugamos-a-la-solidaridad-o-me-muero-yo-y-manana-te-vas-a-morir-tu\/"},"wordCount":137,"publisher":{"@id":"https:\/\/www.pressenza.com\/es\/#organization"},"image":{"@id":"https:\/\/www.pressenza.com\/es\/2012\/10\/angel-martin-o-jugamos-a-la-solidaridad-o-me-muero-yo-y-manana-te-vas-a-morir-tu\/#primaryimage"},"thumbnailUrl":"https:\/\/www.pressenza.com\/wp-content\/uploads\/2012\/10\/angelmartin.jpg","keywords":["15M","crisis","Espa\u00f1a","frentes de acci\u00f3n","indignados","m\u00e1laga"],"articleSection":["Entrevistas","Europa","Pol\u00edtica"],"inLanguage":"es"},{"@type":"WebPage","@id":"https:\/\/www.pressenza.com\/es\/2012\/10\/angel-martin-o-jugamos-a-la-solidaridad-o-me-muero-yo-y-manana-te-vas-a-morir-tu\/","url":"https:\/\/www.pressenza.com\/es\/2012\/10\/angel-martin-o-jugamos-a-la-solidaridad-o-me-muero-yo-y-manana-te-vas-a-morir-tu\/","name":"\u00c1ngel Mart\u00edn: \"O jugamos a la solidaridad o me muero yo y ma\u00f1ana te vas a morir t\u00fa\"","isPartOf":{"@id":"https:\/\/www.pressenza.com\/es\/#website"},"primaryImageOfPage":{"@id":"https:\/\/www.pressenza.com\/es\/2012\/10\/angel-martin-o-jugamos-a-la-solidaridad-o-me-muero-yo-y-manana-te-vas-a-morir-tu\/#primaryimage"},"image":{"@id":"https:\/\/www.pressenza.com\/es\/2012\/10\/angel-martin-o-jugamos-a-la-solidaridad-o-me-muero-yo-y-manana-te-vas-a-morir-tu\/#primaryimage"},"thumbnailUrl":"https:\/\/www.pressenza.com\/wp-content\/uploads\/2012\/10\/angelmartin.jpg","datePublished":"2012-10-24T20:49:18+00:00","dateModified":"2012-10-25T10:38:30+00:00","description":"El activista \u00c1ngel Mart\u00edn nos cuenta el proceso que ha vivido el movimiento del 15M en la ciudad de M\u00e1laga. Forman parte del testimonio desde la acampada","breadcrumb":{"@id":"https:\/\/www.pressenza.com\/es\/2012\/10\/angel-martin-o-jugamos-a-la-solidaridad-o-me-muero-yo-y-manana-te-vas-a-morir-tu\/#breadcrumb"},"inLanguage":"es","potentialAction":[{"@type":"ReadAction","target":["https:\/\/www.pressenza.com\/es\/2012\/10\/angel-martin-o-jugamos-a-la-solidaridad-o-me-muero-yo-y-manana-te-vas-a-morir-tu\/"]}]},{"@type":"ImageObject","inLanguage":"es","@id":"https:\/\/www.pressenza.com\/es\/2012\/10\/angel-martin-o-jugamos-a-la-solidaridad-o-me-muero-yo-y-manana-te-vas-a-morir-tu\/#primaryimage","url":"https:\/\/www.pressenza.com\/wp-content\/uploads\/2012\/10\/angelmartin.jpg","contentUrl":"https:\/\/www.pressenza.com\/wp-content\/uploads\/2012\/10\/angelmartin.jpg","width":"1920","height":"1080"},{"@type":"BreadcrumbList","@id":"https:\/\/www.pressenza.com\/es\/2012\/10\/angel-martin-o-jugamos-a-la-solidaridad-o-me-muero-yo-y-manana-te-vas-a-morir-tu\/#breadcrumb","itemListElement":[{"@type":"ListItem","position":1,"name":"Accueil","item":"https:\/\/www.pressenza.com\/es\/"},{"@type":"ListItem","position":2,"name":"\u00c1ngel Mart\u00edn: \u00abO jugamos a la solidaridad o me muero yo y ma\u00f1ana te vas a morir t\u00fa\u00bb"}]},{"@type":"WebSite","@id":"https:\/\/www.pressenza.com\/es\/#website","url":"https:\/\/www.pressenza.com\/es\/","name":"Pressenza","description":"International Press Agency","publisher":{"@id":"https:\/\/www.pressenza.com\/es\/#organization"},"potentialAction":[{"@type":"SearchAction","target":{"@type":"EntryPoint","urlTemplate":"https:\/\/www.pressenza.com\/es\/?s={search_term_string}"},"query-input":{"@type":"PropertyValueSpecification","valueRequired":true,"valueName":"search_term_string"}}],"inLanguage":"es"},{"@type":"Organization","@id":"https:\/\/www.pressenza.com\/es\/#organization","name":"Pressenza","url":"https:\/\/www.pressenza.com\/es\/","logo":{"@type":"ImageObject","inLanguage":"es","@id":"https:\/\/www.pressenza.com\/es\/#\/schema\/logo\/image\/","url":"https:\/\/www.pressenza.com\/wp-content\/uploads\/2022\/10\/pressenza_logo_200x200.jpg","contentUrl":"https:\/\/www.pressenza.com\/wp-content\/uploads\/2022\/10\/pressenza_logo_200x200.jpg","width":200,"height":200,"caption":"Pressenza"},"image":{"@id":"https:\/\/www.pressenza.com\/es\/#\/schema\/logo\/image\/"},"sameAs":["https:\/\/www.facebook.com\/PressenzaItalia","https:\/\/x.com\/PressenzaIPA"]},{"@type":"Person","@id":"https:\/\/www.pressenza.com\/es\/#\/schema\/person\/a0856fe41d8234b92503e6b28dc2585e","name":"Mariano Quiroga","description":"Born in Buenos Aires, Argentina, in 1976, Mariano is a journalist, poet and international editor for Pressenza. His career includes publications in different countries and languages. Currently he is presenter on radio programmes in Ecuador and Argentina. A humanist communicator specialising in international politics, his vocation has led him to seek to build bridges that allow relationships to be made between data, events, people and contexts in order to create an inclusive look that synthesises the noblest searches for social justice and humanisation of the planet.","sameAs":["https:\/\/www.facebook.com\/mariano.quiroga.779","https:\/\/x.com\/MaruchoQuiroga"],"url":"https:\/\/www.pressenza.com\/es\/author\/mariano-quiroga\/"}]}},"place":"Barcelona","original_article_url":"","_links":{"self":[{"href":"https:\/\/www.pressenza.com\/es\/wp-json\/wp\/v2\/posts\/21331","targetHints":{"allow":["GET"]}}],"collection":[{"href":"https:\/\/www.pressenza.com\/es\/wp-json\/wp\/v2\/posts"}],"about":[{"href":"https:\/\/www.pressenza.com\/es\/wp-json\/wp\/v2\/types\/post"}],"author":[{"embeddable":true,"href":"https:\/\/www.pressenza.com\/es\/wp-json\/wp\/v2\/users\/96"}],"replies":[{"embeddable":true,"href":"https:\/\/www.pressenza.com\/es\/wp-json\/wp\/v2\/comments?post=21331"}],"version-history":[{"count":0,"href":"https:\/\/www.pressenza.com\/es\/wp-json\/wp\/v2\/posts\/21331\/revisions"}],"wp:featuredmedia":[{"embeddable":true,"href":"https:\/\/www.pressenza.com\/es\/wp-json\/wp\/v2\/media\/21335"}],"wp:attachment":[{"href":"https:\/\/www.pressenza.com\/es\/wp-json\/wp\/v2\/media?parent=21331"}],"wp:term":[{"taxonomy":"category","embeddable":true,"href":"https:\/\/www.pressenza.com\/es\/wp-json\/wp\/v2\/categories?post=21331"},{"taxonomy":"post_tag","embeddable":true,"href":"https:\/\/www.pressenza.com\/es\/wp-json\/wp\/v2\/tags?post=21331"}],"curies":[{"name":"wp","href":"https:\/\/api.w.org\/{rel}","templated":true}]}}