{"id":213066,"date":"2015-08-22T16:32:32","date_gmt":"2015-08-22T15:32:32","guid":{"rendered":"http:\/\/www.pressenza.com\/?p=213066"},"modified":"2015-08-22T16:32:32","modified_gmt":"2015-08-22T15:32:32","slug":"el-consumo-colaborativo-tiene-la-capacidad-de-sacar-a-la-luz-la-economia-sumergida","status":"publish","type":"post","link":"https:\/\/www.pressenza.com\/es\/2015\/08\/el-consumo-colaborativo-tiene-la-capacidad-de-sacar-a-la-luz-la-economia-sumergida\/","title":{"rendered":"\u00abEl consumo colaborativo tiene la capacidad de sacar a la luz la econom\u00eda sumergida\u00bb"},"content":{"rendered":"<div class=\"subtitle bkn mce sk2\">\n<p><em>Jos\u00e9 Luis Zimmermann es portavoz de Sharing Espa\u00f1a, la primera asociaci\u00f3n del pa\u00eds que re\u00fane a empresas de econom\u00eda colaborativa.<\/em><\/p>\n<p><em>Zimmermann niega que estas plataformas est\u00e9n ejerciendo competencia desleal: \u00abHay que pensar si la regulaci\u00f3n actual piensa en el inter\u00e9s general o en el de un sector\u00bb.<\/em><\/p>\n<p><em>Defiende que Uber, prohibido en Espa\u00f1a por un juez, encaja con el consumo colaborativo aunque admite que se trata de un \u00abmodelo controvertido\u00bb.<\/em><\/p>\n<p><em><strong>Por Ana Mar\u00eda Requena<\/strong><\/em><\/p>\n<div id=\"edi-body\" class=\"mce-body mce no-sticky-adv-socios\">\n<p class=\"mce\">Si de algo se ha hablado en los \u00faltimos meses es de consumo colaborativo: compartir coche para ir a pasar el fin de semana o alquilar un apartamento por d\u00edas a un anfitri\u00f3n que aprovecha para arrendarlo mientras pasa una temporada fuera son ya pr\u00e1cticas extendidas. En medio de esa nueva forma de entender el consumo est\u00e1n plataformas como BlablaCar, Airbnb, Amovens, HomeAway, Respiro o Cabify, que se enfrentan a las dudas que genera su modelo de negocio.<\/p>\n<p class=\"mce\">Hace unos meses se unieron en <a class=\"mce\" href=\"http:\/\/www.sharingespana.es\/quienes-somos\/\"> Sharing Espa\u00f1a<\/a>, la primera asociaci\u00f3n del sector que aspira a representar los intereses del colectivo. Jos\u00e9 Luis Zimmermann es su portavoz y defiende al sector de las acusaciones de competencia desleal. Zimmermann subraya que la regulaci\u00f3n debe velar por el inter\u00e9s general y adaptarse a los nuevos modelos.<\/p>\n<p class=\"mce\"><strong class=\"mce\"> \u00bfC\u00f3mo definir\u00eda la econom\u00eda colaborativa?<\/strong><\/p>\n<p class=\"mce\">No hay una definici\u00f3n clara. El t\u00e9rmino tiene m\u00e1s que ver con el consumo, con c\u00f3mo hay un cambio en el consumidor que le hace adquirir productos y servicios de manera diferente a como lo hac\u00eda antes. B\u00e1sicamente, en lugar de poseer esos productos o servicios, se accede a ellos. Se tienen que dar varias condiciones: que exista un mercado y una plataforma, que haya oferentes y demandantes que sean pares, es decir, consumidores, y que el producto o servicios que se intercambien sean un activo ocioso, bien sea el coche, la casa o el tiempo. Pero es un concepto que se queda corto porque ya hay proyectos trascienden el consumo y que tienen que ver con la fabricaci\u00f3n, o con c\u00f3mo se desarrollan ciertos productos. Hablamos en general de un modelo econ\u00f3mico donde prima m\u00e1s el acceso que la propiedad.<\/p>\n<p class=\"mce\"><strong class=\"mce\"> \u00bfC\u00f3mo cuadra esa condici\u00f3n de que los oferentes y demandantes sean pares con que haya empresas y plataformas que est\u00e9n haciendo y ganando dinero con este intercambio?, \u00bfno es contradictorio?<\/strong><\/p>\n<p class=\"mce\">No, en ning\u00fan caso. Hay una confusi\u00f3n al asociar el consumo colaborativo al sin \u00e1nimo de lucro. La plataforma que provee ese servicio puede cobrar o no. Por ejemplo, Wallapop no aplica una comisi\u00f3n a los intercambios, eso no quiere decir que sea una empresa sin \u00e1nimo de lucro. El t\u00e9rmino colaborativo lleva a pensar que tiene que haber esa colaboraci\u00f3n, incluso a trav\u00e9s de plataformas, sin \u00e1nimo de lucro.<\/p>\n<p class=\"mce\"><strong class=\"mce\"> \u00bfPor qu\u00e9 en Sharing Espa\u00f1a hay plataformas como Airbnb o BlablaCar, pero no est\u00e1 Uber? Hay que recordar que un juez orden\u00f3 el cierre de Uber en Espa\u00f1a por considerarlo competencia desleal.<br class=\"mce\" \/> <\/strong><\/p>\n<p class=\"mce\">Nosotros contactamos con todas las empresas. Es verdad que Uber est\u00e1 atravesando una circunstancia excepcional en Espa\u00f1a con una prohibici\u00f3n cautelar, pero eso no quiere decir que no se vaya a incorporar en la asociaci\u00f3n en el futuro. Para nosotros el modelo de Uber encaja perfectamente como consumo colaborativo, otra cosa es que algunos modelos se enfrenten a una regulaci\u00f3n y a una forma de proveeer servicios que ya existe y que tenga dificultades para operar en esos sectores. Es un modelo controvertido pero en ning\u00fan caso eso tiene que ver con que no est\u00e9 en nuestra asociaci\u00f3n.<\/p>\n<p class=\"mce\"><strong class=\"mce\"> Ahora la patronal de autobuses tambi\u00e9n ha denunciado a BlablaCar por motivos similares a lo que sucedi\u00f3 con Uber. \u00bfPara ustedes\u00a0estas plataformas implican competencia desleal o no?<\/strong><\/p>\n<p class=\"mce\">No. Como punto de partida, estamos hablando de modelos disruptivos que se van a encontrar con fricciones, sobre todo en sectores que est\u00e1n muy regulados, como es el transporte. Por otra parte, desde nuestro punto de vista no es lo mismo: Confeb\u00fas tendr\u00e1 que demostrar que los particulares que proveen el servicio lo hacen como una actividad econ\u00f3mica y no para compartir coche. A m\u00ed me cuesta pensar que alguien pueda vivir de hacer viajes en BlablaCar. Puede darse el caso, pero porque haya unas pocas personas que lo hagan, \u00bfhay que defenderse de BlablaCar? Adem\u00e1s, la plataforma est\u00e1 cubierta por la Ley, que permite la actividad de compartir coche a cambio de una dieta o aportaci\u00f3n para compartir gastos, aunque lo tendr\u00e1 que decir un juez. Veo m\u00e1s complicado que un juez admita los argumentos de Confeb\u00fas que en el caso de Uber.<\/p>\n<p class=\"mce\"><strong class=\"mce\"> Sobre Uber ha habido m\u00e1s pol\u00e9mica porque a veces han aparecido anuncios en los que la plataforma aparentemente ofrec\u00eda puestos de trabajo como conductor.<\/strong><\/p>\n<p class=\"mce\">Insisto en que eso habr\u00e1 que demostrarlo. En el caso de la suspensi\u00f3n cautelar de Uber tenemos muchas dudas. Nosotros decimos que la regulaci\u00f3n debe velar por el inter\u00e9s general. Estas empresas u otras vienen a ofrecer un servicio de manera muchas veces m\u00e1s econ\u00f3mica, eficiente y sostenible. Entonces, lo que hay que pensar es, \u00bfesta regulaci\u00f3n tiene sentido?, \u00bfest\u00e1 pensando en el inter\u00e9s general o en el inter\u00e9s de un sector? Por otro lado, hay que eliminar las barreras de entrada: desde un punto de de vista de la competencia hay que procurar que haya alternativas en el mercado que le den diferentes opciones al consumidor.<\/p>\n<p class=\"mce\"><strong class=\"mce\"> Otro asunto discutido es el de la seguridad jur\u00eddica. \u00bfC\u00f3mo afrontar el miedo de los usuarios a la inseguridad? Mucha gente a\u00fan duda sobre si esas plataformas van a responder si tienen alg\u00fan problema. \u00bfEs un riesgo que hay que asumir como parte de esta forma de intercambio?<\/strong><\/p>\n<p class=\"mce\">Todas estas plataformas no tendr\u00edan \u00e9xito sin un escenario de confianza y transparencia. Yo no voy a dejar mi casa a otros sin conocer de antemano cierta informaci\u00f3n sobre ellos y esa informaci\u00f3n me la van a dar otros pares, otra gente que ha alquilado esa casa. Tengo una informaci\u00f3n de antemano que es vital para ese intercambio y eso es vital en todos los modelos de econom\u00eda colaborativa. Si vas a coger un servicio de transporte, tengo informaci\u00f3n sobre esa persona, s\u00e9 las veces que ha hecho el servicio, s\u00e9 la gente que lo ha valorado, s\u00e9 si es puntual o si conduce bien o si es especialmente limpio.<\/p>\n<p class=\"mce\">Tengo mucha m\u00e1s informaci\u00f3n de la que ten\u00eda antes. Estamos hablando de mercados con mucha m\u00e1s transparencia. Al margen de esto, las empresas o, al menos la gran mayor\u00eda, tienen cubiertos con seguros de responsabilidad esos supuestos. En cualquier caso, como en cualquier transacci\u00f3n que no ves f\u00edsicamente debes tener ciertas cautelas: que esa empresa exista, que haya un contacto, que no sea un proveedor del que no conozcas nada. Pero eso pasa tanto en el mundo real como en el online.<\/p>\n<p class=\"mce\"><strong class=\"mce\"> Se habla tambi\u00e9n de si determinados servicios pueden ser un coladero para la econom\u00eda sumergida. Por ejemplo, personas que alquilen su casa sin que declaren esa actividad. \u00bfPueden favorecer algunas plataformas este tipo de pr\u00e1cticas?, \u00bfhay suficientes controles?<br class=\"mce\" \/> <\/strong><\/p>\n<p class=\"mce\">El primero que tiene que declarar es el particular que hace esa actividad. Pero precisamente este es uno de los argumentos que tenemos: las empresas de econom\u00eda colaborativa tienen la capacidad para que muchas actividades que normalmente estaban en la ecoom\u00eda sumergida y eran opacas al fisco salgan a la luz. Al final, alquileres vacacionales ha habido toda la vida, muchas veces se hac\u00edan a trav\u00e9s de los peri\u00f3dicos y nadie dir\u00eda que esos peri\u00f3dicos fomentaban la econom\u00eda sumergida. La diferencia es que estas plataformas pueden aportar una trazabilidad fiscal, pueden dar informaci\u00f3n a Hacienda, tienen la informaci\u00f3n de sus usuarios y est\u00e1n en disposici\u00f3n de que esto sea transparente.<\/p>\n<p class=\"mce\">Tambi\u00e9n como asociaci\u00f3n hemos planteado que esta figura del ciudadano productor o del microemprendedor exige un cambio radical de lo que es un aut\u00f3nomo en Espa\u00f1a. Tienen que existir figuras que permitan a la gente obtener unos ingresos extra, que no sean de forma permanente o su principal actividad, sin tener que pagar 350 euros al mes o pagar a un asesor.<\/p>\n<p class=\"mce\"><strong class=\"mce\"> Como asociaci\u00f3n, \u00bfhan tenido contactos con partidos pol\u00edticos o con comunidades aut\u00f3nomas, que son sobre las que recaen, por ejemplo, las competencias sobre alquiler vacacional para tratar estos temas?<\/strong><\/p>\n<p class=\"mce\">S\u00ed, con todos. Aqu\u00ed radica uno de los principales problemas, la dispersi\u00f3n regulatoria. Hay empresas espa\u00f1olas que se dedican a hacer lo mismo que, por ejemplo, Airbnb y tienen que atenerse a 17 regulaciones distintas. En Madrid los particulares no pueden alquilar su casa por menos de cinco d\u00edas, algo diferente a lo que ocurre en Baleares, donde estos alquileres est\u00e1n prohibidos. Estamos hablado de empresas digitales que nacen con vocaci\u00f3n global, lo interesante ser\u00eda no pelear contra Uber o Airnbn sino que en Espa\u00f1a hubiera Ubers o Airbnb y seguir modelos que son disruptivos pero que tienen capacidad de competir internacionalmente y de crear empleo. Esto va en contra del mercado \u00fanico y hay una ley de mercado \u00fanico en Espa\u00f1a.<\/p>\n<p class=\"mce\"><strong class=\"mce\"> \u00bfHay alg\u00fan referente europeo que les parezca posible replicar en Espa\u00f1a y con el que est\u00e9n de acuerdo?<\/strong><\/p>\n<p class=\"mce\">En general, el referente es Reino Unido. Londres es una ciudad m\u00e1s abierta, entiende que este modelo de alojamiento ofrece otra alternativa. Se regula por el inter\u00e9s general, no para proteger a un sector. En Londres no funcionar\u00eda el transporte si solo hubiera servicios de los taxis negros. Por eso hay servicios alternativos, no queridos por el sector de los taxis, pero s\u00ed tolerados. Tienen una visi\u00f3n m\u00e1s pragm\u00e1tica y realista, saben que es un fen\u00f3meno que cuestiona la manera en la que se ofrecen estos servicios y vamos a ver por qu\u00e9 estamos regulando. Siempre y cuando estas plataformas me ofrezcan informaci\u00f3n sobre los usuarios que den servicios similares a los alojamientos tradicionales y est\u00e9n aprovechando para saltarse esa regulaci\u00f3n. En muchos casos, Airbnb est\u00e1 dando informaci\u00f3n sobre aquellos usuarios que tienen tres o cuatro propiedades o que lo hacen de manera habitual.<\/p>\n<\/div>\n<\/div>\n","protected":false},"excerpt":{"rendered":"<p>Jos\u00e9 Luis Zimmermann es portavoz de Sharing Espa\u00f1a, la primera asociaci\u00f3n del pa\u00eds que re\u00fane a empresas de econom\u00eda colaborativa. Zimmermann niega que estas plataformas est\u00e9n ejerciendo competencia desleal: \u00abHay que pensar si la regulaci\u00f3n actual piensa en el inter\u00e9s&hellip;<\/p>\n","protected":false},"author":1170,"featured_media":213067,"comment_status":"closed","ping_status":"open","sticky":false,"template":"","format":"standard","meta":{"footnotes":""},"categories":[75,81,155,66],"tags":[1433,355,696,441,17460,5731,1065,1398,631],"class_list":["post-213066","post","type-post","status-publish","format-standard","has-post-thumbnail","hentry","category-cultura-es","category-economia-es","category-entrevistas","category-europa-es","tag-consumo","tag-crisis-es","tag-democracia","tag-derechos-humanos","tag-economia-colaborativa","tag-efecto-demostracion-es","tag-espana","tag-estado-espanol","tag-violencia-economica"],"yoast_head":"<!-- This site is optimized with the Yoast SEO plugin v27.1.1 - https:\/\/yoast.com\/product\/yoast-seo-wordpress\/ -->\n<title>&quot;El consumo colaborativo tiene la capacidad de sacar a la luz la econom\u00eda sumergida&quot;<\/title>\n<meta name=\"description\" content=\"Jos\u00e9 Luis Zimmermann es portavoz de Sharing Espa\u00f1a, la primera asociaci\u00f3n del pa\u00eds que re\u00fane a empresas de econom\u00eda colaborativa. Zimmermann niega que\" \/>\n<meta name=\"robots\" content=\"index, follow, max-snippet:-1, max-image-preview:large, max-video-preview:-1\" \/>\n<link rel=\"canonical\" href=\"https:\/\/www.pressenza.com\/es\/2015\/08\/el-consumo-colaborativo-tiene-la-capacidad-de-sacar-a-la-luz-la-economia-sumergida\/\" \/>\n<meta property=\"og:locale\" content=\"es_ES\" \/>\n<meta property=\"og:type\" content=\"article\" \/>\n<meta property=\"og:title\" content=\"&quot;El consumo colaborativo tiene la capacidad de sacar a la luz la econom\u00eda sumergida&quot;\" \/>\n<meta property=\"og:description\" content=\"Jos\u00e9 Luis Zimmermann es portavoz de Sharing Espa\u00f1a, la primera asociaci\u00f3n del pa\u00eds que re\u00fane a empresas de econom\u00eda colaborativa. Zimmermann niega que\" \/>\n<meta property=\"og:url\" content=\"https:\/\/www.pressenza.com\/es\/2015\/08\/el-consumo-colaborativo-tiene-la-capacidad-de-sacar-a-la-luz-la-economia-sumergida\/\" \/>\n<meta property=\"og:site_name\" content=\"Pressenza\" \/>\n<meta property=\"article:publisher\" content=\"https:\/\/www.facebook.com\/PressenzaItalia\" \/>\n<meta property=\"article:published_time\" content=\"2015-08-22T15:32:32+00:00\" \/>\n<meta property=\"og:image\" content=\"https:\/\/www.pressenza.com\/wp-content\/uploads\/2015\/08\/Zimmerman-Adigital-Sharing-Espana-FOTO_EDIIMA20150820_0321_19.jpg\" \/>\n\t<meta property=\"og:image:width\" content=\"643\" \/>\n\t<meta property=\"og:image:height\" content=\"362\" \/>\n\t<meta property=\"og:image:type\" content=\"image\/jpeg\" \/>\n<meta name=\"author\" content=\"eldiario.es\" \/>\n<meta name=\"twitter:card\" content=\"summary_large_image\" \/>\n<meta name=\"twitter:creator\" content=\"@PressenzaIPA\" \/>\n<meta name=\"twitter:site\" content=\"@PressenzaIPA\" \/>\n<meta name=\"twitter:label1\" content=\"Escrito por\" \/>\n\t<meta name=\"twitter:data1\" content=\"eldiario.es\" \/>\n\t<meta name=\"twitter:label2\" content=\"Tiempo de lectura\" \/>\n\t<meta name=\"twitter:data2\" content=\"9 minutos\" \/>\n<script type=\"application\/ld+json\" class=\"yoast-schema-graph\">{\"@context\":\"https:\/\/schema.org\",\"@graph\":[{\"@type\":\"Article\",\"@id\":\"https:\/\/www.pressenza.com\/es\/2015\/08\/el-consumo-colaborativo-tiene-la-capacidad-de-sacar-a-la-luz-la-economia-sumergida\/#article\",\"isPartOf\":{\"@id\":\"https:\/\/www.pressenza.com\/es\/2015\/08\/el-consumo-colaborativo-tiene-la-capacidad-de-sacar-a-la-luz-la-economia-sumergida\/\"},\"author\":{\"name\":\"eldiario.es\",\"@id\":\"https:\/\/www.pressenza.com\/es\/#\/schema\/person\/35221cfd7eeca947b184bfc91172e541\"},\"headline\":\"\u00abEl consumo colaborativo tiene la capacidad de sacar a la luz la econom\u00eda sumergida\u00bb\",\"datePublished\":\"2015-08-22T15:32:32+00:00\",\"mainEntityOfPage\":{\"@id\":\"https:\/\/www.pressenza.com\/es\/2015\/08\/el-consumo-colaborativo-tiene-la-capacidad-de-sacar-a-la-luz-la-economia-sumergida\/\"},\"wordCount\":1789,\"publisher\":{\"@id\":\"https:\/\/www.pressenza.com\/es\/#organization\"},\"image\":{\"@id\":\"https:\/\/www.pressenza.com\/es\/2015\/08\/el-consumo-colaborativo-tiene-la-capacidad-de-sacar-a-la-luz-la-economia-sumergida\/#primaryimage\"},\"thumbnailUrl\":\"https:\/\/www.pressenza.com\/wp-content\/uploads\/2015\/08\/Zimmerman-Adigital-Sharing-Espana-FOTO_EDIIMA20150820_0321_19.jpg\",\"keywords\":[\"consumo\",\"crisis\",\"Democracia\",\"Derechos humanos\",\"Econom\u00eda colaborativa\",\"efecto demostraci\u00f3n\",\"Espa\u00f1a\",\"Estado espa\u00f1ol\",\"Violencia econ\u00f3mica\"],\"articleSection\":[\"Cultura y Medios\",\"Econom\u00eda\",\"Entrevistas\",\"Europa\"],\"inLanguage\":\"es\"},{\"@type\":\"WebPage\",\"@id\":\"https:\/\/www.pressenza.com\/es\/2015\/08\/el-consumo-colaborativo-tiene-la-capacidad-de-sacar-a-la-luz-la-economia-sumergida\/\",\"url\":\"https:\/\/www.pressenza.com\/es\/2015\/08\/el-consumo-colaborativo-tiene-la-capacidad-de-sacar-a-la-luz-la-economia-sumergida\/\",\"name\":\"\\\"El consumo colaborativo tiene la capacidad de sacar a la luz la econom\u00eda sumergida\\\"\",\"isPartOf\":{\"@id\":\"https:\/\/www.pressenza.com\/es\/#website\"},\"primaryImageOfPage\":{\"@id\":\"https:\/\/www.pressenza.com\/es\/2015\/08\/el-consumo-colaborativo-tiene-la-capacidad-de-sacar-a-la-luz-la-economia-sumergida\/#primaryimage\"},\"image\":{\"@id\":\"https:\/\/www.pressenza.com\/es\/2015\/08\/el-consumo-colaborativo-tiene-la-capacidad-de-sacar-a-la-luz-la-economia-sumergida\/#primaryimage\"},\"thumbnailUrl\":\"https:\/\/www.pressenza.com\/wp-content\/uploads\/2015\/08\/Zimmerman-Adigital-Sharing-Espana-FOTO_EDIIMA20150820_0321_19.jpg\",\"datePublished\":\"2015-08-22T15:32:32+00:00\",\"description\":\"Jos\u00e9 Luis Zimmermann es portavoz de Sharing Espa\u00f1a, la primera asociaci\u00f3n del pa\u00eds que re\u00fane a empresas de econom\u00eda colaborativa. Zimmermann niega que\",\"breadcrumb\":{\"@id\":\"https:\/\/www.pressenza.com\/es\/2015\/08\/el-consumo-colaborativo-tiene-la-capacidad-de-sacar-a-la-luz-la-economia-sumergida\/#breadcrumb\"},\"inLanguage\":\"es\",\"potentialAction\":[{\"@type\":\"ReadAction\",\"target\":[\"https:\/\/www.pressenza.com\/es\/2015\/08\/el-consumo-colaborativo-tiene-la-capacidad-de-sacar-a-la-luz-la-economia-sumergida\/\"]}]},{\"@type\":\"ImageObject\",\"inLanguage\":\"es\",\"@id\":\"https:\/\/www.pressenza.com\/es\/2015\/08\/el-consumo-colaborativo-tiene-la-capacidad-de-sacar-a-la-luz-la-economia-sumergida\/#primaryimage\",\"url\":\"https:\/\/www.pressenza.com\/wp-content\/uploads\/2015\/08\/Zimmerman-Adigital-Sharing-Espana-FOTO_EDIIMA20150820_0321_19.jpg\",\"contentUrl\":\"https:\/\/www.pressenza.com\/wp-content\/uploads\/2015\/08\/Zimmerman-Adigital-Sharing-Espana-FOTO_EDIIMA20150820_0321_19.jpg\",\"width\":643,\"height\":362},{\"@type\":\"BreadcrumbList\",\"@id\":\"https:\/\/www.pressenza.com\/es\/2015\/08\/el-consumo-colaborativo-tiene-la-capacidad-de-sacar-a-la-luz-la-economia-sumergida\/#breadcrumb\",\"itemListElement\":[{\"@type\":\"ListItem\",\"position\":1,\"name\":\"Accueil\",\"item\":\"https:\/\/www.pressenza.com\/es\/\"},{\"@type\":\"ListItem\",\"position\":2,\"name\":\"\u00abEl consumo colaborativo tiene la capacidad de sacar a la luz la econom\u00eda sumergida\u00bb\"}]},{\"@type\":\"WebSite\",\"@id\":\"https:\/\/www.pressenza.com\/es\/#website\",\"url\":\"https:\/\/www.pressenza.com\/es\/\",\"name\":\"Pressenza\",\"description\":\"International Press Agency\",\"publisher\":{\"@id\":\"https:\/\/www.pressenza.com\/es\/#organization\"},\"potentialAction\":[{\"@type\":\"SearchAction\",\"target\":{\"@type\":\"EntryPoint\",\"urlTemplate\":\"https:\/\/www.pressenza.com\/es\/?s={search_term_string}\"},\"query-input\":{\"@type\":\"PropertyValueSpecification\",\"valueRequired\":true,\"valueName\":\"search_term_string\"}}],\"inLanguage\":\"es\"},{\"@type\":\"Organization\",\"@id\":\"https:\/\/www.pressenza.com\/es\/#organization\",\"name\":\"Pressenza\",\"url\":\"https:\/\/www.pressenza.com\/es\/\",\"logo\":{\"@type\":\"ImageObject\",\"inLanguage\":\"es\",\"@id\":\"https:\/\/www.pressenza.com\/es\/#\/schema\/logo\/image\/\",\"url\":\"https:\/\/www.pressenza.com\/wp-content\/uploads\/2022\/10\/pressenza_logo_200x200.jpg\",\"contentUrl\":\"https:\/\/www.pressenza.com\/wp-content\/uploads\/2022\/10\/pressenza_logo_200x200.jpg\",\"width\":200,\"height\":200,\"caption\":\"Pressenza\"},\"image\":{\"@id\":\"https:\/\/www.pressenza.com\/es\/#\/schema\/logo\/image\/\"},\"sameAs\":[\"https:\/\/www.facebook.com\/PressenzaItalia\",\"https:\/\/x.com\/PressenzaIPA\"]},{\"@type\":\"Person\",\"@id\":\"https:\/\/www.pressenza.com\/es\/#\/schema\/person\/35221cfd7eeca947b184bfc91172e541\",\"name\":\"eldiario.es\",\"description\":\"eldiario.es is a new digital media with information and analysis focussing on politics and economics in its broadest sense: what affects people more than parties or markets. eldiario.es\",\"url\":\"https:\/\/www.pressenza.com\/es\/author\/eldiario-es\/\"}]}<\/script>\n<!-- \/ Yoast SEO plugin. -->","yoast_head_json":{"title":"\"El consumo colaborativo tiene la capacidad de sacar a la luz la econom\u00eda sumergida\"","description":"Jos\u00e9 Luis Zimmermann es portavoz de Sharing Espa\u00f1a, la primera asociaci\u00f3n del pa\u00eds que re\u00fane a empresas de econom\u00eda colaborativa. Zimmermann niega que","robots":{"index":"index","follow":"follow","max-snippet":"max-snippet:-1","max-image-preview":"max-image-preview:large","max-video-preview":"max-video-preview:-1"},"canonical":"https:\/\/www.pressenza.com\/es\/2015\/08\/el-consumo-colaborativo-tiene-la-capacidad-de-sacar-a-la-luz-la-economia-sumergida\/","og_locale":"es_ES","og_type":"article","og_title":"\"El consumo colaborativo tiene la capacidad de sacar a la luz la econom\u00eda sumergida\"","og_description":"Jos\u00e9 Luis Zimmermann es portavoz de Sharing Espa\u00f1a, la primera asociaci\u00f3n del pa\u00eds que re\u00fane a empresas de econom\u00eda colaborativa. Zimmermann niega que","og_url":"https:\/\/www.pressenza.com\/es\/2015\/08\/el-consumo-colaborativo-tiene-la-capacidad-de-sacar-a-la-luz-la-economia-sumergida\/","og_site_name":"Pressenza","article_publisher":"https:\/\/www.facebook.com\/PressenzaItalia","article_published_time":"2015-08-22T15:32:32+00:00","og_image":[{"width":643,"height":362,"url":"https:\/\/www.pressenza.com\/wp-content\/uploads\/2015\/08\/Zimmerman-Adigital-Sharing-Espana-FOTO_EDIIMA20150820_0321_19.jpg","type":"image\/jpeg"}],"author":"eldiario.es","twitter_card":"summary_large_image","twitter_creator":"@PressenzaIPA","twitter_site":"@PressenzaIPA","twitter_misc":{"Escrito por":"eldiario.es","Tiempo de lectura":"9 minutos"},"schema":{"@context":"https:\/\/schema.org","@graph":[{"@type":"Article","@id":"https:\/\/www.pressenza.com\/es\/2015\/08\/el-consumo-colaborativo-tiene-la-capacidad-de-sacar-a-la-luz-la-economia-sumergida\/#article","isPartOf":{"@id":"https:\/\/www.pressenza.com\/es\/2015\/08\/el-consumo-colaborativo-tiene-la-capacidad-de-sacar-a-la-luz-la-economia-sumergida\/"},"author":{"name":"eldiario.es","@id":"https:\/\/www.pressenza.com\/es\/#\/schema\/person\/35221cfd7eeca947b184bfc91172e541"},"headline":"\u00abEl consumo colaborativo tiene la capacidad de sacar a la luz la econom\u00eda sumergida\u00bb","datePublished":"2015-08-22T15:32:32+00:00","mainEntityOfPage":{"@id":"https:\/\/www.pressenza.com\/es\/2015\/08\/el-consumo-colaborativo-tiene-la-capacidad-de-sacar-a-la-luz-la-economia-sumergida\/"},"wordCount":1789,"publisher":{"@id":"https:\/\/www.pressenza.com\/es\/#organization"},"image":{"@id":"https:\/\/www.pressenza.com\/es\/2015\/08\/el-consumo-colaborativo-tiene-la-capacidad-de-sacar-a-la-luz-la-economia-sumergida\/#primaryimage"},"thumbnailUrl":"https:\/\/www.pressenza.com\/wp-content\/uploads\/2015\/08\/Zimmerman-Adigital-Sharing-Espana-FOTO_EDIIMA20150820_0321_19.jpg","keywords":["consumo","crisis","Democracia","Derechos humanos","Econom\u00eda colaborativa","efecto demostraci\u00f3n","Espa\u00f1a","Estado espa\u00f1ol","Violencia econ\u00f3mica"],"articleSection":["Cultura y Medios","Econom\u00eda","Entrevistas","Europa"],"inLanguage":"es"},{"@type":"WebPage","@id":"https:\/\/www.pressenza.com\/es\/2015\/08\/el-consumo-colaborativo-tiene-la-capacidad-de-sacar-a-la-luz-la-economia-sumergida\/","url":"https:\/\/www.pressenza.com\/es\/2015\/08\/el-consumo-colaborativo-tiene-la-capacidad-de-sacar-a-la-luz-la-economia-sumergida\/","name":"\"El consumo colaborativo tiene la capacidad de sacar a la luz la econom\u00eda sumergida\"","isPartOf":{"@id":"https:\/\/www.pressenza.com\/es\/#website"},"primaryImageOfPage":{"@id":"https:\/\/www.pressenza.com\/es\/2015\/08\/el-consumo-colaborativo-tiene-la-capacidad-de-sacar-a-la-luz-la-economia-sumergida\/#primaryimage"},"image":{"@id":"https:\/\/www.pressenza.com\/es\/2015\/08\/el-consumo-colaborativo-tiene-la-capacidad-de-sacar-a-la-luz-la-economia-sumergida\/#primaryimage"},"thumbnailUrl":"https:\/\/www.pressenza.com\/wp-content\/uploads\/2015\/08\/Zimmerman-Adigital-Sharing-Espana-FOTO_EDIIMA20150820_0321_19.jpg","datePublished":"2015-08-22T15:32:32+00:00","description":"Jos\u00e9 Luis Zimmermann es portavoz de Sharing Espa\u00f1a, la primera asociaci\u00f3n del pa\u00eds que re\u00fane a empresas de econom\u00eda colaborativa. Zimmermann niega que","breadcrumb":{"@id":"https:\/\/www.pressenza.com\/es\/2015\/08\/el-consumo-colaborativo-tiene-la-capacidad-de-sacar-a-la-luz-la-economia-sumergida\/#breadcrumb"},"inLanguage":"es","potentialAction":[{"@type":"ReadAction","target":["https:\/\/www.pressenza.com\/es\/2015\/08\/el-consumo-colaborativo-tiene-la-capacidad-de-sacar-a-la-luz-la-economia-sumergida\/"]}]},{"@type":"ImageObject","inLanguage":"es","@id":"https:\/\/www.pressenza.com\/es\/2015\/08\/el-consumo-colaborativo-tiene-la-capacidad-de-sacar-a-la-luz-la-economia-sumergida\/#primaryimage","url":"https:\/\/www.pressenza.com\/wp-content\/uploads\/2015\/08\/Zimmerman-Adigital-Sharing-Espana-FOTO_EDIIMA20150820_0321_19.jpg","contentUrl":"https:\/\/www.pressenza.com\/wp-content\/uploads\/2015\/08\/Zimmerman-Adigital-Sharing-Espana-FOTO_EDIIMA20150820_0321_19.jpg","width":643,"height":362},{"@type":"BreadcrumbList","@id":"https:\/\/www.pressenza.com\/es\/2015\/08\/el-consumo-colaborativo-tiene-la-capacidad-de-sacar-a-la-luz-la-economia-sumergida\/#breadcrumb","itemListElement":[{"@type":"ListItem","position":1,"name":"Accueil","item":"https:\/\/www.pressenza.com\/es\/"},{"@type":"ListItem","position":2,"name":"\u00abEl consumo colaborativo tiene la capacidad de sacar a la luz la econom\u00eda sumergida\u00bb"}]},{"@type":"WebSite","@id":"https:\/\/www.pressenza.com\/es\/#website","url":"https:\/\/www.pressenza.com\/es\/","name":"Pressenza","description":"International Press Agency","publisher":{"@id":"https:\/\/www.pressenza.com\/es\/#organization"},"potentialAction":[{"@type":"SearchAction","target":{"@type":"EntryPoint","urlTemplate":"https:\/\/www.pressenza.com\/es\/?s={search_term_string}"},"query-input":{"@type":"PropertyValueSpecification","valueRequired":true,"valueName":"search_term_string"}}],"inLanguage":"es"},{"@type":"Organization","@id":"https:\/\/www.pressenza.com\/es\/#organization","name":"Pressenza","url":"https:\/\/www.pressenza.com\/es\/","logo":{"@type":"ImageObject","inLanguage":"es","@id":"https:\/\/www.pressenza.com\/es\/#\/schema\/logo\/image\/","url":"https:\/\/www.pressenza.com\/wp-content\/uploads\/2022\/10\/pressenza_logo_200x200.jpg","contentUrl":"https:\/\/www.pressenza.com\/wp-content\/uploads\/2022\/10\/pressenza_logo_200x200.jpg","width":200,"height":200,"caption":"Pressenza"},"image":{"@id":"https:\/\/www.pressenza.com\/es\/#\/schema\/logo\/image\/"},"sameAs":["https:\/\/www.facebook.com\/PressenzaItalia","https:\/\/x.com\/PressenzaIPA"]},{"@type":"Person","@id":"https:\/\/www.pressenza.com\/es\/#\/schema\/person\/35221cfd7eeca947b184bfc91172e541","name":"eldiario.es","description":"eldiario.es is a new digital media with information and analysis focussing on politics and economics in its broadest sense: what affects people more than parties or markets. eldiario.es","url":"https:\/\/www.pressenza.com\/es\/author\/eldiario-es\/"}]}},"place":"Madrid","original_article_url":"http:\/\/www.eldiario.es\/economia\/consumo-colaborativo-capacidad-economia-sumergida_0_421358406.html","_links":{"self":[{"href":"https:\/\/www.pressenza.com\/es\/wp-json\/wp\/v2\/posts\/213066","targetHints":{"allow":["GET"]}}],"collection":[{"href":"https:\/\/www.pressenza.com\/es\/wp-json\/wp\/v2\/posts"}],"about":[{"href":"https:\/\/www.pressenza.com\/es\/wp-json\/wp\/v2\/types\/post"}],"author":[{"embeddable":true,"href":"https:\/\/www.pressenza.com\/es\/wp-json\/wp\/v2\/users\/1170"}],"replies":[{"embeddable":true,"href":"https:\/\/www.pressenza.com\/es\/wp-json\/wp\/v2\/comments?post=213066"}],"version-history":[{"count":0,"href":"https:\/\/www.pressenza.com\/es\/wp-json\/wp\/v2\/posts\/213066\/revisions"}],"wp:featuredmedia":[{"embeddable":true,"href":"https:\/\/www.pressenza.com\/es\/wp-json\/wp\/v2\/media\/213067"}],"wp:attachment":[{"href":"https:\/\/www.pressenza.com\/es\/wp-json\/wp\/v2\/media?parent=213066"}],"wp:term":[{"taxonomy":"category","embeddable":true,"href":"https:\/\/www.pressenza.com\/es\/wp-json\/wp\/v2\/categories?post=213066"},{"taxonomy":"post_tag","embeddable":true,"href":"https:\/\/www.pressenza.com\/es\/wp-json\/wp\/v2\/tags?post=213066"}],"curies":[{"name":"wp","href":"https:\/\/api.w.org\/{rel}","templated":true}]}}