{"id":213044,"date":"2015-08-22T15:49:24","date_gmt":"2015-08-22T14:49:24","guid":{"rendered":"http:\/\/www.pressenza.com\/?p=213044"},"modified":"2015-08-22T15:49:24","modified_gmt":"2015-08-22T14:49:24","slug":"la-aplicacion-del-taxi-compartido","status":"publish","type":"post","link":"https:\/\/www.pressenza.com\/es\/2015\/08\/la-aplicacion-del-taxi-compartido\/","title":{"rendered":"La aplicaci\u00f3n del taxi compartido"},"content":{"rendered":"<div class=\"mce-body mce\">\n<p class=\"mce\"><em><strong>Por Mar\u00eda Mu\u00f1oz para Inspira<\/strong><\/em><\/p>\n<p class=\"mce\">Hace cuatro a\u00f1os, dos ingenieros de caminos empezaron a darle vueltas a un proyecto que les llevara a trabajar por su cuenta. Ten\u00eda que ser algo relacionado con la movilidad en las ciudades, su campo de experiencia, pero, sobre todo, no se tratar\u00eda de construir una infraestructura nueva sino de aprovechar los recursos ya existentes. \u201cCon lo que tengamos hagamos lo mejor\u201d, se dijeron. As\u00ed naci\u00f3 <a class=\"mce\" href=\"http:\/\/www.joinuptaxi.com\/\"> JoinUp Taxi<\/a>, una aplicaci\u00f3n que permite compartir taxi en trayectos fijados previamente como forma de ahorrar gastos y dejar aparcados los veh\u00edculos privados. Tras tres a\u00f1os en funcionamiento, ya est\u00e1 operativa en 13 ciudades espa\u00f1olas.<\/p>\n<p class=\"mce\">\u201cDecidimos empezar por el tema de los taxis porque descubrimos que en Barcelona y Madrid, que suman una flota de m\u00e1s de 25.000 veh\u00edculos, el 60% del tiempo que circulan est\u00e1n vac\u00edos\u201d, explica Elena Peir\u00f3, la fundadora de JoinUp junto a Alberto L\u00f3pez. Durante un a\u00f1o compaginaron sus trabajos en la \u00faltima gran infraestructura que constru\u00edan con el desarrollo de la aplicaci\u00f3n. Empezaron por Barcelona, por ser la ciudad en la que viv\u00edan y trabajaban en ese momento. Se reunieron con el \u00e1rea de Movilidad del Ayuntamiento, a quien gust\u00f3 la idea, y despu\u00e9s se la contaron a las asociaciones de taxistas. \u201cLes encant\u00f3 la iniciativa porque durante la crisis hab\u00edan bajado un 40% los trayectos y de esta manera les pon\u00edamos en contacto con clientes nuevos que si no compart\u00edan el gasto no iban a usar un taxi por ser caro\u201d, se\u00f1ala la ingeniera.<\/p>\n<div class=\"no-adv-socios\"><\/div>\n<p class=\"mce\">Despu\u00e9s lleg\u00f3 Madrid, Valencia, Palma de Mallorca, San Sebasti\u00e1n o Bilbao hasta llegar a las 13 ciudades actuales (Sevilla, Vitoria, Pamplona, Oviedo, M\u00e1laga, Sabadell y Valladolid). Y las que est\u00e1n por venir, aseguran. Siempre trabajan de la misma manera: primero hablan con los ayuntamientos y despu\u00e9s crean convenios con las asociaciones gremiales que deseen participar.<\/p>\n<h3>Reservas de hasta una semana<\/h3>\n<p class=\"mce\">La aplicaci\u00f3n -gratuita- que funciona via web y para dispositivos de\u00a0<a class=\"mce\" href=\"https:\/\/itunes.apple.com\/es\/app\/joinup-taxi-pasajero\/id554668455\"> IOS<\/a>\u00a0 y\u00a0<a class=\"mce\" href=\"https:\/\/play.google.com\/store\/apps\/details?id=com.joinuptaxi.passenger\"> Android<\/a> permite solicitar un taxi individual de forma inmediata -o con reserva de hasta una semana- como ya hacen otras aplicaciones. La novedad es que tambi\u00e9n permite adherirse a viajes que \u201cesperan compa\u00f1ero\u201d o crear nuevos trayectos compartidos para que otros puedan unirse.<\/p>\n<p class=\"mce\">La aplicaci\u00f3n facilita crear un viaje compartido hasta 15 minutos antes de que se produzca y con hasta una semana de antelaci\u00f3n. El trayecto es \u00fanico y est\u00e1 fijado de antemano: se indica el punto de recogida y de llegada. \u201cLa legislaci\u00f3n no permite que el taxi vaya haciendo diferentes paradas por lo que los usuarios deben seleccionar un punto de inicio y una llegada de un men\u00fa de opciones ya establecidas\u201d, explica Peir\u00f3, quien se\u00f1ala que habr\u00e1 m\u00e1s pasajeros interesados en tanto que sean puntos conocidos y frecuentes, como plazas c\u00e9ntricas, estaciones de tren o autob\u00fas, estadios de f\u00fatbol y sobre todo, aeropuertos, puntos que han ido incorporando en base a las sugerencias.<\/p>\n<p class=\"mce\">Si no aparece ning\u00fan compa\u00f1ero el viaje se cancela y el usuario tiene la opci\u00f3n de solicitar un taxi individual. \u201c El 75% de las personas que piden un viaje compartido y no se produce no solicita despu\u00e9s uno individual, lo que demuestra que la gente lo usa si comparte el gasto\u201d, subraya la fundadora de JoinUp. El taxista tienen el contacto de los que comparten el veh\u00edculo y una vez aceptado el trayecto los usuarios pueden llamar al conductor y seguir la ruta de llegada. Una vez acabada la carrera, cada cual paga su parte igual que se har\u00eda entre conocidos.<\/p>\n<p class=\"mce\">Las trayectos m\u00e1s frecuentes son los que piden ir de un punto de la ciudad al aeropuerto y viceversa. \u201cHay vuelos con horarios [de llegada y salida] en los que no existe otro transporte p\u00fablico, a veces no queda m\u00e1s remedio que recurrir a familiares o amigos y compartiendo taxi no solo gastamos menos dinero, sino que adem\u00e1s sacas un coche de la calle y lo sustituyes por uno que ya estaba en la ciudad\u201d, se\u00f1ala la ingeniera.<\/p>\n<p class=\"mce\">La aplicaci\u00f3n funciona tambi\u00e9n para eventos concretos y masivos, como es el Festival de Cine de San Sebasti\u00e1n o el S\u00f3nar de Barcelona. \u201cHablamos con los organizadores y creamos puntos de recogida y llegadas entre los alojamientos y los lugares de celebraci\u00f3n y de esta manera se producen muchos trayectos compartidos\u201d, indica Peir\u00f3. JoinUp Taxi es la primera iniciativa de JoinUp &#8211; \u201c\u00f9nete\u201d, en ingl\u00e9s- y la intenci\u00f3n de sus impulsores es ir poniendo en marcha otros proyectos parecidos que fomenten la econom\u00eda colaborativa y la movilidad sostenible. \u201cPrimero afianzaremos este y luego seguiremos con el resto\u201d, afirma.<\/p>\n<\/div>\n","protected":false},"excerpt":{"rendered":"<p>Por Mar\u00eda Mu\u00f1oz para Inspira Hace cuatro a\u00f1os, dos ingenieros de caminos empezaron a darle vueltas a un proyecto que les llevara a trabajar por su cuenta. Ten\u00eda que ser algo relacionado con la movilidad en las ciudades, su campo&hellip;<\/p>\n","protected":false},"author":94,"featured_media":213045,"comment_status":"closed","ping_status":"open","sticky":false,"template":"","format":"standard","meta":{"footnotes":""},"categories":[81,66],"tags":[17512,336,5731,1065,1398,19286],"class_list":["post-213044","post","type-post","status-publish","format-standard","has-post-thumbnail","hentry","category-economia-es","category-europa-es","tag-compartir","tag-cultura-2","tag-efecto-demostracion-es","tag-espana","tag-estado-espanol","tag-inspira"],"yoast_head":"<!-- This site is optimized with the Yoast SEO plugin v27.1.1 - https:\/\/yoast.com\/product\/yoast-seo-wordpress\/ -->\n<title>La aplicaci\u00f3n del taxi compartido<\/title>\n<meta name=\"description\" content=\"Por Mar\u00eda Mu\u00f1oz para Inspira Hace cuatro a\u00f1os, dos ingenieros de caminos empezaron a darle vueltas a un proyecto que les llevara a trabajar por su cuenta.\" \/>\n<meta name=\"robots\" content=\"index, follow, max-snippet:-1, max-image-preview:large, max-video-preview:-1\" \/>\n<link rel=\"canonical\" href=\"https:\/\/www.pressenza.com\/es\/2015\/08\/la-aplicacion-del-taxi-compartido\/\" \/>\n<meta property=\"og:locale\" content=\"es_ES\" \/>\n<meta property=\"og:type\" content=\"article\" \/>\n<meta property=\"og:title\" content=\"La aplicaci\u00f3n del taxi compartido\" \/>\n<meta property=\"og:description\" content=\"Por Mar\u00eda Mu\u00f1oz para Inspira Hace cuatro a\u00f1os, dos ingenieros de caminos empezaron a darle vueltas a un proyecto que les llevara a trabajar por su cuenta.\" \/>\n<meta property=\"og:url\" content=\"https:\/\/www.pressenza.com\/es\/2015\/08\/la-aplicacion-del-taxi-compartido\/\" \/>\n<meta property=\"og:site_name\" content=\"Pressenza\" \/>\n<meta property=\"article:publisher\" content=\"https:\/\/www.facebook.com\/PressenzaItalia\" \/>\n<meta property=\"article:author\" content=\"https:\/\/www.facebook.com\/pressenza\" \/>\n<meta property=\"article:published_time\" content=\"2015-08-22T14:49:24+00:00\" \/>\n<meta property=\"og:image\" content=\"https:\/\/www.pressenza.com\/wp-content\/uploads\/2015\/08\/permite-crear-viaje-minutos-produzca_EDIIMA20150819_0695_4.jpg\" \/>\n\t<meta property=\"og:image:width\" content=\"643\" \/>\n\t<meta property=\"og:image:height\" content=\"362\" \/>\n\t<meta property=\"og:image:type\" content=\"image\/jpeg\" \/>\n<meta name=\"author\" content=\"Redacci\u00f3n Madrid\" \/>\n<meta name=\"twitter:card\" content=\"summary_large_image\" \/>\n<meta name=\"twitter:creator\" content=\"@pressenza\" \/>\n<meta name=\"twitter:site\" content=\"@PressenzaIPA\" \/>\n<meta name=\"twitter:label1\" content=\"Escrito por\" \/>\n\t<meta name=\"twitter:data1\" content=\"Redacci\u00f3n Madrid\" \/>\n\t<meta name=\"twitter:label2\" content=\"Tiempo de lectura\" \/>\n\t<meta name=\"twitter:data2\" content=\"4 minutos\" \/>\n<script type=\"application\/ld+json\" class=\"yoast-schema-graph\">{\"@context\":\"https:\/\/schema.org\",\"@graph\":[{\"@type\":\"Article\",\"@id\":\"https:\/\/www.pressenza.com\/es\/2015\/08\/la-aplicacion-del-taxi-compartido\/#article\",\"isPartOf\":{\"@id\":\"https:\/\/www.pressenza.com\/es\/2015\/08\/la-aplicacion-del-taxi-compartido\/\"},\"author\":{\"name\":\"Redacci\u00f3n Madrid\",\"@id\":\"https:\/\/www.pressenza.com\/es\/#\/schema\/person\/828fc40eeca2ad7be3630e5a46adba94\"},\"headline\":\"La aplicaci\u00f3n del taxi compartido\",\"datePublished\":\"2015-08-22T14:49:24+00:00\",\"mainEntityOfPage\":{\"@id\":\"https:\/\/www.pressenza.com\/es\/2015\/08\/la-aplicacion-del-taxi-compartido\/\"},\"wordCount\":815,\"publisher\":{\"@id\":\"https:\/\/www.pressenza.com\/es\/#organization\"},\"image\":{\"@id\":\"https:\/\/www.pressenza.com\/es\/2015\/08\/la-aplicacion-del-taxi-compartido\/#primaryimage\"},\"thumbnailUrl\":\"https:\/\/www.pressenza.com\/wp-content\/uploads\/2015\/08\/permite-crear-viaje-minutos-produzca_EDIIMA20150819_0695_4.jpg\",\"keywords\":[\"Compartir\",\"cultura\",\"efecto demostraci\u00f3n\",\"Espa\u00f1a\",\"Estado espa\u00f1ol\",\"Inspira\"],\"articleSection\":[\"Econom\u00eda\",\"Europa\"],\"inLanguage\":\"es\"},{\"@type\":\"WebPage\",\"@id\":\"https:\/\/www.pressenza.com\/es\/2015\/08\/la-aplicacion-del-taxi-compartido\/\",\"url\":\"https:\/\/www.pressenza.com\/es\/2015\/08\/la-aplicacion-del-taxi-compartido\/\",\"name\":\"La aplicaci\u00f3n del taxi compartido\",\"isPartOf\":{\"@id\":\"https:\/\/www.pressenza.com\/es\/#website\"},\"primaryImageOfPage\":{\"@id\":\"https:\/\/www.pressenza.com\/es\/2015\/08\/la-aplicacion-del-taxi-compartido\/#primaryimage\"},\"image\":{\"@id\":\"https:\/\/www.pressenza.com\/es\/2015\/08\/la-aplicacion-del-taxi-compartido\/#primaryimage\"},\"thumbnailUrl\":\"https:\/\/www.pressenza.com\/wp-content\/uploads\/2015\/08\/permite-crear-viaje-minutos-produzca_EDIIMA20150819_0695_4.jpg\",\"datePublished\":\"2015-08-22T14:49:24+00:00\",\"description\":\"Por Mar\u00eda Mu\u00f1oz para Inspira Hace cuatro a\u00f1os, dos ingenieros de caminos empezaron a darle vueltas a un proyecto que les llevara a trabajar por su cuenta.\",\"breadcrumb\":{\"@id\":\"https:\/\/www.pressenza.com\/es\/2015\/08\/la-aplicacion-del-taxi-compartido\/#breadcrumb\"},\"inLanguage\":\"es\",\"potentialAction\":[{\"@type\":\"ReadAction\",\"target\":[\"https:\/\/www.pressenza.com\/es\/2015\/08\/la-aplicacion-del-taxi-compartido\/\"]}]},{\"@type\":\"ImageObject\",\"inLanguage\":\"es\",\"@id\":\"https:\/\/www.pressenza.com\/es\/2015\/08\/la-aplicacion-del-taxi-compartido\/#primaryimage\",\"url\":\"https:\/\/www.pressenza.com\/wp-content\/uploads\/2015\/08\/permite-crear-viaje-minutos-produzca_EDIIMA20150819_0695_4.jpg\",\"contentUrl\":\"https:\/\/www.pressenza.com\/wp-content\/uploads\/2015\/08\/permite-crear-viaje-minutos-produzca_EDIIMA20150819_0695_4.jpg\",\"width\":643,\"height\":362},{\"@type\":\"BreadcrumbList\",\"@id\":\"https:\/\/www.pressenza.com\/es\/2015\/08\/la-aplicacion-del-taxi-compartido\/#breadcrumb\",\"itemListElement\":[{\"@type\":\"ListItem\",\"position\":1,\"name\":\"Accueil\",\"item\":\"https:\/\/www.pressenza.com\/es\/\"},{\"@type\":\"ListItem\",\"position\":2,\"name\":\"La aplicaci\u00f3n del taxi compartido\"}]},{\"@type\":\"WebSite\",\"@id\":\"https:\/\/www.pressenza.com\/es\/#website\",\"url\":\"https:\/\/www.pressenza.com\/es\/\",\"name\":\"Pressenza\",\"description\":\"International Press Agency\",\"publisher\":{\"@id\":\"https:\/\/www.pressenza.com\/es\/#organization\"},\"potentialAction\":[{\"@type\":\"SearchAction\",\"target\":{\"@type\":\"EntryPoint\",\"urlTemplate\":\"https:\/\/www.pressenza.com\/es\/?s={search_term_string}\"},\"query-input\":{\"@type\":\"PropertyValueSpecification\",\"valueRequired\":true,\"valueName\":\"search_term_string\"}}],\"inLanguage\":\"es\"},{\"@type\":\"Organization\",\"@id\":\"https:\/\/www.pressenza.com\/es\/#organization\",\"name\":\"Pressenza\",\"url\":\"https:\/\/www.pressenza.com\/es\/\",\"logo\":{\"@type\":\"ImageObject\",\"inLanguage\":\"es\",\"@id\":\"https:\/\/www.pressenza.com\/es\/#\/schema\/logo\/image\/\",\"url\":\"https:\/\/www.pressenza.com\/wp-content\/uploads\/2022\/10\/pressenza_logo_200x200.jpg\",\"contentUrl\":\"https:\/\/www.pressenza.com\/wp-content\/uploads\/2022\/10\/pressenza_logo_200x200.jpg\",\"width\":200,\"height\":200,\"caption\":\"Pressenza\"},\"image\":{\"@id\":\"https:\/\/www.pressenza.com\/es\/#\/schema\/logo\/image\/\"},\"sameAs\":[\"https:\/\/www.facebook.com\/PressenzaItalia\",\"https:\/\/x.com\/PressenzaIPA\"]},{\"@type\":\"Person\",\"@id\":\"https:\/\/www.pressenza.com\/es\/#\/schema\/person\/828fc40eeca2ad7be3630e5a46adba94\",\"name\":\"Redacci\u00f3n Madrid\",\"description\":\"News from the Pressenza Bureau in Madrid, Spain\",\"sameAs\":[\"https:\/\/www.facebook.com\/pressenza\",\"https:\/\/x.com\/pressenza\"],\"url\":\"https:\/\/www.pressenza.com\/es\/author\/redaccion-madrid\/\"}]}<\/script>\n<!-- \/ Yoast SEO plugin. -->","yoast_head_json":{"title":"La aplicaci\u00f3n del taxi compartido","description":"Por Mar\u00eda Mu\u00f1oz para Inspira Hace cuatro a\u00f1os, dos ingenieros de caminos empezaron a darle vueltas a un proyecto que les llevara a trabajar por su cuenta.","robots":{"index":"index","follow":"follow","max-snippet":"max-snippet:-1","max-image-preview":"max-image-preview:large","max-video-preview":"max-video-preview:-1"},"canonical":"https:\/\/www.pressenza.com\/es\/2015\/08\/la-aplicacion-del-taxi-compartido\/","og_locale":"es_ES","og_type":"article","og_title":"La aplicaci\u00f3n del taxi compartido","og_description":"Por Mar\u00eda Mu\u00f1oz para Inspira Hace cuatro a\u00f1os, dos ingenieros de caminos empezaron a darle vueltas a un proyecto que les llevara a trabajar por su cuenta.","og_url":"https:\/\/www.pressenza.com\/es\/2015\/08\/la-aplicacion-del-taxi-compartido\/","og_site_name":"Pressenza","article_publisher":"https:\/\/www.facebook.com\/PressenzaItalia","article_author":"https:\/\/www.facebook.com\/pressenza","article_published_time":"2015-08-22T14:49:24+00:00","og_image":[{"width":643,"height":362,"url":"https:\/\/www.pressenza.com\/wp-content\/uploads\/2015\/08\/permite-crear-viaje-minutos-produzca_EDIIMA20150819_0695_4.jpg","type":"image\/jpeg"}],"author":"Redacci\u00f3n Madrid","twitter_card":"summary_large_image","twitter_creator":"@pressenza","twitter_site":"@PressenzaIPA","twitter_misc":{"Escrito por":"Redacci\u00f3n Madrid","Tiempo de lectura":"4 minutos"},"schema":{"@context":"https:\/\/schema.org","@graph":[{"@type":"Article","@id":"https:\/\/www.pressenza.com\/es\/2015\/08\/la-aplicacion-del-taxi-compartido\/#article","isPartOf":{"@id":"https:\/\/www.pressenza.com\/es\/2015\/08\/la-aplicacion-del-taxi-compartido\/"},"author":{"name":"Redacci\u00f3n Madrid","@id":"https:\/\/www.pressenza.com\/es\/#\/schema\/person\/828fc40eeca2ad7be3630e5a46adba94"},"headline":"La aplicaci\u00f3n del taxi compartido","datePublished":"2015-08-22T14:49:24+00:00","mainEntityOfPage":{"@id":"https:\/\/www.pressenza.com\/es\/2015\/08\/la-aplicacion-del-taxi-compartido\/"},"wordCount":815,"publisher":{"@id":"https:\/\/www.pressenza.com\/es\/#organization"},"image":{"@id":"https:\/\/www.pressenza.com\/es\/2015\/08\/la-aplicacion-del-taxi-compartido\/#primaryimage"},"thumbnailUrl":"https:\/\/www.pressenza.com\/wp-content\/uploads\/2015\/08\/permite-crear-viaje-minutos-produzca_EDIIMA20150819_0695_4.jpg","keywords":["Compartir","cultura","efecto demostraci\u00f3n","Espa\u00f1a","Estado espa\u00f1ol","Inspira"],"articleSection":["Econom\u00eda","Europa"],"inLanguage":"es"},{"@type":"WebPage","@id":"https:\/\/www.pressenza.com\/es\/2015\/08\/la-aplicacion-del-taxi-compartido\/","url":"https:\/\/www.pressenza.com\/es\/2015\/08\/la-aplicacion-del-taxi-compartido\/","name":"La aplicaci\u00f3n del taxi compartido","isPartOf":{"@id":"https:\/\/www.pressenza.com\/es\/#website"},"primaryImageOfPage":{"@id":"https:\/\/www.pressenza.com\/es\/2015\/08\/la-aplicacion-del-taxi-compartido\/#primaryimage"},"image":{"@id":"https:\/\/www.pressenza.com\/es\/2015\/08\/la-aplicacion-del-taxi-compartido\/#primaryimage"},"thumbnailUrl":"https:\/\/www.pressenza.com\/wp-content\/uploads\/2015\/08\/permite-crear-viaje-minutos-produzca_EDIIMA20150819_0695_4.jpg","datePublished":"2015-08-22T14:49:24+00:00","description":"Por Mar\u00eda Mu\u00f1oz para Inspira Hace cuatro a\u00f1os, dos ingenieros de caminos empezaron a darle vueltas a un proyecto que les llevara a trabajar por su cuenta.","breadcrumb":{"@id":"https:\/\/www.pressenza.com\/es\/2015\/08\/la-aplicacion-del-taxi-compartido\/#breadcrumb"},"inLanguage":"es","potentialAction":[{"@type":"ReadAction","target":["https:\/\/www.pressenza.com\/es\/2015\/08\/la-aplicacion-del-taxi-compartido\/"]}]},{"@type":"ImageObject","inLanguage":"es","@id":"https:\/\/www.pressenza.com\/es\/2015\/08\/la-aplicacion-del-taxi-compartido\/#primaryimage","url":"https:\/\/www.pressenza.com\/wp-content\/uploads\/2015\/08\/permite-crear-viaje-minutos-produzca_EDIIMA20150819_0695_4.jpg","contentUrl":"https:\/\/www.pressenza.com\/wp-content\/uploads\/2015\/08\/permite-crear-viaje-minutos-produzca_EDIIMA20150819_0695_4.jpg","width":643,"height":362},{"@type":"BreadcrumbList","@id":"https:\/\/www.pressenza.com\/es\/2015\/08\/la-aplicacion-del-taxi-compartido\/#breadcrumb","itemListElement":[{"@type":"ListItem","position":1,"name":"Accueil","item":"https:\/\/www.pressenza.com\/es\/"},{"@type":"ListItem","position":2,"name":"La aplicaci\u00f3n del taxi compartido"}]},{"@type":"WebSite","@id":"https:\/\/www.pressenza.com\/es\/#website","url":"https:\/\/www.pressenza.com\/es\/","name":"Pressenza","description":"International Press Agency","publisher":{"@id":"https:\/\/www.pressenza.com\/es\/#organization"},"potentialAction":[{"@type":"SearchAction","target":{"@type":"EntryPoint","urlTemplate":"https:\/\/www.pressenza.com\/es\/?s={search_term_string}"},"query-input":{"@type":"PropertyValueSpecification","valueRequired":true,"valueName":"search_term_string"}}],"inLanguage":"es"},{"@type":"Organization","@id":"https:\/\/www.pressenza.com\/es\/#organization","name":"Pressenza","url":"https:\/\/www.pressenza.com\/es\/","logo":{"@type":"ImageObject","inLanguage":"es","@id":"https:\/\/www.pressenza.com\/es\/#\/schema\/logo\/image\/","url":"https:\/\/www.pressenza.com\/wp-content\/uploads\/2022\/10\/pressenza_logo_200x200.jpg","contentUrl":"https:\/\/www.pressenza.com\/wp-content\/uploads\/2022\/10\/pressenza_logo_200x200.jpg","width":200,"height":200,"caption":"Pressenza"},"image":{"@id":"https:\/\/www.pressenza.com\/es\/#\/schema\/logo\/image\/"},"sameAs":["https:\/\/www.facebook.com\/PressenzaItalia","https:\/\/x.com\/PressenzaIPA"]},{"@type":"Person","@id":"https:\/\/www.pressenza.com\/es\/#\/schema\/person\/828fc40eeca2ad7be3630e5a46adba94","name":"Redacci\u00f3n Madrid","description":"News from the Pressenza Bureau in Madrid, Spain","sameAs":["https:\/\/www.facebook.com\/pressenza","https:\/\/x.com\/pressenza"],"url":"https:\/\/www.pressenza.com\/es\/author\/redaccion-madrid\/"}]}},"place":"","original_article_url":"http:\/\/www.eldiario.es\/inspira\/aplicacion-taxi-compartido_6_421767832.html","_links":{"self":[{"href":"https:\/\/www.pressenza.com\/es\/wp-json\/wp\/v2\/posts\/213044","targetHints":{"allow":["GET"]}}],"collection":[{"href":"https:\/\/www.pressenza.com\/es\/wp-json\/wp\/v2\/posts"}],"about":[{"href":"https:\/\/www.pressenza.com\/es\/wp-json\/wp\/v2\/types\/post"}],"author":[{"embeddable":true,"href":"https:\/\/www.pressenza.com\/es\/wp-json\/wp\/v2\/users\/94"}],"replies":[{"embeddable":true,"href":"https:\/\/www.pressenza.com\/es\/wp-json\/wp\/v2\/comments?post=213044"}],"version-history":[{"count":0,"href":"https:\/\/www.pressenza.com\/es\/wp-json\/wp\/v2\/posts\/213044\/revisions"}],"wp:featuredmedia":[{"embeddable":true,"href":"https:\/\/www.pressenza.com\/es\/wp-json\/wp\/v2\/media\/213045"}],"wp:attachment":[{"href":"https:\/\/www.pressenza.com\/es\/wp-json\/wp\/v2\/media?parent=213044"}],"wp:term":[{"taxonomy":"category","embeddable":true,"href":"https:\/\/www.pressenza.com\/es\/wp-json\/wp\/v2\/categories?post=213044"},{"taxonomy":"post_tag","embeddable":true,"href":"https:\/\/www.pressenza.com\/es\/wp-json\/wp\/v2\/tags?post=213044"}],"curies":[{"name":"wp","href":"https:\/\/api.w.org\/{rel}","templated":true}]}}