{"id":2129,"date":"2009-11-09T00:00:00","date_gmt":"2009-11-09T00:00:00","guid":{"rendered":""},"modified":"2009-11-09T21:28:30","modified_gmt":"2009-11-09T21:28:30","slug":"el-ministerio-de-la-defensa-recibe-a-una-delegacion-de-la-marcha-mundial-por-la-paz-y-la-no-violencia","status":"publish","type":"post","link":"https:\/\/www.pressenza.com\/es\/2009\/11\/el-ministerio-de-la-defensa-recibe-a-una-delegacion-de-la-marcha-mundial-por-la-paz-y-la-no-violencia\/","title":{"rendered":"El Ministerio de la Defensa recibe a una delegaci\u00f3n de la Marcha Mundial por la Paz y la No Violencia"},"content":{"rendered":"<p>Una delegaci\u00f3n de la Marcha Mundial fue recibida el lunes 9 de noviembre por Alain Marc, jefe de gabinete del Ministerio de la Defensa. La delegaci\u00f3n estuvo formada por Luis Silva y G\u00e9rard Hourdin, del Equipo Base de paso por Francia, as\u00ed como por Alain Ducq, portavoz de la Marcha Mundial en Francia,<\/p>\n<p>G\u00e9rard Hourdin hizo una breve descripci\u00f3n de la Marcha, que empez\u00f3 el 2 de octubre en Nueva Zelanda y que ya ha recorrido 15 pa\u00edses. Puso especial \u00e9nfasis en que la Marcha Mundial ha sido recibida por jefes de Estado, embajadores, diputados y representantes de gobierno, y que ha promovido nuevamente las 5 reivindicaciones de la Marcha Mundial.<\/p>\n<p>Alain Ducq reubic\u00f3 estas reivindicaciones aplic\u00e1ndolas al contexto franc\u00e9s. Haciendo notar que el 86% de los franceses deseaban un acuerdo para el desarme nuclear a nivel mundial, exigi\u00f3 la aplicaci\u00f3n del TNP, la destrucci\u00f3n de las 348 cabezas nucleares francesas y la suspensi\u00f3n del desarrollo del misil M51. Tambi\u00e9n pidi\u00f3 el retiro de las tropas francesas que est\u00e1n en Afganist\u00e1n, as\u00ed como de las bases militares situadas en \u00c1frica y que las poblaciones locales ven como ej\u00e9rcitos de ocupaci\u00f3n. Finalmente, denunci\u00f3 el comercio de armas y subray\u00f3 que Francia es el tercer exportador de armas del mundo y que \u00e9sa es una econom\u00eda criminal.<\/p>\n<p>El Ministerio dej\u00f3 escuchar sus bien conocidos argumentos sobre la disuasi\u00f3n nuclear y las \u201cmisiones de paz\u201d llevadas a cabo por el ej\u00e9rcito franc\u00e9s y relacionadas con el comercio de armas, y dijo simplemente que si Francia no vend\u00eda esas armas, lo har\u00eda otro. Luis Silva subray\u00f3 \u201cla urgencia del desarme y la probabilidad siempre creciente de un accidente causado por la proliferaci\u00f3n\u201d. Hizo notar que los 1.3 billones de d\u00f3lares (1,300 miles de millones) que se invierten cada a\u00f1o en armas podr\u00edan canalizarse hacia el desarrollo y nos permitir\u00edan salir de esta prehistoria humana hecha de violencia. A nombre de los ciudadanos del mundo representados por la Marcha Mundial por la Paz y la No Violencia, asegur\u00f3 que Francia ten\u00eda la posibilidad de darle el ejemplo a todo el mundo empezando inmediatamente a desmantelar su arsenal nuclear.<\/p>\n<p>*Traducci\u00f3n: Patricia Straulino Peacock*<\/p>\n","protected":false},"excerpt":{"rendered":"<p>Este lunes, Alain Marc, jefe de gabinete del Ministerio de la Defensa, recibi\u00f3 a una delegaci\u00f3n de la Marcha Mundial. Alain Ducq, portavoz de la Marcha Mundial en Francia, exigi\u00f3 que \u201cFrancia aplique el Tratado de no Proliferaci\u00f3n, que destruya sus 348 cabezas nucleares francesas, retire sus tropas de Afganist\u00e1n y cierre sus bases militares localizadas en \u00c1frica\u201d<\/p>\n","protected":false},"author":19,"featured_media":0,"comment_status":"closed","ping_status":"open","sticky":false,"template":"","format":"standard","meta":{"footnotes":""},"categories":[66,39,74],"tags":[],"class_list":["post-2129","post","type-post","status-publish","format-standard","hentry","category-europa-es","category-internacional","category-politica-es"],"yoast_head":"<!-- This site is optimized with the Yoast SEO plugin v27.1.1 - https:\/\/yoast.com\/product\/yoast-seo-wordpress\/ -->\n<title>El Ministerio de la Defensa recibe a una delegaci\u00f3n de la Marcha Mundial por la Paz y la No Violencia<\/title>\n<meta name=\"description\" content=\"Este lunes, Alain Marc, jefe de gabinete del Ministerio de la Defensa, recibi\u00f3 a una delegaci\u00f3n de la Marcha Mundial. Alain Ducq, portavoz de la Marcha Mundial en Francia, exigi\u00f3 que \u201cFrancia aplique el Tratado de no Proliferaci\u00f3n, que destruya sus 348 cabezas nucleares francesas, retire sus tropas de Afganist\u00e1n y cierre sus bases militares localizadas en \u00c1frica\u201d\" \/>\n<meta name=\"robots\" content=\"index, follow, max-snippet:-1, max-image-preview:large, max-video-preview:-1\" \/>\n<link rel=\"canonical\" href=\"https:\/\/www.pressenza.com\/es\/2009\/11\/el-ministerio-de-la-defensa-recibe-a-una-delegacion-de-la-marcha-mundial-por-la-paz-y-la-no-violencia\/\" \/>\n<meta property=\"og:locale\" content=\"es_ES\" \/>\n<meta property=\"og:type\" content=\"article\" \/>\n<meta property=\"og:title\" content=\"El Ministerio de la Defensa recibe a una delegaci\u00f3n de la Marcha Mundial por la Paz y la No Violencia\" \/>\n<meta property=\"og:description\" content=\"Este lunes, Alain Marc, jefe de gabinete del Ministerio de la Defensa, recibi\u00f3 a una delegaci\u00f3n de la Marcha Mundial. Alain Ducq, portavoz de la Marcha Mundial en Francia, exigi\u00f3 que \u201cFrancia aplique el Tratado de no Proliferaci\u00f3n, que destruya sus 348 cabezas nucleares francesas, retire sus tropas de Afganist\u00e1n y cierre sus bases militares localizadas en \u00c1frica\u201d\" \/>\n<meta property=\"og:url\" content=\"https:\/\/www.pressenza.com\/es\/2009\/11\/el-ministerio-de-la-defensa-recibe-a-una-delegacion-de-la-marcha-mundial-por-la-paz-y-la-no-violencia\/\" \/>\n<meta property=\"og:site_name\" content=\"Pressenza\" \/>\n<meta property=\"article:publisher\" content=\"https:\/\/www.facebook.com\/PressenzaItalia\" \/>\n<meta property=\"article:author\" content=\"https:\/\/www.facebook.com\/pressenza\" \/>\n<meta property=\"article:published_time\" content=\"2009-11-09T00:00:00+00:00\" \/>\n<meta property=\"article:modified_time\" content=\"2009-11-09T21:28:30+00:00\" \/>\n<meta name=\"author\" content=\"Pressenza IPA\" \/>\n<meta name=\"twitter:card\" content=\"summary_large_image\" \/>\n<meta name=\"twitter:creator\" content=\"@PressenzaIPA\" \/>\n<meta name=\"twitter:site\" content=\"@PressenzaIPA\" \/>\n<meta name=\"twitter:label1\" content=\"Escrito por\" \/>\n\t<meta name=\"twitter:data1\" content=\"Pressenza IPA\" \/>\n\t<meta name=\"twitter:label2\" content=\"Tiempo de lectura\" \/>\n\t<meta name=\"twitter:data2\" content=\"2 minutos\" \/>\n<script type=\"application\/ld+json\" class=\"yoast-schema-graph\">{\"@context\":\"https:\/\/schema.org\",\"@graph\":[{\"@type\":\"Article\",\"@id\":\"https:\/\/www.pressenza.com\/es\/2009\/11\/el-ministerio-de-la-defensa-recibe-a-una-delegacion-de-la-marcha-mundial-por-la-paz-y-la-no-violencia\/#article\",\"isPartOf\":{\"@id\":\"https:\/\/www.pressenza.com\/es\/2009\/11\/el-ministerio-de-la-defensa-recibe-a-una-delegacion-de-la-marcha-mundial-por-la-paz-y-la-no-violencia\/\"},\"author\":{\"name\":\"Pressenza IPA\",\"@id\":\"https:\/\/www.pressenza.com\/es\/#\/schema\/person\/010e5d02bcf40965427a1289a4cc8d75\"},\"headline\":\"El Ministerio de la Defensa recibe a una delegaci\u00f3n de la Marcha Mundial por la Paz y la No Violencia\",\"datePublished\":\"2009-11-09T00:00:00+00:00\",\"dateModified\":\"2009-11-09T21:28:30+00:00\",\"mainEntityOfPage\":{\"@id\":\"https:\/\/www.pressenza.com\/es\/2009\/11\/el-ministerio-de-la-defensa-recibe-a-una-delegacion-de-la-marcha-mundial-por-la-paz-y-la-no-violencia\/\"},\"wordCount\":399,\"publisher\":{\"@id\":\"https:\/\/www.pressenza.com\/es\/#organization\"},\"articleSection\":[\"Europa\",\"Internacional\",\"Pol\u00edtica\"],\"inLanguage\":\"es\"},{\"@type\":\"WebPage\",\"@id\":\"https:\/\/www.pressenza.com\/es\/2009\/11\/el-ministerio-de-la-defensa-recibe-a-una-delegacion-de-la-marcha-mundial-por-la-paz-y-la-no-violencia\/\",\"url\":\"https:\/\/www.pressenza.com\/es\/2009\/11\/el-ministerio-de-la-defensa-recibe-a-una-delegacion-de-la-marcha-mundial-por-la-paz-y-la-no-violencia\/\",\"name\":\"El Ministerio de la Defensa recibe a una delegaci\u00f3n de la Marcha Mundial por la Paz y la No Violencia\",\"isPartOf\":{\"@id\":\"https:\/\/www.pressenza.com\/es\/#website\"},\"datePublished\":\"2009-11-09T00:00:00+00:00\",\"dateModified\":\"2009-11-09T21:28:30+00:00\",\"description\":\"Este lunes, Alain Marc, jefe de gabinete del Ministerio de la Defensa, recibi\u00f3 a una delegaci\u00f3n de la Marcha Mundial. Alain Ducq, portavoz de la Marcha Mundial en Francia, exigi\u00f3 que \u201cFrancia aplique el Tratado de no Proliferaci\u00f3n, que destruya sus 348 cabezas nucleares francesas, retire sus tropas de Afganist\u00e1n y cierre sus bases militares localizadas en \u00c1frica\u201d\",\"breadcrumb\":{\"@id\":\"https:\/\/www.pressenza.com\/es\/2009\/11\/el-ministerio-de-la-defensa-recibe-a-una-delegacion-de-la-marcha-mundial-por-la-paz-y-la-no-violencia\/#breadcrumb\"},\"inLanguage\":\"es\",\"potentialAction\":[{\"@type\":\"ReadAction\",\"target\":[\"https:\/\/www.pressenza.com\/es\/2009\/11\/el-ministerio-de-la-defensa-recibe-a-una-delegacion-de-la-marcha-mundial-por-la-paz-y-la-no-violencia\/\"]}]},{\"@type\":\"BreadcrumbList\",\"@id\":\"https:\/\/www.pressenza.com\/es\/2009\/11\/el-ministerio-de-la-defensa-recibe-a-una-delegacion-de-la-marcha-mundial-por-la-paz-y-la-no-violencia\/#breadcrumb\",\"itemListElement\":[{\"@type\":\"ListItem\",\"position\":1,\"name\":\"Accueil\",\"item\":\"https:\/\/www.pressenza.com\/es\/\"},{\"@type\":\"ListItem\",\"position\":2,\"name\":\"El Ministerio de la Defensa recibe a una delegaci\u00f3n de la Marcha Mundial por la Paz y la No Violencia\"}]},{\"@type\":\"WebSite\",\"@id\":\"https:\/\/www.pressenza.com\/es\/#website\",\"url\":\"https:\/\/www.pressenza.com\/es\/\",\"name\":\"Pressenza\",\"description\":\"International Press Agency\",\"publisher\":{\"@id\":\"https:\/\/www.pressenza.com\/es\/#organization\"},\"potentialAction\":[{\"@type\":\"SearchAction\",\"target\":{\"@type\":\"EntryPoint\",\"urlTemplate\":\"https:\/\/www.pressenza.com\/es\/?s={search_term_string}\"},\"query-input\":{\"@type\":\"PropertyValueSpecification\",\"valueRequired\":true,\"valueName\":\"search_term_string\"}}],\"inLanguage\":\"es\"},{\"@type\":\"Organization\",\"@id\":\"https:\/\/www.pressenza.com\/es\/#organization\",\"name\":\"Pressenza\",\"url\":\"https:\/\/www.pressenza.com\/es\/\",\"logo\":{\"@type\":\"ImageObject\",\"inLanguage\":\"es\",\"@id\":\"https:\/\/www.pressenza.com\/es\/#\/schema\/logo\/image\/\",\"url\":\"https:\/\/www.pressenza.com\/wp-content\/uploads\/2022\/10\/pressenza_logo_200x200.jpg\",\"contentUrl\":\"https:\/\/www.pressenza.com\/wp-content\/uploads\/2022\/10\/pressenza_logo_200x200.jpg\",\"width\":200,\"height\":200,\"caption\":\"Pressenza\"},\"image\":{\"@id\":\"https:\/\/www.pressenza.com\/es\/#\/schema\/logo\/image\/\"},\"sameAs\":[\"https:\/\/www.facebook.com\/PressenzaItalia\",\"https:\/\/x.com\/PressenzaIPA\"]},{\"@type\":\"Person\",\"@id\":\"https:\/\/www.pressenza.com\/es\/#\/schema\/person\/010e5d02bcf40965427a1289a4cc8d75\",\"name\":\"Pressenza IPA\",\"description\":\"News from Pressenza IPA correspondents\",\"sameAs\":[\"https:\/\/www.facebook.com\/pressenza\",\"https:\/\/x.com\/PressenzaIPA\"],\"url\":\"https:\/\/www.pressenza.com\/es\/author\/pressenza-ipa\/\"}]}<\/script>\n<!-- \/ Yoast SEO plugin. -->","yoast_head_json":{"title":"El Ministerio de la Defensa recibe a una delegaci\u00f3n de la Marcha Mundial por la Paz y la No Violencia","description":"Este lunes, Alain Marc, jefe de gabinete del Ministerio de la Defensa, recibi\u00f3 a una delegaci\u00f3n de la Marcha Mundial. Alain Ducq, portavoz de la Marcha Mundial en Francia, exigi\u00f3 que \u201cFrancia aplique el Tratado de no Proliferaci\u00f3n, que destruya sus 348 cabezas nucleares francesas, retire sus tropas de Afganist\u00e1n y cierre sus bases militares localizadas en \u00c1frica\u201d","robots":{"index":"index","follow":"follow","max-snippet":"max-snippet:-1","max-image-preview":"max-image-preview:large","max-video-preview":"max-video-preview:-1"},"canonical":"https:\/\/www.pressenza.com\/es\/2009\/11\/el-ministerio-de-la-defensa-recibe-a-una-delegacion-de-la-marcha-mundial-por-la-paz-y-la-no-violencia\/","og_locale":"es_ES","og_type":"article","og_title":"El Ministerio de la Defensa recibe a una delegaci\u00f3n de la Marcha Mundial por la Paz y la No Violencia","og_description":"Este lunes, Alain Marc, jefe de gabinete del Ministerio de la Defensa, recibi\u00f3 a una delegaci\u00f3n de la Marcha Mundial. Alain Ducq, portavoz de la Marcha Mundial en Francia, exigi\u00f3 que \u201cFrancia aplique el Tratado de no Proliferaci\u00f3n, que destruya sus 348 cabezas nucleares francesas, retire sus tropas de Afganist\u00e1n y cierre sus bases militares localizadas en \u00c1frica\u201d","og_url":"https:\/\/www.pressenza.com\/es\/2009\/11\/el-ministerio-de-la-defensa-recibe-a-una-delegacion-de-la-marcha-mundial-por-la-paz-y-la-no-violencia\/","og_site_name":"Pressenza","article_publisher":"https:\/\/www.facebook.com\/PressenzaItalia","article_author":"https:\/\/www.facebook.com\/pressenza","article_published_time":"2009-11-09T00:00:00+00:00","article_modified_time":"2009-11-09T21:28:30+00:00","author":"Pressenza IPA","twitter_card":"summary_large_image","twitter_creator":"@PressenzaIPA","twitter_site":"@PressenzaIPA","twitter_misc":{"Escrito por":"Pressenza IPA","Tiempo de lectura":"2 minutos"},"schema":{"@context":"https:\/\/schema.org","@graph":[{"@type":"Article","@id":"https:\/\/www.pressenza.com\/es\/2009\/11\/el-ministerio-de-la-defensa-recibe-a-una-delegacion-de-la-marcha-mundial-por-la-paz-y-la-no-violencia\/#article","isPartOf":{"@id":"https:\/\/www.pressenza.com\/es\/2009\/11\/el-ministerio-de-la-defensa-recibe-a-una-delegacion-de-la-marcha-mundial-por-la-paz-y-la-no-violencia\/"},"author":{"name":"Pressenza IPA","@id":"https:\/\/www.pressenza.com\/es\/#\/schema\/person\/010e5d02bcf40965427a1289a4cc8d75"},"headline":"El Ministerio de la Defensa recibe a una delegaci\u00f3n de la Marcha Mundial por la Paz y la No Violencia","datePublished":"2009-11-09T00:00:00+00:00","dateModified":"2009-11-09T21:28:30+00:00","mainEntityOfPage":{"@id":"https:\/\/www.pressenza.com\/es\/2009\/11\/el-ministerio-de-la-defensa-recibe-a-una-delegacion-de-la-marcha-mundial-por-la-paz-y-la-no-violencia\/"},"wordCount":399,"publisher":{"@id":"https:\/\/www.pressenza.com\/es\/#organization"},"articleSection":["Europa","Internacional","Pol\u00edtica"],"inLanguage":"es"},{"@type":"WebPage","@id":"https:\/\/www.pressenza.com\/es\/2009\/11\/el-ministerio-de-la-defensa-recibe-a-una-delegacion-de-la-marcha-mundial-por-la-paz-y-la-no-violencia\/","url":"https:\/\/www.pressenza.com\/es\/2009\/11\/el-ministerio-de-la-defensa-recibe-a-una-delegacion-de-la-marcha-mundial-por-la-paz-y-la-no-violencia\/","name":"El Ministerio de la Defensa recibe a una delegaci\u00f3n de la Marcha Mundial por la Paz y la No Violencia","isPartOf":{"@id":"https:\/\/www.pressenza.com\/es\/#website"},"datePublished":"2009-11-09T00:00:00+00:00","dateModified":"2009-11-09T21:28:30+00:00","description":"Este lunes, Alain Marc, jefe de gabinete del Ministerio de la Defensa, recibi\u00f3 a una delegaci\u00f3n de la Marcha Mundial. Alain Ducq, portavoz de la Marcha Mundial en Francia, exigi\u00f3 que \u201cFrancia aplique el Tratado de no Proliferaci\u00f3n, que destruya sus 348 cabezas nucleares francesas, retire sus tropas de Afganist\u00e1n y cierre sus bases militares localizadas en \u00c1frica\u201d","breadcrumb":{"@id":"https:\/\/www.pressenza.com\/es\/2009\/11\/el-ministerio-de-la-defensa-recibe-a-una-delegacion-de-la-marcha-mundial-por-la-paz-y-la-no-violencia\/#breadcrumb"},"inLanguage":"es","potentialAction":[{"@type":"ReadAction","target":["https:\/\/www.pressenza.com\/es\/2009\/11\/el-ministerio-de-la-defensa-recibe-a-una-delegacion-de-la-marcha-mundial-por-la-paz-y-la-no-violencia\/"]}]},{"@type":"BreadcrumbList","@id":"https:\/\/www.pressenza.com\/es\/2009\/11\/el-ministerio-de-la-defensa-recibe-a-una-delegacion-de-la-marcha-mundial-por-la-paz-y-la-no-violencia\/#breadcrumb","itemListElement":[{"@type":"ListItem","position":1,"name":"Accueil","item":"https:\/\/www.pressenza.com\/es\/"},{"@type":"ListItem","position":2,"name":"El Ministerio de la Defensa recibe a una delegaci\u00f3n de la Marcha Mundial por la Paz y la No Violencia"}]},{"@type":"WebSite","@id":"https:\/\/www.pressenza.com\/es\/#website","url":"https:\/\/www.pressenza.com\/es\/","name":"Pressenza","description":"International Press Agency","publisher":{"@id":"https:\/\/www.pressenza.com\/es\/#organization"},"potentialAction":[{"@type":"SearchAction","target":{"@type":"EntryPoint","urlTemplate":"https:\/\/www.pressenza.com\/es\/?s={search_term_string}"},"query-input":{"@type":"PropertyValueSpecification","valueRequired":true,"valueName":"search_term_string"}}],"inLanguage":"es"},{"@type":"Organization","@id":"https:\/\/www.pressenza.com\/es\/#organization","name":"Pressenza","url":"https:\/\/www.pressenza.com\/es\/","logo":{"@type":"ImageObject","inLanguage":"es","@id":"https:\/\/www.pressenza.com\/es\/#\/schema\/logo\/image\/","url":"https:\/\/www.pressenza.com\/wp-content\/uploads\/2022\/10\/pressenza_logo_200x200.jpg","contentUrl":"https:\/\/www.pressenza.com\/wp-content\/uploads\/2022\/10\/pressenza_logo_200x200.jpg","width":200,"height":200,"caption":"Pressenza"},"image":{"@id":"https:\/\/www.pressenza.com\/es\/#\/schema\/logo\/image\/"},"sameAs":["https:\/\/www.facebook.com\/PressenzaItalia","https:\/\/x.com\/PressenzaIPA"]},{"@type":"Person","@id":"https:\/\/www.pressenza.com\/es\/#\/schema\/person\/010e5d02bcf40965427a1289a4cc8d75","name":"Pressenza IPA","description":"News from Pressenza IPA correspondents","sameAs":["https:\/\/www.facebook.com\/pressenza","https:\/\/x.com\/PressenzaIPA"],"url":"https:\/\/www.pressenza.com\/es\/author\/pressenza-ipa\/"}]}},"place":"Paris","original_article_url":"","_links":{"self":[{"href":"https:\/\/www.pressenza.com\/es\/wp-json\/wp\/v2\/posts\/2129","targetHints":{"allow":["GET"]}}],"collection":[{"href":"https:\/\/www.pressenza.com\/es\/wp-json\/wp\/v2\/posts"}],"about":[{"href":"https:\/\/www.pressenza.com\/es\/wp-json\/wp\/v2\/types\/post"}],"author":[{"embeddable":true,"href":"https:\/\/www.pressenza.com\/es\/wp-json\/wp\/v2\/users\/19"}],"replies":[{"embeddable":true,"href":"https:\/\/www.pressenza.com\/es\/wp-json\/wp\/v2\/comments?post=2129"}],"version-history":[{"count":0,"href":"https:\/\/www.pressenza.com\/es\/wp-json\/wp\/v2\/posts\/2129\/revisions"}],"wp:attachment":[{"href":"https:\/\/www.pressenza.com\/es\/wp-json\/wp\/v2\/media?parent=2129"}],"wp:term":[{"taxonomy":"category","embeddable":true,"href":"https:\/\/www.pressenza.com\/es\/wp-json\/wp\/v2\/categories?post=2129"},{"taxonomy":"post_tag","embeddable":true,"href":"https:\/\/www.pressenza.com\/es\/wp-json\/wp\/v2\/tags?post=2129"}],"curies":[{"name":"wp","href":"https:\/\/api.w.org\/{rel}","templated":true}]}}