{"id":2128,"date":"2009-11-09T00:00:00","date_gmt":"2009-11-09T00:00:00","guid":{"rendered":""},"modified":"2009-11-09T19:51:10","modified_gmt":"2009-11-09T19:51:10","slug":"la-legua-celebra-su-carnaval","status":"publish","type":"post","link":"https:\/\/www.pressenza.com\/es\/2009\/11\/la-legua-celebra-su-carnaval\/","title":{"rendered":"La Legua celebra su carnaval"},"content":{"rendered":"<p>Es el tercer a\u00f1o en que estas batucadas provenientes de distintos lados  vienen en apoyo al Carnaval de La Legua, junto con todo tipo de actividades art\u00edsticas, j\u00f3venes disfrazados, zanquistas, guitarristas y much\u00edsima juventud&#8230; Las nuevas generaciones que despiertan a una forma en la que anhelan poder convivir dentro de La Legua&#8230; vivir en Paz.<\/p>\n<p>De hecho, el Carnaval se desarroll\u00f3 en la zona tradicionalmente m\u00e1s conflictiva de la poblaci\u00f3n, porque estos j\u00f3venes ya no quieren seguir siendo estigmatizados&#8230;  por la fama de unos pocos violentos, como ellos mismos dicen.<\/p>\n<p>El sorprendente Carnaval despleg\u00f3 al ritmo de la m\u00fasica las propuestas para el barrio, propuestas sociales y culturales, llenas de creatividad.<\/p>\n","protected":false},"excerpt":{"rendered":"<p>La tercera versi\u00f3n del Carnaval de La Legua se realiz\u00f3 con la participaci\u00f3n de diversas organizaciones sociales y comunales, as\u00ed como con pobladores de muchas otras comunas del Gran Santiago, reuniendo a muchas bandas juveniles de tambores al ritmo de batucadas, conocidas localmente como los \u00abQuinientos tambores por la Paz\u00bb.<\/p>\n","protected":false},"author":19,"featured_media":0,"comment_status":"closed","ping_status":"open","sticky":false,"template":"","format":"standard","meta":{"footnotes":""},"categories":[75,67],"tags":[],"class_list":["post-2128","post","type-post","status-publish","format-standard","hentry","category-cultura-es","category-sudamerica"],"yoast_head":"<!-- This site is optimized with the Yoast SEO plugin v27.1.1 - https:\/\/yoast.com\/product\/yoast-seo-wordpress\/ -->\n<title>La Legua celebra su carnaval<\/title>\n<meta name=\"description\" content=\"La tercera versi\u00f3n del Carnaval de La Legua se realiz\u00f3 con la participaci\u00f3n de diversas organizaciones sociales y comunales, as\u00ed como con pobladores de muchas otras comunas del Gran Santiago, reuniendo a muchas bandas juveniles de tambores al ritmo de batucadas, conocidas localmente como los &quot;Quinientos tambores por la Paz&quot;.\" \/>\n<meta name=\"robots\" content=\"index, follow, max-snippet:-1, max-image-preview:large, max-video-preview:-1\" \/>\n<link rel=\"canonical\" href=\"https:\/\/www.pressenza.com\/es\/2009\/11\/la-legua-celebra-su-carnaval\/\" \/>\n<meta property=\"og:locale\" content=\"es_ES\" \/>\n<meta property=\"og:type\" content=\"article\" \/>\n<meta property=\"og:title\" content=\"La Legua celebra su carnaval\" \/>\n<meta property=\"og:description\" content=\"La tercera versi\u00f3n del Carnaval de La Legua se realiz\u00f3 con la participaci\u00f3n de diversas organizaciones sociales y comunales, as\u00ed como con pobladores de muchas otras comunas del Gran Santiago, reuniendo a muchas bandas juveniles de tambores al ritmo de batucadas, conocidas localmente como los &quot;Quinientos tambores por la Paz&quot;.\" \/>\n<meta property=\"og:url\" content=\"https:\/\/www.pressenza.com\/es\/2009\/11\/la-legua-celebra-su-carnaval\/\" \/>\n<meta property=\"og:site_name\" content=\"Pressenza\" \/>\n<meta property=\"article:publisher\" content=\"https:\/\/www.facebook.com\/PressenzaItalia\" \/>\n<meta property=\"article:author\" content=\"https:\/\/www.facebook.com\/pressenza\" \/>\n<meta property=\"article:published_time\" content=\"2009-11-09T00:00:00+00:00\" \/>\n<meta property=\"article:modified_time\" content=\"2009-11-09T19:51:10+00:00\" \/>\n<meta name=\"author\" content=\"Pressenza IPA\" \/>\n<meta name=\"twitter:card\" content=\"summary_large_image\" \/>\n<meta name=\"twitter:creator\" content=\"@PressenzaIPA\" \/>\n<meta name=\"twitter:site\" content=\"@PressenzaIPA\" \/>\n<meta name=\"twitter:label1\" content=\"Escrito por\" \/>\n\t<meta name=\"twitter:data1\" content=\"Pressenza IPA\" \/>\n\t<meta name=\"twitter:label2\" content=\"Tiempo de lectura\" \/>\n\t<meta name=\"twitter:data2\" content=\"1 minuto\" \/>\n<script type=\"application\/ld+json\" class=\"yoast-schema-graph\">{\"@context\":\"https:\/\/schema.org\",\"@graph\":[{\"@type\":\"Article\",\"@id\":\"https:\/\/www.pressenza.com\/es\/2009\/11\/la-legua-celebra-su-carnaval\/#article\",\"isPartOf\":{\"@id\":\"https:\/\/www.pressenza.com\/es\/2009\/11\/la-legua-celebra-su-carnaval\/\"},\"author\":{\"name\":\"Pressenza IPA\",\"@id\":\"https:\/\/www.pressenza.com\/es\/#\/schema\/person\/010e5d02bcf40965427a1289a4cc8d75\"},\"headline\":\"La Legua celebra su carnaval\",\"datePublished\":\"2009-11-09T00:00:00+00:00\",\"dateModified\":\"2009-11-09T19:51:10+00:00\",\"mainEntityOfPage\":{\"@id\":\"https:\/\/www.pressenza.com\/es\/2009\/11\/la-legua-celebra-su-carnaval\/\"},\"wordCount\":124,\"publisher\":{\"@id\":\"https:\/\/www.pressenza.com\/es\/#organization\"},\"articleSection\":[\"Cultura y Medios\",\"Sudam\u00e9rica\"],\"inLanguage\":\"es\"},{\"@type\":\"WebPage\",\"@id\":\"https:\/\/www.pressenza.com\/es\/2009\/11\/la-legua-celebra-su-carnaval\/\",\"url\":\"https:\/\/www.pressenza.com\/es\/2009\/11\/la-legua-celebra-su-carnaval\/\",\"name\":\"La Legua celebra su carnaval\",\"isPartOf\":{\"@id\":\"https:\/\/www.pressenza.com\/es\/#website\"},\"datePublished\":\"2009-11-09T00:00:00+00:00\",\"dateModified\":\"2009-11-09T19:51:10+00:00\",\"description\":\"La tercera versi\u00f3n del Carnaval de La Legua se realiz\u00f3 con la participaci\u00f3n de diversas organizaciones sociales y comunales, as\u00ed como con pobladores de muchas otras comunas del Gran Santiago, reuniendo a muchas bandas juveniles de tambores al ritmo de batucadas, conocidas localmente como los \\\"Quinientos tambores por la Paz\\\".\",\"breadcrumb\":{\"@id\":\"https:\/\/www.pressenza.com\/es\/2009\/11\/la-legua-celebra-su-carnaval\/#breadcrumb\"},\"inLanguage\":\"es\",\"potentialAction\":[{\"@type\":\"ReadAction\",\"target\":[\"https:\/\/www.pressenza.com\/es\/2009\/11\/la-legua-celebra-su-carnaval\/\"]}]},{\"@type\":\"BreadcrumbList\",\"@id\":\"https:\/\/www.pressenza.com\/es\/2009\/11\/la-legua-celebra-su-carnaval\/#breadcrumb\",\"itemListElement\":[{\"@type\":\"ListItem\",\"position\":1,\"name\":\"Accueil\",\"item\":\"https:\/\/www.pressenza.com\/es\/\"},{\"@type\":\"ListItem\",\"position\":2,\"name\":\"La Legua celebra su carnaval\"}]},{\"@type\":\"WebSite\",\"@id\":\"https:\/\/www.pressenza.com\/es\/#website\",\"url\":\"https:\/\/www.pressenza.com\/es\/\",\"name\":\"Pressenza\",\"description\":\"International Press Agency\",\"publisher\":{\"@id\":\"https:\/\/www.pressenza.com\/es\/#organization\"},\"potentialAction\":[{\"@type\":\"SearchAction\",\"target\":{\"@type\":\"EntryPoint\",\"urlTemplate\":\"https:\/\/www.pressenza.com\/es\/?s={search_term_string}\"},\"query-input\":{\"@type\":\"PropertyValueSpecification\",\"valueRequired\":true,\"valueName\":\"search_term_string\"}}],\"inLanguage\":\"es\"},{\"@type\":\"Organization\",\"@id\":\"https:\/\/www.pressenza.com\/es\/#organization\",\"name\":\"Pressenza\",\"url\":\"https:\/\/www.pressenza.com\/es\/\",\"logo\":{\"@type\":\"ImageObject\",\"inLanguage\":\"es\",\"@id\":\"https:\/\/www.pressenza.com\/es\/#\/schema\/logo\/image\/\",\"url\":\"https:\/\/www.pressenza.com\/wp-content\/uploads\/2022\/10\/pressenza_logo_200x200.jpg\",\"contentUrl\":\"https:\/\/www.pressenza.com\/wp-content\/uploads\/2022\/10\/pressenza_logo_200x200.jpg\",\"width\":200,\"height\":200,\"caption\":\"Pressenza\"},\"image\":{\"@id\":\"https:\/\/www.pressenza.com\/es\/#\/schema\/logo\/image\/\"},\"sameAs\":[\"https:\/\/www.facebook.com\/PressenzaItalia\",\"https:\/\/x.com\/PressenzaIPA\"]},{\"@type\":\"Person\",\"@id\":\"https:\/\/www.pressenza.com\/es\/#\/schema\/person\/010e5d02bcf40965427a1289a4cc8d75\",\"name\":\"Pressenza IPA\",\"description\":\"News from Pressenza IPA correspondents\",\"sameAs\":[\"https:\/\/www.facebook.com\/pressenza\",\"https:\/\/x.com\/PressenzaIPA\"],\"url\":\"https:\/\/www.pressenza.com\/es\/author\/pressenza-ipa\/\"}]}<\/script>\n<!-- \/ Yoast SEO plugin. -->","yoast_head_json":{"title":"La Legua celebra su carnaval","description":"La tercera versi\u00f3n del Carnaval de La Legua se realiz\u00f3 con la participaci\u00f3n de diversas organizaciones sociales y comunales, as\u00ed como con pobladores de muchas otras comunas del Gran Santiago, reuniendo a muchas bandas juveniles de tambores al ritmo de batucadas, conocidas localmente como los \"Quinientos tambores por la Paz\".","robots":{"index":"index","follow":"follow","max-snippet":"max-snippet:-1","max-image-preview":"max-image-preview:large","max-video-preview":"max-video-preview:-1"},"canonical":"https:\/\/www.pressenza.com\/es\/2009\/11\/la-legua-celebra-su-carnaval\/","og_locale":"es_ES","og_type":"article","og_title":"La Legua celebra su carnaval","og_description":"La tercera versi\u00f3n del Carnaval de La Legua se realiz\u00f3 con la participaci\u00f3n de diversas organizaciones sociales y comunales, as\u00ed como con pobladores de muchas otras comunas del Gran Santiago, reuniendo a muchas bandas juveniles de tambores al ritmo de batucadas, conocidas localmente como los \"Quinientos tambores por la Paz\".","og_url":"https:\/\/www.pressenza.com\/es\/2009\/11\/la-legua-celebra-su-carnaval\/","og_site_name":"Pressenza","article_publisher":"https:\/\/www.facebook.com\/PressenzaItalia","article_author":"https:\/\/www.facebook.com\/pressenza","article_published_time":"2009-11-09T00:00:00+00:00","article_modified_time":"2009-11-09T19:51:10+00:00","author":"Pressenza IPA","twitter_card":"summary_large_image","twitter_creator":"@PressenzaIPA","twitter_site":"@PressenzaIPA","twitter_misc":{"Escrito por":"Pressenza IPA","Tiempo de lectura":"1 minuto"},"schema":{"@context":"https:\/\/schema.org","@graph":[{"@type":"Article","@id":"https:\/\/www.pressenza.com\/es\/2009\/11\/la-legua-celebra-su-carnaval\/#article","isPartOf":{"@id":"https:\/\/www.pressenza.com\/es\/2009\/11\/la-legua-celebra-su-carnaval\/"},"author":{"name":"Pressenza IPA","@id":"https:\/\/www.pressenza.com\/es\/#\/schema\/person\/010e5d02bcf40965427a1289a4cc8d75"},"headline":"La Legua celebra su carnaval","datePublished":"2009-11-09T00:00:00+00:00","dateModified":"2009-11-09T19:51:10+00:00","mainEntityOfPage":{"@id":"https:\/\/www.pressenza.com\/es\/2009\/11\/la-legua-celebra-su-carnaval\/"},"wordCount":124,"publisher":{"@id":"https:\/\/www.pressenza.com\/es\/#organization"},"articleSection":["Cultura y Medios","Sudam\u00e9rica"],"inLanguage":"es"},{"@type":"WebPage","@id":"https:\/\/www.pressenza.com\/es\/2009\/11\/la-legua-celebra-su-carnaval\/","url":"https:\/\/www.pressenza.com\/es\/2009\/11\/la-legua-celebra-su-carnaval\/","name":"La Legua celebra su carnaval","isPartOf":{"@id":"https:\/\/www.pressenza.com\/es\/#website"},"datePublished":"2009-11-09T00:00:00+00:00","dateModified":"2009-11-09T19:51:10+00:00","description":"La tercera versi\u00f3n del Carnaval de La Legua se realiz\u00f3 con la participaci\u00f3n de diversas organizaciones sociales y comunales, as\u00ed como con pobladores de muchas otras comunas del Gran Santiago, reuniendo a muchas bandas juveniles de tambores al ritmo de batucadas, conocidas localmente como los \"Quinientos tambores por la Paz\".","breadcrumb":{"@id":"https:\/\/www.pressenza.com\/es\/2009\/11\/la-legua-celebra-su-carnaval\/#breadcrumb"},"inLanguage":"es","potentialAction":[{"@type":"ReadAction","target":["https:\/\/www.pressenza.com\/es\/2009\/11\/la-legua-celebra-su-carnaval\/"]}]},{"@type":"BreadcrumbList","@id":"https:\/\/www.pressenza.com\/es\/2009\/11\/la-legua-celebra-su-carnaval\/#breadcrumb","itemListElement":[{"@type":"ListItem","position":1,"name":"Accueil","item":"https:\/\/www.pressenza.com\/es\/"},{"@type":"ListItem","position":2,"name":"La Legua celebra su carnaval"}]},{"@type":"WebSite","@id":"https:\/\/www.pressenza.com\/es\/#website","url":"https:\/\/www.pressenza.com\/es\/","name":"Pressenza","description":"International Press Agency","publisher":{"@id":"https:\/\/www.pressenza.com\/es\/#organization"},"potentialAction":[{"@type":"SearchAction","target":{"@type":"EntryPoint","urlTemplate":"https:\/\/www.pressenza.com\/es\/?s={search_term_string}"},"query-input":{"@type":"PropertyValueSpecification","valueRequired":true,"valueName":"search_term_string"}}],"inLanguage":"es"},{"@type":"Organization","@id":"https:\/\/www.pressenza.com\/es\/#organization","name":"Pressenza","url":"https:\/\/www.pressenza.com\/es\/","logo":{"@type":"ImageObject","inLanguage":"es","@id":"https:\/\/www.pressenza.com\/es\/#\/schema\/logo\/image\/","url":"https:\/\/www.pressenza.com\/wp-content\/uploads\/2022\/10\/pressenza_logo_200x200.jpg","contentUrl":"https:\/\/www.pressenza.com\/wp-content\/uploads\/2022\/10\/pressenza_logo_200x200.jpg","width":200,"height":200,"caption":"Pressenza"},"image":{"@id":"https:\/\/www.pressenza.com\/es\/#\/schema\/logo\/image\/"},"sameAs":["https:\/\/www.facebook.com\/PressenzaItalia","https:\/\/x.com\/PressenzaIPA"]},{"@type":"Person","@id":"https:\/\/www.pressenza.com\/es\/#\/schema\/person\/010e5d02bcf40965427a1289a4cc8d75","name":"Pressenza IPA","description":"News from Pressenza IPA correspondents","sameAs":["https:\/\/www.facebook.com\/pressenza","https:\/\/x.com\/PressenzaIPA"],"url":"https:\/\/www.pressenza.com\/es\/author\/pressenza-ipa\/"}]}},"place":"Santiago","original_article_url":"","_links":{"self":[{"href":"https:\/\/www.pressenza.com\/es\/wp-json\/wp\/v2\/posts\/2128","targetHints":{"allow":["GET"]}}],"collection":[{"href":"https:\/\/www.pressenza.com\/es\/wp-json\/wp\/v2\/posts"}],"about":[{"href":"https:\/\/www.pressenza.com\/es\/wp-json\/wp\/v2\/types\/post"}],"author":[{"embeddable":true,"href":"https:\/\/www.pressenza.com\/es\/wp-json\/wp\/v2\/users\/19"}],"replies":[{"embeddable":true,"href":"https:\/\/www.pressenza.com\/es\/wp-json\/wp\/v2\/comments?post=2128"}],"version-history":[{"count":0,"href":"https:\/\/www.pressenza.com\/es\/wp-json\/wp\/v2\/posts\/2128\/revisions"}],"wp:attachment":[{"href":"https:\/\/www.pressenza.com\/es\/wp-json\/wp\/v2\/media?parent=2128"}],"wp:term":[{"taxonomy":"category","embeddable":true,"href":"https:\/\/www.pressenza.com\/es\/wp-json\/wp\/v2\/categories?post=2128"},{"taxonomy":"post_tag","embeddable":true,"href":"https:\/\/www.pressenza.com\/es\/wp-json\/wp\/v2\/tags?post=2128"}],"curies":[{"name":"wp","href":"https:\/\/api.w.org\/{rel}","templated":true}]}}