{"id":212378,"date":"2015-08-20T03:45:20","date_gmt":"2015-08-20T02:45:20","guid":{"rendered":"http:\/\/www.pressenza.com\/?p=212378"},"modified":"2015-08-20T03:45:20","modified_gmt":"2015-08-20T02:45:20","slug":"se-agudiza-conflicto-en-sudan-del-sur-tras-rechazo-a-acuerdo-de-paz","status":"publish","type":"post","link":"https:\/\/www.pressenza.com\/es\/2015\/08\/se-agudiza-conflicto-en-sudan-del-sur-tras-rechazo-a-acuerdo-de-paz\/","title":{"rendered":"Se agudiza conflicto en Sud\u00e1n del Sur tras rechazo a acuerdo de paz"},"content":{"rendered":"<p>Los enfrentamientos armados entre fuerzas gubernamentales y de la oposici\u00f3n se agudizaron en Sud\u00e1n del Sur tras rechazar el presidente Salva Kiir la firma de un acuerdo de paz, indic\u00f3 hoy un vocero militar.<\/p>\n<p>El coronel Philip Aguer, portavoz del ej\u00e9rcito sursudan\u00e9s, se\u00f1al\u00f3 que los combates se reanudaron en localidades del nororiental condado de Manyo, ubicadas en la frontera con Sud\u00e1n donde, seg\u00fan afirm\u00f3, las milicias opositoras tratan de ocupar posiciones controladas por tropas leales al mandatario.<\/p>\n<p>Kiir se neg\u00f3 a aceptar un pacto aprobado en la noche del lunes por el exvicepresidente Riek Machar, l\u00edder de las fuerzas opositoras, resultado de las conversaciones iniciadas el 6 de agosto en Addis Abeba, Etiop\u00eda, entre equipos negociadores de ambas partes.<\/p>\n<p>Por su parte el general rebelde James Chuol responsabiliz\u00f3 al ej\u00e9rcito por el reinicio de los combates al atacar sus campamentos ubicados en esa zona fronteriza del estado de Alto Nilo, a pocas horas de la negativa de Kiir a suscribir el acuerdo para poner fin al conflicto. Tambi\u00e9n se reportaron enfrentamientos en las monta\u00f1as de Imatong ubicadas en el estado de Ecuatoria Oriental, en un sector ubicado al sur del pa\u00eds entre esta capital y el poblado de Nimule, pr\u00f3ximo a la frontera con Uganda.<\/p>\n<p>El pasado jueves el general rebelde sursudan\u00e9s Peter Gatdet rechaz\u00f3 una f\u00f3rmula pacificadora propuesta por organizaciones regionales que comprende la creaci\u00f3n de un gabinete de transici\u00f3n en su pa\u00eds integrado por representantes gubernamentales y de la oposici\u00f3n.<\/p>\n<p>Las conversaciones en Addis Abeba, promovidas por la Autoridad Intergubernamental para el Desarrollo (IGAD), deb\u00edan concluir el 17 de agosto con un acuerdo para detener la confrontaci\u00f3n armada que desde hace 19 meses afecta a ese pa\u00eds africano.<\/p>\n<p>Kiir se neg\u00f3 a suscribir un acuerdo de paz con Machar con el argument\u00f3 de que las divisiones entre las fuerzas opositoras restaban credibilidad a la firma del mismo y pidi\u00f3 un plazo de 15 d\u00edas para realizar una consulta popular y tomar una decisi\u00f3n en relaci\u00f3n con el documento.<\/p>\n<p>Mientras continuar\u00e1 el conflicto en ese pa\u00eds que comenz\u00f3 en diciembre de 2013 cuando Kiir acus\u00f3 al entonces vicepresidente Riek Machar de planificar un golpe de Estado, tras lo cual se desataron enfrentamientos con un saldo de 50 mil muertos y dos millones de desplazados.<\/p>\n","protected":false},"excerpt":{"rendered":"<p>Los enfrentamientos armados entre fuerzas gubernamentales y de la oposici\u00f3n se agudizaron en Sud\u00e1n del Sur tras rechazar el presidente Salva Kiir la firma de un acuerdo de paz, indic\u00f3 hoy un vocero militar. El coronel Philip Aguer, portavoz del&hellip;<\/p>\n","protected":false},"author":90,"featured_media":212379,"comment_status":"closed","ping_status":"open","sticky":false,"template":"","format":"standard","meta":{"footnotes":""},"categories":[64,76,74],"tags":[19254,13218],"class_list":["post-212378","post","type-post","status-publish","format-standard","has-post-thumbnail","hentry","category-africa-es","category-relaciones-exteriores","category-politica-es","tag-conflictos-armados","tag-dialogos-de-paz"],"yoast_head":"<!-- This site is optimized with the Yoast SEO plugin v27.1.1 - https:\/\/yoast.com\/product\/yoast-seo-wordpress\/ -->\n<title>Se agudiza conflicto en Sud\u00e1n del Sur tras rechazo a acuerdo de paz<\/title>\n<meta name=\"description\" content=\"Los enfrentamientos armados entre fuerzas gubernamentales y de la oposici\u00f3n se agudizaron en Sud\u00e1n del Sur tras rechazar el presidente Salva Kiir la firma\" \/>\n<meta name=\"robots\" content=\"index, follow, max-snippet:-1, max-image-preview:large, max-video-preview:-1\" \/>\n<link rel=\"canonical\" href=\"https:\/\/www.pressenza.com\/es\/2015\/08\/se-agudiza-conflicto-en-sudan-del-sur-tras-rechazo-a-acuerdo-de-paz\/\" \/>\n<meta property=\"og:locale\" content=\"es_ES\" \/>\n<meta property=\"og:type\" content=\"article\" \/>\n<meta property=\"og:title\" content=\"Se agudiza conflicto en Sud\u00e1n del Sur tras rechazo a acuerdo de paz\" \/>\n<meta property=\"og:description\" content=\"Los enfrentamientos armados entre fuerzas gubernamentales y de la oposici\u00f3n se agudizaron en Sud\u00e1n del Sur tras rechazar el presidente Salva Kiir la firma\" \/>\n<meta property=\"og:url\" content=\"https:\/\/www.pressenza.com\/es\/2015\/08\/se-agudiza-conflicto-en-sudan-del-sur-tras-rechazo-a-acuerdo-de-paz\/\" \/>\n<meta property=\"og:site_name\" content=\"Pressenza\" \/>\n<meta property=\"article:publisher\" content=\"https:\/\/www.facebook.com\/PressenzaItalia\" \/>\n<meta property=\"article:author\" content=\"https:\/\/www.facebook.com\/AgenciaPrensaLatina\" \/>\n<meta property=\"article:published_time\" content=\"2015-08-20T02:45:20+00:00\" \/>\n<meta property=\"og:image\" content=\"https:\/\/www.pressenza.com\/wp-content\/uploads\/2015\/08\/sudan1.jpg\" \/>\n\t<meta property=\"og:image:width\" content=\"299\" \/>\n\t<meta property=\"og:image:height\" content=\"168\" \/>\n\t<meta property=\"og:image:type\" content=\"image\/jpeg\" \/>\n<meta name=\"author\" content=\"Prensa Latina\" \/>\n<meta name=\"twitter:card\" content=\"summary_large_image\" \/>\n<meta name=\"twitter:creator\" content=\"@prensalatina_cu\" \/>\n<meta name=\"twitter:site\" content=\"@PressenzaIPA\" \/>\n<meta name=\"twitter:label1\" content=\"Escrito por\" \/>\n\t<meta name=\"twitter:data1\" content=\"Prensa Latina\" \/>\n\t<meta name=\"twitter:label2\" content=\"Tiempo de lectura\" \/>\n\t<meta name=\"twitter:data2\" content=\"2 minutos\" \/>\n<script type=\"application\/ld+json\" class=\"yoast-schema-graph\">{\"@context\":\"https:\/\/schema.org\",\"@graph\":[{\"@type\":\"Article\",\"@id\":\"https:\/\/www.pressenza.com\/es\/2015\/08\/se-agudiza-conflicto-en-sudan-del-sur-tras-rechazo-a-acuerdo-de-paz\/#article\",\"isPartOf\":{\"@id\":\"https:\/\/www.pressenza.com\/es\/2015\/08\/se-agudiza-conflicto-en-sudan-del-sur-tras-rechazo-a-acuerdo-de-paz\/\"},\"author\":{\"name\":\"Prensa Latina\",\"@id\":\"https:\/\/www.pressenza.com\/es\/#\/schema\/person\/e35c78ffa242d98f4f49ccb18c8631de\"},\"headline\":\"Se agudiza conflicto en Sud\u00e1n del Sur tras rechazo a acuerdo de paz\",\"datePublished\":\"2015-08-20T02:45:20+00:00\",\"mainEntityOfPage\":{\"@id\":\"https:\/\/www.pressenza.com\/es\/2015\/08\/se-agudiza-conflicto-en-sudan-del-sur-tras-rechazo-a-acuerdo-de-paz\/\"},\"wordCount\":410,\"publisher\":{\"@id\":\"https:\/\/www.pressenza.com\/es\/#organization\"},\"image\":{\"@id\":\"https:\/\/www.pressenza.com\/es\/2015\/08\/se-agudiza-conflicto-en-sudan-del-sur-tras-rechazo-a-acuerdo-de-paz\/#primaryimage\"},\"thumbnailUrl\":\"https:\/\/www.pressenza.com\/wp-content\/uploads\/2015\/08\/sudan1.jpg\",\"keywords\":[\"Conflictos armados\",\"Di\u00e1logos de Paz\"],\"articleSection\":[\"Africa\",\"Asuntos internacionales\",\"Pol\u00edtica\"],\"inLanguage\":\"es\"},{\"@type\":\"WebPage\",\"@id\":\"https:\/\/www.pressenza.com\/es\/2015\/08\/se-agudiza-conflicto-en-sudan-del-sur-tras-rechazo-a-acuerdo-de-paz\/\",\"url\":\"https:\/\/www.pressenza.com\/es\/2015\/08\/se-agudiza-conflicto-en-sudan-del-sur-tras-rechazo-a-acuerdo-de-paz\/\",\"name\":\"Se agudiza conflicto en Sud\u00e1n del Sur tras rechazo a acuerdo de paz\",\"isPartOf\":{\"@id\":\"https:\/\/www.pressenza.com\/es\/#website\"},\"primaryImageOfPage\":{\"@id\":\"https:\/\/www.pressenza.com\/es\/2015\/08\/se-agudiza-conflicto-en-sudan-del-sur-tras-rechazo-a-acuerdo-de-paz\/#primaryimage\"},\"image\":{\"@id\":\"https:\/\/www.pressenza.com\/es\/2015\/08\/se-agudiza-conflicto-en-sudan-del-sur-tras-rechazo-a-acuerdo-de-paz\/#primaryimage\"},\"thumbnailUrl\":\"https:\/\/www.pressenza.com\/wp-content\/uploads\/2015\/08\/sudan1.jpg\",\"datePublished\":\"2015-08-20T02:45:20+00:00\",\"description\":\"Los enfrentamientos armados entre fuerzas gubernamentales y de la oposici\u00f3n se agudizaron en Sud\u00e1n del Sur tras rechazar el presidente Salva Kiir la firma\",\"breadcrumb\":{\"@id\":\"https:\/\/www.pressenza.com\/es\/2015\/08\/se-agudiza-conflicto-en-sudan-del-sur-tras-rechazo-a-acuerdo-de-paz\/#breadcrumb\"},\"inLanguage\":\"es\",\"potentialAction\":[{\"@type\":\"ReadAction\",\"target\":[\"https:\/\/www.pressenza.com\/es\/2015\/08\/se-agudiza-conflicto-en-sudan-del-sur-tras-rechazo-a-acuerdo-de-paz\/\"]}]},{\"@type\":\"ImageObject\",\"inLanguage\":\"es\",\"@id\":\"https:\/\/www.pressenza.com\/es\/2015\/08\/se-agudiza-conflicto-en-sudan-del-sur-tras-rechazo-a-acuerdo-de-paz\/#primaryimage\",\"url\":\"https:\/\/www.pressenza.com\/wp-content\/uploads\/2015\/08\/sudan1.jpg\",\"contentUrl\":\"https:\/\/www.pressenza.com\/wp-content\/uploads\/2015\/08\/sudan1.jpg\",\"width\":299,\"height\":168},{\"@type\":\"BreadcrumbList\",\"@id\":\"https:\/\/www.pressenza.com\/es\/2015\/08\/se-agudiza-conflicto-en-sudan-del-sur-tras-rechazo-a-acuerdo-de-paz\/#breadcrumb\",\"itemListElement\":[{\"@type\":\"ListItem\",\"position\":1,\"name\":\"Accueil\",\"item\":\"https:\/\/www.pressenza.com\/es\/\"},{\"@type\":\"ListItem\",\"position\":2,\"name\":\"Se agudiza conflicto en Sud\u00e1n del Sur tras rechazo a acuerdo de paz\"}]},{\"@type\":\"WebSite\",\"@id\":\"https:\/\/www.pressenza.com\/es\/#website\",\"url\":\"https:\/\/www.pressenza.com\/es\/\",\"name\":\"Pressenza\",\"description\":\"International Press Agency\",\"publisher\":{\"@id\":\"https:\/\/www.pressenza.com\/es\/#organization\"},\"potentialAction\":[{\"@type\":\"SearchAction\",\"target\":{\"@type\":\"EntryPoint\",\"urlTemplate\":\"https:\/\/www.pressenza.com\/es\/?s={search_term_string}\"},\"query-input\":{\"@type\":\"PropertyValueSpecification\",\"valueRequired\":true,\"valueName\":\"search_term_string\"}}],\"inLanguage\":\"es\"},{\"@type\":\"Organization\",\"@id\":\"https:\/\/www.pressenza.com\/es\/#organization\",\"name\":\"Pressenza\",\"url\":\"https:\/\/www.pressenza.com\/es\/\",\"logo\":{\"@type\":\"ImageObject\",\"inLanguage\":\"es\",\"@id\":\"https:\/\/www.pressenza.com\/es\/#\/schema\/logo\/image\/\",\"url\":\"https:\/\/www.pressenza.com\/wp-content\/uploads\/2022\/10\/pressenza_logo_200x200.jpg\",\"contentUrl\":\"https:\/\/www.pressenza.com\/wp-content\/uploads\/2022\/10\/pressenza_logo_200x200.jpg\",\"width\":200,\"height\":200,\"caption\":\"Pressenza\"},\"image\":{\"@id\":\"https:\/\/www.pressenza.com\/es\/#\/schema\/logo\/image\/\"},\"sameAs\":[\"https:\/\/www.facebook.com\/PressenzaItalia\",\"https:\/\/x.com\/PressenzaIPA\"]},{\"@type\":\"Person\",\"@id\":\"https:\/\/www.pressenza.com\/es\/#\/schema\/person\/e35c78ffa242d98f4f49ccb18c8631de\",\"name\":\"Prensa Latina\",\"description\":\"www.prensa-latina.cu\",\"sameAs\":[\"https:\/\/www.facebook.com\/AgenciaPrensaLatina\",\"https:\/\/x.com\/prensalatina_cu\"],\"url\":\"https:\/\/www.pressenza.com\/es\/author\/prensa-latina\/\"}]}<\/script>\n<!-- \/ Yoast SEO plugin. -->","yoast_head_json":{"title":"Se agudiza conflicto en Sud\u00e1n del Sur tras rechazo a acuerdo de paz","description":"Los enfrentamientos armados entre fuerzas gubernamentales y de la oposici\u00f3n se agudizaron en Sud\u00e1n del Sur tras rechazar el presidente Salva Kiir la firma","robots":{"index":"index","follow":"follow","max-snippet":"max-snippet:-1","max-image-preview":"max-image-preview:large","max-video-preview":"max-video-preview:-1"},"canonical":"https:\/\/www.pressenza.com\/es\/2015\/08\/se-agudiza-conflicto-en-sudan-del-sur-tras-rechazo-a-acuerdo-de-paz\/","og_locale":"es_ES","og_type":"article","og_title":"Se agudiza conflicto en Sud\u00e1n del Sur tras rechazo a acuerdo de paz","og_description":"Los enfrentamientos armados entre fuerzas gubernamentales y de la oposici\u00f3n se agudizaron en Sud\u00e1n del Sur tras rechazar el presidente Salva Kiir la firma","og_url":"https:\/\/www.pressenza.com\/es\/2015\/08\/se-agudiza-conflicto-en-sudan-del-sur-tras-rechazo-a-acuerdo-de-paz\/","og_site_name":"Pressenza","article_publisher":"https:\/\/www.facebook.com\/PressenzaItalia","article_author":"https:\/\/www.facebook.com\/AgenciaPrensaLatina","article_published_time":"2015-08-20T02:45:20+00:00","og_image":[{"width":299,"height":168,"url":"https:\/\/www.pressenza.com\/wp-content\/uploads\/2015\/08\/sudan1.jpg","type":"image\/jpeg"}],"author":"Prensa Latina","twitter_card":"summary_large_image","twitter_creator":"@prensalatina_cu","twitter_site":"@PressenzaIPA","twitter_misc":{"Escrito por":"Prensa Latina","Tiempo de lectura":"2 minutos"},"schema":{"@context":"https:\/\/schema.org","@graph":[{"@type":"Article","@id":"https:\/\/www.pressenza.com\/es\/2015\/08\/se-agudiza-conflicto-en-sudan-del-sur-tras-rechazo-a-acuerdo-de-paz\/#article","isPartOf":{"@id":"https:\/\/www.pressenza.com\/es\/2015\/08\/se-agudiza-conflicto-en-sudan-del-sur-tras-rechazo-a-acuerdo-de-paz\/"},"author":{"name":"Prensa Latina","@id":"https:\/\/www.pressenza.com\/es\/#\/schema\/person\/e35c78ffa242d98f4f49ccb18c8631de"},"headline":"Se agudiza conflicto en Sud\u00e1n del Sur tras rechazo a acuerdo de paz","datePublished":"2015-08-20T02:45:20+00:00","mainEntityOfPage":{"@id":"https:\/\/www.pressenza.com\/es\/2015\/08\/se-agudiza-conflicto-en-sudan-del-sur-tras-rechazo-a-acuerdo-de-paz\/"},"wordCount":410,"publisher":{"@id":"https:\/\/www.pressenza.com\/es\/#organization"},"image":{"@id":"https:\/\/www.pressenza.com\/es\/2015\/08\/se-agudiza-conflicto-en-sudan-del-sur-tras-rechazo-a-acuerdo-de-paz\/#primaryimage"},"thumbnailUrl":"https:\/\/www.pressenza.com\/wp-content\/uploads\/2015\/08\/sudan1.jpg","keywords":["Conflictos armados","Di\u00e1logos de Paz"],"articleSection":["Africa","Asuntos internacionales","Pol\u00edtica"],"inLanguage":"es"},{"@type":"WebPage","@id":"https:\/\/www.pressenza.com\/es\/2015\/08\/se-agudiza-conflicto-en-sudan-del-sur-tras-rechazo-a-acuerdo-de-paz\/","url":"https:\/\/www.pressenza.com\/es\/2015\/08\/se-agudiza-conflicto-en-sudan-del-sur-tras-rechazo-a-acuerdo-de-paz\/","name":"Se agudiza conflicto en Sud\u00e1n del Sur tras rechazo a acuerdo de paz","isPartOf":{"@id":"https:\/\/www.pressenza.com\/es\/#website"},"primaryImageOfPage":{"@id":"https:\/\/www.pressenza.com\/es\/2015\/08\/se-agudiza-conflicto-en-sudan-del-sur-tras-rechazo-a-acuerdo-de-paz\/#primaryimage"},"image":{"@id":"https:\/\/www.pressenza.com\/es\/2015\/08\/se-agudiza-conflicto-en-sudan-del-sur-tras-rechazo-a-acuerdo-de-paz\/#primaryimage"},"thumbnailUrl":"https:\/\/www.pressenza.com\/wp-content\/uploads\/2015\/08\/sudan1.jpg","datePublished":"2015-08-20T02:45:20+00:00","description":"Los enfrentamientos armados entre fuerzas gubernamentales y de la oposici\u00f3n se agudizaron en Sud\u00e1n del Sur tras rechazar el presidente Salva Kiir la firma","breadcrumb":{"@id":"https:\/\/www.pressenza.com\/es\/2015\/08\/se-agudiza-conflicto-en-sudan-del-sur-tras-rechazo-a-acuerdo-de-paz\/#breadcrumb"},"inLanguage":"es","potentialAction":[{"@type":"ReadAction","target":["https:\/\/www.pressenza.com\/es\/2015\/08\/se-agudiza-conflicto-en-sudan-del-sur-tras-rechazo-a-acuerdo-de-paz\/"]}]},{"@type":"ImageObject","inLanguage":"es","@id":"https:\/\/www.pressenza.com\/es\/2015\/08\/se-agudiza-conflicto-en-sudan-del-sur-tras-rechazo-a-acuerdo-de-paz\/#primaryimage","url":"https:\/\/www.pressenza.com\/wp-content\/uploads\/2015\/08\/sudan1.jpg","contentUrl":"https:\/\/www.pressenza.com\/wp-content\/uploads\/2015\/08\/sudan1.jpg","width":299,"height":168},{"@type":"BreadcrumbList","@id":"https:\/\/www.pressenza.com\/es\/2015\/08\/se-agudiza-conflicto-en-sudan-del-sur-tras-rechazo-a-acuerdo-de-paz\/#breadcrumb","itemListElement":[{"@type":"ListItem","position":1,"name":"Accueil","item":"https:\/\/www.pressenza.com\/es\/"},{"@type":"ListItem","position":2,"name":"Se agudiza conflicto en Sud\u00e1n del Sur tras rechazo a acuerdo de paz"}]},{"@type":"WebSite","@id":"https:\/\/www.pressenza.com\/es\/#website","url":"https:\/\/www.pressenza.com\/es\/","name":"Pressenza","description":"International Press Agency","publisher":{"@id":"https:\/\/www.pressenza.com\/es\/#organization"},"potentialAction":[{"@type":"SearchAction","target":{"@type":"EntryPoint","urlTemplate":"https:\/\/www.pressenza.com\/es\/?s={search_term_string}"},"query-input":{"@type":"PropertyValueSpecification","valueRequired":true,"valueName":"search_term_string"}}],"inLanguage":"es"},{"@type":"Organization","@id":"https:\/\/www.pressenza.com\/es\/#organization","name":"Pressenza","url":"https:\/\/www.pressenza.com\/es\/","logo":{"@type":"ImageObject","inLanguage":"es","@id":"https:\/\/www.pressenza.com\/es\/#\/schema\/logo\/image\/","url":"https:\/\/www.pressenza.com\/wp-content\/uploads\/2022\/10\/pressenza_logo_200x200.jpg","contentUrl":"https:\/\/www.pressenza.com\/wp-content\/uploads\/2022\/10\/pressenza_logo_200x200.jpg","width":200,"height":200,"caption":"Pressenza"},"image":{"@id":"https:\/\/www.pressenza.com\/es\/#\/schema\/logo\/image\/"},"sameAs":["https:\/\/www.facebook.com\/PressenzaItalia","https:\/\/x.com\/PressenzaIPA"]},{"@type":"Person","@id":"https:\/\/www.pressenza.com\/es\/#\/schema\/person\/e35c78ffa242d98f4f49ccb18c8631de","name":"Prensa Latina","description":"www.prensa-latina.cu","sameAs":["https:\/\/www.facebook.com\/AgenciaPrensaLatina","https:\/\/x.com\/prensalatina_cu"],"url":"https:\/\/www.pressenza.com\/es\/author\/prensa-latina\/"}]}},"place":"Juba","original_article_url":"","_links":{"self":[{"href":"https:\/\/www.pressenza.com\/es\/wp-json\/wp\/v2\/posts\/212378","targetHints":{"allow":["GET"]}}],"collection":[{"href":"https:\/\/www.pressenza.com\/es\/wp-json\/wp\/v2\/posts"}],"about":[{"href":"https:\/\/www.pressenza.com\/es\/wp-json\/wp\/v2\/types\/post"}],"author":[{"embeddable":true,"href":"https:\/\/www.pressenza.com\/es\/wp-json\/wp\/v2\/users\/90"}],"replies":[{"embeddable":true,"href":"https:\/\/www.pressenza.com\/es\/wp-json\/wp\/v2\/comments?post=212378"}],"version-history":[{"count":0,"href":"https:\/\/www.pressenza.com\/es\/wp-json\/wp\/v2\/posts\/212378\/revisions"}],"wp:featuredmedia":[{"embeddable":true,"href":"https:\/\/www.pressenza.com\/es\/wp-json\/wp\/v2\/media\/212379"}],"wp:attachment":[{"href":"https:\/\/www.pressenza.com\/es\/wp-json\/wp\/v2\/media?parent=212378"}],"wp:term":[{"taxonomy":"category","embeddable":true,"href":"https:\/\/www.pressenza.com\/es\/wp-json\/wp\/v2\/categories?post=212378"},{"taxonomy":"post_tag","embeddable":true,"href":"https:\/\/www.pressenza.com\/es\/wp-json\/wp\/v2\/tags?post=212378"}],"curies":[{"name":"wp","href":"https:\/\/api.w.org\/{rel}","templated":true}]}}