{"id":212369,"date":"2015-08-20T02:59:38","date_gmt":"2015-08-20T01:59:38","guid":{"rendered":"http:\/\/www.pressenza.com\/?p=212369"},"modified":"2015-08-20T03:44:19","modified_gmt":"2015-08-20T02:44:19","slug":"el-fut-y-la-conaie-convocan-a-movilizaciones","status":"publish","type":"post","link":"https:\/\/www.pressenza.com\/es\/2015\/08\/el-fut-y-la-conaie-convocan-a-movilizaciones\/","title":{"rendered":"El FUT y la Conaie convocan a movilizaciones"},"content":{"rendered":"<p><em>Fuente: El Tel\u00e9grafo<\/em><\/p>\n<p>Mes\u00edas Tatamuez, presidente de la Confederaci\u00f3n Ecuatoriana de Organizaciones Clasistas Unitarias de Trabajadores (Cedocut), anunci\u00f3 la preparaci\u00f3n de una huelga nacional y reiter\u00f3 que el paro nacional se mantiene desde el 13 de agosto pasado.<\/p>\n<p>El representante gremial asegur\u00f3 que los ind\u00edgenas que llegaron del sur del pa\u00eds se mantendr\u00e1n en las calles. La convocatoria para hoy es desde las 16:30, en la Caja del Seguro (10 de Agosto y Bogot\u00e1) para avanzar hacia el Centro Hist\u00f3rico. Es el mismo recorrido de anteriores ocasiones.<\/p>\n<p>En una rueda de prensa efectuada en la sede de la Confederaci\u00f3n de Nacionalidades Ind\u00edgenas del Ecuador (Conaie), Tatamuez dijo que la declaratoria de estado de excepci\u00f3n, por la emergencia en el volc\u00e1n Cotopaxi, es \u201cpara tratar de tapar la movilizaci\u00f3n nacional\u201d.<\/p>\n<p>Desvirtu\u00f3 las palabras de Doris Soliz, secretaria ejecutiva del movimiento oficialista Alianza PAIS (AP), quien afirm\u00f3 que la movilizaci\u00f3n fue un fracaso.<\/p>\n<p>\u201cLas palabras de la se\u00f1ora Soliz son falsas\u201d, contest\u00f3 y asegur\u00f3 que en la marcha del 13 de agosto alrededor de 200.000 ecuatorianos salieron a las calles a protestar contra el presidente Rafael Correa.<\/p>\n<p>Pablo Serrano, dirigente del Frente Unitario de Trabajadores (FUT), rechaz\u00f3 tambi\u00e9n la declaratoria de estado de excepci\u00f3n. Seg\u00fan los representantes gremiales, el decreto ser\u00eda un pretexto para reprimir las protestas sociales.<\/p>\n<p>Mientras los gremios de los trabajadores anunciaron medidas, en los exteriores de la Fiscal\u00eda General del Estado, en el norte de Quito, un grupo de organizaciones sociales e ind\u00edgenas se concentr\u00f3 para denunciar una presunta agresi\u00f3n a los derechos humanos contra un centenar de ind\u00edgenas que salieron a manifestarse en varios sectores del pa\u00eds.<\/p>\n<p>Una comitiva conformada por Blanca Chancoso, representante de la Conaie, y Nina Pacari, representante legal de la organizaci\u00f3n, demand\u00f3 la libertad de los detenidos en las movilizaciones, entre ellas Margoth Escobar, dirigente de Puyo (Pastaza). (I)<\/p>\n","protected":false},"excerpt":{"rendered":"<p>Fuente: El Tel\u00e9grafo Mes\u00edas Tatamuez, presidente de la Confederaci\u00f3n Ecuatoriana de Organizaciones Clasistas Unitarias de Trabajadores (Cedocut), anunci\u00f3 la preparaci\u00f3n de una huelga nacional y reiter\u00f3 que el paro nacional se mantiene desde el 13 de agosto pasado. El representante&hellip;<\/p>\n","protected":false},"author":1011,"featured_media":212370,"comment_status":"closed","ping_status":"open","sticky":false,"template":"","format":"standard","meta":{"footnotes":""},"categories":[74,67],"tags":[7129],"class_list":["post-212369","post","type-post","status-publish","format-standard","has-post-thumbnail","hentry","category-politica-es","category-sudamerica","tag-movilizaciones"],"yoast_head":"<!-- This site is optimized with the Yoast SEO plugin v27.1.1 - https:\/\/yoast.com\/product\/yoast-seo-wordpress\/ -->\n<title>El FUT y la Conaie convocan a movilizaciones<\/title>\n<meta name=\"description\" content=\"Fuente: El Tel\u00e9grafo Mes\u00edas Tatamuez, presidente de la Confederaci\u00f3n Ecuatoriana de Organizaciones Clasistas Unitarias de Trabajadores (Cedocut), anunci\u00f3\" \/>\n<meta name=\"robots\" content=\"index, follow, max-snippet:-1, max-image-preview:large, max-video-preview:-1\" \/>\n<link rel=\"canonical\" href=\"https:\/\/www.pressenza.com\/es\/2015\/08\/el-fut-y-la-conaie-convocan-a-movilizaciones\/\" \/>\n<meta property=\"og:locale\" content=\"es_ES\" \/>\n<meta property=\"og:type\" content=\"article\" \/>\n<meta property=\"og:title\" content=\"El FUT y la Conaie convocan a movilizaciones\" \/>\n<meta property=\"og:description\" content=\"Fuente: El Tel\u00e9grafo Mes\u00edas Tatamuez, presidente de la Confederaci\u00f3n Ecuatoriana de Organizaciones Clasistas Unitarias de Trabajadores (Cedocut), anunci\u00f3\" \/>\n<meta property=\"og:url\" content=\"https:\/\/www.pressenza.com\/es\/2015\/08\/el-fut-y-la-conaie-convocan-a-movilizaciones\/\" \/>\n<meta property=\"og:site_name\" content=\"Pressenza\" \/>\n<meta property=\"article:publisher\" content=\"https:\/\/www.facebook.com\/PressenzaItalia\" \/>\n<meta property=\"article:published_time\" content=\"2015-08-20T01:59:38+00:00\" \/>\n<meta property=\"article:modified_time\" content=\"2015-08-20T02:44:19+00:00\" \/>\n<meta property=\"og:image\" content=\"https:\/\/www.pressenza.com\/wp-content\/uploads\/2015\/08\/tatamuez.jpg\" \/>\n\t<meta property=\"og:image:width\" content=\"635\" \/>\n\t<meta property=\"og:image:height\" content=\"417\" \/>\n\t<meta property=\"og:image:type\" content=\"image\/jpeg\" \/>\n<meta name=\"author\" content=\"Redacci\u00f3n Ecuador\" \/>\n<meta name=\"twitter:card\" content=\"summary_large_image\" \/>\n<meta name=\"twitter:creator\" content=\"@PressenzaIPA\" \/>\n<meta name=\"twitter:site\" content=\"@PressenzaIPA\" \/>\n<meta name=\"twitter:label1\" content=\"Escrito por\" \/>\n\t<meta name=\"twitter:data1\" content=\"Redacci\u00f3n Ecuador\" \/>\n\t<meta name=\"twitter:label2\" content=\"Tiempo de lectura\" \/>\n\t<meta name=\"twitter:data2\" content=\"2 minutos\" \/>\n<script type=\"application\/ld+json\" class=\"yoast-schema-graph\">{\"@context\":\"https:\/\/schema.org\",\"@graph\":[{\"@type\":\"Article\",\"@id\":\"https:\/\/www.pressenza.com\/es\/2015\/08\/el-fut-y-la-conaie-convocan-a-movilizaciones\/#article\",\"isPartOf\":{\"@id\":\"https:\/\/www.pressenza.com\/es\/2015\/08\/el-fut-y-la-conaie-convocan-a-movilizaciones\/\"},\"author\":{\"name\":\"Redacci\u00f3n Ecuador\",\"@id\":\"https:\/\/www.pressenza.com\/es\/#\/schema\/person\/883a735c40665759bcc6fe0c26bcb46f\"},\"headline\":\"El FUT y la Conaie convocan a movilizaciones\",\"datePublished\":\"2015-08-20T01:59:38+00:00\",\"dateModified\":\"2015-08-20T02:44:19+00:00\",\"mainEntityOfPage\":{\"@id\":\"https:\/\/www.pressenza.com\/es\/2015\/08\/el-fut-y-la-conaie-convocan-a-movilizaciones\/\"},\"wordCount\":334,\"publisher\":{\"@id\":\"https:\/\/www.pressenza.com\/es\/#organization\"},\"image\":{\"@id\":\"https:\/\/www.pressenza.com\/es\/2015\/08\/el-fut-y-la-conaie-convocan-a-movilizaciones\/#primaryimage\"},\"thumbnailUrl\":\"https:\/\/www.pressenza.com\/wp-content\/uploads\/2015\/08\/tatamuez.jpg\",\"keywords\":[\"Movilizaciones\"],\"articleSection\":[\"Pol\u00edtica\",\"Sudam\u00e9rica\"],\"inLanguage\":\"es\"},{\"@type\":\"WebPage\",\"@id\":\"https:\/\/www.pressenza.com\/es\/2015\/08\/el-fut-y-la-conaie-convocan-a-movilizaciones\/\",\"url\":\"https:\/\/www.pressenza.com\/es\/2015\/08\/el-fut-y-la-conaie-convocan-a-movilizaciones\/\",\"name\":\"El FUT y la Conaie convocan a movilizaciones\",\"isPartOf\":{\"@id\":\"https:\/\/www.pressenza.com\/es\/#website\"},\"primaryImageOfPage\":{\"@id\":\"https:\/\/www.pressenza.com\/es\/2015\/08\/el-fut-y-la-conaie-convocan-a-movilizaciones\/#primaryimage\"},\"image\":{\"@id\":\"https:\/\/www.pressenza.com\/es\/2015\/08\/el-fut-y-la-conaie-convocan-a-movilizaciones\/#primaryimage\"},\"thumbnailUrl\":\"https:\/\/www.pressenza.com\/wp-content\/uploads\/2015\/08\/tatamuez.jpg\",\"datePublished\":\"2015-08-20T01:59:38+00:00\",\"dateModified\":\"2015-08-20T02:44:19+00:00\",\"description\":\"Fuente: El Tel\u00e9grafo Mes\u00edas Tatamuez, presidente de la Confederaci\u00f3n Ecuatoriana de Organizaciones Clasistas Unitarias de Trabajadores (Cedocut), anunci\u00f3\",\"breadcrumb\":{\"@id\":\"https:\/\/www.pressenza.com\/es\/2015\/08\/el-fut-y-la-conaie-convocan-a-movilizaciones\/#breadcrumb\"},\"inLanguage\":\"es\",\"potentialAction\":[{\"@type\":\"ReadAction\",\"target\":[\"https:\/\/www.pressenza.com\/es\/2015\/08\/el-fut-y-la-conaie-convocan-a-movilizaciones\/\"]}]},{\"@type\":\"ImageObject\",\"inLanguage\":\"es\",\"@id\":\"https:\/\/www.pressenza.com\/es\/2015\/08\/el-fut-y-la-conaie-convocan-a-movilizaciones\/#primaryimage\",\"url\":\"https:\/\/www.pressenza.com\/wp-content\/uploads\/2015\/08\/tatamuez.jpg\",\"contentUrl\":\"https:\/\/www.pressenza.com\/wp-content\/uploads\/2015\/08\/tatamuez.jpg\",\"width\":635,\"height\":417},{\"@type\":\"BreadcrumbList\",\"@id\":\"https:\/\/www.pressenza.com\/es\/2015\/08\/el-fut-y-la-conaie-convocan-a-movilizaciones\/#breadcrumb\",\"itemListElement\":[{\"@type\":\"ListItem\",\"position\":1,\"name\":\"Accueil\",\"item\":\"https:\/\/www.pressenza.com\/es\/\"},{\"@type\":\"ListItem\",\"position\":2,\"name\":\"El FUT y la Conaie convocan a movilizaciones\"}]},{\"@type\":\"WebSite\",\"@id\":\"https:\/\/www.pressenza.com\/es\/#website\",\"url\":\"https:\/\/www.pressenza.com\/es\/\",\"name\":\"Pressenza\",\"description\":\"International Press Agency\",\"publisher\":{\"@id\":\"https:\/\/www.pressenza.com\/es\/#organization\"},\"potentialAction\":[{\"@type\":\"SearchAction\",\"target\":{\"@type\":\"EntryPoint\",\"urlTemplate\":\"https:\/\/www.pressenza.com\/es\/?s={search_term_string}\"},\"query-input\":{\"@type\":\"PropertyValueSpecification\",\"valueRequired\":true,\"valueName\":\"search_term_string\"}}],\"inLanguage\":\"es\"},{\"@type\":\"Organization\",\"@id\":\"https:\/\/www.pressenza.com\/es\/#organization\",\"name\":\"Pressenza\",\"url\":\"https:\/\/www.pressenza.com\/es\/\",\"logo\":{\"@type\":\"ImageObject\",\"inLanguage\":\"es\",\"@id\":\"https:\/\/www.pressenza.com\/es\/#\/schema\/logo\/image\/\",\"url\":\"https:\/\/www.pressenza.com\/wp-content\/uploads\/2022\/10\/pressenza_logo_200x200.jpg\",\"contentUrl\":\"https:\/\/www.pressenza.com\/wp-content\/uploads\/2022\/10\/pressenza_logo_200x200.jpg\",\"width\":200,\"height\":200,\"caption\":\"Pressenza\"},\"image\":{\"@id\":\"https:\/\/www.pressenza.com\/es\/#\/schema\/logo\/image\/\"},\"sameAs\":[\"https:\/\/www.facebook.com\/PressenzaItalia\",\"https:\/\/x.com\/PressenzaIPA\"]},{\"@type\":\"Person\",\"@id\":\"https:\/\/www.pressenza.com\/es\/#\/schema\/person\/883a735c40665759bcc6fe0c26bcb46f\",\"name\":\"Redacci\u00f3n Ecuador\",\"description\":\"News published by the Pressenza bureau in Quito, Ecuador\",\"url\":\"https:\/\/www.pressenza.com\/es\/author\/redaccion-ecuador\/\"}]}<\/script>\n<!-- \/ Yoast SEO plugin. -->","yoast_head_json":{"title":"El FUT y la Conaie convocan a movilizaciones","description":"Fuente: El Tel\u00e9grafo Mes\u00edas Tatamuez, presidente de la Confederaci\u00f3n Ecuatoriana de Organizaciones Clasistas Unitarias de Trabajadores (Cedocut), anunci\u00f3","robots":{"index":"index","follow":"follow","max-snippet":"max-snippet:-1","max-image-preview":"max-image-preview:large","max-video-preview":"max-video-preview:-1"},"canonical":"https:\/\/www.pressenza.com\/es\/2015\/08\/el-fut-y-la-conaie-convocan-a-movilizaciones\/","og_locale":"es_ES","og_type":"article","og_title":"El FUT y la Conaie convocan a movilizaciones","og_description":"Fuente: El Tel\u00e9grafo Mes\u00edas Tatamuez, presidente de la Confederaci\u00f3n Ecuatoriana de Organizaciones Clasistas Unitarias de Trabajadores (Cedocut), anunci\u00f3","og_url":"https:\/\/www.pressenza.com\/es\/2015\/08\/el-fut-y-la-conaie-convocan-a-movilizaciones\/","og_site_name":"Pressenza","article_publisher":"https:\/\/www.facebook.com\/PressenzaItalia","article_published_time":"2015-08-20T01:59:38+00:00","article_modified_time":"2015-08-20T02:44:19+00:00","og_image":[{"width":635,"height":417,"url":"https:\/\/www.pressenza.com\/wp-content\/uploads\/2015\/08\/tatamuez.jpg","type":"image\/jpeg"}],"author":"Redacci\u00f3n Ecuador","twitter_card":"summary_large_image","twitter_creator":"@PressenzaIPA","twitter_site":"@PressenzaIPA","twitter_misc":{"Escrito por":"Redacci\u00f3n Ecuador","Tiempo de lectura":"2 minutos"},"schema":{"@context":"https:\/\/schema.org","@graph":[{"@type":"Article","@id":"https:\/\/www.pressenza.com\/es\/2015\/08\/el-fut-y-la-conaie-convocan-a-movilizaciones\/#article","isPartOf":{"@id":"https:\/\/www.pressenza.com\/es\/2015\/08\/el-fut-y-la-conaie-convocan-a-movilizaciones\/"},"author":{"name":"Redacci\u00f3n Ecuador","@id":"https:\/\/www.pressenza.com\/es\/#\/schema\/person\/883a735c40665759bcc6fe0c26bcb46f"},"headline":"El FUT y la Conaie convocan a movilizaciones","datePublished":"2015-08-20T01:59:38+00:00","dateModified":"2015-08-20T02:44:19+00:00","mainEntityOfPage":{"@id":"https:\/\/www.pressenza.com\/es\/2015\/08\/el-fut-y-la-conaie-convocan-a-movilizaciones\/"},"wordCount":334,"publisher":{"@id":"https:\/\/www.pressenza.com\/es\/#organization"},"image":{"@id":"https:\/\/www.pressenza.com\/es\/2015\/08\/el-fut-y-la-conaie-convocan-a-movilizaciones\/#primaryimage"},"thumbnailUrl":"https:\/\/www.pressenza.com\/wp-content\/uploads\/2015\/08\/tatamuez.jpg","keywords":["Movilizaciones"],"articleSection":["Pol\u00edtica","Sudam\u00e9rica"],"inLanguage":"es"},{"@type":"WebPage","@id":"https:\/\/www.pressenza.com\/es\/2015\/08\/el-fut-y-la-conaie-convocan-a-movilizaciones\/","url":"https:\/\/www.pressenza.com\/es\/2015\/08\/el-fut-y-la-conaie-convocan-a-movilizaciones\/","name":"El FUT y la Conaie convocan a movilizaciones","isPartOf":{"@id":"https:\/\/www.pressenza.com\/es\/#website"},"primaryImageOfPage":{"@id":"https:\/\/www.pressenza.com\/es\/2015\/08\/el-fut-y-la-conaie-convocan-a-movilizaciones\/#primaryimage"},"image":{"@id":"https:\/\/www.pressenza.com\/es\/2015\/08\/el-fut-y-la-conaie-convocan-a-movilizaciones\/#primaryimage"},"thumbnailUrl":"https:\/\/www.pressenza.com\/wp-content\/uploads\/2015\/08\/tatamuez.jpg","datePublished":"2015-08-20T01:59:38+00:00","dateModified":"2015-08-20T02:44:19+00:00","description":"Fuente: El Tel\u00e9grafo Mes\u00edas Tatamuez, presidente de la Confederaci\u00f3n Ecuatoriana de Organizaciones Clasistas Unitarias de Trabajadores (Cedocut), anunci\u00f3","breadcrumb":{"@id":"https:\/\/www.pressenza.com\/es\/2015\/08\/el-fut-y-la-conaie-convocan-a-movilizaciones\/#breadcrumb"},"inLanguage":"es","potentialAction":[{"@type":"ReadAction","target":["https:\/\/www.pressenza.com\/es\/2015\/08\/el-fut-y-la-conaie-convocan-a-movilizaciones\/"]}]},{"@type":"ImageObject","inLanguage":"es","@id":"https:\/\/www.pressenza.com\/es\/2015\/08\/el-fut-y-la-conaie-convocan-a-movilizaciones\/#primaryimage","url":"https:\/\/www.pressenza.com\/wp-content\/uploads\/2015\/08\/tatamuez.jpg","contentUrl":"https:\/\/www.pressenza.com\/wp-content\/uploads\/2015\/08\/tatamuez.jpg","width":635,"height":417},{"@type":"BreadcrumbList","@id":"https:\/\/www.pressenza.com\/es\/2015\/08\/el-fut-y-la-conaie-convocan-a-movilizaciones\/#breadcrumb","itemListElement":[{"@type":"ListItem","position":1,"name":"Accueil","item":"https:\/\/www.pressenza.com\/es\/"},{"@type":"ListItem","position":2,"name":"El FUT y la Conaie convocan a movilizaciones"}]},{"@type":"WebSite","@id":"https:\/\/www.pressenza.com\/es\/#website","url":"https:\/\/www.pressenza.com\/es\/","name":"Pressenza","description":"International Press Agency","publisher":{"@id":"https:\/\/www.pressenza.com\/es\/#organization"},"potentialAction":[{"@type":"SearchAction","target":{"@type":"EntryPoint","urlTemplate":"https:\/\/www.pressenza.com\/es\/?s={search_term_string}"},"query-input":{"@type":"PropertyValueSpecification","valueRequired":true,"valueName":"search_term_string"}}],"inLanguage":"es"},{"@type":"Organization","@id":"https:\/\/www.pressenza.com\/es\/#organization","name":"Pressenza","url":"https:\/\/www.pressenza.com\/es\/","logo":{"@type":"ImageObject","inLanguage":"es","@id":"https:\/\/www.pressenza.com\/es\/#\/schema\/logo\/image\/","url":"https:\/\/www.pressenza.com\/wp-content\/uploads\/2022\/10\/pressenza_logo_200x200.jpg","contentUrl":"https:\/\/www.pressenza.com\/wp-content\/uploads\/2022\/10\/pressenza_logo_200x200.jpg","width":200,"height":200,"caption":"Pressenza"},"image":{"@id":"https:\/\/www.pressenza.com\/es\/#\/schema\/logo\/image\/"},"sameAs":["https:\/\/www.facebook.com\/PressenzaItalia","https:\/\/x.com\/PressenzaIPA"]},{"@type":"Person","@id":"https:\/\/www.pressenza.com\/es\/#\/schema\/person\/883a735c40665759bcc6fe0c26bcb46f","name":"Redacci\u00f3n Ecuador","description":"News published by the Pressenza bureau in Quito, Ecuador","url":"https:\/\/www.pressenza.com\/es\/author\/redaccion-ecuador\/"}]}},"place":"Quito","original_article_url":"","_links":{"self":[{"href":"https:\/\/www.pressenza.com\/es\/wp-json\/wp\/v2\/posts\/212369","targetHints":{"allow":["GET"]}}],"collection":[{"href":"https:\/\/www.pressenza.com\/es\/wp-json\/wp\/v2\/posts"}],"about":[{"href":"https:\/\/www.pressenza.com\/es\/wp-json\/wp\/v2\/types\/post"}],"author":[{"embeddable":true,"href":"https:\/\/www.pressenza.com\/es\/wp-json\/wp\/v2\/users\/1011"}],"replies":[{"embeddable":true,"href":"https:\/\/www.pressenza.com\/es\/wp-json\/wp\/v2\/comments?post=212369"}],"version-history":[{"count":0,"href":"https:\/\/www.pressenza.com\/es\/wp-json\/wp\/v2\/posts\/212369\/revisions"}],"wp:featuredmedia":[{"embeddable":true,"href":"https:\/\/www.pressenza.com\/es\/wp-json\/wp\/v2\/media\/212370"}],"wp:attachment":[{"href":"https:\/\/www.pressenza.com\/es\/wp-json\/wp\/v2\/media?parent=212369"}],"wp:term":[{"taxonomy":"category","embeddable":true,"href":"https:\/\/www.pressenza.com\/es\/wp-json\/wp\/v2\/categories?post=212369"},{"taxonomy":"post_tag","embeddable":true,"href":"https:\/\/www.pressenza.com\/es\/wp-json\/wp\/v2\/tags?post=212369"}],"curies":[{"name":"wp","href":"https:\/\/api.w.org\/{rel}","templated":true}]}}