{"id":2112,"date":"2009-11-08T00:00:00","date_gmt":"2009-11-08T00:00:00","guid":{"rendered":""},"modified":"2009-11-08T19:09:36","modified_gmt":"2009-11-08T19:09:36","slug":"conmemorando-la-caida-del-muro-llegan-a-berlin-los-lideres-mundiales","status":"publish","type":"post","link":"https:\/\/www.pressenza.com\/es\/2009\/11\/conmemorando-la-caida-del-muro-llegan-a-berlin-los-lideres-mundiales\/","title":{"rendered":"Conmemorando la ca\u00edda del muro llegan a Berl\u00edn los l\u00edderes mundiales"},"content":{"rendered":"<p>Lleno de turistas y con sus hoteles al completo, Berl\u00edn conmemora el vig\u00e9simo aniversario de la ca\u00edda del Muro. Asisten los veintisiete primeros ministros de la UE, los mandatarios de las cuatro potencias aliadas tutelares de la antigua ciudad dividida, con Hillary Clinton representando a Obama, adem\u00e1s de Nicolas Sarkozy, Gordon Brown y Dimitri Medvedev, as\u00ed como dos invitados de honor, Mijail Gorbachov y Lech Walesa. <\/p>\n<p>El ex l\u00edder popular polaco ser\u00e1 uno de los que activar\u00e1n el derribo de un domin\u00f3 de mil piezas de dos metros y medio de altura, que caer\u00e1 durante un kil\u00f3metro y medio a lo largo del antiguo trazado del Muro, en los alrededores de la puerta de Brandemburgo. Las fichas han sido ilustradas por 15.000 voluntarios, la mayor\u00eda de ellos escolares. Conciertos, discursos y fiesta completar\u00e1n la jornada.<\/p>\n<p>Uno de los eventos de mayor inter\u00e9s es la realizaci\u00f3n del X Summit de los Premios Nobel de la Paz, que tendr\u00e1 lugar el 10 y 11 de noviembre en las dependencias de la Alcald\u00eda de la Ciudad.<\/p>\n","protected":false},"excerpt":{"rendered":"<p>La ciudad de Berl\u00edn conmemora el vig\u00e9simo aniversario de la ca\u00edda del Muro mientras comienzan ya a llegar los invitados, l\u00edderes pol\u00edticos de toda la Uni\u00f3n Europea, adem\u00e1s de las cuatro potencias aliadas tutelares de la antigua ciudad dividida. Se dan cita tambi\u00e9n los Premios Nobeles de la Paz, que realizar\u00e1n su X Summit en las dependencias de la Alcald\u00eda de la Ciudad.<\/p>\n","protected":false},"author":19,"featured_media":0,"comment_status":"closed","ping_status":"open","sticky":false,"template":"","format":"standard","meta":{"footnotes":""},"categories":[66,39,74],"tags":[],"class_list":["post-2112","post","type-post","status-publish","format-standard","hentry","category-europa-es","category-internacional","category-politica-es"],"yoast_head":"<!-- This site is optimized with the Yoast SEO plugin v27.1.1 - https:\/\/yoast.com\/product\/yoast-seo-wordpress\/ -->\n<title>Conmemorando la ca\u00edda del muro llegan a Berl\u00edn los l\u00edderes mundiales<\/title>\n<meta name=\"description\" content=\"La ciudad de Berl\u00edn conmemora el vig\u00e9simo aniversario de la ca\u00edda del Muro mientras comienzan ya a llegar los invitados, l\u00edderes pol\u00edticos de toda la Uni\u00f3n Europea, adem\u00e1s de las cuatro potencias aliadas tutelares de la antigua ciudad dividida. Se dan cita tambi\u00e9n los Premios Nobeles de la Paz, que realizar\u00e1n su X Summit en las dependencias de la Alcald\u00eda de la Ciudad.\" \/>\n<meta name=\"robots\" content=\"index, follow, max-snippet:-1, max-image-preview:large, max-video-preview:-1\" \/>\n<link rel=\"canonical\" href=\"https:\/\/www.pressenza.com\/es\/2009\/11\/conmemorando-la-caida-del-muro-llegan-a-berlin-los-lideres-mundiales\/\" \/>\n<meta property=\"og:locale\" content=\"es_ES\" \/>\n<meta property=\"og:type\" content=\"article\" \/>\n<meta property=\"og:title\" content=\"Conmemorando la ca\u00edda del muro llegan a Berl\u00edn los l\u00edderes mundiales\" \/>\n<meta property=\"og:description\" content=\"La ciudad de Berl\u00edn conmemora el vig\u00e9simo aniversario de la ca\u00edda del Muro mientras comienzan ya a llegar los invitados, l\u00edderes pol\u00edticos de toda la Uni\u00f3n Europea, adem\u00e1s de las cuatro potencias aliadas tutelares de la antigua ciudad dividida. Se dan cita tambi\u00e9n los Premios Nobeles de la Paz, que realizar\u00e1n su X Summit en las dependencias de la Alcald\u00eda de la Ciudad.\" \/>\n<meta property=\"og:url\" content=\"https:\/\/www.pressenza.com\/es\/2009\/11\/conmemorando-la-caida-del-muro-llegan-a-berlin-los-lideres-mundiales\/\" \/>\n<meta property=\"og:site_name\" content=\"Pressenza\" \/>\n<meta property=\"article:publisher\" content=\"https:\/\/www.facebook.com\/PressenzaItalia\" \/>\n<meta property=\"article:author\" content=\"https:\/\/www.facebook.com\/pressenza\" \/>\n<meta property=\"article:published_time\" content=\"2009-11-08T00:00:00+00:00\" \/>\n<meta property=\"article:modified_time\" content=\"2009-11-08T19:09:36+00:00\" \/>\n<meta name=\"author\" content=\"Pressenza IPA\" \/>\n<meta name=\"twitter:card\" content=\"summary_large_image\" \/>\n<meta name=\"twitter:creator\" content=\"@PressenzaIPA\" \/>\n<meta name=\"twitter:site\" content=\"@PressenzaIPA\" \/>\n<meta name=\"twitter:label1\" content=\"Escrito por\" \/>\n\t<meta name=\"twitter:data1\" content=\"Pressenza IPA\" \/>\n\t<meta name=\"twitter:label2\" content=\"Tiempo de lectura\" \/>\n\t<meta name=\"twitter:data2\" content=\"1 minuto\" \/>\n<script type=\"application\/ld+json\" class=\"yoast-schema-graph\">{\"@context\":\"https:\/\/schema.org\",\"@graph\":[{\"@type\":\"Article\",\"@id\":\"https:\/\/www.pressenza.com\/es\/2009\/11\/conmemorando-la-caida-del-muro-llegan-a-berlin-los-lideres-mundiales\/#article\",\"isPartOf\":{\"@id\":\"https:\/\/www.pressenza.com\/es\/2009\/11\/conmemorando-la-caida-del-muro-llegan-a-berlin-los-lideres-mundiales\/\"},\"author\":{\"name\":\"Pressenza IPA\",\"@id\":\"https:\/\/www.pressenza.com\/es\/#\/schema\/person\/010e5d02bcf40965427a1289a4cc8d75\"},\"headline\":\"Conmemorando la ca\u00edda del muro llegan a Berl\u00edn los l\u00edderes mundiales\",\"datePublished\":\"2009-11-08T00:00:00+00:00\",\"dateModified\":\"2009-11-08T19:09:36+00:00\",\"mainEntityOfPage\":{\"@id\":\"https:\/\/www.pressenza.com\/es\/2009\/11\/conmemorando-la-caida-del-muro-llegan-a-berlin-los-lideres-mundiales\/\"},\"wordCount\":196,\"publisher\":{\"@id\":\"https:\/\/www.pressenza.com\/es\/#organization\"},\"articleSection\":[\"Europa\",\"Internacional\",\"Pol\u00edtica\"],\"inLanguage\":\"es\"},{\"@type\":\"WebPage\",\"@id\":\"https:\/\/www.pressenza.com\/es\/2009\/11\/conmemorando-la-caida-del-muro-llegan-a-berlin-los-lideres-mundiales\/\",\"url\":\"https:\/\/www.pressenza.com\/es\/2009\/11\/conmemorando-la-caida-del-muro-llegan-a-berlin-los-lideres-mundiales\/\",\"name\":\"Conmemorando la ca\u00edda del muro llegan a Berl\u00edn los l\u00edderes mundiales\",\"isPartOf\":{\"@id\":\"https:\/\/www.pressenza.com\/es\/#website\"},\"datePublished\":\"2009-11-08T00:00:00+00:00\",\"dateModified\":\"2009-11-08T19:09:36+00:00\",\"description\":\"La ciudad de Berl\u00edn conmemora el vig\u00e9simo aniversario de la ca\u00edda del Muro mientras comienzan ya a llegar los invitados, l\u00edderes pol\u00edticos de toda la Uni\u00f3n Europea, adem\u00e1s de las cuatro potencias aliadas tutelares de la antigua ciudad dividida. Se dan cita tambi\u00e9n los Premios Nobeles de la Paz, que realizar\u00e1n su X Summit en las dependencias de la Alcald\u00eda de la Ciudad.\",\"breadcrumb\":{\"@id\":\"https:\/\/www.pressenza.com\/es\/2009\/11\/conmemorando-la-caida-del-muro-llegan-a-berlin-los-lideres-mundiales\/#breadcrumb\"},\"inLanguage\":\"es\",\"potentialAction\":[{\"@type\":\"ReadAction\",\"target\":[\"https:\/\/www.pressenza.com\/es\/2009\/11\/conmemorando-la-caida-del-muro-llegan-a-berlin-los-lideres-mundiales\/\"]}]},{\"@type\":\"BreadcrumbList\",\"@id\":\"https:\/\/www.pressenza.com\/es\/2009\/11\/conmemorando-la-caida-del-muro-llegan-a-berlin-los-lideres-mundiales\/#breadcrumb\",\"itemListElement\":[{\"@type\":\"ListItem\",\"position\":1,\"name\":\"Accueil\",\"item\":\"https:\/\/www.pressenza.com\/es\/\"},{\"@type\":\"ListItem\",\"position\":2,\"name\":\"Conmemorando la ca\u00edda del muro llegan a Berl\u00edn los l\u00edderes mundiales\"}]},{\"@type\":\"WebSite\",\"@id\":\"https:\/\/www.pressenza.com\/es\/#website\",\"url\":\"https:\/\/www.pressenza.com\/es\/\",\"name\":\"Pressenza\",\"description\":\"International Press Agency\",\"publisher\":{\"@id\":\"https:\/\/www.pressenza.com\/es\/#organization\"},\"potentialAction\":[{\"@type\":\"SearchAction\",\"target\":{\"@type\":\"EntryPoint\",\"urlTemplate\":\"https:\/\/www.pressenza.com\/es\/?s={search_term_string}\"},\"query-input\":{\"@type\":\"PropertyValueSpecification\",\"valueRequired\":true,\"valueName\":\"search_term_string\"}}],\"inLanguage\":\"es\"},{\"@type\":\"Organization\",\"@id\":\"https:\/\/www.pressenza.com\/es\/#organization\",\"name\":\"Pressenza\",\"url\":\"https:\/\/www.pressenza.com\/es\/\",\"logo\":{\"@type\":\"ImageObject\",\"inLanguage\":\"es\",\"@id\":\"https:\/\/www.pressenza.com\/es\/#\/schema\/logo\/image\/\",\"url\":\"https:\/\/www.pressenza.com\/wp-content\/uploads\/2022\/10\/pressenza_logo_200x200.jpg\",\"contentUrl\":\"https:\/\/www.pressenza.com\/wp-content\/uploads\/2022\/10\/pressenza_logo_200x200.jpg\",\"width\":200,\"height\":200,\"caption\":\"Pressenza\"},\"image\":{\"@id\":\"https:\/\/www.pressenza.com\/es\/#\/schema\/logo\/image\/\"},\"sameAs\":[\"https:\/\/www.facebook.com\/PressenzaItalia\",\"https:\/\/x.com\/PressenzaIPA\"]},{\"@type\":\"Person\",\"@id\":\"https:\/\/www.pressenza.com\/es\/#\/schema\/person\/010e5d02bcf40965427a1289a4cc8d75\",\"name\":\"Pressenza IPA\",\"description\":\"News from Pressenza IPA correspondents\",\"sameAs\":[\"https:\/\/www.facebook.com\/pressenza\",\"https:\/\/x.com\/PressenzaIPA\"],\"url\":\"https:\/\/www.pressenza.com\/es\/author\/pressenza-ipa\/\"}]}<\/script>\n<!-- \/ Yoast SEO plugin. -->","yoast_head_json":{"title":"Conmemorando la ca\u00edda del muro llegan a Berl\u00edn los l\u00edderes mundiales","description":"La ciudad de Berl\u00edn conmemora el vig\u00e9simo aniversario de la ca\u00edda del Muro mientras comienzan ya a llegar los invitados, l\u00edderes pol\u00edticos de toda la Uni\u00f3n Europea, adem\u00e1s de las cuatro potencias aliadas tutelares de la antigua ciudad dividida. Se dan cita tambi\u00e9n los Premios Nobeles de la Paz, que realizar\u00e1n su X Summit en las dependencias de la Alcald\u00eda de la Ciudad.","robots":{"index":"index","follow":"follow","max-snippet":"max-snippet:-1","max-image-preview":"max-image-preview:large","max-video-preview":"max-video-preview:-1"},"canonical":"https:\/\/www.pressenza.com\/es\/2009\/11\/conmemorando-la-caida-del-muro-llegan-a-berlin-los-lideres-mundiales\/","og_locale":"es_ES","og_type":"article","og_title":"Conmemorando la ca\u00edda del muro llegan a Berl\u00edn los l\u00edderes mundiales","og_description":"La ciudad de Berl\u00edn conmemora el vig\u00e9simo aniversario de la ca\u00edda del Muro mientras comienzan ya a llegar los invitados, l\u00edderes pol\u00edticos de toda la Uni\u00f3n Europea, adem\u00e1s de las cuatro potencias aliadas tutelares de la antigua ciudad dividida. Se dan cita tambi\u00e9n los Premios Nobeles de la Paz, que realizar\u00e1n su X Summit en las dependencias de la Alcald\u00eda de la Ciudad.","og_url":"https:\/\/www.pressenza.com\/es\/2009\/11\/conmemorando-la-caida-del-muro-llegan-a-berlin-los-lideres-mundiales\/","og_site_name":"Pressenza","article_publisher":"https:\/\/www.facebook.com\/PressenzaItalia","article_author":"https:\/\/www.facebook.com\/pressenza","article_published_time":"2009-11-08T00:00:00+00:00","article_modified_time":"2009-11-08T19:09:36+00:00","author":"Pressenza IPA","twitter_card":"summary_large_image","twitter_creator":"@PressenzaIPA","twitter_site":"@PressenzaIPA","twitter_misc":{"Escrito por":"Pressenza IPA","Tiempo de lectura":"1 minuto"},"schema":{"@context":"https:\/\/schema.org","@graph":[{"@type":"Article","@id":"https:\/\/www.pressenza.com\/es\/2009\/11\/conmemorando-la-caida-del-muro-llegan-a-berlin-los-lideres-mundiales\/#article","isPartOf":{"@id":"https:\/\/www.pressenza.com\/es\/2009\/11\/conmemorando-la-caida-del-muro-llegan-a-berlin-los-lideres-mundiales\/"},"author":{"name":"Pressenza IPA","@id":"https:\/\/www.pressenza.com\/es\/#\/schema\/person\/010e5d02bcf40965427a1289a4cc8d75"},"headline":"Conmemorando la ca\u00edda del muro llegan a Berl\u00edn los l\u00edderes mundiales","datePublished":"2009-11-08T00:00:00+00:00","dateModified":"2009-11-08T19:09:36+00:00","mainEntityOfPage":{"@id":"https:\/\/www.pressenza.com\/es\/2009\/11\/conmemorando-la-caida-del-muro-llegan-a-berlin-los-lideres-mundiales\/"},"wordCount":196,"publisher":{"@id":"https:\/\/www.pressenza.com\/es\/#organization"},"articleSection":["Europa","Internacional","Pol\u00edtica"],"inLanguage":"es"},{"@type":"WebPage","@id":"https:\/\/www.pressenza.com\/es\/2009\/11\/conmemorando-la-caida-del-muro-llegan-a-berlin-los-lideres-mundiales\/","url":"https:\/\/www.pressenza.com\/es\/2009\/11\/conmemorando-la-caida-del-muro-llegan-a-berlin-los-lideres-mundiales\/","name":"Conmemorando la ca\u00edda del muro llegan a Berl\u00edn los l\u00edderes mundiales","isPartOf":{"@id":"https:\/\/www.pressenza.com\/es\/#website"},"datePublished":"2009-11-08T00:00:00+00:00","dateModified":"2009-11-08T19:09:36+00:00","description":"La ciudad de Berl\u00edn conmemora el vig\u00e9simo aniversario de la ca\u00edda del Muro mientras comienzan ya a llegar los invitados, l\u00edderes pol\u00edticos de toda la Uni\u00f3n Europea, adem\u00e1s de las cuatro potencias aliadas tutelares de la antigua ciudad dividida. Se dan cita tambi\u00e9n los Premios Nobeles de la Paz, que realizar\u00e1n su X Summit en las dependencias de la Alcald\u00eda de la Ciudad.","breadcrumb":{"@id":"https:\/\/www.pressenza.com\/es\/2009\/11\/conmemorando-la-caida-del-muro-llegan-a-berlin-los-lideres-mundiales\/#breadcrumb"},"inLanguage":"es","potentialAction":[{"@type":"ReadAction","target":["https:\/\/www.pressenza.com\/es\/2009\/11\/conmemorando-la-caida-del-muro-llegan-a-berlin-los-lideres-mundiales\/"]}]},{"@type":"BreadcrumbList","@id":"https:\/\/www.pressenza.com\/es\/2009\/11\/conmemorando-la-caida-del-muro-llegan-a-berlin-los-lideres-mundiales\/#breadcrumb","itemListElement":[{"@type":"ListItem","position":1,"name":"Accueil","item":"https:\/\/www.pressenza.com\/es\/"},{"@type":"ListItem","position":2,"name":"Conmemorando la ca\u00edda del muro llegan a Berl\u00edn los l\u00edderes mundiales"}]},{"@type":"WebSite","@id":"https:\/\/www.pressenza.com\/es\/#website","url":"https:\/\/www.pressenza.com\/es\/","name":"Pressenza","description":"International Press Agency","publisher":{"@id":"https:\/\/www.pressenza.com\/es\/#organization"},"potentialAction":[{"@type":"SearchAction","target":{"@type":"EntryPoint","urlTemplate":"https:\/\/www.pressenza.com\/es\/?s={search_term_string}"},"query-input":{"@type":"PropertyValueSpecification","valueRequired":true,"valueName":"search_term_string"}}],"inLanguage":"es"},{"@type":"Organization","@id":"https:\/\/www.pressenza.com\/es\/#organization","name":"Pressenza","url":"https:\/\/www.pressenza.com\/es\/","logo":{"@type":"ImageObject","inLanguage":"es","@id":"https:\/\/www.pressenza.com\/es\/#\/schema\/logo\/image\/","url":"https:\/\/www.pressenza.com\/wp-content\/uploads\/2022\/10\/pressenza_logo_200x200.jpg","contentUrl":"https:\/\/www.pressenza.com\/wp-content\/uploads\/2022\/10\/pressenza_logo_200x200.jpg","width":200,"height":200,"caption":"Pressenza"},"image":{"@id":"https:\/\/www.pressenza.com\/es\/#\/schema\/logo\/image\/"},"sameAs":["https:\/\/www.facebook.com\/PressenzaItalia","https:\/\/x.com\/PressenzaIPA"]},{"@type":"Person","@id":"https:\/\/www.pressenza.com\/es\/#\/schema\/person\/010e5d02bcf40965427a1289a4cc8d75","name":"Pressenza IPA","description":"News from Pressenza IPA correspondents","sameAs":["https:\/\/www.facebook.com\/pressenza","https:\/\/x.com\/PressenzaIPA"],"url":"https:\/\/www.pressenza.com\/es\/author\/pressenza-ipa\/"}]}},"place":"Berl\u00edn","original_article_url":"","_links":{"self":[{"href":"https:\/\/www.pressenza.com\/es\/wp-json\/wp\/v2\/posts\/2112","targetHints":{"allow":["GET"]}}],"collection":[{"href":"https:\/\/www.pressenza.com\/es\/wp-json\/wp\/v2\/posts"}],"about":[{"href":"https:\/\/www.pressenza.com\/es\/wp-json\/wp\/v2\/types\/post"}],"author":[{"embeddable":true,"href":"https:\/\/www.pressenza.com\/es\/wp-json\/wp\/v2\/users\/19"}],"replies":[{"embeddable":true,"href":"https:\/\/www.pressenza.com\/es\/wp-json\/wp\/v2\/comments?post=2112"}],"version-history":[{"count":0,"href":"https:\/\/www.pressenza.com\/es\/wp-json\/wp\/v2\/posts\/2112\/revisions"}],"wp:attachment":[{"href":"https:\/\/www.pressenza.com\/es\/wp-json\/wp\/v2\/media?parent=2112"}],"wp:term":[{"taxonomy":"category","embeddable":true,"href":"https:\/\/www.pressenza.com\/es\/wp-json\/wp\/v2\/categories?post=2112"},{"taxonomy":"post_tag","embeddable":true,"href":"https:\/\/www.pressenza.com\/es\/wp-json\/wp\/v2\/tags?post=2112"}],"curies":[{"name":"wp","href":"https:\/\/api.w.org\/{rel}","templated":true}]}}