{"id":2111,"date":"2009-11-08T00:00:00","date_gmt":"2009-11-08T00:00:00","guid":{"rendered":""},"modified":"2009-11-08T18:58:26","modified_gmt":"2009-11-08T18:58:26","slug":"la-primera-victoria-politica-importante-de-obama-en-su-pais","status":"publish","type":"post","link":"https:\/\/www.pressenza.com\/es\/2009\/11\/la-primera-victoria-politica-importante-de-obama-en-su-pais\/","title":{"rendered":"La primera victoria pol\u00edtica importante de Obama en su pa\u00eds"},"content":{"rendered":"<p>El presidente de Estados Unidos, Barack Obama, consigui\u00f3 su mayor triunfo desde la llegada a la Casa Blanca cuando la C\u00e1mara de Representantes le di\u00f3 luz verde a su proyecto de reforma sanitaria, que busca garantizar la cobertura m\u00e9dica universal en todo el pa\u00eds.<\/p>\n<p>El proyecto de ley que apunta a ampliar la cobertura de salud a 36 millones de personas que carecen de seguro, supone el mayor cambio de pol\u00edtica sanitaria norteamericano en las \u00faltimas cuatro d\u00e9cadas.<\/p>\n<p>*\u00bbGracias al trabajo duro de la C\u00e1mara, estamos justo a dos pasos de conseguir una reforma del sistema sanitario en Am\u00e9rica\u00bb*, declar\u00f3 el mandatario en un comunicado. *\u00bbAhora Estados Unidos debe seguir los pasos marcados y aprobar este proyecto. Estoy completamente seguro de que as\u00ed ser\u00e1\u00bb*.<\/p>\n<p>El presidente Obama considera adem\u00e1s que su plan sanitario conseguir\u00e1 apuntalar la recuperaci\u00f3n de la econom\u00eda norteamericana, seriamente da\u00f1ada por la crisis financiera internacional, al tiempo que defiende que dos tercios de los costos totales ser\u00e1 sufragados por la desviaci\u00f3n de dinero destinado hasta ahora a programas sanitarios federales, por lo que no supondr\u00eda una gran carga econ\u00f3mica.<\/p>\n","protected":false},"excerpt":{"rendered":"<p>Desde su llegada la Casa Blanca, Obama se\u00f1al\u00f3 que la escasa cobertura de salud en USA representaba un problema de primer orden y se empe\u00f1\u00f3 en sacar adelante su propuesta. La hist\u00f3rica votaci\u00f3n de la C\u00e1mara de Diputados configura una victoria sin precedentes para el Presidente, que hab\u00eda apostado gran parte de su capital pol\u00edtico en la lucha por la reforma de salud. <\/p>\n","protected":false},"author":19,"featured_media":0,"comment_status":"closed","ping_status":"open","sticky":false,"template":"","format":"standard","meta":{"footnotes":""},"categories":[68,74],"tags":[],"class_list":["post-2111","post","type-post","status-publish","format-standard","hentry","category-norteamerica","category-politica-es"],"yoast_head":"<!-- This site is optimized with the Yoast SEO plugin v27.1.1 - https:\/\/yoast.com\/product\/yoast-seo-wordpress\/ -->\n<title>La primera victoria pol\u00edtica importante de Obama en su pa\u00eds<\/title>\n<meta name=\"description\" content=\"Desde su llegada la Casa Blanca, Obama se\u00f1al\u00f3 que la escasa cobertura de salud en USA representaba un problema de primer orden y se empe\u00f1\u00f3 en sacar adelante su propuesta. La hist\u00f3rica votaci\u00f3n de la C\u00e1mara de Diputados configura una victoria sin precedentes para el Presidente, que hab\u00eda apostado gran parte de su capital pol\u00edtico en la lucha por la reforma de salud.\" \/>\n<meta name=\"robots\" content=\"index, follow, max-snippet:-1, max-image-preview:large, max-video-preview:-1\" \/>\n<link rel=\"canonical\" href=\"https:\/\/www.pressenza.com\/es\/2009\/11\/la-primera-victoria-politica-importante-de-obama-en-su-pais\/\" \/>\n<meta property=\"og:locale\" content=\"es_ES\" \/>\n<meta property=\"og:type\" content=\"article\" \/>\n<meta property=\"og:title\" content=\"La primera victoria pol\u00edtica importante de Obama en su pa\u00eds\" \/>\n<meta property=\"og:description\" content=\"Desde su llegada la Casa Blanca, Obama se\u00f1al\u00f3 que la escasa cobertura de salud en USA representaba un problema de primer orden y se empe\u00f1\u00f3 en sacar adelante su propuesta. La hist\u00f3rica votaci\u00f3n de la C\u00e1mara de Diputados configura una victoria sin precedentes para el Presidente, que hab\u00eda apostado gran parte de su capital pol\u00edtico en la lucha por la reforma de salud.\" \/>\n<meta property=\"og:url\" content=\"https:\/\/www.pressenza.com\/es\/2009\/11\/la-primera-victoria-politica-importante-de-obama-en-su-pais\/\" \/>\n<meta property=\"og:site_name\" content=\"Pressenza\" \/>\n<meta property=\"article:publisher\" content=\"https:\/\/www.facebook.com\/PressenzaItalia\" \/>\n<meta property=\"article:author\" content=\"https:\/\/www.facebook.com\/pressenza\" \/>\n<meta property=\"article:published_time\" content=\"2009-11-08T00:00:00+00:00\" \/>\n<meta property=\"article:modified_time\" content=\"2009-11-08T18:58:26+00:00\" \/>\n<meta name=\"author\" content=\"Pressenza IPA\" \/>\n<meta name=\"twitter:card\" content=\"summary_large_image\" \/>\n<meta name=\"twitter:creator\" content=\"@PressenzaIPA\" \/>\n<meta name=\"twitter:site\" content=\"@PressenzaIPA\" \/>\n<meta name=\"twitter:label1\" content=\"Escrito por\" \/>\n\t<meta name=\"twitter:data1\" content=\"Pressenza IPA\" \/>\n\t<meta name=\"twitter:label2\" content=\"Tiempo de lectura\" \/>\n\t<meta name=\"twitter:data2\" content=\"1 minuto\" \/>\n<script type=\"application\/ld+json\" class=\"yoast-schema-graph\">{\"@context\":\"https:\/\/schema.org\",\"@graph\":[{\"@type\":\"Article\",\"@id\":\"https:\/\/www.pressenza.com\/es\/2009\/11\/la-primera-victoria-politica-importante-de-obama-en-su-pais\/#article\",\"isPartOf\":{\"@id\":\"https:\/\/www.pressenza.com\/es\/2009\/11\/la-primera-victoria-politica-importante-de-obama-en-su-pais\/\"},\"author\":{\"name\":\"Pressenza IPA\",\"@id\":\"https:\/\/www.pressenza.com\/es\/#\/schema\/person\/010e5d02bcf40965427a1289a4cc8d75\"},\"headline\":\"La primera victoria pol\u00edtica importante de Obama en su pa\u00eds\",\"datePublished\":\"2009-11-08T00:00:00+00:00\",\"dateModified\":\"2009-11-08T18:58:26+00:00\",\"mainEntityOfPage\":{\"@id\":\"https:\/\/www.pressenza.com\/es\/2009\/11\/la-primera-victoria-politica-importante-de-obama-en-su-pais\/\"},\"wordCount\":207,\"publisher\":{\"@id\":\"https:\/\/www.pressenza.com\/es\/#organization\"},\"articleSection\":[\"Norteam\u00e9rica\",\"Pol\u00edtica\"],\"inLanguage\":\"es\"},{\"@type\":\"WebPage\",\"@id\":\"https:\/\/www.pressenza.com\/es\/2009\/11\/la-primera-victoria-politica-importante-de-obama-en-su-pais\/\",\"url\":\"https:\/\/www.pressenza.com\/es\/2009\/11\/la-primera-victoria-politica-importante-de-obama-en-su-pais\/\",\"name\":\"La primera victoria pol\u00edtica importante de Obama en su pa\u00eds\",\"isPartOf\":{\"@id\":\"https:\/\/www.pressenza.com\/es\/#website\"},\"datePublished\":\"2009-11-08T00:00:00+00:00\",\"dateModified\":\"2009-11-08T18:58:26+00:00\",\"description\":\"Desde su llegada la Casa Blanca, Obama se\u00f1al\u00f3 que la escasa cobertura de salud en USA representaba un problema de primer orden y se empe\u00f1\u00f3 en sacar adelante su propuesta. La hist\u00f3rica votaci\u00f3n de la C\u00e1mara de Diputados configura una victoria sin precedentes para el Presidente, que hab\u00eda apostado gran parte de su capital pol\u00edtico en la lucha por la reforma de salud.\",\"breadcrumb\":{\"@id\":\"https:\/\/www.pressenza.com\/es\/2009\/11\/la-primera-victoria-politica-importante-de-obama-en-su-pais\/#breadcrumb\"},\"inLanguage\":\"es\",\"potentialAction\":[{\"@type\":\"ReadAction\",\"target\":[\"https:\/\/www.pressenza.com\/es\/2009\/11\/la-primera-victoria-politica-importante-de-obama-en-su-pais\/\"]}]},{\"@type\":\"BreadcrumbList\",\"@id\":\"https:\/\/www.pressenza.com\/es\/2009\/11\/la-primera-victoria-politica-importante-de-obama-en-su-pais\/#breadcrumb\",\"itemListElement\":[{\"@type\":\"ListItem\",\"position\":1,\"name\":\"Accueil\",\"item\":\"https:\/\/www.pressenza.com\/es\/\"},{\"@type\":\"ListItem\",\"position\":2,\"name\":\"La primera victoria pol\u00edtica importante de Obama en su pa\u00eds\"}]},{\"@type\":\"WebSite\",\"@id\":\"https:\/\/www.pressenza.com\/es\/#website\",\"url\":\"https:\/\/www.pressenza.com\/es\/\",\"name\":\"Pressenza\",\"description\":\"International Press Agency\",\"publisher\":{\"@id\":\"https:\/\/www.pressenza.com\/es\/#organization\"},\"potentialAction\":[{\"@type\":\"SearchAction\",\"target\":{\"@type\":\"EntryPoint\",\"urlTemplate\":\"https:\/\/www.pressenza.com\/es\/?s={search_term_string}\"},\"query-input\":{\"@type\":\"PropertyValueSpecification\",\"valueRequired\":true,\"valueName\":\"search_term_string\"}}],\"inLanguage\":\"es\"},{\"@type\":\"Organization\",\"@id\":\"https:\/\/www.pressenza.com\/es\/#organization\",\"name\":\"Pressenza\",\"url\":\"https:\/\/www.pressenza.com\/es\/\",\"logo\":{\"@type\":\"ImageObject\",\"inLanguage\":\"es\",\"@id\":\"https:\/\/www.pressenza.com\/es\/#\/schema\/logo\/image\/\",\"url\":\"https:\/\/www.pressenza.com\/wp-content\/uploads\/2022\/10\/pressenza_logo_200x200.jpg\",\"contentUrl\":\"https:\/\/www.pressenza.com\/wp-content\/uploads\/2022\/10\/pressenza_logo_200x200.jpg\",\"width\":200,\"height\":200,\"caption\":\"Pressenza\"},\"image\":{\"@id\":\"https:\/\/www.pressenza.com\/es\/#\/schema\/logo\/image\/\"},\"sameAs\":[\"https:\/\/www.facebook.com\/PressenzaItalia\",\"https:\/\/x.com\/PressenzaIPA\"]},{\"@type\":\"Person\",\"@id\":\"https:\/\/www.pressenza.com\/es\/#\/schema\/person\/010e5d02bcf40965427a1289a4cc8d75\",\"name\":\"Pressenza IPA\",\"description\":\"News from Pressenza IPA correspondents\",\"sameAs\":[\"https:\/\/www.facebook.com\/pressenza\",\"https:\/\/x.com\/PressenzaIPA\"],\"url\":\"https:\/\/www.pressenza.com\/es\/author\/pressenza-ipa\/\"}]}<\/script>\n<!-- \/ Yoast SEO plugin. -->","yoast_head_json":{"title":"La primera victoria pol\u00edtica importante de Obama en su pa\u00eds","description":"Desde su llegada la Casa Blanca, Obama se\u00f1al\u00f3 que la escasa cobertura de salud en USA representaba un problema de primer orden y se empe\u00f1\u00f3 en sacar adelante su propuesta. La hist\u00f3rica votaci\u00f3n de la C\u00e1mara de Diputados configura una victoria sin precedentes para el Presidente, que hab\u00eda apostado gran parte de su capital pol\u00edtico en la lucha por la reforma de salud.","robots":{"index":"index","follow":"follow","max-snippet":"max-snippet:-1","max-image-preview":"max-image-preview:large","max-video-preview":"max-video-preview:-1"},"canonical":"https:\/\/www.pressenza.com\/es\/2009\/11\/la-primera-victoria-politica-importante-de-obama-en-su-pais\/","og_locale":"es_ES","og_type":"article","og_title":"La primera victoria pol\u00edtica importante de Obama en su pa\u00eds","og_description":"Desde su llegada la Casa Blanca, Obama se\u00f1al\u00f3 que la escasa cobertura de salud en USA representaba un problema de primer orden y se empe\u00f1\u00f3 en sacar adelante su propuesta. La hist\u00f3rica votaci\u00f3n de la C\u00e1mara de Diputados configura una victoria sin precedentes para el Presidente, que hab\u00eda apostado gran parte de su capital pol\u00edtico en la lucha por la reforma de salud.","og_url":"https:\/\/www.pressenza.com\/es\/2009\/11\/la-primera-victoria-politica-importante-de-obama-en-su-pais\/","og_site_name":"Pressenza","article_publisher":"https:\/\/www.facebook.com\/PressenzaItalia","article_author":"https:\/\/www.facebook.com\/pressenza","article_published_time":"2009-11-08T00:00:00+00:00","article_modified_time":"2009-11-08T18:58:26+00:00","author":"Pressenza IPA","twitter_card":"summary_large_image","twitter_creator":"@PressenzaIPA","twitter_site":"@PressenzaIPA","twitter_misc":{"Escrito por":"Pressenza IPA","Tiempo de lectura":"1 minuto"},"schema":{"@context":"https:\/\/schema.org","@graph":[{"@type":"Article","@id":"https:\/\/www.pressenza.com\/es\/2009\/11\/la-primera-victoria-politica-importante-de-obama-en-su-pais\/#article","isPartOf":{"@id":"https:\/\/www.pressenza.com\/es\/2009\/11\/la-primera-victoria-politica-importante-de-obama-en-su-pais\/"},"author":{"name":"Pressenza IPA","@id":"https:\/\/www.pressenza.com\/es\/#\/schema\/person\/010e5d02bcf40965427a1289a4cc8d75"},"headline":"La primera victoria pol\u00edtica importante de Obama en su pa\u00eds","datePublished":"2009-11-08T00:00:00+00:00","dateModified":"2009-11-08T18:58:26+00:00","mainEntityOfPage":{"@id":"https:\/\/www.pressenza.com\/es\/2009\/11\/la-primera-victoria-politica-importante-de-obama-en-su-pais\/"},"wordCount":207,"publisher":{"@id":"https:\/\/www.pressenza.com\/es\/#organization"},"articleSection":["Norteam\u00e9rica","Pol\u00edtica"],"inLanguage":"es"},{"@type":"WebPage","@id":"https:\/\/www.pressenza.com\/es\/2009\/11\/la-primera-victoria-politica-importante-de-obama-en-su-pais\/","url":"https:\/\/www.pressenza.com\/es\/2009\/11\/la-primera-victoria-politica-importante-de-obama-en-su-pais\/","name":"La primera victoria pol\u00edtica importante de Obama en su pa\u00eds","isPartOf":{"@id":"https:\/\/www.pressenza.com\/es\/#website"},"datePublished":"2009-11-08T00:00:00+00:00","dateModified":"2009-11-08T18:58:26+00:00","description":"Desde su llegada la Casa Blanca, Obama se\u00f1al\u00f3 que la escasa cobertura de salud en USA representaba un problema de primer orden y se empe\u00f1\u00f3 en sacar adelante su propuesta. La hist\u00f3rica votaci\u00f3n de la C\u00e1mara de Diputados configura una victoria sin precedentes para el Presidente, que hab\u00eda apostado gran parte de su capital pol\u00edtico en la lucha por la reforma de salud.","breadcrumb":{"@id":"https:\/\/www.pressenza.com\/es\/2009\/11\/la-primera-victoria-politica-importante-de-obama-en-su-pais\/#breadcrumb"},"inLanguage":"es","potentialAction":[{"@type":"ReadAction","target":["https:\/\/www.pressenza.com\/es\/2009\/11\/la-primera-victoria-politica-importante-de-obama-en-su-pais\/"]}]},{"@type":"BreadcrumbList","@id":"https:\/\/www.pressenza.com\/es\/2009\/11\/la-primera-victoria-politica-importante-de-obama-en-su-pais\/#breadcrumb","itemListElement":[{"@type":"ListItem","position":1,"name":"Accueil","item":"https:\/\/www.pressenza.com\/es\/"},{"@type":"ListItem","position":2,"name":"La primera victoria pol\u00edtica importante de Obama en su pa\u00eds"}]},{"@type":"WebSite","@id":"https:\/\/www.pressenza.com\/es\/#website","url":"https:\/\/www.pressenza.com\/es\/","name":"Pressenza","description":"International Press Agency","publisher":{"@id":"https:\/\/www.pressenza.com\/es\/#organization"},"potentialAction":[{"@type":"SearchAction","target":{"@type":"EntryPoint","urlTemplate":"https:\/\/www.pressenza.com\/es\/?s={search_term_string}"},"query-input":{"@type":"PropertyValueSpecification","valueRequired":true,"valueName":"search_term_string"}}],"inLanguage":"es"},{"@type":"Organization","@id":"https:\/\/www.pressenza.com\/es\/#organization","name":"Pressenza","url":"https:\/\/www.pressenza.com\/es\/","logo":{"@type":"ImageObject","inLanguage":"es","@id":"https:\/\/www.pressenza.com\/es\/#\/schema\/logo\/image\/","url":"https:\/\/www.pressenza.com\/wp-content\/uploads\/2022\/10\/pressenza_logo_200x200.jpg","contentUrl":"https:\/\/www.pressenza.com\/wp-content\/uploads\/2022\/10\/pressenza_logo_200x200.jpg","width":200,"height":200,"caption":"Pressenza"},"image":{"@id":"https:\/\/www.pressenza.com\/es\/#\/schema\/logo\/image\/"},"sameAs":["https:\/\/www.facebook.com\/PressenzaItalia","https:\/\/x.com\/PressenzaIPA"]},{"@type":"Person","@id":"https:\/\/www.pressenza.com\/es\/#\/schema\/person\/010e5d02bcf40965427a1289a4cc8d75","name":"Pressenza IPA","description":"News from Pressenza IPA correspondents","sameAs":["https:\/\/www.facebook.com\/pressenza","https:\/\/x.com\/PressenzaIPA"],"url":"https:\/\/www.pressenza.com\/es\/author\/pressenza-ipa\/"}]}},"place":"Washington","original_article_url":"","_links":{"self":[{"href":"https:\/\/www.pressenza.com\/es\/wp-json\/wp\/v2\/posts\/2111","targetHints":{"allow":["GET"]}}],"collection":[{"href":"https:\/\/www.pressenza.com\/es\/wp-json\/wp\/v2\/posts"}],"about":[{"href":"https:\/\/www.pressenza.com\/es\/wp-json\/wp\/v2\/types\/post"}],"author":[{"embeddable":true,"href":"https:\/\/www.pressenza.com\/es\/wp-json\/wp\/v2\/users\/19"}],"replies":[{"embeddable":true,"href":"https:\/\/www.pressenza.com\/es\/wp-json\/wp\/v2\/comments?post=2111"}],"version-history":[{"count":0,"href":"https:\/\/www.pressenza.com\/es\/wp-json\/wp\/v2\/posts\/2111\/revisions"}],"wp:attachment":[{"href":"https:\/\/www.pressenza.com\/es\/wp-json\/wp\/v2\/media?parent=2111"}],"wp:term":[{"taxonomy":"category","embeddable":true,"href":"https:\/\/www.pressenza.com\/es\/wp-json\/wp\/v2\/categories?post=2111"},{"taxonomy":"post_tag","embeddable":true,"href":"https:\/\/www.pressenza.com\/es\/wp-json\/wp\/v2\/tags?post=2111"}],"curies":[{"name":"wp","href":"https:\/\/api.w.org\/{rel}","templated":true}]}}