{"id":21075,"date":"2012-10-22T14:44:47","date_gmt":"2012-10-22T14:44:47","guid":{"rendered":"http:\/\/www.pressenza.com\/?p=21075"},"modified":"2012-10-22T14:44:47","modified_gmt":"2012-10-22T14:44:47","slug":"pedido-de-bienestar-reconciliacion-no-violencia-y-paz-en-medio-oriente","status":"publish","type":"post","link":"https:\/\/www.pressenza.com\/es\/2012\/10\/pedido-de-bienestar-reconciliacion-no-violencia-y-paz-en-medio-oriente\/","title":{"rendered":"Pedido de Bienestar, Reconciliaci\u00f3n, No Violencia y Paz en Medio Oriente"},"content":{"rendered":"<p><strong>Un grupo de comunidades del Mensaje de Silo convocamos a individuos, organizaciones, instituciones y colectividades sensibles al dolor y al sufrimiento en esa regi\u00f3n a un acto p\u00fablico para pedir\u00a0 por el Bienestar, la Reconciliaci\u00f3n, la No Violencia y la Paz en Medio Oriente, como se\u00f1al de un nuevo mundo al que aspiramos.<\/strong><strong>\u00a0El acto tendr\u00e1 lugar el pr\u00f3ximo 7 de noviembre a las 18 en el auditorio de la UTN (sede Medrano y Lavalle, ciudad aut\u00f3noma de Buenos Aires).<\/strong><\/p>\n<p>En este viejo mundo en el que vivimos estamos en un punto de inflexi\u00f3n por la amenaza de un conflicto b\u00e9lico a gran escala con armamento nuclear. No queremos quedar en silencio ante la urgencia y llamamos a la acci\u00f3n No Violenta superadora de las injusticias de la situaci\u00f3n actual.<\/p>\n<p>Medio Oriente es hoy el mayor foco de conflicto mundial. Gran parte de los problemas est\u00e1n vinculados a una rec\u00edproca intolerancia religiosa, a la violencia de acciones b\u00e9licas sin atender a las poblaciones, que se manifiestan clamando por la tolerancia y la paz.<\/p>\n<p>Sentimos la necesidad de reunir a todos los que estamos separados y manifestarnos contra la violencia en todas sus formas. Tomando conciencia de que no estamos aislados, entendemos que lo que pasa en Medio Oriente nos afecta a todos aunque suceda a seres humanos de culturas diferentes.<\/p>\n<p>Por esta raz\u00f3n, haremos una ceremonia de Bienestar y un pedido conjunto por la reconciliaci\u00f3n de los pueblos, la No Violencia y la Paz, como mensajeros de una nueva espiritualidad que propone \u201ctratar a los dem\u00e1s como queremos ser trartados\u201d y\u00a0 ponernos de este modo, en el lugar del otro \u201cdiferente-a-mi\u201d. Silo se\u00f1al\u00f3 en 2007 al pi\u00e9 del Aconcagua: <em>\u201cCuando llegamos a comprender que nuestro enemigo es un ser que tambi\u00e9n vivi\u00f3 con esperanzas y fracasos, un ser en el que hubo hermosos momentos de plenitud y momentos de frustraci\u00f3n y resentimiento, estaremos poniendo una mirada humanizadora sobre la piel de la monstruosidad\u201d.<\/em><\/p>\n<p>La espiritualidad del El Mensaje de Silo nos inspira a ser coherentes porque: \u201cReconocemos y alentamos la diversidad de costumbres y culturas, nos oponemos a toda discriminaci\u00f3n y consagramos la resistencia justa contra toda forma de violencia f\u00edsica, econ\u00f3mica, racial, religiosa, sexual, psicol\u00f3gica y moral\u201d.<\/p>\n<p>Queremos que este acto sea un comienzo hacia la conformaci\u00f3n de espacios interculturales e interreligiosos de intercambio y reflexi\u00f3n, y queremos tambi\u00e9n, que este mensaje llegue a Medio Oriente desde la certeza de que el Ser Humano en su esencia es Libertad y las diferencias externas no nos separan, nos complementan.<\/p>\n<p>Invitamos a realizar la Ceremonia de Bienestar y un Pedido de Reconciliaci\u00f3n,\u00a0 No Violencia y Paz en Medio Oriente para recorrer juntos este nuevo camino.<\/p>\n<p>Para m\u00e1s informaci\u00f3n: bienestarparamediooriente@gmail.com<\/p>\n","protected":false},"excerpt":{"rendered":"<p>Un grupo de comunidades del Mensaje de Silo convocamos a individuos, organizaciones, instituciones y colectividades sensibles al dolor y al sufrimiento en esa regi\u00f3n a un acto p\u00fablico para pedir\u00a0 por el Bienestar, la Reconciliaci\u00f3n, la No Violencia y la&hellip;<\/p>\n","protected":false},"author":20,"featured_media":18780,"comment_status":"closed","ping_status":"open","sticky":false,"template":"","format":"standard","meta":{"footnotes":""},"categories":[149,39],"tags":[22209,383,1071,419],"class_list":["post-21075","post","type-post","status-publish","format-standard","has-post-thumbnail","hentry","category-comunicados-de-prensa","category-internacional","tag-medio-oriente","tag-noviolencia","tag-oriente-medio-2","tag-paz"],"yoast_head":"<!-- This site is optimized with the Yoast SEO plugin v27.1.1 - https:\/\/yoast.com\/product\/yoast-seo-wordpress\/ -->\n<title>Pedido de Bienestar, Reconciliaci\u00f3n, No Violencia y Paz en Medio Oriente<\/title>\n<meta name=\"description\" content=\"Un grupo de comunidades del Mensaje de Silo convocamos a individuos, organizaciones, instituciones y colectividades sensibles al dolor y al sufrimiento en\" \/>\n<meta name=\"robots\" content=\"index, follow, max-snippet:-1, max-image-preview:large, max-video-preview:-1\" \/>\n<link rel=\"canonical\" href=\"https:\/\/www.pressenza.com\/es\/2012\/10\/pedido-de-bienestar-reconciliacion-no-violencia-y-paz-en-medio-oriente\/\" \/>\n<meta property=\"og:locale\" content=\"es_ES\" \/>\n<meta property=\"og:type\" content=\"article\" \/>\n<meta property=\"og:title\" content=\"Pedido de Bienestar, Reconciliaci\u00f3n, No Violencia y Paz en Medio Oriente\" \/>\n<meta property=\"og:description\" content=\"Un grupo de comunidades del Mensaje de Silo convocamos a individuos, organizaciones, instituciones y colectividades sensibles al dolor y al sufrimiento en\" \/>\n<meta property=\"og:url\" content=\"https:\/\/www.pressenza.com\/es\/2012\/10\/pedido-de-bienestar-reconciliacion-no-violencia-y-paz-en-medio-oriente\/\" \/>\n<meta property=\"og:site_name\" content=\"Pressenza\" \/>\n<meta property=\"article:publisher\" content=\"https:\/\/www.facebook.com\/PressenzaItalia\" \/>\n<meta property=\"article:published_time\" content=\"2012-10-22T14:44:47+00:00\" \/>\n<meta property=\"og:image\" content=\"https:\/\/www.pressenza.com\/wp-content\/uploads\/2012\/10\/Simbolo_noviolencia.gif\" \/>\n\t<meta property=\"og:image:width\" content=\"315\" \/>\n\t<meta property=\"og:image:height\" content=\"315\" \/>\n\t<meta property=\"og:image:type\" content=\"image\/gif\" \/>\n<meta name=\"author\" content=\"ivan novotny\" \/>\n<meta name=\"twitter:card\" content=\"summary_large_image\" \/>\n<meta name=\"twitter:creator\" content=\"@ivanovotny\" \/>\n<meta name=\"twitter:site\" content=\"@PressenzaIPA\" \/>\n<meta name=\"twitter:label1\" content=\"Escrito por\" \/>\n\t<meta name=\"twitter:data1\" content=\"ivan novotny\" \/>\n\t<meta name=\"twitter:label2\" content=\"Tiempo de lectura\" \/>\n\t<meta name=\"twitter:data2\" content=\"2 minutos\" \/>\n<script type=\"application\/ld+json\" class=\"yoast-schema-graph\">{\"@context\":\"https:\/\/schema.org\",\"@graph\":[{\"@type\":\"Article\",\"@id\":\"https:\/\/www.pressenza.com\/es\/2012\/10\/pedido-de-bienestar-reconciliacion-no-violencia-y-paz-en-medio-oriente\/#article\",\"isPartOf\":{\"@id\":\"https:\/\/www.pressenza.com\/es\/2012\/10\/pedido-de-bienestar-reconciliacion-no-violencia-y-paz-en-medio-oriente\/\"},\"author\":{\"name\":\"ivan novotny\",\"@id\":\"https:\/\/www.pressenza.com\/es\/#\/schema\/person\/074b2cdde387af1b7a93f788a03ec37a\"},\"headline\":\"Pedido de Bienestar, Reconciliaci\u00f3n, No Violencia y Paz en Medio Oriente\",\"datePublished\":\"2012-10-22T14:44:47+00:00\",\"mainEntityOfPage\":{\"@id\":\"https:\/\/www.pressenza.com\/es\/2012\/10\/pedido-de-bienestar-reconciliacion-no-violencia-y-paz-en-medio-oriente\/\"},\"wordCount\":488,\"publisher\":{\"@id\":\"https:\/\/www.pressenza.com\/es\/#organization\"},\"image\":{\"@id\":\"https:\/\/www.pressenza.com\/es\/2012\/10\/pedido-de-bienestar-reconciliacion-no-violencia-y-paz-en-medio-oriente\/#primaryimage\"},\"thumbnailUrl\":\"https:\/\/www.pressenza.com\/wp-content\/uploads\/2012\/10\/Simbolo_noviolencia.gif\",\"keywords\":[\"Medio Oriente\",\"Noviolencia\",\"Oriente Medio\",\"Paz\"],\"articleSection\":[\"Comunicados de Prensa\",\"Internacional\"],\"inLanguage\":\"es\"},{\"@type\":\"WebPage\",\"@id\":\"https:\/\/www.pressenza.com\/es\/2012\/10\/pedido-de-bienestar-reconciliacion-no-violencia-y-paz-en-medio-oriente\/\",\"url\":\"https:\/\/www.pressenza.com\/es\/2012\/10\/pedido-de-bienestar-reconciliacion-no-violencia-y-paz-en-medio-oriente\/\",\"name\":\"Pedido de Bienestar, Reconciliaci\u00f3n, No Violencia y Paz en Medio Oriente\",\"isPartOf\":{\"@id\":\"https:\/\/www.pressenza.com\/es\/#website\"},\"primaryImageOfPage\":{\"@id\":\"https:\/\/www.pressenza.com\/es\/2012\/10\/pedido-de-bienestar-reconciliacion-no-violencia-y-paz-en-medio-oriente\/#primaryimage\"},\"image\":{\"@id\":\"https:\/\/www.pressenza.com\/es\/2012\/10\/pedido-de-bienestar-reconciliacion-no-violencia-y-paz-en-medio-oriente\/#primaryimage\"},\"thumbnailUrl\":\"https:\/\/www.pressenza.com\/wp-content\/uploads\/2012\/10\/Simbolo_noviolencia.gif\",\"datePublished\":\"2012-10-22T14:44:47+00:00\",\"description\":\"Un grupo de comunidades del Mensaje de Silo convocamos a individuos, organizaciones, instituciones y colectividades sensibles al dolor y al sufrimiento en\",\"breadcrumb\":{\"@id\":\"https:\/\/www.pressenza.com\/es\/2012\/10\/pedido-de-bienestar-reconciliacion-no-violencia-y-paz-en-medio-oriente\/#breadcrumb\"},\"inLanguage\":\"es\",\"potentialAction\":[{\"@type\":\"ReadAction\",\"target\":[\"https:\/\/www.pressenza.com\/es\/2012\/10\/pedido-de-bienestar-reconciliacion-no-violencia-y-paz-en-medio-oriente\/\"]}]},{\"@type\":\"ImageObject\",\"inLanguage\":\"es\",\"@id\":\"https:\/\/www.pressenza.com\/es\/2012\/10\/pedido-de-bienestar-reconciliacion-no-violencia-y-paz-en-medio-oriente\/#primaryimage\",\"url\":\"https:\/\/www.pressenza.com\/wp-content\/uploads\/2012\/10\/Simbolo_noviolencia.gif\",\"contentUrl\":\"https:\/\/www.pressenza.com\/wp-content\/uploads\/2012\/10\/Simbolo_noviolencia.gif\",\"width\":\"315\",\"height\":\"315\"},{\"@type\":\"BreadcrumbList\",\"@id\":\"https:\/\/www.pressenza.com\/es\/2012\/10\/pedido-de-bienestar-reconciliacion-no-violencia-y-paz-en-medio-oriente\/#breadcrumb\",\"itemListElement\":[{\"@type\":\"ListItem\",\"position\":1,\"name\":\"Accueil\",\"item\":\"https:\/\/www.pressenza.com\/es\/\"},{\"@type\":\"ListItem\",\"position\":2,\"name\":\"Pedido de Bienestar, Reconciliaci\u00f3n, No Violencia y Paz en Medio Oriente\"}]},{\"@type\":\"WebSite\",\"@id\":\"https:\/\/www.pressenza.com\/es\/#website\",\"url\":\"https:\/\/www.pressenza.com\/es\/\",\"name\":\"Pressenza\",\"description\":\"International Press Agency\",\"publisher\":{\"@id\":\"https:\/\/www.pressenza.com\/es\/#organization\"},\"potentialAction\":[{\"@type\":\"SearchAction\",\"target\":{\"@type\":\"EntryPoint\",\"urlTemplate\":\"https:\/\/www.pressenza.com\/es\/?s={search_term_string}\"},\"query-input\":{\"@type\":\"PropertyValueSpecification\",\"valueRequired\":true,\"valueName\":\"search_term_string\"}}],\"inLanguage\":\"es\"},{\"@type\":\"Organization\",\"@id\":\"https:\/\/www.pressenza.com\/es\/#organization\",\"name\":\"Pressenza\",\"url\":\"https:\/\/www.pressenza.com\/es\/\",\"logo\":{\"@type\":\"ImageObject\",\"inLanguage\":\"es\",\"@id\":\"https:\/\/www.pressenza.com\/es\/#\/schema\/logo\/image\/\",\"url\":\"https:\/\/www.pressenza.com\/wp-content\/uploads\/2022\/10\/pressenza_logo_200x200.jpg\",\"contentUrl\":\"https:\/\/www.pressenza.com\/wp-content\/uploads\/2022\/10\/pressenza_logo_200x200.jpg\",\"width\":200,\"height\":200,\"caption\":\"Pressenza\"},\"image\":{\"@id\":\"https:\/\/www.pressenza.com\/es\/#\/schema\/logo\/image\/\"},\"sameAs\":[\"https:\/\/www.facebook.com\/PressenzaItalia\",\"https:\/\/x.com\/PressenzaIPA\"]},{\"@type\":\"Person\",\"@id\":\"https:\/\/www.pressenza.com\/es\/#\/schema\/person\/074b2cdde387af1b7a93f788a03ec37a\",\"name\":\"ivan novotny\",\"description\":\"A graduate in Communication Science from the University of Buenos Aires.\",\"sameAs\":[\"https:\/\/www.instagram.com\/inovotny\",\"https:\/\/x.com\/ivanovotny\"],\"url\":\"https:\/\/www.pressenza.com\/es\/author\/ivan-novotny\/\"}]}<\/script>\n<!-- \/ Yoast SEO plugin. -->","yoast_head_json":{"title":"Pedido de Bienestar, Reconciliaci\u00f3n, No Violencia y Paz en Medio Oriente","description":"Un grupo de comunidades del Mensaje de Silo convocamos a individuos, organizaciones, instituciones y colectividades sensibles al dolor y al sufrimiento en","robots":{"index":"index","follow":"follow","max-snippet":"max-snippet:-1","max-image-preview":"max-image-preview:large","max-video-preview":"max-video-preview:-1"},"canonical":"https:\/\/www.pressenza.com\/es\/2012\/10\/pedido-de-bienestar-reconciliacion-no-violencia-y-paz-en-medio-oriente\/","og_locale":"es_ES","og_type":"article","og_title":"Pedido de Bienestar, Reconciliaci\u00f3n, No Violencia y Paz en Medio Oriente","og_description":"Un grupo de comunidades del Mensaje de Silo convocamos a individuos, organizaciones, instituciones y colectividades sensibles al dolor y al sufrimiento en","og_url":"https:\/\/www.pressenza.com\/es\/2012\/10\/pedido-de-bienestar-reconciliacion-no-violencia-y-paz-en-medio-oriente\/","og_site_name":"Pressenza","article_publisher":"https:\/\/www.facebook.com\/PressenzaItalia","article_published_time":"2012-10-22T14:44:47+00:00","og_image":[{"width":315,"height":315,"url":"https:\/\/www.pressenza.com\/wp-content\/uploads\/2012\/10\/Simbolo_noviolencia.gif","type":"image\/gif"}],"author":"ivan novotny","twitter_card":"summary_large_image","twitter_creator":"@ivanovotny","twitter_site":"@PressenzaIPA","twitter_misc":{"Escrito por":"ivan novotny","Tiempo de lectura":"2 minutos"},"schema":{"@context":"https:\/\/schema.org","@graph":[{"@type":"Article","@id":"https:\/\/www.pressenza.com\/es\/2012\/10\/pedido-de-bienestar-reconciliacion-no-violencia-y-paz-en-medio-oriente\/#article","isPartOf":{"@id":"https:\/\/www.pressenza.com\/es\/2012\/10\/pedido-de-bienestar-reconciliacion-no-violencia-y-paz-en-medio-oriente\/"},"author":{"name":"ivan novotny","@id":"https:\/\/www.pressenza.com\/es\/#\/schema\/person\/074b2cdde387af1b7a93f788a03ec37a"},"headline":"Pedido de Bienestar, Reconciliaci\u00f3n, No Violencia y Paz en Medio Oriente","datePublished":"2012-10-22T14:44:47+00:00","mainEntityOfPage":{"@id":"https:\/\/www.pressenza.com\/es\/2012\/10\/pedido-de-bienestar-reconciliacion-no-violencia-y-paz-en-medio-oriente\/"},"wordCount":488,"publisher":{"@id":"https:\/\/www.pressenza.com\/es\/#organization"},"image":{"@id":"https:\/\/www.pressenza.com\/es\/2012\/10\/pedido-de-bienestar-reconciliacion-no-violencia-y-paz-en-medio-oriente\/#primaryimage"},"thumbnailUrl":"https:\/\/www.pressenza.com\/wp-content\/uploads\/2012\/10\/Simbolo_noviolencia.gif","keywords":["Medio Oriente","Noviolencia","Oriente Medio","Paz"],"articleSection":["Comunicados de Prensa","Internacional"],"inLanguage":"es"},{"@type":"WebPage","@id":"https:\/\/www.pressenza.com\/es\/2012\/10\/pedido-de-bienestar-reconciliacion-no-violencia-y-paz-en-medio-oriente\/","url":"https:\/\/www.pressenza.com\/es\/2012\/10\/pedido-de-bienestar-reconciliacion-no-violencia-y-paz-en-medio-oriente\/","name":"Pedido de Bienestar, Reconciliaci\u00f3n, No Violencia y Paz en Medio Oriente","isPartOf":{"@id":"https:\/\/www.pressenza.com\/es\/#website"},"primaryImageOfPage":{"@id":"https:\/\/www.pressenza.com\/es\/2012\/10\/pedido-de-bienestar-reconciliacion-no-violencia-y-paz-en-medio-oriente\/#primaryimage"},"image":{"@id":"https:\/\/www.pressenza.com\/es\/2012\/10\/pedido-de-bienestar-reconciliacion-no-violencia-y-paz-en-medio-oriente\/#primaryimage"},"thumbnailUrl":"https:\/\/www.pressenza.com\/wp-content\/uploads\/2012\/10\/Simbolo_noviolencia.gif","datePublished":"2012-10-22T14:44:47+00:00","description":"Un grupo de comunidades del Mensaje de Silo convocamos a individuos, organizaciones, instituciones y colectividades sensibles al dolor y al sufrimiento en","breadcrumb":{"@id":"https:\/\/www.pressenza.com\/es\/2012\/10\/pedido-de-bienestar-reconciliacion-no-violencia-y-paz-en-medio-oriente\/#breadcrumb"},"inLanguage":"es","potentialAction":[{"@type":"ReadAction","target":["https:\/\/www.pressenza.com\/es\/2012\/10\/pedido-de-bienestar-reconciliacion-no-violencia-y-paz-en-medio-oriente\/"]}]},{"@type":"ImageObject","inLanguage":"es","@id":"https:\/\/www.pressenza.com\/es\/2012\/10\/pedido-de-bienestar-reconciliacion-no-violencia-y-paz-en-medio-oriente\/#primaryimage","url":"https:\/\/www.pressenza.com\/wp-content\/uploads\/2012\/10\/Simbolo_noviolencia.gif","contentUrl":"https:\/\/www.pressenza.com\/wp-content\/uploads\/2012\/10\/Simbolo_noviolencia.gif","width":"315","height":"315"},{"@type":"BreadcrumbList","@id":"https:\/\/www.pressenza.com\/es\/2012\/10\/pedido-de-bienestar-reconciliacion-no-violencia-y-paz-en-medio-oriente\/#breadcrumb","itemListElement":[{"@type":"ListItem","position":1,"name":"Accueil","item":"https:\/\/www.pressenza.com\/es\/"},{"@type":"ListItem","position":2,"name":"Pedido de Bienestar, Reconciliaci\u00f3n, No Violencia y Paz en Medio Oriente"}]},{"@type":"WebSite","@id":"https:\/\/www.pressenza.com\/es\/#website","url":"https:\/\/www.pressenza.com\/es\/","name":"Pressenza","description":"International Press Agency","publisher":{"@id":"https:\/\/www.pressenza.com\/es\/#organization"},"potentialAction":[{"@type":"SearchAction","target":{"@type":"EntryPoint","urlTemplate":"https:\/\/www.pressenza.com\/es\/?s={search_term_string}"},"query-input":{"@type":"PropertyValueSpecification","valueRequired":true,"valueName":"search_term_string"}}],"inLanguage":"es"},{"@type":"Organization","@id":"https:\/\/www.pressenza.com\/es\/#organization","name":"Pressenza","url":"https:\/\/www.pressenza.com\/es\/","logo":{"@type":"ImageObject","inLanguage":"es","@id":"https:\/\/www.pressenza.com\/es\/#\/schema\/logo\/image\/","url":"https:\/\/www.pressenza.com\/wp-content\/uploads\/2022\/10\/pressenza_logo_200x200.jpg","contentUrl":"https:\/\/www.pressenza.com\/wp-content\/uploads\/2022\/10\/pressenza_logo_200x200.jpg","width":200,"height":200,"caption":"Pressenza"},"image":{"@id":"https:\/\/www.pressenza.com\/es\/#\/schema\/logo\/image\/"},"sameAs":["https:\/\/www.facebook.com\/PressenzaItalia","https:\/\/x.com\/PressenzaIPA"]},{"@type":"Person","@id":"https:\/\/www.pressenza.com\/es\/#\/schema\/person\/074b2cdde387af1b7a93f788a03ec37a","name":"ivan novotny","description":"A graduate in Communication Science from the University of Buenos Aires.","sameAs":["https:\/\/www.instagram.com\/inovotny","https:\/\/x.com\/ivanovotny"],"url":"https:\/\/www.pressenza.com\/es\/author\/ivan-novotny\/"}]}},"place":"","original_article_url":"","_links":{"self":[{"href":"https:\/\/www.pressenza.com\/es\/wp-json\/wp\/v2\/posts\/21075","targetHints":{"allow":["GET"]}}],"collection":[{"href":"https:\/\/www.pressenza.com\/es\/wp-json\/wp\/v2\/posts"}],"about":[{"href":"https:\/\/www.pressenza.com\/es\/wp-json\/wp\/v2\/types\/post"}],"author":[{"embeddable":true,"href":"https:\/\/www.pressenza.com\/es\/wp-json\/wp\/v2\/users\/20"}],"replies":[{"embeddable":true,"href":"https:\/\/www.pressenza.com\/es\/wp-json\/wp\/v2\/comments?post=21075"}],"version-history":[{"count":0,"href":"https:\/\/www.pressenza.com\/es\/wp-json\/wp\/v2\/posts\/21075\/revisions"}],"wp:featuredmedia":[{"embeddable":true,"href":"https:\/\/www.pressenza.com\/es\/wp-json\/wp\/v2\/media\/18780"}],"wp:attachment":[{"href":"https:\/\/www.pressenza.com\/es\/wp-json\/wp\/v2\/media?parent=21075"}],"wp:term":[{"taxonomy":"category","embeddable":true,"href":"https:\/\/www.pressenza.com\/es\/wp-json\/wp\/v2\/categories?post=21075"},{"taxonomy":"post_tag","embeddable":true,"href":"https:\/\/www.pressenza.com\/es\/wp-json\/wp\/v2\/tags?post=21075"}],"curies":[{"name":"wp","href":"https:\/\/api.w.org\/{rel}","templated":true}]}}