{"id":210368,"date":"2015-08-13T11:52:27","date_gmt":"2015-08-13T10:52:27","guid":{"rendered":"http:\/\/www.pressenza.com\/?p=210368"},"modified":"2015-08-13T11:52:27","modified_gmt":"2015-08-13T10:52:27","slug":"agosto-13-es-el-dia-del-sobregiro-ecologico-de-la-tierra","status":"publish","type":"post","link":"https:\/\/www.pressenza.com\/es\/2015\/08\/agosto-13-es-el-dia-del-sobregiro-ecologico-de-la-tierra\/","title":{"rendered":"Agosto 13 es el d\u00eda del sobregiro ecol\u00f3gico de la Tierra"},"content":{"rendered":"<p><em><strong>Las emisiones de carb\u00f3n contin\u00faan empujando la huella ecol\u00f3gica por encima del presupuesto<br \/>\nanual del planeta<\/strong><\/em><\/p>\n<p>&nbsp;<\/p>\n<p>(OAKLAND,CA, EE.UU.) \u2014 Agosto 13, 2015 \u2014 En menos de ocho meses, la humanidad ha agotado el presupuesto natural de la Tierra para el a\u00f1o entero, siendo el secuestro de carbono el que representa m\u00e1s de la mitad de la demanda sobre la naturaleza, de acuerdo a datos de Global Footprint Network, una organizaci\u00f3n de expertos en sostenibilidad con oficinas en Norte Am\u00e9rica, Europa y Asia.<\/p>\n<p>Global Footprint Network mide la demanda de los recursos del planeta (Huella ecol\u00f3gica) y la compara con la habilidad de la naturaleza para proveer dicha demanda (Bio-capacidad). El d\u00eda del Sobregiro Ecol\u00f3gico marca la fecha en que la demanda de recursos excede la capacidad del planeta para regenerase en ese determinado a\u00f1o. Esta fecha se ha movido durante los \u00faltimos a\u00f1os, al pasar de principios de Octubre en el 2000 a Agosto 13 en el 2015.<\/p>\n<p>El costo de este exceso de gasto se est\u00e1 haciendo cada d\u00eda m\u00e1s evidente, por medio de la deforestaci\u00f3n, las sequias, escases de agua fresca, la erosi\u00f3n del suelo, la p\u00e9rdida de biodiversidad, y la acumulaci\u00f3n de di\u00f3xido de carbono en la atmosfera. Esta \u00faltima aumentara significativamente los niveles presentes, si los modelos clim\u00e1ticos actuales son correctos. En consecuencia, los tomadores de decisiones en el gobierno que tengan en cuenta estas mayores restricciones, van a tener m\u00e1s oportunidades a largo plazo de colocar el desempe\u00f1o econ\u00f3mico de sus naciones en la trayectoria adecuada.<\/p>\n<p>\u201cLa huella de carbono de la humanidad se ha duplicado entre 1961 y 1973, que fue cuando el planeta entro en el estado de sobregiro ecol\u00f3gico. Sigue siendo el componente de m\u00e1s r\u00e1pido crecimiento de la cada vez mayor brecha entre huella ecol\u00f3gica y la bio-capacidad planetaria\u201d afirma Mathis Wackernagel, presidente de of Global Footprint Network y coautor de la metodolog\u00eda de contabilidad de recursos de la Huella Ecologica. \u201c El acuerdo global para eliminar gradualmente los combustibles f\u00f3siles que se est\u00e1 discutiendo en todo el mundo antes de la Cumbre del Clima en Par\u00eds, ayudar\u00eda significativamente a frenar la el crecimiento constante de la Huella Ecol\u00f3gica y, eventualmente, a reducirla\u00bb.<\/p>\n<p>La huella de carbono est\u00e1 inextricablemente ligada a los otros componentes de la Huella Ecol\u00f3gica &#8211; tierras de cultivo, pastizales, bosques y tierra productiva sobre la que fueron construidos edificios y carreteras. Todas estas demandas compiten por el espacio. A medida que la demanda por alimentos y madera aumenta, menos \u00e1reas productivas est\u00e1n disponibles para absorber el carbono de combustibles f\u00f3siles. Esto significa que las emisiones de carbono se acumulan en la atm\u00f3sfera en lugar de ser absorbidas.<\/p>\n<p>&nbsp;<\/p>\n<p><strong>Una Segunda Oportunidad<\/strong><\/p>\n<p>El acuerdo clim\u00e1tico previsto en la Conferencia de las Naciones Unidas del COP 21, en diciembre, se centrar\u00e1 en mantener el calentamiento global dentro del rango de 2 grados celcius, sobre los niveles anteriores a la revoluci\u00f3n industrial. Esta meta compartida requiere que las diferentes naciones implementen pol\u00edticas para eliminar completamente los combustibles f\u00f3siles en el 2070, de acuerdo con las recomendaciones del Grupo Intergubernamental de Expertos de las Naciones Unidas sobre el &lt;&lt;Intergovernmental Panel on Climate Change&gt;&gt; (IPCC). Lo anterior, tendr\u00eda un impacto directo en las huellas ecol\u00f3gicas de los paises.<\/p>\n<p>Suponiendo que las emisiones globales de carbono se reducen en al menos un 30 por ciento por debajo de los niveles actuales para el a\u00f1o 2030, en concordancia con el escenario sugerido por el IPCC, el D\u00eda Mundial del Sobregiro ecol\u00f3gico podr\u00eda ser trasladado de nuevo en el calendario al d\u00eda 16 de septiembre del 2030 (suponiendo que el resto de la Huella continuar\u00eda expandi\u00e9ndose al ritmo actual), de acuerdo al Global Footprint Network.<\/p>\n<p>Esto no es imposible. De hecho, Dinamarca ha reducido sus emisiones en las \u00faltimas dos d\u00e9cadas a este ritmo: Desde la d\u00e9cada de 1990, redujo sus emisiones de carbono en un 33 por ciento. Si el mundo hubiera hecho lo mismo (aunque no cambiara el resto de la Huella Ecologica), el D\u00eda Mundial del Sobregiro ecol\u00f3gico ser\u00eda el 3 de octubre de este a\u00f1o.<\/p>\n<p>Esto no quiere decir que Dinamarca ya ha alcanzado una huella ecol\u00f3gica sostenible. La humanidad necesitar\u00eda los recursos de 2,85 planetas si todos vivieran como los daneses, lo cual mover\u00eda el D\u00eda Mundial del Sobregiro ecol\u00f3gico al 8 de mayo.<\/p>\n<p><a href=\"http:\/\/www.pressenza.com\/wp-content\/uploads\/2015\/08\/sobregiro---cologico.jpg\"><img loading=\"lazy\" decoding=\"async\" class=\"aligncenter size-full wp-image-210371\" src=\"http:\/\/www.pressenza.com\/wp-content\/uploads\/2015\/08\/sobregiro---cologico.jpg\" alt=\"sobregiro \u00e9cologico earth overshoot day\" width=\"736\" height=\"536\" srcset=\"https:\/\/www.pressenza.com\/wp-content\/uploads\/2015\/08\/sobregiro---cologico.jpg 736w, https:\/\/www.pressenza.com\/wp-content\/uploads\/2015\/08\/sobregiro---cologico-300x218.jpg 300w, https:\/\/www.pressenza.com\/wp-content\/uploads\/2015\/08\/sobregiro---cologico-720x524.jpg 720w\" sizes=\"auto, (max-width: 736px) 100vw, 736px\" \/><\/a><\/p>\n<p><strong>Modelo de Negocios tradicional<\/strong><\/p>\n<p>En contraste, continuar con el modelo tradicional significar\u00eda usar los recursos equivalentes a dos planetas en el 2030, con el D\u00eda Mundial del Sobregiro ecol\u00f3gico desplaz\u00e1ndose en el calendario hasta finales de Junio.<\/p>\n<p>Esta proyecci\u00f3n supone que las tendencias de biocapacidad, crecimiento y de consumo de la poblaci\u00f3n permanecen en sus trayectorias actuales. Sin embargo, no est\u00e1 claro si un nivel sostenido de uso excesivo es posible sin da\u00f1ar significativamente la biocapacidad a largo plazo, con los consiguientes impactos sobre el consumo y el crecimiento de la poblaci\u00f3n.<\/p>\n<p>&nbsp;<\/p>\n<p><a href=\"http:\/\/www.pressenza.com\/wp-content\/uploads\/2015\/08\/EOD15_How_many_countries_final_large-testi-in-inglese.jpg\"><img loading=\"lazy\" decoding=\"async\" class=\"aligncenter wp-image-210206 size-large\" src=\"http:\/\/www.pressenza.com\/wp-content\/uploads\/2015\/08\/EOD15_How_many_countries_final_large-testi-in-inglese-555x1024.jpg\" alt=\"Earth Overshoot Day 2015\" width=\"555\" height=\"1024\" srcset=\"https:\/\/www.pressenza.com\/wp-content\/uploads\/2015\/08\/EOD15_How_many_countries_final_large-testi-in-inglese-555x1024.jpg 555w, https:\/\/www.pressenza.com\/wp-content\/uploads\/2015\/08\/EOD15_How_many_countries_final_large-testi-in-inglese-163x300.jpg 163w, https:\/\/www.pressenza.com\/wp-content\/uploads\/2015\/08\/EOD15_How_many_countries_final_large-testi-in-inglese.jpg 1166w\" sizes=\"auto, (max-width: 555px) 100vw, 555px\" \/><\/a><\/p>\n<p><strong>Punto De Inflexi\u00f3n<\/strong><\/p>\n<p>\u201cNos sentimos alentados por los recientes acontecimientos en la vanguardia de las energ\u00edas renovables, las cuales se han acelerado en todo el mundo, y por el aumento de la conciencia de la industria financiera la cual acredita que una econom\u00eda baja en carbono es el camino del futuro\u00bb afirma Wackernagel. \u201cNo podemos hacer suficiente hincapi\u00e9 en la importancia vital de la reducci\u00f3n de la huella de carbono, y en como los pa\u00edses deben comprometerse a esto en Par\u00eds.<\/p>\n<p>No s\u00f3lo es un beneficio para el mundo, si no que cada vez m\u00e1s, es una necesidad fundamental para las econom\u00edas de cada naci\u00f3n. Todos sabemos que el clima depende de estos cambios, sin embargo, esa no es toda la historia: La sostenibilidad requiere que todo el mundo viva bien, dentro de los medios limitados del planeta. Y esto s\u00f3lo se puede lograr manteniendo nuestra huella ecol\u00f3gica dentro del presupuesto de los recursos de la Tierra\u00bb.<\/p>\n<p><strong>\u00a0<\/strong><\/p>\n<p><strong>Recursos Adicionales:<\/strong><\/p>\n<p>M\u00e1s sobre el D\u00eda Mundial del Sobregiro ecol\u00f3gico: <a href=\"http:\/\/www.overshootday.org\/\" target=\"_blank\">www.overshootday.org<\/a><\/p>\n<p>S\u00edguenos en las redes sociales: <strong>#overshoot<\/strong><\/p>\n<p>Para calcular su propia huella ecol\u00f3gica y aprender lo que puede hacer para reducirla, vaya a:<\/p>\n<p><a href=\"http:\/\/www.footprintnetwork.org\/calculator\" target=\"_blank\">http:\/\/www.footprintnetwork.org\/calculator<\/a><\/p>\n<p>Paquete gratuito de Datos P\u00fablicos (Datos de Huella Ecol\u00f3gica sobre 182 pa\u00edses):<\/p>\n<p><a href=\"http:\/\/www.footprintnetwork.org\/public2015\" target=\"_blank\">www.footprintnetwork.org\/public2015<\/a><\/p>\n<p>&nbsp;<\/p>\n<p><strong>Acerca de Global Footprint Network:<\/strong><\/p>\n<p>Global Footprint Network es un grupo de expertos internacional que trabaja para conducir informando, decisiones pol\u00edticas sostenibles en un mundo de recursos limitados. Junto con sus socios, Global Footprint Network coordina la investigaci\u00f3n, desarrolla est\u00e1ndares metodol\u00f3gicos, y brinda a los tomadores de decisiones un abanico de herramientas para ayudar a la econom\u00eda humana operar dentro de los l\u00edmites ecol\u00f3gicos de la Tierra.<\/p>\n<p><a href=\"http:\/\/www.footprintnetwork.org\/\" target=\"_blank\">www.footprintnetwork.org<\/a><\/p>\n","protected":false},"excerpt":{"rendered":"<p>Las emisiones de carb\u00f3n contin\u00faan empujando la huella ecol\u00f3gica por encima del presupuesto anual del planeta &nbsp; (OAKLAND,CA, EE.UU.) \u2014 Agosto 13, 2015 \u2014 En menos de ocho meses, la humanidad ha agotado el presupuesto natural de la Tierra para&hellip;<\/p>\n","protected":false},"author":19,"featured_media":210194,"comment_status":"closed","ping_status":"open","sticky":false,"template":"","format":"standard","meta":{"footnotes":""},"categories":[149,78,39],"tags":[19145,19143,11925,3575,19144,407,381,19142],"class_list":["post-210368","post","type-post","status-publish","format-standard","has-post-thumbnail","hentry","category-comunicados-de-prensa","category-medio-ambiente-ecologia","category-internacional","tag-cop-21","tag-dia-del-sobregiro-ecologico","tag-earth-overshoot-day","tag-energia-renovable","tag-huella-ecologica","tag-medio-ambiente","tag-recursos-naturales","tag-sobregiro-ecologico"],"yoast_head":"<!-- This site is optimized with the Yoast SEO plugin v27.1.1 - https:\/\/yoast.com\/product\/yoast-seo-wordpress\/ -->\n<title>Agosto 13 es el d\u00eda del sobregiro ecol\u00f3gico de la Tierra<\/title>\n<meta name=\"description\" content=\"Las emisiones de carb\u00f3n contin\u00faan empujando la huella ecol\u00f3gica por encima del presupuesto anual del planeta &nbsp; (OAKLAND,CA, EE.UU.) \u2014 Agosto 13, 2015\" \/>\n<meta name=\"robots\" content=\"index, follow, max-snippet:-1, max-image-preview:large, max-video-preview:-1\" \/>\n<link rel=\"canonical\" href=\"https:\/\/www.pressenza.com\/es\/2015\/08\/agosto-13-es-el-dia-del-sobregiro-ecologico-de-la-tierra\/\" \/>\n<meta property=\"og:locale\" content=\"es_ES\" \/>\n<meta property=\"og:type\" content=\"article\" \/>\n<meta property=\"og:title\" content=\"Agosto 13 es el d\u00eda del sobregiro ecol\u00f3gico de la Tierra\" \/>\n<meta property=\"og:description\" content=\"Las emisiones de carb\u00f3n contin\u00faan empujando la huella ecol\u00f3gica por encima del presupuesto anual del planeta &nbsp; (OAKLAND,CA, EE.UU.) \u2014 Agosto 13, 2015\" \/>\n<meta property=\"og:url\" content=\"https:\/\/www.pressenza.com\/es\/2015\/08\/agosto-13-es-el-dia-del-sobregiro-ecologico-de-la-tierra\/\" \/>\n<meta property=\"og:site_name\" content=\"Pressenza\" \/>\n<meta property=\"article:publisher\" content=\"https:\/\/www.facebook.com\/PressenzaItalia\" \/>\n<meta property=\"article:author\" content=\"https:\/\/www.facebook.com\/pressenza\" \/>\n<meta property=\"article:published_time\" content=\"2015-08-13T10:52:27+00:00\" \/>\n<meta property=\"og:image\" content=\"https:\/\/www.pressenza.com\/wp-content\/uploads\/2015\/08\/GFN_EOD_2015_Logo.jpg\" \/>\n\t<meta property=\"og:image:width\" content=\"550\" \/>\n\t<meta property=\"og:image:height\" content=\"440\" \/>\n\t<meta property=\"og:image:type\" content=\"image\/jpeg\" \/>\n<meta name=\"author\" content=\"Pressenza IPA\" \/>\n<meta name=\"twitter:card\" content=\"summary_large_image\" \/>\n<meta name=\"twitter:creator\" content=\"@PressenzaIPA\" \/>\n<meta name=\"twitter:site\" content=\"@PressenzaIPA\" \/>\n<meta name=\"twitter:label1\" content=\"Escrito por\" \/>\n\t<meta name=\"twitter:data1\" content=\"Pressenza IPA\" \/>\n\t<meta name=\"twitter:label2\" content=\"Tiempo de lectura\" \/>\n\t<meta name=\"twitter:data2\" content=\"6 minutos\" \/>\n<script type=\"application\/ld+json\" class=\"yoast-schema-graph\">{\"@context\":\"https:\/\/schema.org\",\"@graph\":[{\"@type\":\"Article\",\"@id\":\"https:\/\/www.pressenza.com\/es\/2015\/08\/agosto-13-es-el-dia-del-sobregiro-ecologico-de-la-tierra\/#article\",\"isPartOf\":{\"@id\":\"https:\/\/www.pressenza.com\/es\/2015\/08\/agosto-13-es-el-dia-del-sobregiro-ecologico-de-la-tierra\/\"},\"author\":{\"name\":\"Pressenza IPA\",\"@id\":\"https:\/\/www.pressenza.com\/es\/#\/schema\/person\/010e5d02bcf40965427a1289a4cc8d75\"},\"headline\":\"Agosto 13 es el d\u00eda del sobregiro ecol\u00f3gico de la Tierra\",\"datePublished\":\"2015-08-13T10:52:27+00:00\",\"mainEntityOfPage\":{\"@id\":\"https:\/\/www.pressenza.com\/es\/2015\/08\/agosto-13-es-el-dia-del-sobregiro-ecologico-de-la-tierra\/\"},\"wordCount\":1181,\"publisher\":{\"@id\":\"https:\/\/www.pressenza.com\/es\/#organization\"},\"image\":{\"@id\":\"https:\/\/www.pressenza.com\/es\/2015\/08\/agosto-13-es-el-dia-del-sobregiro-ecologico-de-la-tierra\/#primaryimage\"},\"thumbnailUrl\":\"https:\/\/www.pressenza.com\/wp-content\/uploads\/2015\/08\/GFN_EOD_2015_Logo.jpg\",\"keywords\":[\"COP 21\",\"Dia del Sobregiro Ecologico\",\"Earth Overshoot Day\",\"Energ\u00eda renovable\",\"huella \u00e9cologica\",\"medio ambiente\",\"Recursos naturales\",\"sobregiro \u00e9cologico\"],\"articleSection\":[\"Comunicados de Prensa\",\"Ecolog\u00eda y Medio Ambiente\",\"Internacional\"],\"inLanguage\":\"es\"},{\"@type\":\"WebPage\",\"@id\":\"https:\/\/www.pressenza.com\/es\/2015\/08\/agosto-13-es-el-dia-del-sobregiro-ecologico-de-la-tierra\/\",\"url\":\"https:\/\/www.pressenza.com\/es\/2015\/08\/agosto-13-es-el-dia-del-sobregiro-ecologico-de-la-tierra\/\",\"name\":\"Agosto 13 es el d\u00eda del sobregiro ecol\u00f3gico de la Tierra\",\"isPartOf\":{\"@id\":\"https:\/\/www.pressenza.com\/es\/#website\"},\"primaryImageOfPage\":{\"@id\":\"https:\/\/www.pressenza.com\/es\/2015\/08\/agosto-13-es-el-dia-del-sobregiro-ecologico-de-la-tierra\/#primaryimage\"},\"image\":{\"@id\":\"https:\/\/www.pressenza.com\/es\/2015\/08\/agosto-13-es-el-dia-del-sobregiro-ecologico-de-la-tierra\/#primaryimage\"},\"thumbnailUrl\":\"https:\/\/www.pressenza.com\/wp-content\/uploads\/2015\/08\/GFN_EOD_2015_Logo.jpg\",\"datePublished\":\"2015-08-13T10:52:27+00:00\",\"description\":\"Las emisiones de carb\u00f3n contin\u00faan empujando la huella ecol\u00f3gica por encima del presupuesto anual del planeta &nbsp; (OAKLAND,CA, EE.UU.) \u2014 Agosto 13, 2015\",\"breadcrumb\":{\"@id\":\"https:\/\/www.pressenza.com\/es\/2015\/08\/agosto-13-es-el-dia-del-sobregiro-ecologico-de-la-tierra\/#breadcrumb\"},\"inLanguage\":\"es\",\"potentialAction\":[{\"@type\":\"ReadAction\",\"target\":[\"https:\/\/www.pressenza.com\/es\/2015\/08\/agosto-13-es-el-dia-del-sobregiro-ecologico-de-la-tierra\/\"]}]},{\"@type\":\"ImageObject\",\"inLanguage\":\"es\",\"@id\":\"https:\/\/www.pressenza.com\/es\/2015\/08\/agosto-13-es-el-dia-del-sobregiro-ecologico-de-la-tierra\/#primaryimage\",\"url\":\"https:\/\/www.pressenza.com\/wp-content\/uploads\/2015\/08\/GFN_EOD_2015_Logo.jpg\",\"contentUrl\":\"https:\/\/www.pressenza.com\/wp-content\/uploads\/2015\/08\/GFN_EOD_2015_Logo.jpg\",\"width\":550,\"height\":440},{\"@type\":\"BreadcrumbList\",\"@id\":\"https:\/\/www.pressenza.com\/es\/2015\/08\/agosto-13-es-el-dia-del-sobregiro-ecologico-de-la-tierra\/#breadcrumb\",\"itemListElement\":[{\"@type\":\"ListItem\",\"position\":1,\"name\":\"Accueil\",\"item\":\"https:\/\/www.pressenza.com\/es\/\"},{\"@type\":\"ListItem\",\"position\":2,\"name\":\"Agosto 13 es el d\u00eda del sobregiro ecol\u00f3gico de la Tierra\"}]},{\"@type\":\"WebSite\",\"@id\":\"https:\/\/www.pressenza.com\/es\/#website\",\"url\":\"https:\/\/www.pressenza.com\/es\/\",\"name\":\"Pressenza\",\"description\":\"International Press Agency\",\"publisher\":{\"@id\":\"https:\/\/www.pressenza.com\/es\/#organization\"},\"potentialAction\":[{\"@type\":\"SearchAction\",\"target\":{\"@type\":\"EntryPoint\",\"urlTemplate\":\"https:\/\/www.pressenza.com\/es\/?s={search_term_string}\"},\"query-input\":{\"@type\":\"PropertyValueSpecification\",\"valueRequired\":true,\"valueName\":\"search_term_string\"}}],\"inLanguage\":\"es\"},{\"@type\":\"Organization\",\"@id\":\"https:\/\/www.pressenza.com\/es\/#organization\",\"name\":\"Pressenza\",\"url\":\"https:\/\/www.pressenza.com\/es\/\",\"logo\":{\"@type\":\"ImageObject\",\"inLanguage\":\"es\",\"@id\":\"https:\/\/www.pressenza.com\/es\/#\/schema\/logo\/image\/\",\"url\":\"https:\/\/www.pressenza.com\/wp-content\/uploads\/2022\/10\/pressenza_logo_200x200.jpg\",\"contentUrl\":\"https:\/\/www.pressenza.com\/wp-content\/uploads\/2022\/10\/pressenza_logo_200x200.jpg\",\"width\":200,\"height\":200,\"caption\":\"Pressenza\"},\"image\":{\"@id\":\"https:\/\/www.pressenza.com\/es\/#\/schema\/logo\/image\/\"},\"sameAs\":[\"https:\/\/www.facebook.com\/PressenzaItalia\",\"https:\/\/x.com\/PressenzaIPA\"]},{\"@type\":\"Person\",\"@id\":\"https:\/\/www.pressenza.com\/es\/#\/schema\/person\/010e5d02bcf40965427a1289a4cc8d75\",\"name\":\"Pressenza IPA\",\"description\":\"News from Pressenza IPA correspondents\",\"sameAs\":[\"https:\/\/www.facebook.com\/pressenza\",\"https:\/\/x.com\/PressenzaIPA\"],\"url\":\"https:\/\/www.pressenza.com\/es\/author\/pressenza-ipa\/\"}]}<\/script>\n<!-- \/ Yoast SEO plugin. -->","yoast_head_json":{"title":"Agosto 13 es el d\u00eda del sobregiro ecol\u00f3gico de la Tierra","description":"Las emisiones de carb\u00f3n contin\u00faan empujando la huella ecol\u00f3gica por encima del presupuesto anual del planeta &nbsp; (OAKLAND,CA, EE.UU.) \u2014 Agosto 13, 2015","robots":{"index":"index","follow":"follow","max-snippet":"max-snippet:-1","max-image-preview":"max-image-preview:large","max-video-preview":"max-video-preview:-1"},"canonical":"https:\/\/www.pressenza.com\/es\/2015\/08\/agosto-13-es-el-dia-del-sobregiro-ecologico-de-la-tierra\/","og_locale":"es_ES","og_type":"article","og_title":"Agosto 13 es el d\u00eda del sobregiro ecol\u00f3gico de la Tierra","og_description":"Las emisiones de carb\u00f3n contin\u00faan empujando la huella ecol\u00f3gica por encima del presupuesto anual del planeta &nbsp; (OAKLAND,CA, EE.UU.) \u2014 Agosto 13, 2015","og_url":"https:\/\/www.pressenza.com\/es\/2015\/08\/agosto-13-es-el-dia-del-sobregiro-ecologico-de-la-tierra\/","og_site_name":"Pressenza","article_publisher":"https:\/\/www.facebook.com\/PressenzaItalia","article_author":"https:\/\/www.facebook.com\/pressenza","article_published_time":"2015-08-13T10:52:27+00:00","og_image":[{"width":550,"height":440,"url":"https:\/\/www.pressenza.com\/wp-content\/uploads\/2015\/08\/GFN_EOD_2015_Logo.jpg","type":"image\/jpeg"}],"author":"Pressenza IPA","twitter_card":"summary_large_image","twitter_creator":"@PressenzaIPA","twitter_site":"@PressenzaIPA","twitter_misc":{"Escrito por":"Pressenza IPA","Tiempo de lectura":"6 minutos"},"schema":{"@context":"https:\/\/schema.org","@graph":[{"@type":"Article","@id":"https:\/\/www.pressenza.com\/es\/2015\/08\/agosto-13-es-el-dia-del-sobregiro-ecologico-de-la-tierra\/#article","isPartOf":{"@id":"https:\/\/www.pressenza.com\/es\/2015\/08\/agosto-13-es-el-dia-del-sobregiro-ecologico-de-la-tierra\/"},"author":{"name":"Pressenza IPA","@id":"https:\/\/www.pressenza.com\/es\/#\/schema\/person\/010e5d02bcf40965427a1289a4cc8d75"},"headline":"Agosto 13 es el d\u00eda del sobregiro ecol\u00f3gico de la Tierra","datePublished":"2015-08-13T10:52:27+00:00","mainEntityOfPage":{"@id":"https:\/\/www.pressenza.com\/es\/2015\/08\/agosto-13-es-el-dia-del-sobregiro-ecologico-de-la-tierra\/"},"wordCount":1181,"publisher":{"@id":"https:\/\/www.pressenza.com\/es\/#organization"},"image":{"@id":"https:\/\/www.pressenza.com\/es\/2015\/08\/agosto-13-es-el-dia-del-sobregiro-ecologico-de-la-tierra\/#primaryimage"},"thumbnailUrl":"https:\/\/www.pressenza.com\/wp-content\/uploads\/2015\/08\/GFN_EOD_2015_Logo.jpg","keywords":["COP 21","Dia del Sobregiro Ecologico","Earth Overshoot Day","Energ\u00eda renovable","huella \u00e9cologica","medio ambiente","Recursos naturales","sobregiro \u00e9cologico"],"articleSection":["Comunicados de Prensa","Ecolog\u00eda y Medio Ambiente","Internacional"],"inLanguage":"es"},{"@type":"WebPage","@id":"https:\/\/www.pressenza.com\/es\/2015\/08\/agosto-13-es-el-dia-del-sobregiro-ecologico-de-la-tierra\/","url":"https:\/\/www.pressenza.com\/es\/2015\/08\/agosto-13-es-el-dia-del-sobregiro-ecologico-de-la-tierra\/","name":"Agosto 13 es el d\u00eda del sobregiro ecol\u00f3gico de la Tierra","isPartOf":{"@id":"https:\/\/www.pressenza.com\/es\/#website"},"primaryImageOfPage":{"@id":"https:\/\/www.pressenza.com\/es\/2015\/08\/agosto-13-es-el-dia-del-sobregiro-ecologico-de-la-tierra\/#primaryimage"},"image":{"@id":"https:\/\/www.pressenza.com\/es\/2015\/08\/agosto-13-es-el-dia-del-sobregiro-ecologico-de-la-tierra\/#primaryimage"},"thumbnailUrl":"https:\/\/www.pressenza.com\/wp-content\/uploads\/2015\/08\/GFN_EOD_2015_Logo.jpg","datePublished":"2015-08-13T10:52:27+00:00","description":"Las emisiones de carb\u00f3n contin\u00faan empujando la huella ecol\u00f3gica por encima del presupuesto anual del planeta &nbsp; (OAKLAND,CA, EE.UU.) \u2014 Agosto 13, 2015","breadcrumb":{"@id":"https:\/\/www.pressenza.com\/es\/2015\/08\/agosto-13-es-el-dia-del-sobregiro-ecologico-de-la-tierra\/#breadcrumb"},"inLanguage":"es","potentialAction":[{"@type":"ReadAction","target":["https:\/\/www.pressenza.com\/es\/2015\/08\/agosto-13-es-el-dia-del-sobregiro-ecologico-de-la-tierra\/"]}]},{"@type":"ImageObject","inLanguage":"es","@id":"https:\/\/www.pressenza.com\/es\/2015\/08\/agosto-13-es-el-dia-del-sobregiro-ecologico-de-la-tierra\/#primaryimage","url":"https:\/\/www.pressenza.com\/wp-content\/uploads\/2015\/08\/GFN_EOD_2015_Logo.jpg","contentUrl":"https:\/\/www.pressenza.com\/wp-content\/uploads\/2015\/08\/GFN_EOD_2015_Logo.jpg","width":550,"height":440},{"@type":"BreadcrumbList","@id":"https:\/\/www.pressenza.com\/es\/2015\/08\/agosto-13-es-el-dia-del-sobregiro-ecologico-de-la-tierra\/#breadcrumb","itemListElement":[{"@type":"ListItem","position":1,"name":"Accueil","item":"https:\/\/www.pressenza.com\/es\/"},{"@type":"ListItem","position":2,"name":"Agosto 13 es el d\u00eda del sobregiro ecol\u00f3gico de la Tierra"}]},{"@type":"WebSite","@id":"https:\/\/www.pressenza.com\/es\/#website","url":"https:\/\/www.pressenza.com\/es\/","name":"Pressenza","description":"International Press Agency","publisher":{"@id":"https:\/\/www.pressenza.com\/es\/#organization"},"potentialAction":[{"@type":"SearchAction","target":{"@type":"EntryPoint","urlTemplate":"https:\/\/www.pressenza.com\/es\/?s={search_term_string}"},"query-input":{"@type":"PropertyValueSpecification","valueRequired":true,"valueName":"search_term_string"}}],"inLanguage":"es"},{"@type":"Organization","@id":"https:\/\/www.pressenza.com\/es\/#organization","name":"Pressenza","url":"https:\/\/www.pressenza.com\/es\/","logo":{"@type":"ImageObject","inLanguage":"es","@id":"https:\/\/www.pressenza.com\/es\/#\/schema\/logo\/image\/","url":"https:\/\/www.pressenza.com\/wp-content\/uploads\/2022\/10\/pressenza_logo_200x200.jpg","contentUrl":"https:\/\/www.pressenza.com\/wp-content\/uploads\/2022\/10\/pressenza_logo_200x200.jpg","width":200,"height":200,"caption":"Pressenza"},"image":{"@id":"https:\/\/www.pressenza.com\/es\/#\/schema\/logo\/image\/"},"sameAs":["https:\/\/www.facebook.com\/PressenzaItalia","https:\/\/x.com\/PressenzaIPA"]},{"@type":"Person","@id":"https:\/\/www.pressenza.com\/es\/#\/schema\/person\/010e5d02bcf40965427a1289a4cc8d75","name":"Pressenza IPA","description":"News from Pressenza IPA correspondents","sameAs":["https:\/\/www.facebook.com\/pressenza","https:\/\/x.com\/PressenzaIPA"],"url":"https:\/\/www.pressenza.com\/es\/author\/pressenza-ipa\/"}]}},"place":"","original_article_url":"","_links":{"self":[{"href":"https:\/\/www.pressenza.com\/es\/wp-json\/wp\/v2\/posts\/210368","targetHints":{"allow":["GET"]}}],"collection":[{"href":"https:\/\/www.pressenza.com\/es\/wp-json\/wp\/v2\/posts"}],"about":[{"href":"https:\/\/www.pressenza.com\/es\/wp-json\/wp\/v2\/types\/post"}],"author":[{"embeddable":true,"href":"https:\/\/www.pressenza.com\/es\/wp-json\/wp\/v2\/users\/19"}],"replies":[{"embeddable":true,"href":"https:\/\/www.pressenza.com\/es\/wp-json\/wp\/v2\/comments?post=210368"}],"version-history":[{"count":0,"href":"https:\/\/www.pressenza.com\/es\/wp-json\/wp\/v2\/posts\/210368\/revisions"}],"wp:featuredmedia":[{"embeddable":true,"href":"https:\/\/www.pressenza.com\/es\/wp-json\/wp\/v2\/media\/210194"}],"wp:attachment":[{"href":"https:\/\/www.pressenza.com\/es\/wp-json\/wp\/v2\/media?parent=210368"}],"wp:term":[{"taxonomy":"category","embeddable":true,"href":"https:\/\/www.pressenza.com\/es\/wp-json\/wp\/v2\/categories?post=210368"},{"taxonomy":"post_tag","embeddable":true,"href":"https:\/\/www.pressenza.com\/es\/wp-json\/wp\/v2\/tags?post=210368"}],"curies":[{"name":"wp","href":"https:\/\/api.w.org\/{rel}","templated":true}]}}