{"id":2100,"date":"2009-11-07T00:00:00","date_gmt":"2009-11-07T00:00:00","guid":{"rendered":""},"modified":"2009-11-07T16:10:14","modified_gmt":"2009-11-07T16:10:14","slug":"hay-futuro-para-palestinos-e-israeliesx-hay-futuro-para-todos","status":"publish","type":"post","link":"https:\/\/www.pressenza.com\/es\/2009\/11\/hay-futuro-para-palestinos-e-israeliesx-hay-futuro-para-todos\/","title":{"rendered":"Hay futuro para palestinos e israel\u00edes, hay futuro para todos"},"content":{"rendered":"<p>La paz entre israel\u00edes y palestinos, no es algo que se puede lograr s\u00f3lo entre palestinos e israel\u00edes. Aqu\u00ed se sintetizan  los conflictos entre Occidente y el Islam y por tanto es necesaria la concurrencia de todos para lograr dos estados libres e independientes. <\/p>\n<p>En un mundo interconectado, multicultural en que el ser humano toma conciencia de su universalidad, es posible encontrar respuestas nuevas y creativas y derrumbar los muros que por siglos han impedido el acercamiento y el progreso humano. <\/p>\n<p>Las armas nucleares amenazan a la humanidad, un conflicto entre pueblos puede arrastrarnos a una cat\u00e1strofe mundial. Esto pone urgencia para apoyar a que palestinos e israel\u00edes a construyan una paz verdadera. La violencia no nos da paz ni seguridad, ni es un ejemplo para las generaciones venideras. La paz es una decisi\u00f3n de los pueblos y debe ser  una exigencia a los propios gobiernos para que la construyan. <\/p>\n<p>Hay mujeres y hombres valientes, israel\u00edes y palestinos, que buscan construir la paz a trav\u00e9s de la no violencia y se encuentran en una moral com\u00fan que pone como m\u00e1ximo valor al ser humano. La Marcha Mundial entreg\u00f3 su mensaje a ambos lados de la frontera, y si bien no ha podido derribar el muro que los separa, ha permitido expresar un compromiso de lucha por la Paz a trav\u00e9s de la No Violencia.<\/p>\n<p>Jerusal\u00e9n que pareciera ser la piedra de tope para resolver este problema, podr\u00eda convertirse en la clave de la soluci\u00f3n. Lograr un acuerdo por un nuevo tipo de soberan\u00eda de Jerusal\u00e9n, en cuya reflexi\u00f3n participen distintas interpretaciones del juda\u00edsmo, del islamismo y del cristianismo, as\u00ed como otras creencias o culturas que han arraigado en Occidente, puede convertirse en un efecto demostraci\u00f3n de tolerancia y sentar las bases de un estado palestino libre. Adem\u00e1s podr\u00eda encontrarse all\u00ed el m\u00e9todo para poner la primera piedra de una civilizaci\u00f3n planetaria, cada vez m\u00e1s necesaria para salvaguarda de la humanidad. <\/p>\n","protected":false},"excerpt":{"rendered":"<p>Esta propuesta ser\u00e1 llevada a la Cumbre de los Premios Nobel de la Paz, que se realizar\u00e1 en Berl\u00edn, el 10 y 11 de Noviembre pr\u00f3ximos y se solicitar\u00e1 que sea impulsada desde all\u00ed. La firman Patricia Arriagada y Roberto Kohanoff, a nombre del Equipo de Medio Oriente de la Marcha Mundial por la Paz y la No-Violencia y Giorgio Shultze, Portavoz Humanista Europeo.<\/p>\n","protected":false},"author":19,"featured_media":0,"comment_status":"closed","ping_status":"open","sticky":false,"template":"","format":"standard","meta":{"footnotes":""},"categories":[39,71,161,74],"tags":[],"class_list":["post-2100","post","type-post","status-publish","format-standard","hentry","category-internacional","category-medio-oriente-es","category-opiniones","category-politica-es"],"yoast_head":"<!-- This site is optimized with the Yoast SEO plugin v27.1.1 - https:\/\/yoast.com\/product\/yoast-seo-wordpress\/ -->\n<title>Hay futuro para palestinos e israel\u00edes, hay futuro para todos<\/title>\n<meta name=\"description\" content=\"Esta propuesta ser\u00e1 llevada a la Cumbre de los Premios Nobel de la Paz, que se realizar\u00e1 en Berl\u00edn, el 10 y 11 de Noviembre pr\u00f3ximos y se solicitar\u00e1 que sea impulsada desde all\u00ed. La firman Patricia Arriagada y Roberto Kohanoff, a nombre del Equipo de Medio Oriente de la Marcha Mundial por la Paz y la No-Violencia y Giorgio Shultze, Portavoz Humanista Europeo.\" \/>\n<meta name=\"robots\" content=\"index, follow, max-snippet:-1, max-image-preview:large, max-video-preview:-1\" \/>\n<link rel=\"canonical\" href=\"https:\/\/www.pressenza.com\/es\/2009\/11\/hay-futuro-para-palestinos-e-israeliesx-hay-futuro-para-todos\/\" \/>\n<meta property=\"og:locale\" content=\"es_ES\" \/>\n<meta property=\"og:type\" content=\"article\" \/>\n<meta property=\"og:title\" content=\"Hay futuro para palestinos e israel\u00edes, hay futuro para todos\" \/>\n<meta property=\"og:description\" content=\"Esta propuesta ser\u00e1 llevada a la Cumbre de los Premios Nobel de la Paz, que se realizar\u00e1 en Berl\u00edn, el 10 y 11 de Noviembre pr\u00f3ximos y se solicitar\u00e1 que sea impulsada desde all\u00ed. La firman Patricia Arriagada y Roberto Kohanoff, a nombre del Equipo de Medio Oriente de la Marcha Mundial por la Paz y la No-Violencia y Giorgio Shultze, Portavoz Humanista Europeo.\" \/>\n<meta property=\"og:url\" content=\"https:\/\/www.pressenza.com\/es\/2009\/11\/hay-futuro-para-palestinos-e-israeliesx-hay-futuro-para-todos\/\" \/>\n<meta property=\"og:site_name\" content=\"Pressenza\" \/>\n<meta property=\"article:publisher\" content=\"https:\/\/www.facebook.com\/PressenzaItalia\" \/>\n<meta property=\"article:author\" content=\"https:\/\/www.facebook.com\/pressenza\" \/>\n<meta property=\"article:published_time\" content=\"2009-11-07T00:00:00+00:00\" \/>\n<meta property=\"article:modified_time\" content=\"2009-11-07T16:10:14+00:00\" \/>\n<meta name=\"author\" content=\"Pressenza IPA\" \/>\n<meta name=\"twitter:card\" content=\"summary_large_image\" \/>\n<meta name=\"twitter:creator\" content=\"@PressenzaIPA\" \/>\n<meta name=\"twitter:site\" content=\"@PressenzaIPA\" \/>\n<meta name=\"twitter:label1\" content=\"Escrito por\" \/>\n\t<meta name=\"twitter:data1\" content=\"Pressenza IPA\" \/>\n\t<meta name=\"twitter:label2\" content=\"Tiempo de lectura\" \/>\n\t<meta name=\"twitter:data2\" content=\"2 minutos\" \/>\n<script type=\"application\/ld+json\" class=\"yoast-schema-graph\">{\"@context\":\"https:\/\/schema.org\",\"@graph\":[{\"@type\":\"Article\",\"@id\":\"https:\/\/www.pressenza.com\/es\/2009\/11\/hay-futuro-para-palestinos-e-israeliesx-hay-futuro-para-todos\/#article\",\"isPartOf\":{\"@id\":\"https:\/\/www.pressenza.com\/es\/2009\/11\/hay-futuro-para-palestinos-e-israeliesx-hay-futuro-para-todos\/\"},\"author\":{\"name\":\"Pressenza IPA\",\"@id\":\"https:\/\/www.pressenza.com\/es\/#\/schema\/person\/010e5d02bcf40965427a1289a4cc8d75\"},\"headline\":\"Hay futuro para palestinos e israel\u00edes, hay futuro para todos\",\"datePublished\":\"2009-11-07T00:00:00+00:00\",\"dateModified\":\"2009-11-07T16:10:14+00:00\",\"mainEntityOfPage\":{\"@id\":\"https:\/\/www.pressenza.com\/es\/2009\/11\/hay-futuro-para-palestinos-e-israeliesx-hay-futuro-para-todos\/\"},\"wordCount\":355,\"publisher\":{\"@id\":\"https:\/\/www.pressenza.com\/es\/#organization\"},\"articleSection\":[\"Internacional\",\"Medio Oriente\",\"Opiniones\",\"Pol\u00edtica\"],\"inLanguage\":\"es\"},{\"@type\":\"WebPage\",\"@id\":\"https:\/\/www.pressenza.com\/es\/2009\/11\/hay-futuro-para-palestinos-e-israeliesx-hay-futuro-para-todos\/\",\"url\":\"https:\/\/www.pressenza.com\/es\/2009\/11\/hay-futuro-para-palestinos-e-israeliesx-hay-futuro-para-todos\/\",\"name\":\"Hay futuro para palestinos e israel\u00edes, hay futuro para todos\",\"isPartOf\":{\"@id\":\"https:\/\/www.pressenza.com\/es\/#website\"},\"datePublished\":\"2009-11-07T00:00:00+00:00\",\"dateModified\":\"2009-11-07T16:10:14+00:00\",\"description\":\"Esta propuesta ser\u00e1 llevada a la Cumbre de los Premios Nobel de la Paz, que se realizar\u00e1 en Berl\u00edn, el 10 y 11 de Noviembre pr\u00f3ximos y se solicitar\u00e1 que sea impulsada desde all\u00ed. La firman Patricia Arriagada y Roberto Kohanoff, a nombre del Equipo de Medio Oriente de la Marcha Mundial por la Paz y la No-Violencia y Giorgio Shultze, Portavoz Humanista Europeo.\",\"breadcrumb\":{\"@id\":\"https:\/\/www.pressenza.com\/es\/2009\/11\/hay-futuro-para-palestinos-e-israeliesx-hay-futuro-para-todos\/#breadcrumb\"},\"inLanguage\":\"es\",\"potentialAction\":[{\"@type\":\"ReadAction\",\"target\":[\"https:\/\/www.pressenza.com\/es\/2009\/11\/hay-futuro-para-palestinos-e-israeliesx-hay-futuro-para-todos\/\"]}]},{\"@type\":\"BreadcrumbList\",\"@id\":\"https:\/\/www.pressenza.com\/es\/2009\/11\/hay-futuro-para-palestinos-e-israeliesx-hay-futuro-para-todos\/#breadcrumb\",\"itemListElement\":[{\"@type\":\"ListItem\",\"position\":1,\"name\":\"Accueil\",\"item\":\"https:\/\/www.pressenza.com\/es\/\"},{\"@type\":\"ListItem\",\"position\":2,\"name\":\"Hay futuro para palestinos e israel\u00edes, hay futuro para todos\"}]},{\"@type\":\"WebSite\",\"@id\":\"https:\/\/www.pressenza.com\/es\/#website\",\"url\":\"https:\/\/www.pressenza.com\/es\/\",\"name\":\"Pressenza\",\"description\":\"International Press Agency\",\"publisher\":{\"@id\":\"https:\/\/www.pressenza.com\/es\/#organization\"},\"potentialAction\":[{\"@type\":\"SearchAction\",\"target\":{\"@type\":\"EntryPoint\",\"urlTemplate\":\"https:\/\/www.pressenza.com\/es\/?s={search_term_string}\"},\"query-input\":{\"@type\":\"PropertyValueSpecification\",\"valueRequired\":true,\"valueName\":\"search_term_string\"}}],\"inLanguage\":\"es\"},{\"@type\":\"Organization\",\"@id\":\"https:\/\/www.pressenza.com\/es\/#organization\",\"name\":\"Pressenza\",\"url\":\"https:\/\/www.pressenza.com\/es\/\",\"logo\":{\"@type\":\"ImageObject\",\"inLanguage\":\"es\",\"@id\":\"https:\/\/www.pressenza.com\/es\/#\/schema\/logo\/image\/\",\"url\":\"https:\/\/www.pressenza.com\/wp-content\/uploads\/2022\/10\/pressenza_logo_200x200.jpg\",\"contentUrl\":\"https:\/\/www.pressenza.com\/wp-content\/uploads\/2022\/10\/pressenza_logo_200x200.jpg\",\"width\":200,\"height\":200,\"caption\":\"Pressenza\"},\"image\":{\"@id\":\"https:\/\/www.pressenza.com\/es\/#\/schema\/logo\/image\/\"},\"sameAs\":[\"https:\/\/www.facebook.com\/PressenzaItalia\",\"https:\/\/x.com\/PressenzaIPA\"]},{\"@type\":\"Person\",\"@id\":\"https:\/\/www.pressenza.com\/es\/#\/schema\/person\/010e5d02bcf40965427a1289a4cc8d75\",\"name\":\"Pressenza IPA\",\"description\":\"News from Pressenza IPA correspondents\",\"sameAs\":[\"https:\/\/www.facebook.com\/pressenza\",\"https:\/\/x.com\/PressenzaIPA\"],\"url\":\"https:\/\/www.pressenza.com\/es\/author\/pressenza-ipa\/\"}]}<\/script>\n<!-- \/ Yoast SEO plugin. -->","yoast_head_json":{"title":"Hay futuro para palestinos e israel\u00edes, hay futuro para todos","description":"Esta propuesta ser\u00e1 llevada a la Cumbre de los Premios Nobel de la Paz, que se realizar\u00e1 en Berl\u00edn, el 10 y 11 de Noviembre pr\u00f3ximos y se solicitar\u00e1 que sea impulsada desde all\u00ed. La firman Patricia Arriagada y Roberto Kohanoff, a nombre del Equipo de Medio Oriente de la Marcha Mundial por la Paz y la No-Violencia y Giorgio Shultze, Portavoz Humanista Europeo.","robots":{"index":"index","follow":"follow","max-snippet":"max-snippet:-1","max-image-preview":"max-image-preview:large","max-video-preview":"max-video-preview:-1"},"canonical":"https:\/\/www.pressenza.com\/es\/2009\/11\/hay-futuro-para-palestinos-e-israeliesx-hay-futuro-para-todos\/","og_locale":"es_ES","og_type":"article","og_title":"Hay futuro para palestinos e israel\u00edes, hay futuro para todos","og_description":"Esta propuesta ser\u00e1 llevada a la Cumbre de los Premios Nobel de la Paz, que se realizar\u00e1 en Berl\u00edn, el 10 y 11 de Noviembre pr\u00f3ximos y se solicitar\u00e1 que sea impulsada desde all\u00ed. La firman Patricia Arriagada y Roberto Kohanoff, a nombre del Equipo de Medio Oriente de la Marcha Mundial por la Paz y la No-Violencia y Giorgio Shultze, Portavoz Humanista Europeo.","og_url":"https:\/\/www.pressenza.com\/es\/2009\/11\/hay-futuro-para-palestinos-e-israeliesx-hay-futuro-para-todos\/","og_site_name":"Pressenza","article_publisher":"https:\/\/www.facebook.com\/PressenzaItalia","article_author":"https:\/\/www.facebook.com\/pressenza","article_published_time":"2009-11-07T00:00:00+00:00","article_modified_time":"2009-11-07T16:10:14+00:00","author":"Pressenza IPA","twitter_card":"summary_large_image","twitter_creator":"@PressenzaIPA","twitter_site":"@PressenzaIPA","twitter_misc":{"Escrito por":"Pressenza IPA","Tiempo de lectura":"2 minutos"},"schema":{"@context":"https:\/\/schema.org","@graph":[{"@type":"Article","@id":"https:\/\/www.pressenza.com\/es\/2009\/11\/hay-futuro-para-palestinos-e-israeliesx-hay-futuro-para-todos\/#article","isPartOf":{"@id":"https:\/\/www.pressenza.com\/es\/2009\/11\/hay-futuro-para-palestinos-e-israeliesx-hay-futuro-para-todos\/"},"author":{"name":"Pressenza IPA","@id":"https:\/\/www.pressenza.com\/es\/#\/schema\/person\/010e5d02bcf40965427a1289a4cc8d75"},"headline":"Hay futuro para palestinos e israel\u00edes, hay futuro para todos","datePublished":"2009-11-07T00:00:00+00:00","dateModified":"2009-11-07T16:10:14+00:00","mainEntityOfPage":{"@id":"https:\/\/www.pressenza.com\/es\/2009\/11\/hay-futuro-para-palestinos-e-israeliesx-hay-futuro-para-todos\/"},"wordCount":355,"publisher":{"@id":"https:\/\/www.pressenza.com\/es\/#organization"},"articleSection":["Internacional","Medio Oriente","Opiniones","Pol\u00edtica"],"inLanguage":"es"},{"@type":"WebPage","@id":"https:\/\/www.pressenza.com\/es\/2009\/11\/hay-futuro-para-palestinos-e-israeliesx-hay-futuro-para-todos\/","url":"https:\/\/www.pressenza.com\/es\/2009\/11\/hay-futuro-para-palestinos-e-israeliesx-hay-futuro-para-todos\/","name":"Hay futuro para palestinos e israel\u00edes, hay futuro para todos","isPartOf":{"@id":"https:\/\/www.pressenza.com\/es\/#website"},"datePublished":"2009-11-07T00:00:00+00:00","dateModified":"2009-11-07T16:10:14+00:00","description":"Esta propuesta ser\u00e1 llevada a la Cumbre de los Premios Nobel de la Paz, que se realizar\u00e1 en Berl\u00edn, el 10 y 11 de Noviembre pr\u00f3ximos y se solicitar\u00e1 que sea impulsada desde all\u00ed. La firman Patricia Arriagada y Roberto Kohanoff, a nombre del Equipo de Medio Oriente de la Marcha Mundial por la Paz y la No-Violencia y Giorgio Shultze, Portavoz Humanista Europeo.","breadcrumb":{"@id":"https:\/\/www.pressenza.com\/es\/2009\/11\/hay-futuro-para-palestinos-e-israeliesx-hay-futuro-para-todos\/#breadcrumb"},"inLanguage":"es","potentialAction":[{"@type":"ReadAction","target":["https:\/\/www.pressenza.com\/es\/2009\/11\/hay-futuro-para-palestinos-e-israeliesx-hay-futuro-para-todos\/"]}]},{"@type":"BreadcrumbList","@id":"https:\/\/www.pressenza.com\/es\/2009\/11\/hay-futuro-para-palestinos-e-israeliesx-hay-futuro-para-todos\/#breadcrumb","itemListElement":[{"@type":"ListItem","position":1,"name":"Accueil","item":"https:\/\/www.pressenza.com\/es\/"},{"@type":"ListItem","position":2,"name":"Hay futuro para palestinos e israel\u00edes, hay futuro para todos"}]},{"@type":"WebSite","@id":"https:\/\/www.pressenza.com\/es\/#website","url":"https:\/\/www.pressenza.com\/es\/","name":"Pressenza","description":"International Press Agency","publisher":{"@id":"https:\/\/www.pressenza.com\/es\/#organization"},"potentialAction":[{"@type":"SearchAction","target":{"@type":"EntryPoint","urlTemplate":"https:\/\/www.pressenza.com\/es\/?s={search_term_string}"},"query-input":{"@type":"PropertyValueSpecification","valueRequired":true,"valueName":"search_term_string"}}],"inLanguage":"es"},{"@type":"Organization","@id":"https:\/\/www.pressenza.com\/es\/#organization","name":"Pressenza","url":"https:\/\/www.pressenza.com\/es\/","logo":{"@type":"ImageObject","inLanguage":"es","@id":"https:\/\/www.pressenza.com\/es\/#\/schema\/logo\/image\/","url":"https:\/\/www.pressenza.com\/wp-content\/uploads\/2022\/10\/pressenza_logo_200x200.jpg","contentUrl":"https:\/\/www.pressenza.com\/wp-content\/uploads\/2022\/10\/pressenza_logo_200x200.jpg","width":200,"height":200,"caption":"Pressenza"},"image":{"@id":"https:\/\/www.pressenza.com\/es\/#\/schema\/logo\/image\/"},"sameAs":["https:\/\/www.facebook.com\/PressenzaItalia","https:\/\/x.com\/PressenzaIPA"]},{"@type":"Person","@id":"https:\/\/www.pressenza.com\/es\/#\/schema\/person\/010e5d02bcf40965427a1289a4cc8d75","name":"Pressenza IPA","description":"News from Pressenza IPA correspondents","sameAs":["https:\/\/www.facebook.com\/pressenza","https:\/\/x.com\/PressenzaIPA"],"url":"https:\/\/www.pressenza.com\/es\/author\/pressenza-ipa\/"}]}},"place":"Jerusalen","original_article_url":"","_links":{"self":[{"href":"https:\/\/www.pressenza.com\/es\/wp-json\/wp\/v2\/posts\/2100","targetHints":{"allow":["GET"]}}],"collection":[{"href":"https:\/\/www.pressenza.com\/es\/wp-json\/wp\/v2\/posts"}],"about":[{"href":"https:\/\/www.pressenza.com\/es\/wp-json\/wp\/v2\/types\/post"}],"author":[{"embeddable":true,"href":"https:\/\/www.pressenza.com\/es\/wp-json\/wp\/v2\/users\/19"}],"replies":[{"embeddable":true,"href":"https:\/\/www.pressenza.com\/es\/wp-json\/wp\/v2\/comments?post=2100"}],"version-history":[{"count":0,"href":"https:\/\/www.pressenza.com\/es\/wp-json\/wp\/v2\/posts\/2100\/revisions"}],"wp:attachment":[{"href":"https:\/\/www.pressenza.com\/es\/wp-json\/wp\/v2\/media?parent=2100"}],"wp:term":[{"taxonomy":"category","embeddable":true,"href":"https:\/\/www.pressenza.com\/es\/wp-json\/wp\/v2\/categories?post=2100"},{"taxonomy":"post_tag","embeddable":true,"href":"https:\/\/www.pressenza.com\/es\/wp-json\/wp\/v2\/tags?post=2100"}],"curies":[{"name":"wp","href":"https:\/\/api.w.org\/{rel}","templated":true}]}}