{"id":209337,"date":"2015-08-10T11:51:07","date_gmt":"2015-08-10T10:51:07","guid":{"rendered":"http:\/\/www.pressenza.com\/?p=209337"},"modified":"2015-08-10T12:01:18","modified_gmt":"2015-08-10T11:01:18","slug":"los-derechos-de-los-pueblos-indigenas","status":"publish","type":"post","link":"https:\/\/www.pressenza.com\/es\/2015\/08\/los-derechos-de-los-pueblos-indigenas\/","title":{"rendered":"Los derechos de los pueblos ind\u00edgenas"},"content":{"rendered":"<p><em>\u201cEs imperativo que los pueblos ind\u00edgenas sean consultados de manera previa, libre e informada sobre cualquier proyecto que pueda afectar sus derechos\u201d.<\/em><\/p>\n<p><strong>La CIDH llama a los Estados Miembros a garantizar derecho de pueblos ind\u00edgenas a vivir en su territorio ancestral<\/strong><\/p>\n<p>En el D\u00eda Internacional de los Pueblos Ind\u00edgenas, que se celebra el 9 de agosto, <em>la Comisi\u00f3n Interamericana de Derechos Humanos (CIDH) urge a los Estados Miembros a garantizar en forma efectiva el derecho de los pueblos ind\u00edgenas a vivir en su territorio ancestral y poder realizar sus actividades tradicionales de subsistencia, as\u00ed como tambi\u00e9n preservar su identidad cultural.<\/em><\/p>\n<p>La Comisi\u00f3n Interamericana destaca que las tierras tradicionalmente utilizadas y ocupadas por los pueblos ind\u00edgenas son un factor primordial de su vitalidad f\u00edsica, cultural y espiritual. Por ese motivo, para dichas comunidades la relaci\u00f3n con la tierra no es meramente una cuesti\u00f3n de \u201cposesi\u00f3n\u201d y \u201cproducci\u00f3n\u201d sino un elemento de importante contenido material y espiritual del cual deben poder gozar plenamente, inclusive para preservar su legado cultural y transmitirlo a las generaciones futuras.<\/p>\n<p>En tal sentido, la CIDH manifiesta su preocupaci\u00f3n por el desarrollo de actividades empresariales e industriales en la regi\u00f3n que tengan un efecto negativo sobre el goce de los derechos humanos de los pueblos ind\u00edgenas. La CIDH ha recibido informaci\u00f3n de violaciones del derecho al acceso a la informaci\u00f3n, a la consulta libre, previa e informada y al consentimiento de los pueblos ind\u00edgenas, as\u00ed como vulneraciones al derecho a la participaci\u00f3n ciudadana, en el desarrollo de estos proyectos. Incluso, la CIDH ha recibido informaci\u00f3n preocupante sobre situaciones en que comunidades enteras se ven forzadas a desplazarse ante la ocupaci\u00f3n de sus territorios o por la afectaci\u00f3n de recursos naturales vitales, tales como cursos de agua, acu\u00edferos o tierras utilizadas para actividades de subsistencia.<\/p>\n<p><em>\u201cEs imperativo que los pueblos ind\u00edgenas sean consultados de manera previa, libre e informada sobre cualquier proyecto que pueda afectar sus derechos\u201d<\/em>, indic\u00f3 la Presidenta de la CIDH y Relatora sobre los Derechos de los Pueblos Ind\u00edgenas, Comisionada Rose Marie Antoine.<em> \u201cLos pueblos ind\u00edgenas deben participar en la toma de decisiones para el goce efectivo de su derecho a la propiedad comunal y a la identidad cultural. Resulta indispensable que los Estados Miembros de la OEA implementen de manera urgente las medidas necesarias para que todos los proyectos sean implementados con el consentimiento de las comunidades y los pueblos ind\u00edgenas afectados\u201d.<\/em><\/p>\n<p><a href=\"http:\/\/www.pressenza.com\/wp-content\/uploads\/2015\/08\/cidh-0908-21.jpg\"><img loading=\"lazy\" decoding=\"async\" class=\"alignnone size-large wp-image-209355\" src=\"http:\/\/www.pressenza.com\/wp-content\/uploads\/2015\/08\/cidh-0908-21-720x515.jpg\" alt=\"cidh 0908-2\" width=\"720\" height=\"515\" srcset=\"https:\/\/www.pressenza.com\/wp-content\/uploads\/2015\/08\/cidh-0908-21-720x515.jpg 720w, https:\/\/www.pressenza.com\/wp-content\/uploads\/2015\/08\/cidh-0908-21-300x214.jpg 300w, https:\/\/www.pressenza.com\/wp-content\/uploads\/2015\/08\/cidh-0908-21.jpg 960w\" sizes=\"auto, (max-width: 720px) 100vw, 720px\" \/><\/a><\/p>\n<p>Asimismo, la CIDH insta a los Estados Miembros a obtener el consentimiento libre e informado de los pueblos ind\u00edgenas, el cual debe ser previo a la licitaci\u00f3n y ejecuci\u00f3n de planes o proyectos que puedan afectar sus derechos sobre sus territorios ancestrales y recursos naturales que en ellos se encuentren.<\/p>\n<p><em>\u201cLos proyectos empresariales e industriales que contribuyan al desarrollo econ\u00f3mico de los pa\u00edses son una pieza clave para avanzar en el combate contra la pobreza y en la garant\u00eda de los derechos econ\u00f3micos, sociales y culturales de la poblaci\u00f3n\u201d<\/em>, se\u00f1al\u00f3 el Comisionado Paulo Vannuchi, encargado de la Unidad sobre Derechos Econ\u00f3micos, Sociales y Culturales de la CIDH. <em>\u201cSin embargo, estos proyectos deben desarrollarse siempre en estricto y total respeto a los derechos humanos de los pueblos ind\u00edgenas afectados por dichos emprendimientos. Los emprendimientos de las industrias extractivas, forestales, hidroel\u00e9ctricas, mineras y alimenticias, entre otras, deben desarrollarse en beneficio de las poblaciones y no perjudicarlas. Para lograrlo, los Estados deben asegurarse de cumplir con el requisito de consulta previa, libre e informada para obtener su consentimiento\u201d<\/em>, agreg\u00f3.<\/p>\n<p>La Comisi\u00f3n Interamericana tambi\u00e9n ha recibido informaci\u00f3n sobre supuestos actos de violencia perpetrados contra los pueblos ind\u00edgenas, en especial contra las personas que asumen roles de liderazgo en la oposici\u00f3n a dichos proyectos. Esto incluye asesinatos, agresiones f\u00edsicas, violencia sexual y destrucci\u00f3n de viviendas. En algunos casos, la informaci\u00f3n recibida indica que algunos de estos hechos habr\u00edan sido perpetrados por agentes de las fuerzas estatales de seguridad, mientras que en otros los autores habr\u00edan sido personas contratadas por las empresas e industrias. Seg\u00fan la informaci\u00f3n recibida, las autoridades en algunos casos no han adoptado las medidas adecuadas ante agresiones y ataques contra pueblos ind\u00edgenas y sus l\u00edderes perpetrados por parte de agentes privados de seguridad o empleados de seguridad de algunas empresas encargadas de proyectos de extracci\u00f3n, desarrollo o inversi\u00f3n.<\/p>\n<p>En adici\u00f3n a esto, la Comisi\u00f3n ha recibido informaci\u00f3n relativa al uso excesivo de la fuerza en operativos de fuerzas estatales de seguridad para disolver manifestaciones y protestas contra este tipo de proyectos que afectan a pueblos ind\u00edgenas. En este sentido, la CIDH reitera enf\u00e1ticamente que la desconcentraci\u00f3n de una manifestaci\u00f3n debe justificarse en el deber de protecci\u00f3n de las personas, y deben utilizarse las medidas m\u00e1s seguras y menos lesivas para los manifestantes. El uso de la fuerza en manifestaciones p\u00fablicas debe ser excepcional y en circunstancias estrictamente necesarias conforme a los principios internacionalmente reconocidos.<\/p>\n<p>La CIDH es un \u00f3rgano principal y aut\u00f3nomo de la Organizaci\u00f3n de los Estados Americanos (OEA), cuyo mandato surge de la Carta de la OEA y de la Convenci\u00f3n Americana sobre Derechos Humanos. La Comisi\u00f3n Interamericana tiene el mandato de promover la observancia de los derechos humanos en la regi\u00f3n y act\u00faa como \u00f3rgano consultivo de la OEA en la materia. La CIDH est\u00e1 integrada por siete miembros independientes que son elegidos por la Asamblea General de la OEA a t\u00edtulo personal, y no representan sus pa\u00edses de origen o residencia.<\/p>\n","protected":false},"excerpt":{"rendered":"<p>\u201cEs imperativo que los pueblos ind\u00edgenas sean consultados de manera previa, libre e informada sobre cualquier proyecto que pueda afectar sus derechos\u201d. La CIDH llama a los Estados Miembros a garantizar derecho de pueblos ind\u00edgenas a vivir en su territorio&hellip;<\/p>\n","protected":false},"author":389,"featured_media":209346,"comment_status":"closed","ping_status":"open","sticky":false,"template":"","format":"standard","meta":{"footnotes":""},"categories":[76,149,75,79,1241,78,39,74,80],"tags":[17497,336,441,1544,18759,11815,22210,18507],"class_list":["post-209337","post","type-post","status-publish","format-standard","has-post-thumbnail","hentry","category-relaciones-exteriores","category-comunicados-de-prensa","category-cultura-es","category-derechos-humanos","category-diversidad","category-medio-ambiente-ecologia","category-internacional","category-politica-es","category-pueblos-originarios","tag-cidh","tag-cultura-2","tag-derechos-humanos","tag-extractivismo","tag-industrias-extractivas","tag-pueblos-indigenas","tag-pueblos-originarios","tag-territorios"],"yoast_head":"<!-- This site is optimized with the Yoast SEO plugin v27.1.1 - https:\/\/yoast.com\/product\/yoast-seo-wordpress\/ -->\n<title>Los derechos de los pueblos ind\u00edgenas<\/title>\n<meta name=\"description\" content=\"\u201cEs imperativo que los pueblos ind\u00edgenas sean consultados de manera previa, libre e informada sobre cualquier proyecto que pueda afectar sus derechos\u201d. La\" \/>\n<meta name=\"robots\" content=\"index, follow, max-snippet:-1, max-image-preview:large, max-video-preview:-1\" \/>\n<link rel=\"canonical\" href=\"https:\/\/www.pressenza.com\/es\/2015\/08\/los-derechos-de-los-pueblos-indigenas\/\" \/>\n<meta property=\"og:locale\" content=\"es_ES\" \/>\n<meta property=\"og:type\" content=\"article\" \/>\n<meta property=\"og:title\" content=\"Los derechos de los pueblos ind\u00edgenas\" \/>\n<meta property=\"og:description\" content=\"\u201cEs imperativo que los pueblos ind\u00edgenas sean consultados de manera previa, libre e informada sobre cualquier proyecto que pueda afectar sus derechos\u201d. La\" \/>\n<meta property=\"og:url\" content=\"https:\/\/www.pressenza.com\/es\/2015\/08\/los-derechos-de-los-pueblos-indigenas\/\" \/>\n<meta property=\"og:site_name\" content=\"Pressenza\" \/>\n<meta property=\"article:publisher\" content=\"https:\/\/www.facebook.com\/PressenzaItalia\" \/>\n<meta property=\"article:author\" content=\"https:\/\/www.facebook.com\/ConvergenceOfCultures?fref=ts\" \/>\n<meta property=\"article:published_time\" content=\"2015-08-10T10:51:07+00:00\" \/>\n<meta property=\"article:modified_time\" content=\"2015-08-10T11:01:18+00:00\" \/>\n<meta property=\"og:image\" content=\"https:\/\/www.pressenza.com\/wp-content\/uploads\/2015\/08\/cidh-0908.jpg\" \/>\n\t<meta property=\"og:image:width\" content=\"960\" \/>\n\t<meta property=\"og:image:height\" content=\"960\" \/>\n\t<meta property=\"og:image:type\" content=\"image\/jpeg\" \/>\n<meta name=\"author\" content=\"Convergencia de las Culturas\" \/>\n<meta name=\"twitter:card\" content=\"summary_large_image\" \/>\n<meta name=\"twitter:creator\" content=\"@PressenzaIPA\" \/>\n<meta name=\"twitter:site\" content=\"@PressenzaIPA\" \/>\n<meta name=\"twitter:label1\" content=\"Escrito por\" \/>\n\t<meta name=\"twitter:data1\" content=\"Convergencia de las Culturas\" \/>\n\t<meta name=\"twitter:label2\" content=\"Tiempo de lectura\" \/>\n\t<meta name=\"twitter:data2\" content=\"5 minutos\" \/>\n<script type=\"application\/ld+json\" class=\"yoast-schema-graph\">{\"@context\":\"https:\/\/schema.org\",\"@graph\":[{\"@type\":\"Article\",\"@id\":\"https:\/\/www.pressenza.com\/es\/2015\/08\/los-derechos-de-los-pueblos-indigenas\/#article\",\"isPartOf\":{\"@id\":\"https:\/\/www.pressenza.com\/es\/2015\/08\/los-derechos-de-los-pueblos-indigenas\/\"},\"author\":{\"name\":\"Convergencia de las Culturas\",\"@id\":\"https:\/\/www.pressenza.com\/es\/#\/schema\/person\/38598fb70b9162100457e7983ae8b548\"},\"headline\":\"Los derechos de los pueblos ind\u00edgenas\",\"datePublished\":\"2015-08-10T10:51:07+00:00\",\"dateModified\":\"2015-08-10T11:01:18+00:00\",\"mainEntityOfPage\":{\"@id\":\"https:\/\/www.pressenza.com\/es\/2015\/08\/los-derechos-de-los-pueblos-indigenas\/\"},\"wordCount\":971,\"publisher\":{\"@id\":\"https:\/\/www.pressenza.com\/es\/#organization\"},\"image\":{\"@id\":\"https:\/\/www.pressenza.com\/es\/2015\/08\/los-derechos-de-los-pueblos-indigenas\/#primaryimage\"},\"thumbnailUrl\":\"https:\/\/www.pressenza.com\/wp-content\/uploads\/2015\/08\/cidh-0908.jpg\",\"keywords\":[\"CIDH\",\"cultura\",\"Derechos humanos\",\"extractivismo\",\"industrias extractivas\",\"Pueblos indigenas\",\"Pueblos Originarios\",\"territorios\"],\"articleSection\":[\"Asuntos internacionales\",\"Comunicados de Prensa\",\"Cultura y Medios\",\"Derechos Humanos\",\"Diversidad\",\"Ecolog\u00eda y Medio Ambiente\",\"Internacional\",\"Pol\u00edtica\",\"Pueblos Originarios\"],\"inLanguage\":\"es\"},{\"@type\":\"WebPage\",\"@id\":\"https:\/\/www.pressenza.com\/es\/2015\/08\/los-derechos-de-los-pueblos-indigenas\/\",\"url\":\"https:\/\/www.pressenza.com\/es\/2015\/08\/los-derechos-de-los-pueblos-indigenas\/\",\"name\":\"Los derechos de los pueblos ind\u00edgenas\",\"isPartOf\":{\"@id\":\"https:\/\/www.pressenza.com\/es\/#website\"},\"primaryImageOfPage\":{\"@id\":\"https:\/\/www.pressenza.com\/es\/2015\/08\/los-derechos-de-los-pueblos-indigenas\/#primaryimage\"},\"image\":{\"@id\":\"https:\/\/www.pressenza.com\/es\/2015\/08\/los-derechos-de-los-pueblos-indigenas\/#primaryimage\"},\"thumbnailUrl\":\"https:\/\/www.pressenza.com\/wp-content\/uploads\/2015\/08\/cidh-0908.jpg\",\"datePublished\":\"2015-08-10T10:51:07+00:00\",\"dateModified\":\"2015-08-10T11:01:18+00:00\",\"description\":\"\u201cEs imperativo que los pueblos ind\u00edgenas sean consultados de manera previa, libre e informada sobre cualquier proyecto que pueda afectar sus derechos\u201d. La\",\"breadcrumb\":{\"@id\":\"https:\/\/www.pressenza.com\/es\/2015\/08\/los-derechos-de-los-pueblos-indigenas\/#breadcrumb\"},\"inLanguage\":\"es\",\"potentialAction\":[{\"@type\":\"ReadAction\",\"target\":[\"https:\/\/www.pressenza.com\/es\/2015\/08\/los-derechos-de-los-pueblos-indigenas\/\"]}]},{\"@type\":\"ImageObject\",\"inLanguage\":\"es\",\"@id\":\"https:\/\/www.pressenza.com\/es\/2015\/08\/los-derechos-de-los-pueblos-indigenas\/#primaryimage\",\"url\":\"https:\/\/www.pressenza.com\/wp-content\/uploads\/2015\/08\/cidh-0908.jpg\",\"contentUrl\":\"https:\/\/www.pressenza.com\/wp-content\/uploads\/2015\/08\/cidh-0908.jpg\",\"width\":960,\"height\":960},{\"@type\":\"BreadcrumbList\",\"@id\":\"https:\/\/www.pressenza.com\/es\/2015\/08\/los-derechos-de-los-pueblos-indigenas\/#breadcrumb\",\"itemListElement\":[{\"@type\":\"ListItem\",\"position\":1,\"name\":\"Accueil\",\"item\":\"https:\/\/www.pressenza.com\/es\/\"},{\"@type\":\"ListItem\",\"position\":2,\"name\":\"Los derechos de los pueblos ind\u00edgenas\"}]},{\"@type\":\"WebSite\",\"@id\":\"https:\/\/www.pressenza.com\/es\/#website\",\"url\":\"https:\/\/www.pressenza.com\/es\/\",\"name\":\"Pressenza\",\"description\":\"International Press Agency\",\"publisher\":{\"@id\":\"https:\/\/www.pressenza.com\/es\/#organization\"},\"potentialAction\":[{\"@type\":\"SearchAction\",\"target\":{\"@type\":\"EntryPoint\",\"urlTemplate\":\"https:\/\/www.pressenza.com\/es\/?s={search_term_string}\"},\"query-input\":{\"@type\":\"PropertyValueSpecification\",\"valueRequired\":true,\"valueName\":\"search_term_string\"}}],\"inLanguage\":\"es\"},{\"@type\":\"Organization\",\"@id\":\"https:\/\/www.pressenza.com\/es\/#organization\",\"name\":\"Pressenza\",\"url\":\"https:\/\/www.pressenza.com\/es\/\",\"logo\":{\"@type\":\"ImageObject\",\"inLanguage\":\"es\",\"@id\":\"https:\/\/www.pressenza.com\/es\/#\/schema\/logo\/image\/\",\"url\":\"https:\/\/www.pressenza.com\/wp-content\/uploads\/2022\/10\/pressenza_logo_200x200.jpg\",\"contentUrl\":\"https:\/\/www.pressenza.com\/wp-content\/uploads\/2022\/10\/pressenza_logo_200x200.jpg\",\"width\":200,\"height\":200,\"caption\":\"Pressenza\"},\"image\":{\"@id\":\"https:\/\/www.pressenza.com\/es\/#\/schema\/logo\/image\/\"},\"sameAs\":[\"https:\/\/www.facebook.com\/PressenzaItalia\",\"https:\/\/x.com\/PressenzaIPA\"]},{\"@type\":\"Person\",\"@id\":\"https:\/\/www.pressenza.com\/es\/#\/schema\/person\/38598fb70b9162100457e7983ae8b548\",\"name\":\"Convergencia de las Culturas\",\"description\":\"Convergence of Cultures is an organism that is part of the Humanist Movement. Its mission is: 1. To facilitate and stimulate dialogue between cultures. 2. To fight discrimination and violence. 3. To take its proposal to all latitudes. www.convergenceofcultures.org\",\"sameAs\":[\"https:\/\/www.facebook.com\/ConvergenceOfCultures?fref=ts\"],\"url\":\"https:\/\/www.pressenza.com\/es\/author\/convergencia-de-las-culturas\/\"}]}<\/script>\n<!-- \/ Yoast SEO plugin. -->","yoast_head_json":{"title":"Los derechos de los pueblos ind\u00edgenas","description":"\u201cEs imperativo que los pueblos ind\u00edgenas sean consultados de manera previa, libre e informada sobre cualquier proyecto que pueda afectar sus derechos\u201d. La","robots":{"index":"index","follow":"follow","max-snippet":"max-snippet:-1","max-image-preview":"max-image-preview:large","max-video-preview":"max-video-preview:-1"},"canonical":"https:\/\/www.pressenza.com\/es\/2015\/08\/los-derechos-de-los-pueblos-indigenas\/","og_locale":"es_ES","og_type":"article","og_title":"Los derechos de los pueblos ind\u00edgenas","og_description":"\u201cEs imperativo que los pueblos ind\u00edgenas sean consultados de manera previa, libre e informada sobre cualquier proyecto que pueda afectar sus derechos\u201d. La","og_url":"https:\/\/www.pressenza.com\/es\/2015\/08\/los-derechos-de-los-pueblos-indigenas\/","og_site_name":"Pressenza","article_publisher":"https:\/\/www.facebook.com\/PressenzaItalia","article_author":"https:\/\/www.facebook.com\/ConvergenceOfCultures?fref=ts","article_published_time":"2015-08-10T10:51:07+00:00","article_modified_time":"2015-08-10T11:01:18+00:00","og_image":[{"width":960,"height":960,"url":"https:\/\/www.pressenza.com\/wp-content\/uploads\/2015\/08\/cidh-0908.jpg","type":"image\/jpeg"}],"author":"Convergencia de las Culturas","twitter_card":"summary_large_image","twitter_creator":"@PressenzaIPA","twitter_site":"@PressenzaIPA","twitter_misc":{"Escrito por":"Convergencia de las Culturas","Tiempo de lectura":"5 minutos"},"schema":{"@context":"https:\/\/schema.org","@graph":[{"@type":"Article","@id":"https:\/\/www.pressenza.com\/es\/2015\/08\/los-derechos-de-los-pueblos-indigenas\/#article","isPartOf":{"@id":"https:\/\/www.pressenza.com\/es\/2015\/08\/los-derechos-de-los-pueblos-indigenas\/"},"author":{"name":"Convergencia de las Culturas","@id":"https:\/\/www.pressenza.com\/es\/#\/schema\/person\/38598fb70b9162100457e7983ae8b548"},"headline":"Los derechos de los pueblos ind\u00edgenas","datePublished":"2015-08-10T10:51:07+00:00","dateModified":"2015-08-10T11:01:18+00:00","mainEntityOfPage":{"@id":"https:\/\/www.pressenza.com\/es\/2015\/08\/los-derechos-de-los-pueblos-indigenas\/"},"wordCount":971,"publisher":{"@id":"https:\/\/www.pressenza.com\/es\/#organization"},"image":{"@id":"https:\/\/www.pressenza.com\/es\/2015\/08\/los-derechos-de-los-pueblos-indigenas\/#primaryimage"},"thumbnailUrl":"https:\/\/www.pressenza.com\/wp-content\/uploads\/2015\/08\/cidh-0908.jpg","keywords":["CIDH","cultura","Derechos humanos","extractivismo","industrias extractivas","Pueblos indigenas","Pueblos Originarios","territorios"],"articleSection":["Asuntos internacionales","Comunicados de Prensa","Cultura y Medios","Derechos Humanos","Diversidad","Ecolog\u00eda y Medio Ambiente","Internacional","Pol\u00edtica","Pueblos Originarios"],"inLanguage":"es"},{"@type":"WebPage","@id":"https:\/\/www.pressenza.com\/es\/2015\/08\/los-derechos-de-los-pueblos-indigenas\/","url":"https:\/\/www.pressenza.com\/es\/2015\/08\/los-derechos-de-los-pueblos-indigenas\/","name":"Los derechos de los pueblos ind\u00edgenas","isPartOf":{"@id":"https:\/\/www.pressenza.com\/es\/#website"},"primaryImageOfPage":{"@id":"https:\/\/www.pressenza.com\/es\/2015\/08\/los-derechos-de-los-pueblos-indigenas\/#primaryimage"},"image":{"@id":"https:\/\/www.pressenza.com\/es\/2015\/08\/los-derechos-de-los-pueblos-indigenas\/#primaryimage"},"thumbnailUrl":"https:\/\/www.pressenza.com\/wp-content\/uploads\/2015\/08\/cidh-0908.jpg","datePublished":"2015-08-10T10:51:07+00:00","dateModified":"2015-08-10T11:01:18+00:00","description":"\u201cEs imperativo que los pueblos ind\u00edgenas sean consultados de manera previa, libre e informada sobre cualquier proyecto que pueda afectar sus derechos\u201d. La","breadcrumb":{"@id":"https:\/\/www.pressenza.com\/es\/2015\/08\/los-derechos-de-los-pueblos-indigenas\/#breadcrumb"},"inLanguage":"es","potentialAction":[{"@type":"ReadAction","target":["https:\/\/www.pressenza.com\/es\/2015\/08\/los-derechos-de-los-pueblos-indigenas\/"]}]},{"@type":"ImageObject","inLanguage":"es","@id":"https:\/\/www.pressenza.com\/es\/2015\/08\/los-derechos-de-los-pueblos-indigenas\/#primaryimage","url":"https:\/\/www.pressenza.com\/wp-content\/uploads\/2015\/08\/cidh-0908.jpg","contentUrl":"https:\/\/www.pressenza.com\/wp-content\/uploads\/2015\/08\/cidh-0908.jpg","width":960,"height":960},{"@type":"BreadcrumbList","@id":"https:\/\/www.pressenza.com\/es\/2015\/08\/los-derechos-de-los-pueblos-indigenas\/#breadcrumb","itemListElement":[{"@type":"ListItem","position":1,"name":"Accueil","item":"https:\/\/www.pressenza.com\/es\/"},{"@type":"ListItem","position":2,"name":"Los derechos de los pueblos ind\u00edgenas"}]},{"@type":"WebSite","@id":"https:\/\/www.pressenza.com\/es\/#website","url":"https:\/\/www.pressenza.com\/es\/","name":"Pressenza","description":"International Press Agency","publisher":{"@id":"https:\/\/www.pressenza.com\/es\/#organization"},"potentialAction":[{"@type":"SearchAction","target":{"@type":"EntryPoint","urlTemplate":"https:\/\/www.pressenza.com\/es\/?s={search_term_string}"},"query-input":{"@type":"PropertyValueSpecification","valueRequired":true,"valueName":"search_term_string"}}],"inLanguage":"es"},{"@type":"Organization","@id":"https:\/\/www.pressenza.com\/es\/#organization","name":"Pressenza","url":"https:\/\/www.pressenza.com\/es\/","logo":{"@type":"ImageObject","inLanguage":"es","@id":"https:\/\/www.pressenza.com\/es\/#\/schema\/logo\/image\/","url":"https:\/\/www.pressenza.com\/wp-content\/uploads\/2022\/10\/pressenza_logo_200x200.jpg","contentUrl":"https:\/\/www.pressenza.com\/wp-content\/uploads\/2022\/10\/pressenza_logo_200x200.jpg","width":200,"height":200,"caption":"Pressenza"},"image":{"@id":"https:\/\/www.pressenza.com\/es\/#\/schema\/logo\/image\/"},"sameAs":["https:\/\/www.facebook.com\/PressenzaItalia","https:\/\/x.com\/PressenzaIPA"]},{"@type":"Person","@id":"https:\/\/www.pressenza.com\/es\/#\/schema\/person\/38598fb70b9162100457e7983ae8b548","name":"Convergencia de las Culturas","description":"Convergence of Cultures is an organism that is part of the Humanist Movement. Its mission is: 1. To facilitate and stimulate dialogue between cultures. 2. To fight discrimination and violence. 3. To take its proposal to all latitudes. www.convergenceofcultures.org","sameAs":["https:\/\/www.facebook.com\/ConvergenceOfCultures?fref=ts"],"url":"https:\/\/www.pressenza.com\/es\/author\/convergencia-de-las-culturas\/"}]}},"place":"Washington DC","original_article_url":"http:\/\/www.oas.org\/es\/cidh\/prensa\/comunicados\/2015\/086.asp","_links":{"self":[{"href":"https:\/\/www.pressenza.com\/es\/wp-json\/wp\/v2\/posts\/209337","targetHints":{"allow":["GET"]}}],"collection":[{"href":"https:\/\/www.pressenza.com\/es\/wp-json\/wp\/v2\/posts"}],"about":[{"href":"https:\/\/www.pressenza.com\/es\/wp-json\/wp\/v2\/types\/post"}],"author":[{"embeddable":true,"href":"https:\/\/www.pressenza.com\/es\/wp-json\/wp\/v2\/users\/389"}],"replies":[{"embeddable":true,"href":"https:\/\/www.pressenza.com\/es\/wp-json\/wp\/v2\/comments?post=209337"}],"version-history":[{"count":0,"href":"https:\/\/www.pressenza.com\/es\/wp-json\/wp\/v2\/posts\/209337\/revisions"}],"wp:featuredmedia":[{"embeddable":true,"href":"https:\/\/www.pressenza.com\/es\/wp-json\/wp\/v2\/media\/209346"}],"wp:attachment":[{"href":"https:\/\/www.pressenza.com\/es\/wp-json\/wp\/v2\/media?parent=209337"}],"wp:term":[{"taxonomy":"category","embeddable":true,"href":"https:\/\/www.pressenza.com\/es\/wp-json\/wp\/v2\/categories?post=209337"},{"taxonomy":"post_tag","embeddable":true,"href":"https:\/\/www.pressenza.com\/es\/wp-json\/wp\/v2\/tags?post=209337"}],"curies":[{"name":"wp","href":"https:\/\/api.w.org\/{rel}","templated":true}]}}