{"id":209198,"date":"2015-08-10T00:48:03","date_gmt":"2015-08-09T23:48:03","guid":{"rendered":"http:\/\/www.pressenza.com\/?p=209198"},"modified":"2016-05-07T16:56:15","modified_gmt":"2016-05-07T15:56:15","slug":"tomas-hirsch-saltar-por-sobre-el-temor","status":"publish","type":"post","link":"https:\/\/www.pressenza.com\/es\/2015\/08\/tomas-hirsch-saltar-por-sobre-el-temor\/","title":{"rendered":"Tom\u00e1s Hirsch: Saltar por sobre el temor"},"content":{"rendered":"<p>Reproducimos ac\u00e1 la charla TED-X Anogeia, pronunciada en Creta, Grecia, el\u00a0 8 Agosto 2015 por Tom\u00e1s Hirsch:<\/p>\n<p style=\"text-align: justify;\">\u00abHola a todos.<br \/>\nMe siento profundamente conmovido por compartir con ustedes esta experiencia en este lugar sagrado.<\/p>\n<p style=\"text-align: justify;\">Soy uno de los Voceros del Humanismo Universalista, corriente de pensamiento, espiritualidad as\u00ed como de acci\u00f3n pol\u00edtica y social, fundada por el pensador argentino Silo a fines de los a\u00f1os \u201860.<\/p>\n<p style=\"text-align: justify;\">El Humanismo Universalista que suscribo ubica al Ser Humano como valor central.<br \/>\nA partir de la conexi\u00f3n con el Sentido Profundo, trabaja por la transformaci\u00f3n personal y social simult\u00e1nea, al tiempo que promueve la No Violencia Activa en la lucha por construir un mundo m\u00e1s justo, una Naci\u00f3n Humana Universal.<\/p>\n<p style=\"text-align: justify;\">Vengo de Chile, un pa\u00eds muy lejano, pero en nuestros corazones muy cerca de Grecia.<\/p>\n<p>Chile y Grecia tenemos en com\u00fan el haber sufrido crueles dictaduras militares y luego haber soportado dolorosas crisis econ\u00f3micas como resultado del falso y enga\u00f1oso modelo neoliberal. Lo que Grecia vive hoy, lo sufri\u00f3 Latinoam\u00e9rica en los a\u00f1os \u201980.<\/p>\n<p>Aprovecho estos minutos para solidarizar con el pueblo griego que sufre la agresi\u00f3n de los poderosos de Europa y los felicito por el proceso que han llevado adelante para defender sus derechos.<\/p>\n<p>Cr\u00e9anme: M\u00e1s all\u00e1 de aparentes derrotas nada podr\u00e1 detener los cambios a los que ustedes leg\u00edtimamente aspiran.<\/p>\n<p>La soberbia, la mezquindad y la torpeza de la Troika no podr\u00e1n acabar con la m\u00e1s antigua de las democracias, la que inspir\u00f3 justamente a Europa.<\/p>\n<p>Ha llegado la hora de decir basta a los controladores del capital financiero internacional.<\/p>\n<p>Durante toda mi vida he sido un cr\u00edtico de la concentraci\u00f3n de poder. Junto a muchos otros combatimos la dictadura de Pinochet, levantando las banderas de los derechos humanos y de la no violencia activa.<\/p>\n<p>Ahora estamos resistiendo a esta dictadura financiera mundial, que se ha impuesto por sobre los estados nacionales y pretende someter a la gente, sin importarle el sufrimiento que producen sus crueles imposiciones.<\/p>\n<p>Sentimos la necesidad de fortalecer otros valores: la cooperaci\u00f3n; la solidaridad; la ayuda mutua; el valor de la diversidad de raza, religi\u00f3n y cultura.<\/p>\n<p>El paradigma de los nuevos tiempos debe ser la reciprocidad, el poder de los acuerdos y la convergencia de la diversidad; Lo opuesto de la dominaci\u00f3n hegem\u00f3nica y la uniformidad.<\/p>\n<p>El \u00e9xito de este cambio profundo depender\u00e1 de que se abandone el intento de imponer un modelo econ\u00f3mico \u00fanico y una cultura \u00fanica, valorando la diversidad como el mayor tesoro de la humanidad.<\/p>\n<p>La Historia verdaderamente humana est\u00e1 reci\u00e9n comenzando. Hoy sabemos que esta crisis dar\u00e1 lugar al nacimiento de nuevos modos de relaci\u00f3n social, que ubicar\u00e1n al Ser Humano como el valor m\u00e1s importante, dejando atr\u00e1s toda forma de violencia, sea esta f\u00edsica, econ\u00f3mica, racial, generacional o sexual.<\/p>\n<p>Sabemos que esta crisis es compleja, ya que afecta a cada individuo y a la sociedad en su conjunto. Sin embargo aunque es dif\u00edcil y trae consigo inestabilidad, riesgos y temores, experimentamos la profunda necesidad de pasar a otro momento hist\u00f3rico.<\/p>\n<p>&#8212;&#8212;&#8212;&#8212;<\/p>\n<p>Hoy vamos a hablar brevemente sobre los temores fundamentales que todos experimentamos y al mismo tiempo vamos a proponer una reflexi\u00f3n acerca de c\u00f3mo podemos superarlos.<\/p>\n<p>Todos hemos sentido temor en nuestras vidas. Tengo miedo que me vuelva a ocurrir lo que una vez me sucedi\u00f3. Tengo miedo de no poder alcanzar lo que me propongo. Tengo\u00a0 miedo a perder lo que poseo.<\/p>\n<p>Prendemos la TV y nos aterrorizan las im\u00e1genes de la crueldad. Bombardeos, ajusticiamientos, represi\u00f3n, asaltos, accidentes, por \u00faltimo el desplazamiento de millones de seres humanos desesperados que se ahogan frente a nuestras costas.<\/p>\n<p>Apagamos la TV y nos aterroriza perder nuestro empleo, no poder alimentar a nuestros hijos, no poder responder a la necesidad de salud de nuestros padres.<\/p>\n<p>En esta sociedad violenta, todos hemos sentido temor a que nuestros derechos sean violados, temor a ser perseguidos por nuestras ideas, por nuestras creencias, temor a la represi\u00f3n y la tortura.<\/p>\n<p>Y sobre todo, compartimos el temor al dolor, a la enfermedad, a la Muerte.<\/p>\n<p>Vivimos tan apremiados por los compromisos del d\u00eda a d\u00eda, que nos alejamos de nosotros mismos y de nuestros seres queridos.<\/p>\n<p>Poco a poco nos vamos desconectando del afecto por los dem\u00e1s. \u00bfY cu\u00e1l es el resultado? Depresi\u00f3n y ansiedad que los servicios de salud tratan de solucionar con drogas. As\u00ed, en vez de fortalecer la b\u00fasqueda de Sentido en nuestras vidas, el remedio que se nos ofrece es un anest\u00e9sico.<\/p>\n<p>Dec\u00eda que particip\u00e9 de la lucha contra la dictadura de Pinochet en la que busc\u00e1bamos recuperar la democracia.<\/p>\n<p>Esa lucha nos cost\u00f3 golpes y c\u00e1rcel. Y muchos fueron desaparecidos, asesinados, torturados y exiliados. Y eso produjo un enorme temor en la poblaci\u00f3n.<\/p>\n<p>Entonces comprendimos que para superar ese temor y motivar a muchos a sumarse, deb\u00edamos poner en marcha acciones creativas, alegres, irreverentes, participativas, No Violentas, imposibles de ser contraatacadas por la polic\u00eda del r\u00e9gimen.<\/p>\n<p>As\u00ed fue como los Humanistas de aquellos a\u00f1os, un grupo creciente de j\u00f3venes entre 18 y 25 a\u00f1os, fuimos creando nuevas formas de lucha no violenta, altamente efectivas por su visibilidad y por la simpat\u00eda que despertaban en la poblaci\u00f3n.<\/p>\n<p>Con todas esas acciones fuimos superando el temor que ten\u00eda inmovilizado a un pa\u00eds completo. Y fuimos generando una ola de participaci\u00f3n social que conect\u00f3 con una nueva sensibilidad no violenta y alegre.<\/p>\n<p>Eso permiti\u00f3 transformar el temor en esperanza y certeza de cambio.<\/p>\n<p>Cuando el dictador propuso un plebiscito sobre su continuidad, en vez de rechazarlo, como hizo la izquierda tradicional, decidimos aceptarlo. De ese modo podr\u00edamos derrotarlo en su propia cancha, y as\u00ed lo hicimos.<\/p>\n<p>Participamos del plebiscito, creamos una campa\u00f1a masiva por el No, en la que enfatizamos en la esperanza. Con el slogan; \u201cLa alegr\u00eda ya viene\u201d, derrotamos a Pinochet y recuperamos la democracia.<\/p>\n<p>La acci\u00f3n conjunta, el trabajo en equipo, la creatividad, el dejar atr\u00e1s las formas violentas. Sumar a las nuevas generaciones, establecer un di\u00e1logo permanente,\u00a0 no discriminar, no imponer las propias ideas, trabajar en paridad psicol\u00f3gica,\u00a0 valorar la diversidad, promover la comunicaci\u00f3n directa, el buen trato, la alegr\u00eda y el sentido del humor: todas esas son actitudes que nos ayudaron a superar el temor.<\/p>\n<p>En una dimensi\u00f3n m\u00e1s personal, saltar por sobre el miedo es tomar contacto con el sentido profundo y verdadero de la vida.<\/p>\n<p>Es salir de la indiferencia y conectar con el sufrimiento de los dem\u00e1s. Es romper esa falta de solidaridad que termina por desconectarme de mi mismo, de mi profundidad, de mi Sentido.<\/p>\n<p>Hemos cre\u00eddo que ser competitivo es m\u00e1s importante que ser compasivo, que ganar es m\u00e1s importante que solidarizar, que recibir es m\u00e1s importante que dar.<\/p>\n<p>Saltar sobre el miedo es reconocer que nos equivocamos cuando luchamos por cosas que solo tienen valor econ\u00f3mico, pero que no tienen un verdadero valor existencial humano.<\/p>\n<p>Cuando me comprometo con otros, cuando voy m\u00e1s all\u00e1 de mis problemas personales y me oriento a construir un mundo mejor, cuando redescubro la solidaridad por sobre el individualismo desenfrenado, cuando multiplico las acciones que no van en mi propio beneficio sino en el de otros, entonces salto por sobre mis temores.<\/p>\n<p>Salto por sobre el miedo cuando aplico esa antigua Regla de Oro que me propone tratar a los dem\u00e1s del modo que quiero ser tratado.<\/p>\n<p>Cuando rechazo los valores y prestigios de esta sociedad cruel, inhumana y materialista, para volver la mirada y el coraz\u00f3n hacia el otro ser humano: el an\u00f3nimo, el que sufre discriminaci\u00f3n.<\/p>\n<p>No existen falsos caminos para escapar de esta encrucijada hist\u00f3rica en la que las instituciones construidas en base al poder y la violencia se derrumban por inadecuadas al no adaptarse a un mundo que cambia.<\/p>\n<p>Silo, el fil\u00f3sofo y escritor latinoamericano a quien ya mencion\u00e9 antes, fundador de la corriente de pensamiento llamada Humanismo Universalista, habla en sus libros acerca de la posibilidad de que el sin-sentido de la vida se pueda convertir en sentido y plenitud para cada uno, sin limitaciones ni condicionamientos externos.<\/p>\n<p>Propone una espiritualidad que enfatiza en la alegr\u00eda, el amor al cuerpo, a la naturaleza, a la humanidad y al esp\u00edritu; una espiritualidad en la que lo terreno y lo eterno no se oponen.<\/p>\n<p>Silo nos habla de \u201cla revelaci\u00f3n interior a la que llega todo aquel que cuidadosamente medita en humilde b\u00fasqueda\u00bb.<\/p>\n<p>Nos plantea como desaf\u00edo \u00abaprender a resistir la violencia que hay dentro de nosotros y fuera de nosotros\u00bb.<\/p>\n<p>El mundo totalmente interconectado en el que estamos viviendo hoy hace posible y necesario avanzar hacia una civilizaci\u00f3n multicultural com\u00fan.<\/p>\n<p>La interacci\u00f3n entre las culturas y las naciones, los m\u00e9todos no violentos de transformaci\u00f3n social, la participaci\u00f3n real de las personas en la toma de decisiones socio-pol\u00edticas son la clave que permitir\u00e1 la integraci\u00f3n de las diversas comunidades como vanguardia de la naci\u00f3n humana universal.<\/p>\n<p>En definitiva, el miedo se supera tomando contacto con nuestra interioridad y sensibiliz\u00e1ndonos con el sufrimiento de los dem\u00e1s.<\/p>\n<p>El miedo retrocede cuando crece la fe en nosotros mismos, en el ser humano y en su destino.<\/p>\n<p>Este despertar de una nueva sensibilidad lleva al encuentro con la fuerza espiritual que vive en el fondo de nuestro coraz\u00f3n.<\/p>\n<p>Esa fuerza espiritual puede crecer y ganar cohesi\u00f3n cuando preferimos la reconciliaci\u00f3n a la ruptura, cuando levantamos el valor del otro, con su diversidad y su diferencia, cuando superamos lo que nos divide, a favor de un objetivo mayor.<\/p>\n<p>Ahora mismo podemos tomar contacto con esa Fuerza Interior. Podemos sentir nuestro coraz\u00f3n y preguntarnos:<\/p>\n<p>\u00bfEs importante que mi vida se oriente hacia colaborar con la gente cercana y querida?<\/p>\n<p>\u00bfEs importante para m\u00ed hacer todo lo posible para ayudar a mi pueblo a salir del sufrimiento?<\/p>\n<p>Entonces lo m\u00e1s importante es preguntarse cada uno:<\/p>\n<p>\u00bfQu\u00e9 estoy dispuesto a hacer para cambiar la direcci\u00f3n de mi vida?<\/p>\n<p>\u00bfQu\u00e9 estoy dispuesto a hacer para que mi pueblo, mi Creta, mi Grecia sea un mejor lugar para todos?<\/p>\n<p>Los dejo con esa reflexi\u00f3n.<\/p>\n<p>Muchas gracias\u00bb.<\/p>\n","protected":false},"excerpt":{"rendered":"<p>Reproducimos ac\u00e1 la charla TED-X Anogeia, pronunciada en Creta, Grecia, el\u00a0 8 Agosto 2015 por Tom\u00e1s Hirsch: \u00abHola a todos. Me siento profundamente conmovido por compartir con ustedes esta experiencia en este lugar sagrado. Soy uno de los Voceros del&hellip;<\/p>\n","protected":false},"author":18,"featured_media":209531,"comment_status":"closed","ping_status":"open","sticky":false,"template":"","format":"standard","meta":{"footnotes":""},"categories":[11389,1240,161],"tags":[1794,1344,542],"class_list":["post-209198","post","type-post","status-publish","format-standard","has-post-thumbnail","hentry","category-contenido-original","category-humanismo-espiritualidad","category-opiniones","tag-noviolencia-activa","tag-plebiscito","tag-silo"],"yoast_head":"<!-- This site is optimized with the Yoast SEO plugin v27.1.1 - https:\/\/yoast.com\/product\/yoast-seo-wordpress\/ -->\n<title>Tom\u00e1s Hirsch: Saltar por sobre el temor<\/title>\n<meta name=\"description\" content=\"Reproducimos ac\u00e1 la charla TED-X Anogeia, pronunciada en Creta, Grecia, el\u00a0 8 Agosto 2015 por Tom\u00e1s Hirsch: &quot;Hola a todos. Me siento profundamente\" \/>\n<meta name=\"robots\" content=\"index, follow, max-snippet:-1, max-image-preview:large, max-video-preview:-1\" \/>\n<link rel=\"canonical\" href=\"https:\/\/www.pressenza.com\/es\/2015\/08\/tomas-hirsch-saltar-por-sobre-el-temor\/\" \/>\n<meta property=\"og:locale\" content=\"es_ES\" \/>\n<meta property=\"og:type\" content=\"article\" \/>\n<meta property=\"og:title\" content=\"Tom\u00e1s Hirsch: Saltar por sobre el temor\" \/>\n<meta property=\"og:description\" content=\"Reproducimos ac\u00e1 la charla TED-X Anogeia, pronunciada en Creta, Grecia, el\u00a0 8 Agosto 2015 por Tom\u00e1s Hirsch: &quot;Hola a todos. Me siento profundamente\" \/>\n<meta property=\"og:url\" content=\"https:\/\/www.pressenza.com\/es\/2015\/08\/tomas-hirsch-saltar-por-sobre-el-temor\/\" \/>\n<meta property=\"og:site_name\" content=\"Pressenza\" \/>\n<meta property=\"article:publisher\" content=\"https:\/\/www.facebook.com\/PressenzaItalia\" \/>\n<meta property=\"article:published_time\" content=\"2015-08-09T23:48:03+00:00\" \/>\n<meta property=\"article:modified_time\" content=\"2016-05-07T15:56:15+00:00\" \/>\n<meta property=\"og:image\" content=\"https:\/\/www.pressenza.com\/wp-content\/uploads\/2015\/08\/Tom--s-Hirsch-Sauter-par-dessus-la-peur1.jpg\" \/>\n\t<meta property=\"og:image:width\" content=\"850\" \/>\n\t<meta property=\"og:image:height\" content=\"507\" \/>\n\t<meta property=\"og:image:type\" content=\"image\/jpeg\" \/>\n<meta name=\"author\" content=\"Tom\u00e1s Hirsch\" \/>\n<meta name=\"twitter:card\" content=\"summary_large_image\" \/>\n<meta name=\"twitter:creator\" content=\"@PressenzaIPA\" \/>\n<meta name=\"twitter:site\" content=\"@PressenzaIPA\" \/>\n<meta name=\"twitter:label1\" content=\"Escrito por\" \/>\n\t<meta name=\"twitter:data1\" content=\"Tom\u00e1s Hirsch\" \/>\n\t<meta name=\"twitter:label2\" content=\"Tiempo de lectura\" \/>\n\t<meta name=\"twitter:data2\" content=\"9 minutos\" \/>\n<script type=\"application\/ld+json\" class=\"yoast-schema-graph\">{\"@context\":\"https:\/\/schema.org\",\"@graph\":[{\"@type\":\"Article\",\"@id\":\"https:\/\/www.pressenza.com\/es\/2015\/08\/tomas-hirsch-saltar-por-sobre-el-temor\/#article\",\"isPartOf\":{\"@id\":\"https:\/\/www.pressenza.com\/es\/2015\/08\/tomas-hirsch-saltar-por-sobre-el-temor\/\"},\"author\":{\"name\":\"Tom\u00e1s Hirsch\",\"@id\":\"https:\/\/www.pressenza.com\/es\/#\/schema\/person\/410c2763d16d8c23bafdff4e19d0d35b\"},\"headline\":\"Tom\u00e1s Hirsch: Saltar por sobre el temor\",\"datePublished\":\"2015-08-09T23:48:03+00:00\",\"dateModified\":\"2016-05-07T15:56:15+00:00\",\"mainEntityOfPage\":{\"@id\":\"https:\/\/www.pressenza.com\/es\/2015\/08\/tomas-hirsch-saltar-por-sobre-el-temor\/\"},\"wordCount\":1762,\"publisher\":{\"@id\":\"https:\/\/www.pressenza.com\/es\/#organization\"},\"image\":{\"@id\":\"https:\/\/www.pressenza.com\/es\/2015\/08\/tomas-hirsch-saltar-por-sobre-el-temor\/#primaryimage\"},\"thumbnailUrl\":\"https:\/\/www.pressenza.com\/wp-content\/uploads\/2015\/08\/Tom--s-Hirsch-Sauter-par-dessus-la-peur1.jpg\",\"keywords\":[\"Noviolencia activa\",\"Plebiscito\",\"Silo\"],\"articleSection\":[\"Contenido Original\",\"Humanismo y Espiritualidad\",\"Opiniones\"],\"inLanguage\":\"es\"},{\"@type\":\"WebPage\",\"@id\":\"https:\/\/www.pressenza.com\/es\/2015\/08\/tomas-hirsch-saltar-por-sobre-el-temor\/\",\"url\":\"https:\/\/www.pressenza.com\/es\/2015\/08\/tomas-hirsch-saltar-por-sobre-el-temor\/\",\"name\":\"Tom\u00e1s Hirsch: Saltar por sobre el temor\",\"isPartOf\":{\"@id\":\"https:\/\/www.pressenza.com\/es\/#website\"},\"primaryImageOfPage\":{\"@id\":\"https:\/\/www.pressenza.com\/es\/2015\/08\/tomas-hirsch-saltar-por-sobre-el-temor\/#primaryimage\"},\"image\":{\"@id\":\"https:\/\/www.pressenza.com\/es\/2015\/08\/tomas-hirsch-saltar-por-sobre-el-temor\/#primaryimage\"},\"thumbnailUrl\":\"https:\/\/www.pressenza.com\/wp-content\/uploads\/2015\/08\/Tom--s-Hirsch-Sauter-par-dessus-la-peur1.jpg\",\"datePublished\":\"2015-08-09T23:48:03+00:00\",\"dateModified\":\"2016-05-07T15:56:15+00:00\",\"description\":\"Reproducimos ac\u00e1 la charla TED-X Anogeia, pronunciada en Creta, Grecia, el\u00a0 8 Agosto 2015 por Tom\u00e1s Hirsch: \\\"Hola a todos. Me siento profundamente\",\"breadcrumb\":{\"@id\":\"https:\/\/www.pressenza.com\/es\/2015\/08\/tomas-hirsch-saltar-por-sobre-el-temor\/#breadcrumb\"},\"inLanguage\":\"es\",\"potentialAction\":[{\"@type\":\"ReadAction\",\"target\":[\"https:\/\/www.pressenza.com\/es\/2015\/08\/tomas-hirsch-saltar-por-sobre-el-temor\/\"]}]},{\"@type\":\"ImageObject\",\"inLanguage\":\"es\",\"@id\":\"https:\/\/www.pressenza.com\/es\/2015\/08\/tomas-hirsch-saltar-por-sobre-el-temor\/#primaryimage\",\"url\":\"https:\/\/www.pressenza.com\/wp-content\/uploads\/2015\/08\/Tom--s-Hirsch-Sauter-par-dessus-la-peur1.jpg\",\"contentUrl\":\"https:\/\/www.pressenza.com\/wp-content\/uploads\/2015\/08\/Tom--s-Hirsch-Sauter-par-dessus-la-peur1.jpg\",\"width\":850,\"height\":507},{\"@type\":\"BreadcrumbList\",\"@id\":\"https:\/\/www.pressenza.com\/es\/2015\/08\/tomas-hirsch-saltar-por-sobre-el-temor\/#breadcrumb\",\"itemListElement\":[{\"@type\":\"ListItem\",\"position\":1,\"name\":\"Accueil\",\"item\":\"https:\/\/www.pressenza.com\/es\/\"},{\"@type\":\"ListItem\",\"position\":2,\"name\":\"Tom\u00e1s Hirsch: Saltar por sobre el temor\"}]},{\"@type\":\"WebSite\",\"@id\":\"https:\/\/www.pressenza.com\/es\/#website\",\"url\":\"https:\/\/www.pressenza.com\/es\/\",\"name\":\"Pressenza\",\"description\":\"International Press Agency\",\"publisher\":{\"@id\":\"https:\/\/www.pressenza.com\/es\/#organization\"},\"potentialAction\":[{\"@type\":\"SearchAction\",\"target\":{\"@type\":\"EntryPoint\",\"urlTemplate\":\"https:\/\/www.pressenza.com\/es\/?s={search_term_string}\"},\"query-input\":{\"@type\":\"PropertyValueSpecification\",\"valueRequired\":true,\"valueName\":\"search_term_string\"}}],\"inLanguage\":\"es\"},{\"@type\":\"Organization\",\"@id\":\"https:\/\/www.pressenza.com\/es\/#organization\",\"name\":\"Pressenza\",\"url\":\"https:\/\/www.pressenza.com\/es\/\",\"logo\":{\"@type\":\"ImageObject\",\"inLanguage\":\"es\",\"@id\":\"https:\/\/www.pressenza.com\/es\/#\/schema\/logo\/image\/\",\"url\":\"https:\/\/www.pressenza.com\/wp-content\/uploads\/2022\/10\/pressenza_logo_200x200.jpg\",\"contentUrl\":\"https:\/\/www.pressenza.com\/wp-content\/uploads\/2022\/10\/pressenza_logo_200x200.jpg\",\"width\":200,\"height\":200,\"caption\":\"Pressenza\"},\"image\":{\"@id\":\"https:\/\/www.pressenza.com\/es\/#\/schema\/logo\/image\/\"},\"sameAs\":[\"https:\/\/www.facebook.com\/PressenzaItalia\",\"https:\/\/x.com\/PressenzaIPA\"]},{\"@type\":\"Person\",\"@id\":\"https:\/\/www.pressenza.com\/es\/#\/schema\/person\/410c2763d16d8c23bafdff4e19d0d35b\",\"name\":\"Tom\u00e1s Hirsch\",\"description\":\"Tom\u00e1s lives in Santiago de Chile. He has been a member of the Humanist Party since its inception in 1985 and resigned in 2020. He was the spokesperson for New Humanism in Latin America and was twice a presidential candidate for the Chilean left-wing parties. He is currently one of the most progressive Chilean deputies.\",\"url\":\"https:\/\/www.pressenza.com\/es\/author\/tomas-hirsch\/\"}]}<\/script>\n<!-- \/ Yoast SEO plugin. -->","yoast_head_json":{"title":"Tom\u00e1s Hirsch: Saltar por sobre el temor","description":"Reproducimos ac\u00e1 la charla TED-X Anogeia, pronunciada en Creta, Grecia, el\u00a0 8 Agosto 2015 por Tom\u00e1s Hirsch: \"Hola a todos. Me siento profundamente","robots":{"index":"index","follow":"follow","max-snippet":"max-snippet:-1","max-image-preview":"max-image-preview:large","max-video-preview":"max-video-preview:-1"},"canonical":"https:\/\/www.pressenza.com\/es\/2015\/08\/tomas-hirsch-saltar-por-sobre-el-temor\/","og_locale":"es_ES","og_type":"article","og_title":"Tom\u00e1s Hirsch: Saltar por sobre el temor","og_description":"Reproducimos ac\u00e1 la charla TED-X Anogeia, pronunciada en Creta, Grecia, el\u00a0 8 Agosto 2015 por Tom\u00e1s Hirsch: \"Hola a todos. Me siento profundamente","og_url":"https:\/\/www.pressenza.com\/es\/2015\/08\/tomas-hirsch-saltar-por-sobre-el-temor\/","og_site_name":"Pressenza","article_publisher":"https:\/\/www.facebook.com\/PressenzaItalia","article_published_time":"2015-08-09T23:48:03+00:00","article_modified_time":"2016-05-07T15:56:15+00:00","og_image":[{"width":850,"height":507,"url":"https:\/\/www.pressenza.com\/wp-content\/uploads\/2015\/08\/Tom--s-Hirsch-Sauter-par-dessus-la-peur1.jpg","type":"image\/jpeg"}],"author":"Tom\u00e1s Hirsch","twitter_card":"summary_large_image","twitter_creator":"@PressenzaIPA","twitter_site":"@PressenzaIPA","twitter_misc":{"Escrito por":"Tom\u00e1s Hirsch","Tiempo de lectura":"9 minutos"},"schema":{"@context":"https:\/\/schema.org","@graph":[{"@type":"Article","@id":"https:\/\/www.pressenza.com\/es\/2015\/08\/tomas-hirsch-saltar-por-sobre-el-temor\/#article","isPartOf":{"@id":"https:\/\/www.pressenza.com\/es\/2015\/08\/tomas-hirsch-saltar-por-sobre-el-temor\/"},"author":{"name":"Tom\u00e1s Hirsch","@id":"https:\/\/www.pressenza.com\/es\/#\/schema\/person\/410c2763d16d8c23bafdff4e19d0d35b"},"headline":"Tom\u00e1s Hirsch: Saltar por sobre el temor","datePublished":"2015-08-09T23:48:03+00:00","dateModified":"2016-05-07T15:56:15+00:00","mainEntityOfPage":{"@id":"https:\/\/www.pressenza.com\/es\/2015\/08\/tomas-hirsch-saltar-por-sobre-el-temor\/"},"wordCount":1762,"publisher":{"@id":"https:\/\/www.pressenza.com\/es\/#organization"},"image":{"@id":"https:\/\/www.pressenza.com\/es\/2015\/08\/tomas-hirsch-saltar-por-sobre-el-temor\/#primaryimage"},"thumbnailUrl":"https:\/\/www.pressenza.com\/wp-content\/uploads\/2015\/08\/Tom--s-Hirsch-Sauter-par-dessus-la-peur1.jpg","keywords":["Noviolencia activa","Plebiscito","Silo"],"articleSection":["Contenido Original","Humanismo y Espiritualidad","Opiniones"],"inLanguage":"es"},{"@type":"WebPage","@id":"https:\/\/www.pressenza.com\/es\/2015\/08\/tomas-hirsch-saltar-por-sobre-el-temor\/","url":"https:\/\/www.pressenza.com\/es\/2015\/08\/tomas-hirsch-saltar-por-sobre-el-temor\/","name":"Tom\u00e1s Hirsch: Saltar por sobre el temor","isPartOf":{"@id":"https:\/\/www.pressenza.com\/es\/#website"},"primaryImageOfPage":{"@id":"https:\/\/www.pressenza.com\/es\/2015\/08\/tomas-hirsch-saltar-por-sobre-el-temor\/#primaryimage"},"image":{"@id":"https:\/\/www.pressenza.com\/es\/2015\/08\/tomas-hirsch-saltar-por-sobre-el-temor\/#primaryimage"},"thumbnailUrl":"https:\/\/www.pressenza.com\/wp-content\/uploads\/2015\/08\/Tom--s-Hirsch-Sauter-par-dessus-la-peur1.jpg","datePublished":"2015-08-09T23:48:03+00:00","dateModified":"2016-05-07T15:56:15+00:00","description":"Reproducimos ac\u00e1 la charla TED-X Anogeia, pronunciada en Creta, Grecia, el\u00a0 8 Agosto 2015 por Tom\u00e1s Hirsch: \"Hola a todos. Me siento profundamente","breadcrumb":{"@id":"https:\/\/www.pressenza.com\/es\/2015\/08\/tomas-hirsch-saltar-por-sobre-el-temor\/#breadcrumb"},"inLanguage":"es","potentialAction":[{"@type":"ReadAction","target":["https:\/\/www.pressenza.com\/es\/2015\/08\/tomas-hirsch-saltar-por-sobre-el-temor\/"]}]},{"@type":"ImageObject","inLanguage":"es","@id":"https:\/\/www.pressenza.com\/es\/2015\/08\/tomas-hirsch-saltar-por-sobre-el-temor\/#primaryimage","url":"https:\/\/www.pressenza.com\/wp-content\/uploads\/2015\/08\/Tom--s-Hirsch-Sauter-par-dessus-la-peur1.jpg","contentUrl":"https:\/\/www.pressenza.com\/wp-content\/uploads\/2015\/08\/Tom--s-Hirsch-Sauter-par-dessus-la-peur1.jpg","width":850,"height":507},{"@type":"BreadcrumbList","@id":"https:\/\/www.pressenza.com\/es\/2015\/08\/tomas-hirsch-saltar-por-sobre-el-temor\/#breadcrumb","itemListElement":[{"@type":"ListItem","position":1,"name":"Accueil","item":"https:\/\/www.pressenza.com\/es\/"},{"@type":"ListItem","position":2,"name":"Tom\u00e1s Hirsch: Saltar por sobre el temor"}]},{"@type":"WebSite","@id":"https:\/\/www.pressenza.com\/es\/#website","url":"https:\/\/www.pressenza.com\/es\/","name":"Pressenza","description":"International Press Agency","publisher":{"@id":"https:\/\/www.pressenza.com\/es\/#organization"},"potentialAction":[{"@type":"SearchAction","target":{"@type":"EntryPoint","urlTemplate":"https:\/\/www.pressenza.com\/es\/?s={search_term_string}"},"query-input":{"@type":"PropertyValueSpecification","valueRequired":true,"valueName":"search_term_string"}}],"inLanguage":"es"},{"@type":"Organization","@id":"https:\/\/www.pressenza.com\/es\/#organization","name":"Pressenza","url":"https:\/\/www.pressenza.com\/es\/","logo":{"@type":"ImageObject","inLanguage":"es","@id":"https:\/\/www.pressenza.com\/es\/#\/schema\/logo\/image\/","url":"https:\/\/www.pressenza.com\/wp-content\/uploads\/2022\/10\/pressenza_logo_200x200.jpg","contentUrl":"https:\/\/www.pressenza.com\/wp-content\/uploads\/2022\/10\/pressenza_logo_200x200.jpg","width":200,"height":200,"caption":"Pressenza"},"image":{"@id":"https:\/\/www.pressenza.com\/es\/#\/schema\/logo\/image\/"},"sameAs":["https:\/\/www.facebook.com\/PressenzaItalia","https:\/\/x.com\/PressenzaIPA"]},{"@type":"Person","@id":"https:\/\/www.pressenza.com\/es\/#\/schema\/person\/410c2763d16d8c23bafdff4e19d0d35b","name":"Tom\u00e1s Hirsch","description":"Tom\u00e1s lives in Santiago de Chile. He has been a member of the Humanist Party since its inception in 1985 and resigned in 2020. He was the spokesperson for New Humanism in Latin America and was twice a presidential candidate for the Chilean left-wing parties. He is currently one of the most progressive Chilean deputies.","url":"https:\/\/www.pressenza.com\/es\/author\/tomas-hirsch\/"}]}},"place":"Creta, Grecia","original_article_url":"","_links":{"self":[{"href":"https:\/\/www.pressenza.com\/es\/wp-json\/wp\/v2\/posts\/209198","targetHints":{"allow":["GET"]}}],"collection":[{"href":"https:\/\/www.pressenza.com\/es\/wp-json\/wp\/v2\/posts"}],"about":[{"href":"https:\/\/www.pressenza.com\/es\/wp-json\/wp\/v2\/types\/post"}],"author":[{"embeddable":true,"href":"https:\/\/www.pressenza.com\/es\/wp-json\/wp\/v2\/users\/18"}],"replies":[{"embeddable":true,"href":"https:\/\/www.pressenza.com\/es\/wp-json\/wp\/v2\/comments?post=209198"}],"version-history":[{"count":0,"href":"https:\/\/www.pressenza.com\/es\/wp-json\/wp\/v2\/posts\/209198\/revisions"}],"wp:featuredmedia":[{"embeddable":true,"href":"https:\/\/www.pressenza.com\/es\/wp-json\/wp\/v2\/media\/209531"}],"wp:attachment":[{"href":"https:\/\/www.pressenza.com\/es\/wp-json\/wp\/v2\/media?parent=209198"}],"wp:term":[{"taxonomy":"category","embeddable":true,"href":"https:\/\/www.pressenza.com\/es\/wp-json\/wp\/v2\/categories?post=209198"},{"taxonomy":"post_tag","embeddable":true,"href":"https:\/\/www.pressenza.com\/es\/wp-json\/wp\/v2\/tags?post=209198"}],"curies":[{"name":"wp","href":"https:\/\/api.w.org\/{rel}","templated":true}]}}