{"id":208600,"date":"2015-08-07T12:58:51","date_gmt":"2015-08-07T11:58:51","guid":{"rendered":"http:\/\/www.pressenza.com\/?p=208600"},"modified":"2015-08-07T22:15:19","modified_gmt":"2015-08-07T21:15:19","slug":"lof-mapuce-campo-maripe-derechos-confirmados","status":"publish","type":"post","link":"https:\/\/www.pressenza.com\/es\/2015\/08\/lof-mapuce-campo-maripe-derechos-confirmados\/","title":{"rendered":"Lof Mapuce Campo Maripe: derechos confirmados"},"content":{"rendered":"<p>De <em><a href=\"http:\/\/www.8300.com.ar\/\">8300Web<\/a><\/em>. Informe hist\u00f3rico-antropol\u00f3gico comprob\u00f3 que la comunidad mapuce sostiene una ocupaci\u00f3n ancestral y actual en 11.000 hect\u00e1reas. Ese territorio coincide con el \u00e1rea petrolera Loma Campana donde YPF y Chevron extraen hidrocarburos mediante la t\u00e9cnica experimental del fracking (hidrofractura).<\/p>\n<p>Los resultados de las 247 p\u00e1ginas, firmadas por la antrop\u00f3loga Jorgelina Villareal y por Luisa Meza Huencho, fueron presentados el lunes en una conferencia de prensa convocada por la comunidad Campo Maripe, la Confederaci\u00f3n Mapuce y algunos integrantes del equipo t\u00e9cnico.<\/p>\n<p>El informe antropol\u00f3gico es parte del relevamiento acordado con el gobierno provincial en octubre pasado en el marco de la Ley 26.160.\u00a0El equipo t\u00e9cnico interdisciplinario est\u00e1 formado por profesionales tanto del ejecutivo provincial como de la comunidad, <em>todas y todos trabajaron en la elaboraci\u00f3n de un mismo\u00a0informe<\/em>, y su trabajo fue costeado por el Estado provincial. Los y las integrantes del grupo trabajaron los 9 meses que llev\u00f3 el relevamiento en la misma l\u00ednea, pero en el momento de las conclusiones finales surgieron diferencias en la interpretaci\u00f3n.<\/p>\n<p>Como expres\u00f3 la Confederaci\u00f3n Mapuce en un comunicado:\u00a0<em>\u201cCuando ya todo estaba finalizado, surgi\u00f3 un inesperado cambio de rumbo en la posici\u00f3n del gobierno provincial y el intento de reconocimiento territorial comprometido, se transform\u00f3 en una negaci\u00f3n de los resultados del Relevamiento realizado\u201c.<\/em><\/p>\n<p>La conferencia de prensa y la difusi\u00f3n del \u201cInforme Hist\u00f3rico Antropol\u00f3gico\u201d fueron la respuesta de la comunidad a las declaraciones del ministro de Coordinaci\u00f3n del Interior, Jorge Lara, quien el viernes hab\u00eda informado que \u201cno surgieron antecedentes objetivos que avalaran un reconocimiento de propiedad de la tierra reclamada sobre la zona de la meseta\u201d. El funcionario hab\u00eda realizado esas indicaciones en una reuni\u00f3n a la que se lleg\u00f3\u00a0luego de que la comunidad cortar\u00e1 el acceso al yacimiento petrolero reclamando por la demora en la entrega del relevamiento territorial.<\/p>\n<p>El informe difundido por las organizaciones mapuce recorre una serie de antecendentes que\u00a0<em>dan cuenta de la presencia de los ancestros de la comunidad Campo Maripe desde 1927 en el lugar disputado.<\/em> El Ejecutivo, en tanto, todav\u00eda no puso a disposici\u00f3n la versi\u00f3n oficial del informe.<\/p>\n<div id=\"attachment_208743\" class=\"wp-caption alignnone\"><a href=\"http:\/\/www.pressenza.com\/wp-content\/uploads\/2015\/08\/campo-maripe.jpg\"><img loading=\"lazy\" decoding=\"async\" aria-describedby=\"caption-attachment-208743\" class=\"size-large wp-image-208743\" src=\"http:\/\/www.pressenza.com\/wp-content\/uploads\/2015\/08\/campo-maripe-720x478.jpg\" alt=\"Lof Campo Maripe. Reclaman en Loma Campana que no se avance sobre su territorio.\" width=\"720\" height=\"478\" srcset=\"https:\/\/www.pressenza.com\/wp-content\/uploads\/2015\/08\/campo-maripe-720x478.jpg 720w, https:\/\/www.pressenza.com\/wp-content\/uploads\/2015\/08\/campo-maripe-300x199.jpg 300w\" sizes=\"auto, (max-width: 720px) 100vw, 720px\" \/><\/a><p id=\"caption-attachment-208743\" class=\"wp-caption-text\">Lof Campo Maripe. Reclaman en Loma Campana que no se avance sobre su territorio.<\/p><\/div>\n<p>La investigaci\u00f3n presentada el lunes precisa que \u201ca partir de 1927, seg\u00fan la documentaci\u00f3n ya se hallan viviendo en la zona de A\u00f1elo, donde nacer\u00e1n sus hijas e hijos restantes. Es a partir de esa fecha que Pedro Campo y Celmira Maripe se radican definitivamente en la zona de Fort\u00edn Vanguardia, paraje cercano a A\u00f1elo, en el Territorio Nacional del Neuqu\u00e9n\u201d. Es justamente ese \u00e1rea de residencia el que constituye el territorio ancestral del Lof Campo Maripe, indica la investigaci\u00f3n.<\/p>\n<p>Adem\u00e1s, aporta otra informaci\u00f3n que sirve para dar cuenta de la hist\u00f3rica presencia de la familia Campo Maripe en el lugar.<strong><em>\u00a0<\/em><\/strong><em>\u201cEn el a\u00f1o 1941, Pedro Campo es reconocido como el \u2018\u00fanico ocupante del lote 15 fracci\u00f3n D XXVIII\u2019. En base a eso se le cobra su deuda de pastaje con el Estado Nacional que se calcula desde el a\u00f1o 1927, y que como puede apreciarse en la documentaci\u00f3n obrante, \u00e9l regulariza\u201d.<\/em><\/p>\n<p><strong>El relevamiento territorial y la historia mapuce en Neuqu\u00e9n<\/strong><\/p>\n<p><em>La ley 26.160 aprobada en 2006 establece la realizaci\u00f3n de un relevamiento de las tierras actuales y tradicionales de las comunidades ind\u00edgenas de Argentina.<\/em>\u00a0La demora de las mensuras en Neuqu\u00e9n se debi\u00f3 a la reticencias del Ejecutivo provincial, que reci\u00e9n en 2013 dio inicio a las mismas. Negoci\u00f3 para ello dos condiciones con el gobierno nacional: que se relevaran s\u00f3lo las tierras de uso actual -descart\u00e1ndose el uso tradicional- y que el Instituto Nacional de Asuntos Ind\u00edgenas (INAI) no reconociera nuevas comunidades en la provincia.<\/p>\n<p>En octubre de 2014 la comunidad Campo Maripe mediante el\u00a0 bloqueo de los accesos al \u00e1rea hidrocarbur\u00edfera Loma Campana logr\u00f3, adem\u00e1s del relevamiento, el reconocimiento como comunidad por parte de la provincia.\u00a0<em>Neuqu\u00e9n hac\u00eda m\u00e1s de una d\u00e9cada que no reconoc\u00eda comunidades.<\/em>\u00a0<em>Por su parte, la comunidad asegur\u00f3 \u201cpaz social\u201d<\/em>.<\/p>\n<p>Reci\u00e9n asumida \u00a0su primera gobernaci\u00f3n, Felipe Sapag reconoci\u00f3 \u201creservas\u201d en beneficio de 21 \u201cagrupaciones\u201d. Transcurrieron m\u00e1s de cincuenta a\u00f1os y todav\u00eda la mayor\u00eda de esas comunidades no poseen la titularidad.<\/p>\n<p><a href=\"http:\/\/www.8300.com.ar\/wp-content\/uploads\/2015\/08\/Informe-Hist%C3%B3rico-Antropol%C3%B3gico-presentado.pdf\">Informe hist\u00f3rico antropol\u00f3gico presentado<\/a><\/p>\n","protected":false},"excerpt":{"rendered":"<p>De 8300Web. Informe hist\u00f3rico-antropol\u00f3gico comprob\u00f3 que la comunidad mapuce sostiene una ocupaci\u00f3n ancestral y actual en 11.000 hect\u00e1reas. Ese territorio coincide con el \u00e1rea petrolera Loma Campana donde YPF y Chevron extraen hidrocarburos mediante la t\u00e9cnica experimental del fracking (hidrofractura).&hellip;<\/p>\n","protected":false},"author":389,"featured_media":208727,"comment_status":"closed","ping_status":"open","sticky":false,"template":"","format":"standard","meta":{"footnotes":""},"categories":[79,1241,74,80,67],"tags":[18997,3078,22210,18998,18507],"class_list":["post-208600","post","type-post","status-publish","format-standard","has-post-thumbnail","hentry","category-derechos-humanos","category-diversidad","category-politica-es","category-pueblos-originarios","category-sudamerica","tag-neuquen","tag-pueblo-mapuche","tag-pueblos-originarios","tag-relevamiento-territorial","tag-territorios"],"yoast_head":"<!-- This site is optimized with the Yoast SEO plugin v27.1.1 - https:\/\/yoast.com\/product\/yoast-seo-wordpress\/ -->\n<title>Lof Mapuce Campo Maripe: derechos confirmados<\/title>\n<meta name=\"description\" content=\"De 8300Web. Informe hist\u00f3rico-antropol\u00f3gico comprob\u00f3 que la comunidad mapuce sostiene una ocupaci\u00f3n ancestral y actual en 11.000 hect\u00e1reas. Ese territorio\" \/>\n<meta name=\"robots\" content=\"index, follow, max-snippet:-1, max-image-preview:large, max-video-preview:-1\" \/>\n<link rel=\"canonical\" href=\"https:\/\/www.pressenza.com\/es\/2015\/08\/lof-mapuce-campo-maripe-derechos-confirmados\/\" \/>\n<meta property=\"og:locale\" content=\"es_ES\" \/>\n<meta property=\"og:type\" content=\"article\" \/>\n<meta property=\"og:title\" content=\"Lof Mapuce Campo Maripe: derechos confirmados\" \/>\n<meta property=\"og:description\" content=\"De 8300Web. Informe hist\u00f3rico-antropol\u00f3gico comprob\u00f3 que la comunidad mapuce sostiene una ocupaci\u00f3n ancestral y actual en 11.000 hect\u00e1reas. Ese territorio\" \/>\n<meta property=\"og:url\" content=\"https:\/\/www.pressenza.com\/es\/2015\/08\/lof-mapuce-campo-maripe-derechos-confirmados\/\" \/>\n<meta property=\"og:site_name\" content=\"Pressenza\" \/>\n<meta property=\"article:publisher\" content=\"https:\/\/www.facebook.com\/PressenzaItalia\" \/>\n<meta property=\"article:author\" content=\"https:\/\/www.facebook.com\/ConvergenceOfCultures?fref=ts\" \/>\n<meta property=\"article:published_time\" content=\"2015-08-07T11:58:51+00:00\" \/>\n<meta property=\"article:modified_time\" content=\"2015-08-07T21:15:19+00:00\" \/>\n<meta property=\"og:image\" content=\"https:\/\/www.pressenza.com\/wp-content\/uploads\/2015\/08\/Campo-Maripe-Conferencia.jpg\" \/>\n\t<meta property=\"og:image:width\" content=\"960\" \/>\n\t<meta property=\"og:image:height\" content=\"666\" \/>\n\t<meta property=\"og:image:type\" content=\"image\/jpeg\" \/>\n<meta name=\"author\" content=\"Convergencia de las Culturas\" \/>\n<meta name=\"twitter:card\" content=\"summary_large_image\" \/>\n<meta name=\"twitter:creator\" content=\"@PressenzaIPA\" \/>\n<meta name=\"twitter:site\" content=\"@PressenzaIPA\" \/>\n<meta name=\"twitter:label1\" content=\"Escrito por\" \/>\n\t<meta name=\"twitter:data1\" content=\"Convergencia de las Culturas\" \/>\n\t<meta name=\"twitter:label2\" content=\"Tiempo de lectura\" \/>\n\t<meta name=\"twitter:data2\" content=\"4 minutos\" \/>\n<script type=\"application\/ld+json\" class=\"yoast-schema-graph\">{\"@context\":\"https:\/\/schema.org\",\"@graph\":[{\"@type\":\"Article\",\"@id\":\"https:\/\/www.pressenza.com\/es\/2015\/08\/lof-mapuce-campo-maripe-derechos-confirmados\/#article\",\"isPartOf\":{\"@id\":\"https:\/\/www.pressenza.com\/es\/2015\/08\/lof-mapuce-campo-maripe-derechos-confirmados\/\"},\"author\":{\"name\":\"Convergencia de las Culturas\",\"@id\":\"https:\/\/www.pressenza.com\/es\/#\/schema\/person\/38598fb70b9162100457e7983ae8b548\"},\"headline\":\"Lof Mapuce Campo Maripe: derechos confirmados\",\"datePublished\":\"2015-08-07T11:58:51+00:00\",\"dateModified\":\"2015-08-07T21:15:19+00:00\",\"mainEntityOfPage\":{\"@id\":\"https:\/\/www.pressenza.com\/es\/2015\/08\/lof-mapuce-campo-maripe-derechos-confirmados\/\"},\"wordCount\":758,\"publisher\":{\"@id\":\"https:\/\/www.pressenza.com\/es\/#organization\"},\"image\":{\"@id\":\"https:\/\/www.pressenza.com\/es\/2015\/08\/lof-mapuce-campo-maripe-derechos-confirmados\/#primaryimage\"},\"thumbnailUrl\":\"https:\/\/www.pressenza.com\/wp-content\/uploads\/2015\/08\/Campo-Maripe-Conferencia.jpg\",\"keywords\":[\"Neuqu\u00e9n\",\"Pueblo Mapuche\",\"Pueblos Originarios\",\"Relevamiento territorial\",\"territorios\"],\"articleSection\":[\"Derechos Humanos\",\"Diversidad\",\"Pol\u00edtica\",\"Pueblos Originarios\",\"Sudam\u00e9rica\"],\"inLanguage\":\"es\"},{\"@type\":\"WebPage\",\"@id\":\"https:\/\/www.pressenza.com\/es\/2015\/08\/lof-mapuce-campo-maripe-derechos-confirmados\/\",\"url\":\"https:\/\/www.pressenza.com\/es\/2015\/08\/lof-mapuce-campo-maripe-derechos-confirmados\/\",\"name\":\"Lof Mapuce Campo Maripe: derechos confirmados\",\"isPartOf\":{\"@id\":\"https:\/\/www.pressenza.com\/es\/#website\"},\"primaryImageOfPage\":{\"@id\":\"https:\/\/www.pressenza.com\/es\/2015\/08\/lof-mapuce-campo-maripe-derechos-confirmados\/#primaryimage\"},\"image\":{\"@id\":\"https:\/\/www.pressenza.com\/es\/2015\/08\/lof-mapuce-campo-maripe-derechos-confirmados\/#primaryimage\"},\"thumbnailUrl\":\"https:\/\/www.pressenza.com\/wp-content\/uploads\/2015\/08\/Campo-Maripe-Conferencia.jpg\",\"datePublished\":\"2015-08-07T11:58:51+00:00\",\"dateModified\":\"2015-08-07T21:15:19+00:00\",\"description\":\"De 8300Web. Informe hist\u00f3rico-antropol\u00f3gico comprob\u00f3 que la comunidad mapuce sostiene una ocupaci\u00f3n ancestral y actual en 11.000 hect\u00e1reas. Ese territorio\",\"breadcrumb\":{\"@id\":\"https:\/\/www.pressenza.com\/es\/2015\/08\/lof-mapuce-campo-maripe-derechos-confirmados\/#breadcrumb\"},\"inLanguage\":\"es\",\"potentialAction\":[{\"@type\":\"ReadAction\",\"target\":[\"https:\/\/www.pressenza.com\/es\/2015\/08\/lof-mapuce-campo-maripe-derechos-confirmados\/\"]}]},{\"@type\":\"ImageObject\",\"inLanguage\":\"es\",\"@id\":\"https:\/\/www.pressenza.com\/es\/2015\/08\/lof-mapuce-campo-maripe-derechos-confirmados\/#primaryimage\",\"url\":\"https:\/\/www.pressenza.com\/wp-content\/uploads\/2015\/08\/Campo-Maripe-Conferencia.jpg\",\"contentUrl\":\"https:\/\/www.pressenza.com\/wp-content\/uploads\/2015\/08\/Campo-Maripe-Conferencia.jpg\",\"width\":960,\"height\":666},{\"@type\":\"BreadcrumbList\",\"@id\":\"https:\/\/www.pressenza.com\/es\/2015\/08\/lof-mapuce-campo-maripe-derechos-confirmados\/#breadcrumb\",\"itemListElement\":[{\"@type\":\"ListItem\",\"position\":1,\"name\":\"Accueil\",\"item\":\"https:\/\/www.pressenza.com\/es\/\"},{\"@type\":\"ListItem\",\"position\":2,\"name\":\"Lof Mapuce Campo Maripe: derechos confirmados\"}]},{\"@type\":\"WebSite\",\"@id\":\"https:\/\/www.pressenza.com\/es\/#website\",\"url\":\"https:\/\/www.pressenza.com\/es\/\",\"name\":\"Pressenza\",\"description\":\"International Press Agency\",\"publisher\":{\"@id\":\"https:\/\/www.pressenza.com\/es\/#organization\"},\"potentialAction\":[{\"@type\":\"SearchAction\",\"target\":{\"@type\":\"EntryPoint\",\"urlTemplate\":\"https:\/\/www.pressenza.com\/es\/?s={search_term_string}\"},\"query-input\":{\"@type\":\"PropertyValueSpecification\",\"valueRequired\":true,\"valueName\":\"search_term_string\"}}],\"inLanguage\":\"es\"},{\"@type\":\"Organization\",\"@id\":\"https:\/\/www.pressenza.com\/es\/#organization\",\"name\":\"Pressenza\",\"url\":\"https:\/\/www.pressenza.com\/es\/\",\"logo\":{\"@type\":\"ImageObject\",\"inLanguage\":\"es\",\"@id\":\"https:\/\/www.pressenza.com\/es\/#\/schema\/logo\/image\/\",\"url\":\"https:\/\/www.pressenza.com\/wp-content\/uploads\/2022\/10\/pressenza_logo_200x200.jpg\",\"contentUrl\":\"https:\/\/www.pressenza.com\/wp-content\/uploads\/2022\/10\/pressenza_logo_200x200.jpg\",\"width\":200,\"height\":200,\"caption\":\"Pressenza\"},\"image\":{\"@id\":\"https:\/\/www.pressenza.com\/es\/#\/schema\/logo\/image\/\"},\"sameAs\":[\"https:\/\/www.facebook.com\/PressenzaItalia\",\"https:\/\/x.com\/PressenzaIPA\"]},{\"@type\":\"Person\",\"@id\":\"https:\/\/www.pressenza.com\/es\/#\/schema\/person\/38598fb70b9162100457e7983ae8b548\",\"name\":\"Convergencia de las Culturas\",\"description\":\"Convergence of Cultures is an organism that is part of the Humanist Movement. Its mission is: 1. To facilitate and stimulate dialogue between cultures. 2. To fight discrimination and violence. 3. To take its proposal to all latitudes. www.convergenceofcultures.org\",\"sameAs\":[\"https:\/\/www.facebook.com\/ConvergenceOfCultures?fref=ts\"],\"url\":\"https:\/\/www.pressenza.com\/es\/author\/convergencia-de-las-culturas\/\"}]}<\/script>\n<!-- \/ Yoast SEO plugin. -->","yoast_head_json":{"title":"Lof Mapuce Campo Maripe: derechos confirmados","description":"De 8300Web. Informe hist\u00f3rico-antropol\u00f3gico comprob\u00f3 que la comunidad mapuce sostiene una ocupaci\u00f3n ancestral y actual en 11.000 hect\u00e1reas. Ese territorio","robots":{"index":"index","follow":"follow","max-snippet":"max-snippet:-1","max-image-preview":"max-image-preview:large","max-video-preview":"max-video-preview:-1"},"canonical":"https:\/\/www.pressenza.com\/es\/2015\/08\/lof-mapuce-campo-maripe-derechos-confirmados\/","og_locale":"es_ES","og_type":"article","og_title":"Lof Mapuce Campo Maripe: derechos confirmados","og_description":"De 8300Web. Informe hist\u00f3rico-antropol\u00f3gico comprob\u00f3 que la comunidad mapuce sostiene una ocupaci\u00f3n ancestral y actual en 11.000 hect\u00e1reas. Ese territorio","og_url":"https:\/\/www.pressenza.com\/es\/2015\/08\/lof-mapuce-campo-maripe-derechos-confirmados\/","og_site_name":"Pressenza","article_publisher":"https:\/\/www.facebook.com\/PressenzaItalia","article_author":"https:\/\/www.facebook.com\/ConvergenceOfCultures?fref=ts","article_published_time":"2015-08-07T11:58:51+00:00","article_modified_time":"2015-08-07T21:15:19+00:00","og_image":[{"width":960,"height":666,"url":"https:\/\/www.pressenza.com\/wp-content\/uploads\/2015\/08\/Campo-Maripe-Conferencia.jpg","type":"image\/jpeg"}],"author":"Convergencia de las Culturas","twitter_card":"summary_large_image","twitter_creator":"@PressenzaIPA","twitter_site":"@PressenzaIPA","twitter_misc":{"Escrito por":"Convergencia de las Culturas","Tiempo de lectura":"4 minutos"},"schema":{"@context":"https:\/\/schema.org","@graph":[{"@type":"Article","@id":"https:\/\/www.pressenza.com\/es\/2015\/08\/lof-mapuce-campo-maripe-derechos-confirmados\/#article","isPartOf":{"@id":"https:\/\/www.pressenza.com\/es\/2015\/08\/lof-mapuce-campo-maripe-derechos-confirmados\/"},"author":{"name":"Convergencia de las Culturas","@id":"https:\/\/www.pressenza.com\/es\/#\/schema\/person\/38598fb70b9162100457e7983ae8b548"},"headline":"Lof Mapuce Campo Maripe: derechos confirmados","datePublished":"2015-08-07T11:58:51+00:00","dateModified":"2015-08-07T21:15:19+00:00","mainEntityOfPage":{"@id":"https:\/\/www.pressenza.com\/es\/2015\/08\/lof-mapuce-campo-maripe-derechos-confirmados\/"},"wordCount":758,"publisher":{"@id":"https:\/\/www.pressenza.com\/es\/#organization"},"image":{"@id":"https:\/\/www.pressenza.com\/es\/2015\/08\/lof-mapuce-campo-maripe-derechos-confirmados\/#primaryimage"},"thumbnailUrl":"https:\/\/www.pressenza.com\/wp-content\/uploads\/2015\/08\/Campo-Maripe-Conferencia.jpg","keywords":["Neuqu\u00e9n","Pueblo Mapuche","Pueblos Originarios","Relevamiento territorial","territorios"],"articleSection":["Derechos Humanos","Diversidad","Pol\u00edtica","Pueblos Originarios","Sudam\u00e9rica"],"inLanguage":"es"},{"@type":"WebPage","@id":"https:\/\/www.pressenza.com\/es\/2015\/08\/lof-mapuce-campo-maripe-derechos-confirmados\/","url":"https:\/\/www.pressenza.com\/es\/2015\/08\/lof-mapuce-campo-maripe-derechos-confirmados\/","name":"Lof Mapuce Campo Maripe: derechos confirmados","isPartOf":{"@id":"https:\/\/www.pressenza.com\/es\/#website"},"primaryImageOfPage":{"@id":"https:\/\/www.pressenza.com\/es\/2015\/08\/lof-mapuce-campo-maripe-derechos-confirmados\/#primaryimage"},"image":{"@id":"https:\/\/www.pressenza.com\/es\/2015\/08\/lof-mapuce-campo-maripe-derechos-confirmados\/#primaryimage"},"thumbnailUrl":"https:\/\/www.pressenza.com\/wp-content\/uploads\/2015\/08\/Campo-Maripe-Conferencia.jpg","datePublished":"2015-08-07T11:58:51+00:00","dateModified":"2015-08-07T21:15:19+00:00","description":"De 8300Web. Informe hist\u00f3rico-antropol\u00f3gico comprob\u00f3 que la comunidad mapuce sostiene una ocupaci\u00f3n ancestral y actual en 11.000 hect\u00e1reas. Ese territorio","breadcrumb":{"@id":"https:\/\/www.pressenza.com\/es\/2015\/08\/lof-mapuce-campo-maripe-derechos-confirmados\/#breadcrumb"},"inLanguage":"es","potentialAction":[{"@type":"ReadAction","target":["https:\/\/www.pressenza.com\/es\/2015\/08\/lof-mapuce-campo-maripe-derechos-confirmados\/"]}]},{"@type":"ImageObject","inLanguage":"es","@id":"https:\/\/www.pressenza.com\/es\/2015\/08\/lof-mapuce-campo-maripe-derechos-confirmados\/#primaryimage","url":"https:\/\/www.pressenza.com\/wp-content\/uploads\/2015\/08\/Campo-Maripe-Conferencia.jpg","contentUrl":"https:\/\/www.pressenza.com\/wp-content\/uploads\/2015\/08\/Campo-Maripe-Conferencia.jpg","width":960,"height":666},{"@type":"BreadcrumbList","@id":"https:\/\/www.pressenza.com\/es\/2015\/08\/lof-mapuce-campo-maripe-derechos-confirmados\/#breadcrumb","itemListElement":[{"@type":"ListItem","position":1,"name":"Accueil","item":"https:\/\/www.pressenza.com\/es\/"},{"@type":"ListItem","position":2,"name":"Lof Mapuce Campo Maripe: derechos confirmados"}]},{"@type":"WebSite","@id":"https:\/\/www.pressenza.com\/es\/#website","url":"https:\/\/www.pressenza.com\/es\/","name":"Pressenza","description":"International Press Agency","publisher":{"@id":"https:\/\/www.pressenza.com\/es\/#organization"},"potentialAction":[{"@type":"SearchAction","target":{"@type":"EntryPoint","urlTemplate":"https:\/\/www.pressenza.com\/es\/?s={search_term_string}"},"query-input":{"@type":"PropertyValueSpecification","valueRequired":true,"valueName":"search_term_string"}}],"inLanguage":"es"},{"@type":"Organization","@id":"https:\/\/www.pressenza.com\/es\/#organization","name":"Pressenza","url":"https:\/\/www.pressenza.com\/es\/","logo":{"@type":"ImageObject","inLanguage":"es","@id":"https:\/\/www.pressenza.com\/es\/#\/schema\/logo\/image\/","url":"https:\/\/www.pressenza.com\/wp-content\/uploads\/2022\/10\/pressenza_logo_200x200.jpg","contentUrl":"https:\/\/www.pressenza.com\/wp-content\/uploads\/2022\/10\/pressenza_logo_200x200.jpg","width":200,"height":200,"caption":"Pressenza"},"image":{"@id":"https:\/\/www.pressenza.com\/es\/#\/schema\/logo\/image\/"},"sameAs":["https:\/\/www.facebook.com\/PressenzaItalia","https:\/\/x.com\/PressenzaIPA"]},{"@type":"Person","@id":"https:\/\/www.pressenza.com\/es\/#\/schema\/person\/38598fb70b9162100457e7983ae8b548","name":"Convergencia de las Culturas","description":"Convergence of Cultures is an organism that is part of the Humanist Movement. Its mission is: 1. To facilitate and stimulate dialogue between cultures. 2. To fight discrimination and violence. 3. To take its proposal to all latitudes. www.convergenceofcultures.org","sameAs":["https:\/\/www.facebook.com\/ConvergenceOfCultures?fref=ts"],"url":"https:\/\/www.pressenza.com\/es\/author\/convergencia-de-las-culturas\/"}]}},"place":"Neuqu\u00e9n, Argentina","original_article_url":"http:\/\/www.8300.com.ar\/2015\/08\/04\/el-informe-antropologico-confirma-la-presencia-historica-de-la-comunidad-campo-maripe\/","_links":{"self":[{"href":"https:\/\/www.pressenza.com\/es\/wp-json\/wp\/v2\/posts\/208600","targetHints":{"allow":["GET"]}}],"collection":[{"href":"https:\/\/www.pressenza.com\/es\/wp-json\/wp\/v2\/posts"}],"about":[{"href":"https:\/\/www.pressenza.com\/es\/wp-json\/wp\/v2\/types\/post"}],"author":[{"embeddable":true,"href":"https:\/\/www.pressenza.com\/es\/wp-json\/wp\/v2\/users\/389"}],"replies":[{"embeddable":true,"href":"https:\/\/www.pressenza.com\/es\/wp-json\/wp\/v2\/comments?post=208600"}],"version-history":[{"count":0,"href":"https:\/\/www.pressenza.com\/es\/wp-json\/wp\/v2\/posts\/208600\/revisions"}],"wp:featuredmedia":[{"embeddable":true,"href":"https:\/\/www.pressenza.com\/es\/wp-json\/wp\/v2\/media\/208727"}],"wp:attachment":[{"href":"https:\/\/www.pressenza.com\/es\/wp-json\/wp\/v2\/media?parent=208600"}],"wp:term":[{"taxonomy":"category","embeddable":true,"href":"https:\/\/www.pressenza.com\/es\/wp-json\/wp\/v2\/categories?post=208600"},{"taxonomy":"post_tag","embeddable":true,"href":"https:\/\/www.pressenza.com\/es\/wp-json\/wp\/v2\/tags?post=208600"}],"curies":[{"name":"wp","href":"https:\/\/api.w.org\/{rel}","templated":true}]}}